{"id":742,"date":"2014-06-19T02:00:00","date_gmt":"2014-06-18T22:00:00","guid":{"rendered":"http:\/\/lemotdujour.fr\/?p=742"},"modified":"2017-05-08T13:22:21","modified_gmt":"2017-05-08T11:22:21","slug":"jeudi-19062014","status":"publish","type":"post","link":"https:\/\/lemotdujour.fr\/?p=742","title":{"rendered":"Jeudi 19\/06\/2014"},"content":{"rendered":"<div class=\"mdjDate\">Jeudi 19\/06\/2014<\/div>\n<div class=\"mdjTexte\">\u00ab\u00a0La politique est un m\u00e9tier bizarre. <br \/>Parce qu&rsquo;elle pr\u00e9suppose deux capacit\u00e9s qui n&rsquo;ont aucun rapport intrins\u00e8que. <br \/>La premi\u00e8re, c&rsquo;est d&rsquo;acc\u00e9der au pouvoir. [&#8230;] <br \/>La deuxi\u00e8me capacit\u00e9, c&rsquo;est, une fois qu&rsquo;on est au pouvoir, d&rsquo;en faire quelque chose, c&rsquo;est-\u00e0-dire de gouverner.\u00a0\u00bb<\/div>\n<div class=\"mdjAuteur\">Cornelius Castoriadis &#8211; Post-scriptum sur l\u2019insignifiance<\/div>\n<div class=\"mdjComplements\">Cornelius Castoriadis (n\u00e9 \u00e0 1922 \u00e0 Constantinople et mort le 26 d\u00e9cembre 1997 \u00e0 Paris) est un philosophe, \u00e9conomiste et psychanalyste fran\u00e7ais d&rsquo;origine grecque, qui est aussi un des grands sociologues politiques su XX\u00e8me si\u00e8cle.<\/div>\n<div class=\"mdjComplements\">Il rappelle ici cette \u00e9vidence que les qualit\u00e9s n\u00e9cessaires pour arriver au pouvoir et celles pour avoir la capacit\u00e9 de bien gouverner ne sont pas les m\u00eames.<\/div>\n<div class=\"mdjComplements\">Ce qui entra\u00eene une cons\u00e9quence assez f\u00e2cheuse : les gens qui ont \u00e9t\u00e9 \u00e9lus pour gouverner n&rsquo;ont que rarement les qualit\u00e9s pour le faire.<\/div>\n","protected":false},"excerpt":{"rendered":"<p>Jeudi 19\/06\/2014 \u00ab\u00a0La politique est un m\u00e9tier bizarre. Parce qu&rsquo;elle pr\u00e9suppose deux capacit\u00e9s qui n&rsquo;ont aucun rapport intrins\u00e8que. La premi\u00e8re, c&rsquo;est d&rsquo;acc\u00e9der au pouvoir. [&#8230;] La deuxi\u00e8me capacit\u00e9, c&rsquo;est, une fois qu&rsquo;on est au pouvoir, d&rsquo;en faire quelque chose, c&rsquo;est-\u00e0-dire<\/p>\n","protected":false},"author":1,"featured_media":0,"comment_status":"closed","ping_status":"closed","sticky":false,"template":"","format":"standard","meta":{"footnotes":""},"categories":[1],"tags":[],"class_list":["post-742","post","type-post","status-publish","format-standard","hentry","category-motdujour"],"_links":{"self":[{"href":"https:\/\/lemotdujour.fr\/index.php?rest_route=\/wp\/v2\/posts\/742","targetHints":{"allow":["GET"]}}],"collection":[{"href":"https:\/\/lemotdujour.fr\/index.php?rest_route=\/wp\/v2\/posts"}],"about":[{"href":"https:\/\/lemotdujour.fr\/index.php?rest_route=\/wp\/v2\/types\/post"}],"author":[{"embeddable":true,"href":"https:\/\/lemotdujour.fr\/index.php?rest_route=\/wp\/v2\/users\/1"}],"replies":[{"embeddable":true,"href":"https:\/\/lemotdujour.fr\/index.php?rest_route=%2Fwp%2Fv2%2Fcomments&post=742"}],"version-history":[{"count":1,"href":"https:\/\/lemotdujour.fr\/index.php?rest_route=\/wp\/v2\/posts\/742\/revisions"}],"predecessor-version":[{"id":743,"href":"https:\/\/lemotdujour.fr\/index.php?rest_route=\/wp\/v2\/posts\/742\/revisions\/743"}],"wp:attachment":[{"href":"https:\/\/lemotdujour.fr\/index.php?rest_route=%2Fwp%2Fv2%2Fmedia&parent=742"}],"wp:term":[{"taxonomy":"category","embeddable":true,"href":"https:\/\/lemotdujour.fr\/index.php?rest_route=%2Fwp%2Fv2%2Fcategories&post=742"},{"taxonomy":"post_tag","embeddable":true,"href":"https:\/\/lemotdujour.fr\/index.php?rest_route=%2Fwp%2Fv2%2Ftags&post=742"}],"curies":[{"name":"wp","href":"https:\/\/api.w.org\/{rel}","templated":true}]}}