{"id":7417,"date":"2019-11-12T02:39:16","date_gmt":"2019-11-12T01:39:16","guid":{"rendered":"http:\/\/lemotdujour.fr\/?p=7417"},"modified":"2020-06-12T19:08:25","modified_gmt":"2020-06-12T17:08:25","slug":"mardi-12-novembre-2019","status":"publish","type":"post","link":"https:\/\/lemotdujour.fr\/?p=7417","title":{"rendered":"Mardi 12 novembre 2019"},"content":{"rendered":"<div class=\"mdjTexte\">\u00ab J\u2019ai une richesse incroyable, celle d\u2019\u00eatre la fille d\u2019\u00e9trangers et en m\u00eame temps d\u2019\u00eatre fran\u00e7aise. \u00bb<\/div>\n<div class=\"mdjAuteur\">Ariane Ascaride, \u00e0 la Mostra de Venise apr\u00e8s avoir re\u00e7u le prix de la meilleure interpr\u00e9tation f\u00e9minine pour \u00ab Gloria Mundi \u00bb de Robert Gu\u00e9diguian<\/div>\n<p><span style=\"color: #777777; font-family: Arial;\">Ariane Ascaride est une actrice pleine de sensibilit\u00e9 et de talents. Fille d&rsquo;immigr\u00e9s italiens, elle est n\u00e9e en 1954 \u00e0 Marseille.<br \/>\n<\/span><\/p>\n<p><span style=\"color: #777777; font-family: Arial;\">Elle a surtout tourn\u00e9 ses films avec son mari, \u00e9galement n\u00e9 \u00e0 Marseille, le r\u00e9alisateur d&rsquo;origine arm\u00e9nienne&nbsp;<strong>: Robert Gu\u00e9digian<\/strong><br \/>\n<\/span><\/p>\n<p><span style=\"color: #777777; font-family: Arial;\">D&rsquo;ailleurs les films de Gu\u00e9digian sont presque toujours jou\u00e9s par le m\u00eame noyau d&rsquo;acteurs, Ariane Ascaride, G\u00e9rard Meylan et Jean-Pierre Darroussin.<br \/>\n<\/span><\/p>\n<p><span style=\"color: #777777; font-family: Arial;\">Ces trois acteurs jouaient dans le premier film de Gu\u00e9digian que nous avons vu avec Annie&nbsp;: \u00ab&nbsp;<a href=\"https:\/\/fr.wikipedia.org\/wiki\/Marius_et_Jeannette\"><span style=\"color: #0000ff;\">Marius et Jeannette<\/span>&nbsp;<\/a>\u00bb qui avait re\u00e7u le C\u00e9sar du Meilleur film en 1998.<br \/>\n<\/span><\/p>\n<p><span style=\"color: #777777; font-family: Arial;\">Film admirable, \u00e0 hauteur d&rsquo;homme qui se situe dans le quartier de l&rsquo;Estaque \u00e0 Marseille. Il raconte la rencontre de deux repr\u00e9sentants des \u00ab&nbsp;gens d&rsquo;en bas&nbsp;\u00bb si on reprend les concepts utilis\u00e9s aujourd&rsquo;hui.<br \/>\n<\/span><\/p>\n<p><span style=\"color: #777777; font-family: Arial;\">Nous en avons vu d&rsquo;autres toujours avec grand plaisir, car ils expriment la profondeur des sentiments et la vie des gens, des vrais gens.<br \/>\n<\/span><\/p>\n<p><span style=\"color: #777777; font-family: Arial;\">Depuis, nous allons peu au cin\u00e9ma mais nous avons encore vu en 2006, \u00ab<span style=\"color: #0000ff;\">&nbsp;<\/span><a href=\"https:\/\/fr.wikipedia.org\/wiki\/Le_Voyage_en_Arm%C3%A9nie\"><span style=\"color: #0000ff;\">Le<\/span> <span style=\"color: #0000ff;\">voyage en Arm\u00e9nie<\/span>&nbsp;<\/a>\u00bb dans lequel Robert Gu\u00e9digian \u00e9voque la terre de ses anc\u00eatres.<br \/>\n<\/span><\/p>\n<p><span style=\"color: #777777; font-family: Arial;\">Beaucoup de films de Gu\u00e9digian et d&rsquo;Ariane Ascaride se passent \u00e0 Marseille, mais ils habitent <a href=\"https:\/\/www.montreuil.fr\/fileadmin\/user_upload\/Gestion-Documentaire\/Le_Montreuillois\/Files\/LM_82.pdf\"><span style=\"color: #0000ff;\">depuis longtemps \u00e0 Montreuil-sous-bois<\/span>,<\/a> la ville de <\/span><span style=\"color: #777777; font-family: Arial;\"><span style=\"color: #0000ff;\"><a style=\"color: #0000ff;\" href=\"https:\/\/fr.wikipedia.org\/wiki\/Georges_M%C3%A9li%C3%A8s\">Georges M\u00e9li\u00e8s<\/a><\/span>, qu&rsquo;Annie, Alexis, Natacha et moi avons aussi habit\u00e9 avec bonheur de 1991 \u00e0 2002.<br \/>\n<\/span><\/p>\n<p><span style=\"color: #777777; font-family: Arial;\">Un nouveau film va donc sortir le 27 novembre 2019&nbsp;: \u00ab&nbsp;<a href=\"http:\/\/www.allocine.fr\/film\/fichefilm_gen_cfilm=269632.html\"><span style=\"color: #0000ff;\">Gloria Mundi<\/span>&nbsp;<\/a>\u00bb<br \/>\n<\/span><\/p>\n<p><img loading=\"lazy\" decoding=\"async\" class=\"alignleft\" src=\"https:\/\/lemotdujour.fr\/wp-content\/uploads\/2019\/11\/111119_1939_Mardi12nove1.jpg\" alt=\"\" width=\"334\" height=\"222\" align=\"left\"><span style=\"color: #777777; font-family: Arial;\">Ce film a \u00e9t\u00e9 pr\u00e9sent\u00e9 \u00e0 la Mostra de Venise et Ariane Ascaride a eu le prix d&rsquo;interpr\u00e9tation f\u00e9minine.<br \/>\n<\/span><\/p>\n<p><span style=\"color: #777777; font-family: Arial;\">Quand on re\u00e7oit un prix, on fait un discours.<br \/>\n<\/span><\/p>\n<p><span style=\"color: #777777; font-family: Arial;\">Le discours d&rsquo;Ariane Ascaride fut bref et poignant&nbsp;:<br \/>\n<\/span><\/p>\n<p style=\"margin-left: 28pt;\"><span style=\"color: #c00000; font-family: Arial;\">\u00ab&nbsp;Je suis la petite-fille d&rsquo;immigrants italiens qui un jour ont pris le bateau pour tenter leur chance pour fuir la mis\u00e8re.<br \/>\n<\/span><\/p>\n<p style=\"margin-left: 28pt;\"><span style=\"color: #c00000; font-family: Arial;\">Ils sont finalement arriv\u00e9s \u00e0 Marseille, et c&rsquo;est l\u00e0 que je suis n\u00e9e.<br \/>\n<\/span><\/p>\n<p style=\"margin-left: 28pt;\"><span style=\"color: #c00000; font-family: Arial;\">Ce prix me donne la possibilit\u00e9 de retrouver mes racines et c&rsquo;est tr\u00e8s important.<br \/>\n<\/span><\/p>\n<p style=\"margin-left: 28pt;\"><span style=\"color: #c00000; font-family: Arial;\">J&rsquo;ai une richesse incroyable, celle d&rsquo;\u00eatre la fille d&rsquo;\u00e9trangers et en m\u00eame temps d&rsquo;\u00eatre fran\u00e7aise.<br \/>\n<\/span><\/p>\n<p style=\"margin-left: 28pt;\"><span style=\"color: #c00000; font-family: Arial;\">Sachez-le c&rsquo;est tr\u00e8s important d&rsquo;avoir une, deux, trois cultures pour vivre dans ce monde.<br \/>\n<\/span><\/p>\n<p style=\"margin-left: 28pt;\"><span style=\"color: #c00000; font-family: Arial;\">Je d\u00e9die ce prix \u00e0 tous ceux qui reposent pour l&rsquo;\u00e9ternit\u00e9 au fond de la M\u00e9diterran\u00e9e.&nbsp;\u00bb<br \/>\n<\/span><\/p>\n<p><span style=\"color: #777777; font-family: Arial;\">Vous trouverez derri\u00e8re &lt;<a href=\"https:\/\/www.youtube.com\/watch?v=tVy0bHEZkGk\"><span style=\"color: #0000ff;\">ce lien<\/span><\/a>&gt; le discours en italien sans sous-titrage et pour avoir le discours sous-titr\u00e9 il faut aller sur la &lt;<a href=\"https:\/\/www.facebook.com\/RobertGuediguian\/videos\/721949658295666\/\"><span style=\"color: #0000ff;\">page facebook de Robert Gu\u00e9diguian<\/span><\/a>&gt;.<br \/>\n<\/span><\/p>\n<p><a href=\"https:\/\/www.francetvinfo.fr\/culture\/cinema\/ariane-ascaride-meilleure-interprete-a-venise-dedie-son-prix-aux-migrants-morts-en-mer_3608283.html\"><span style=\"font-family: Arial;\"><span style=\"color: #0000ff;\">&lt;France Info&gt;<\/span><\/span><\/a><span style=\"color: #777777; font-family: Arial;\"> d\u00e9die un article \u00e0 lire sur ce prix et Ariane Ascaride.<br \/>\n<\/span><\/p>\n<p><span style=\"color: maroon; font-family: Arial;\">&lt;1305&gt;<\/span><\/p>\n","protected":false},"excerpt":{"rendered":"<p>\u00ab J\u2019ai une richesse incroyable, celle d\u2019\u00eatre la fille d\u2019\u00e9trangers et en m\u00eame temps d\u2019\u00eatre fran\u00e7aise. \u00bb Ariane Ascaride, \u00e0 la Mostra de Venise apr\u00e8s avoir re\u00e7u le prix de la meilleure interpr\u00e9tation f\u00e9minine pour \u00ab Gloria Mundi \u00bb de<\/p>\n","protected":false},"author":1,"featured_media":0,"comment_status":"open","ping_status":"closed","sticky":false,"template":"","format":"standard","meta":{"footnotes":""},"categories":[1],"tags":[25,54,30],"class_list":["post-7417","post","type-post","status-publish","format-standard","hentry","category-motdujour","tag-cinema","tag-humanisme","tag-migration"],"_links":{"self":[{"href":"https:\/\/lemotdujour.fr\/index.php?rest_route=\/wp\/v2\/posts\/7417","targetHints":{"allow":["GET"]}}],"collection":[{"href":"https:\/\/lemotdujour.fr\/index.php?rest_route=\/wp\/v2\/posts"}],"about":[{"href":"https:\/\/lemotdujour.fr\/index.php?rest_route=\/wp\/v2\/types\/post"}],"author":[{"embeddable":true,"href":"https:\/\/lemotdujour.fr\/index.php?rest_route=\/wp\/v2\/users\/1"}],"replies":[{"embeddable":true,"href":"https:\/\/lemotdujour.fr\/index.php?rest_route=%2Fwp%2Fv2%2Fcomments&post=7417"}],"version-history":[{"count":4,"href":"https:\/\/lemotdujour.fr\/index.php?rest_route=\/wp\/v2\/posts\/7417\/revisions"}],"predecessor-version":[{"id":9228,"href":"https:\/\/lemotdujour.fr\/index.php?rest_route=\/wp\/v2\/posts\/7417\/revisions\/9228"}],"wp:attachment":[{"href":"https:\/\/lemotdujour.fr\/index.php?rest_route=%2Fwp%2Fv2%2Fmedia&parent=7417"}],"wp:term":[{"taxonomy":"category","embeddable":true,"href":"https:\/\/lemotdujour.fr\/index.php?rest_route=%2Fwp%2Fv2%2Fcategories&post=7417"},{"taxonomy":"post_tag","embeddable":true,"href":"https:\/\/lemotdujour.fr\/index.php?rest_route=%2Fwp%2Fv2%2Ftags&post=7417"}],"curies":[{"name":"wp","href":"https:\/\/api.w.org\/{rel}","templated":true}]}}