{"id":7409,"date":"2019-11-08T00:11:56","date_gmt":"2019-11-07T23:11:56","guid":{"rendered":"http:\/\/lemotdujour.fr\/?p=7409"},"modified":"2020-06-12T19:09:31","modified_gmt":"2020-06-12T17:09:31","slug":"vendredi-8-novembre-2019","status":"publish","type":"post","link":"https:\/\/lemotdujour.fr\/?p=7409","title":{"rendered":"Vendredi 8 novembre 2019"},"content":{"rendered":"<div class=\"mdjTexte\">\u00ab La r\u00e9unification de l\u2019Allemagne ? Ce fut une annexion  \u2013 [Non] cela a \u00e9t\u00e9 tranch\u00e9 par le vote des allemands de l\u2019est\u00bb<\/div>\n<div class=\"mdjAuteur\">Jean-Luc M\u00e9lenchon &amp; Daniel Cohn-Bendit<\/div>\n<p><span style=\"color: #777777; font-family: Arial;\">Demain, nous comm\u00e9morerons le 30<sup>\u00e8me<\/sup> anniversaire de la chute du mur de Berlin&nbsp;: le 9 novembre 1989.<br \/>\n<\/span><\/p>\n<p><span style=\"color: #777777; font-family: Arial;\">Certains affirment que les ann\u00e9es en 9, sont tr\u00e8s importantes pour l&rsquo;Histoire. Je tenterais peut \u00eatre une s\u00e9rie \u00e0 ce sujet&nbsp;: certaines ann\u00e9es se terminant par 9.<br \/>\n<\/span><\/p>\n<p><span style=\"color: #777777; font-family: Arial;\">Le 9 novembre 1989, j&rsquo;avais 31 ans et je ne croyais pas ce que je voyais. Je ne m&rsquo;imaginais pas que le syst\u00e8me communiste s&rsquo;effondrerait aussi rapidement.<br \/>\n<\/span><\/p>\n<p><span style=\"color: #777777; font-family: Arial;\">Je ne reviendrais pas sur le contexte de cet \u00e9v\u00e8nement tout en rappelant qu&rsquo;\u00e0 cette date les allemands de l&rsquo;est pouvaient d\u00e9j\u00e0 rejoindre assez massivement l&rsquo;Ouest en passant par la Hongrie.<br \/>\n<\/span><\/p>\n<p><span style=\"color: #777777; font-family: Arial;\">Je ne m&rsquo;\u00e9tendrais pas davantage sur l&rsquo;\u00e9tonnante mani\u00e8re qui a conduit \u00e0 ce que le 9 novembre 1989, les portes du mur de Berlin s&rsquo;ouvrent en rendant c\u00e9l\u00e8bre pour l&rsquo;Histoire <strong>G\u00fcnter Schabowski <\/strong>qui \u00e9tait \u00e0 ce moment-l\u00e0 le porte-parole du gouvernement de la RDA.<br \/>\n<\/span><\/p>\n<p><span style=\"color: #777777; font-family: Arial;\">Il y a cette petite <span style=\"color: #0000ff;\"><a style=\"color: #0000ff;\" href=\"https:\/\/www.youtube.com\/watch?v=TwqKQ5HbpSo\">&lt;vid\u00e9o&gt;<\/a> <\/span>qui rappelle cela. Et dans l&rsquo;\u00e9mission &lt;<a href=\"https:\/\/www.youtube.com\/watch?v=cT0tyJLXNEc\"><span style=\"color: #0000ff;\">C a vous<\/span><\/a>&gt; consacr\u00e9e \u00e0 cet \u00e9v\u00e8nement vous pourrez visualiser la feuille sur laquelle se trouvait les notes de <strong>G\u00fcnter Schabowski <\/strong>et qu&rsquo;il tenait devant ses yeux pendant sa conf\u00e9rence de presse.<strong><br \/>\n<\/strong>Ce papier griffonn\u00e9 et peu lisible est pr\u00e9sent\u00e9 au mus\u00e9e de Berlin.<strong><br \/>\n<\/strong>Il s&rsquo;agit d&rsquo;un document historique<strong>.<br \/>\n<\/strong><\/span><\/p>\n<p><span style=\"color: #777777; font-family: Arial;\">La chute du mur et l&rsquo;ouverture des fronti\u00e8res ont rendu la r\u00e9unification allemande possible.<br \/>\n<\/span><\/p>\n<p><span style=\"color: #777777; font-family: Arial;\">Sur ce point, il y aurait mati\u00e8re \u00e0 de tr\u00e8s longs d\u00e9veloppements, sur les r\u00e9ticences de Fran\u00e7ois Mitterrand et de la France, de la volont\u00e9 sans faille d&rsquo;Helmut Kohl et du fatalisme de Mika\u00ebl Gorbatchev, ainsi que de toutes les longues tractations qui ont rendu la renaissance d&rsquo;une seule Allemagne possible.<br \/>\n<\/span><\/p>\n<p><span style=\"color: #777777; font-family: Arial;\">Mais ce n&rsquo;est pas de cela que je vais parler aujourd&rsquo;hui.<br \/>\n<\/span><\/p>\n<p><span style=\"color: #777777; font-family: Arial;\">Au d\u00e9part, il y a la <span style=\"color: #0000ff;\"><a style=\"color: #0000ff;\" href=\"https:\/\/www.monde-diplomatique.fr\/2019\/11\/KNAEBEL\/60911\">\u00ab&nbsp;Une&nbsp;<\/a>\u00bb<\/span> du Monde Diplomatique de ce mois de novembre&nbsp;:<br \/>\n<\/span><\/p>\n<p><img decoding=\"async\" class=\"alignleft\" src=\"https:\/\/lemotdujour.fr\/wp-content\/uploads\/2019\/11\/110719_2251_Vendredi8no1.png\" alt=\"\" align=\"left\"><span style=\"color: #777777; font-family: Arial;\"><strong>\u00ab&nbsp;Allemagne de l&rsquo;Est, histoire d&rsquo;une annexion&nbsp;\u00bb<br \/>\n<\/strong><\/span><\/p>\n<p><span style=\"color: #777777; font-family: Arial;\">Puis il y eut la r\u00e9action de Jean-Luc M\u00e9lenchon sous forme de tweet qui en renvoyant vers cette \u00ab&nbsp;Une \u00bb a ajout\u00e9&nbsp;:<br \/>\n<\/span><\/p>\n<p style=\"margin-left: 28pt;\"><span style=\"color: #c00000; font-family: Arial;\">\u00ab&nbsp;Enfin le mot juste pour nommer ce qui s&rsquo;est pass\u00e9 il y a trente ans. Une violence qui n&rsquo;en finit plus de se payer.&nbsp;\u00bb<br \/>\n<\/span><\/p>\n<p><span style=\"color: #777777; font-family: Arial;\">C&rsquo;\u00e9tait jeudi de la semaine derni\u00e8re.<br \/>\n<\/span><\/p>\n<p><span style=\"color: #777777; font-family: Arial;\">Dimanche, Jean-Luc M\u00e9lenchon \u00e9tait l&rsquo;invit\u00e9 sur France Inter \u00e0 &lt;<span style=\"color: #0000ff;\"><a style=\"color: #0000ff;\" href=\"https:\/\/www.youtube.com\/watch?v=6SiVeGw8bkw\">Questions Politiques<\/a>&gt;.<\/span><br \/>\n<\/span><\/p>\n<p><span style=\"color: #777777; font-family: Arial;\">A la fin de l&rsquo;\u00e9mission (51:24 de la video), Ali Baddou est revenu sur l&rsquo;\u00e9v\u00e8nement et sur ce tweet.<br \/>\n<\/span><\/p>\n<p><span style=\"color: #777777; font-family: Arial;\">Et Jean-Luc M\u00e9lenchon a confirm\u00e9 et pr\u00e9cis\u00e9 son \u00ab&nbsp;gazouillis&nbsp;\u00bb&nbsp;:<br \/>\n<\/span><\/p>\n<p style=\"margin-left: 28pt;\"><span style=\"color: #c00000; font-family: Arial;\">\u00ab D&rsquo;abord c&rsquo;est une annexion, je vous renvoie \u00e0 mon livre, \u00ab\u00a0le Hareng de Bismarck\u00a0\u00bb, o\u00f9 je fais la d\u00e9monstration, o\u00f9 je montre comment l&rsquo;Allemagne de l&rsquo;Est a \u00e9t\u00e9 annex\u00e9e. Ce n&rsquo;\u00e9tait m\u00eame pas constitutionnel. Ce n&rsquo;\u00e9tait pas ce que demandaient les Allemands de l&rsquo;Est. Ils voulaient, eux-m\u00eames, faire une Constituante, ils voulaient voter, se prononcer sur l&rsquo;int\u00e9gration Est-Ouest et sur la pr\u00e9servation d&rsquo;un certain nombre de leurs acquis. Dans ce pays, un autre pays voisin a annex\u00e9 toutes les usines du pays, chang\u00e9 toutes les institutions et modifi\u00e9 le r\u00e9gime de la propri\u00e9t\u00e9. \u00c7a s&rsquo;appelle une annexion. [\u2026] C&rsquo;est une violence sociale inou\u00efe qui a \u00e9t\u00e9 commise contre les Allemands de l&rsquo;Est, comme dans tout le reste de l&rsquo;est de l&rsquo;Europe et ce n&rsquo;est pas une bonne chose. \u00bb<br \/>\n<\/span><\/p>\n<p><span style=\"color: #777777; font-family: Arial;\">Le Lundi matin, toujours sur France Inter, l&rsquo;invit\u00e9 \u00e9tait Daniel Cohn Bendit : <span style=\"color: #0000ff;\"><a style=\"color: #0000ff;\" href=\"https:\/\/www.youtube.com\/watch?v=vDkaXo1EUj0\">&lt;Cette fois la question est pos\u00e9e en d\u00e9but d&rsquo;entretien&gt;<\/a><\/span><br \/>\n<\/span><\/p>\n<p><span style=\"color: #777777; font-family: Arial;\">Daniel Cohn Bendit consid\u00e8re que les propos de Jean-Luc M\u00e9lenchon sont d&rsquo;\u00ab<span style=\"color: #c00000;\">une b\u00eatise incroyable<span style=\"color: #777777;\">&nbsp;\u00bb<br \/>\n<\/span><\/span><\/span><\/p>\n<p><span style=\"color: #777777; font-family: Arial;\">Et il raconte&nbsp;:<br \/>\n<\/span><\/p>\n<p style=\"margin-left: 28pt;\"><span style=\"color: #c00000; font-family: Arial;\">\u00abCe que fut il y a trente ans la r\u00e9unification, c&rsquo;est un mouvement extraordinaire en Allemagne de l&rsquo;Est pour abattre une dictature. [\u2026] Moi, j&rsquo;ai pleur\u00e9, j&rsquo;ai pleur\u00e9\u2026 Quand les murs tombent, que cela soit les murs de la dictature au Portugal, que cela soit les murs de la dictature en Espagne, que cela soit les murs au Chili, c&rsquo;est quelque chose d&rsquo;extraordinaire. [\u2026]<br \/>\n<\/span><\/p>\n<p style=\"margin-left: 28pt;\"><span style=\"color: #c00000; font-family: Arial;\">Et ce mouvement non violent extraordinaire de millions de citoyens d&rsquo;Allemagne de l&rsquo;Est qui ont fait tomber le mur, ce n&rsquo;\u00e9tait pas une annexion.&nbsp;\u00bb<br \/>\n<\/span><\/p>\n<p><span style=\"color: #777777; font-family: Arial;\">Il a cependant reconnu que tout n&rsquo;a pas \u00e9t\u00e9 parfait et qu&rsquo;\u00e0 l&rsquo;\u00e9poque d&rsquo;autres voies auraient peut-\u00eatre \u00e9t\u00e9 possible. Mais il ajoute&nbsp;:<br \/>\n<\/span><\/p>\n<p style=\"margin-left: 28pt;\"><span style=\"color: #c00000; font-family: Arial;\">\u00ab Le d\u00e9bat a \u00e9t\u00e9 tranch\u00e9 par le vote des gens en Allemagne de l&rsquo;Est. Ils ont vot\u00e9 \u00e0 majorit\u00e9 CDU [le parti conservateur, du chancelier Kohl], bah j&rsquo;y peux rien, c&rsquo;est la d\u00e9mocratie. \u00bb<br \/>\n<\/span><\/p>\n<p><span style=\"color: #777777; font-family: Arial;\">J&rsquo;innove aujourd&rsquo;hui, pour la premi\u00e8re fois l&rsquo;exergue que j&rsquo;utilise est la concat\u00e9nation d&rsquo;avis divergents.<br \/>\n<\/span><\/p>\n<p><span style=\"color: #777777; font-family: Arial;\">Qui a raison, qui a tort&nbsp;?<br \/>\n<\/span><\/p>\n<p><span style=\"color: #777777; font-family: Arial;\">A cet instant je pense \u00e0 une histoire que me racontait mon p\u00e8re.<br \/>\n<\/span><\/p>\n<p><span style=\"color: #777777; font-family: Arial;\">Un vieux sage re\u00e7oit la visite d&rsquo;un homme qui lui raconte des faits et tire une conclusion de ces faits. <\/span><span style=\"color: #777777; font-family: Arial;\">Le vieux sage approuve la conclusion et dit&nbsp;: \u00ab&nbsp;tu as raison&nbsp;\u00bb.<br \/>\n<\/span><\/p>\n<p><span style=\"color: #777777; font-family: Arial;\">Un jour plus tard, un autre homme lui rend visite et raconte les m\u00eames faits, \u00e0 sa mani\u00e8re et finit par une conclusion diam\u00e9tralement oppos\u00e9e \u00e0 celle du pr\u00e9c\u00e9dent visiteur. <\/span><span style=\"color: #777777; font-family: Arial;\">Le vieux sage approuve aussi cette conclusion et dit&nbsp;: \u00ab&nbsp;tu as raison&nbsp;\u00bb.<br \/>\n<\/span><\/p>\n<p><span style=\"color: #777777; font-family: Arial;\">L&rsquo;\u00e9pouse du sage qui avait assist\u00e9 aux deux conversations dit un peu plus tard&nbsp;: \u00ab&nbsp;Tu as dit au premier qu&rsquo;il avait raison, et tu viens de dire au second qui dit l&rsquo;inverse qu&rsquo;il a raison aussi&nbsp;?&nbsp;\u00bb.<br \/>\n<\/span><\/p>\n<p><span style=\"color: #777777; font-family: Arial;\">Je me souviens du sourire malicieux de mon p\u00e8re en rapportant le propos du sage \u00e0 son \u00e9pouse : \u00ab Tu as raison !\u00bb.<br \/>\n<\/span><\/p>\n<p><span style=\"color: #777777; font-family: Arial;\">Il ajouta cependant&nbsp;: \u00ab&nbsp;Chacun a raison par rapport au point de vue dans lequel il se place&nbsp;!&nbsp;\u00bb<br \/>\n<\/span><\/p>\n<p><span style=\"color: #777777; font-family: Arial;\">La r\u00e9unification de l&rsquo;Allemagne fut bien une annexion. Les \u00c9tats de la RDA entr\u00e8rent dans la R\u00e9publique F\u00e9d\u00e9rale Allemande en reprenant la constitution, les r\u00e8gles, l&rsquo;organisation \u00e9conomique et sociale de la R\u00e9publique F\u00e9d\u00e9rale.<br \/>\n<\/span><\/p>\n<p><span style=\"color: #777777; font-family: Arial;\">D&rsquo;autres voies auraient \u00e9t\u00e9 possibles, \u00e9taient propos\u00e9es.<br \/>\n<\/span><\/p>\n<p><span style=\"color: #777777; font-family: Arial;\">Mais c&rsquo;est celle qu&rsquo;avan\u00e7ait le chancelier de l&rsquo;Allemagne de l&rsquo;Ouest et son parti la CDU qui fut approuv\u00e9e par le vote d\u00e9mocratique des allemands de l&rsquo;Est.<br \/>\n<\/span><\/p>\n<p><span style=\"color: #777777; font-family: Arial;\">Une annexion n&rsquo;est pas forc\u00e9ment un acte de guerre. Le dictionnaire du <a href=\"https:\/\/www.cnrtl.fr\/definition\/annexion\"><span style=\"color: #0000ff;\">CNRS<\/span><\/a> dit explicitement&nbsp;:<br \/>\n<\/span><\/p>\n<p style=\"margin-left: 28pt;\"><span style=\"color: #c00000; font-family: Arial;\">\u00ab&nbsp;Tout acte, constat\u00e9 ou non dans un trait\u00e9, en vertu duquel la totalit\u00e9 ou une partie du territoire d&rsquo;un \u00c9tat passe, avec sa population et les biens qui s&rsquo;y trouvent sous la souverainet\u00e9 d&rsquo;un autre \u00c9tat.&nbsp;\u00bb<br \/>\n<\/span><\/p>\n<p><span style=\"color: #777777; font-family: Arial;\">Dans ce sens la r\u00e9unification fut bien une annexion.<br \/>\n<\/span><\/p>\n<p><span style=\"color: #777777; font-family: Arial;\">Et comme le montre <span style=\"color: #0000ff;\"><a style=\"color: #0000ff;\" href=\"https:\/\/www.lemonde.fr\/les-decodeurs\/article\/2019\/11\/06\/chute-du-mur-de-berlin-trente-ans-apres-9-cartes-qui-montrent-le-decalage-persistant-entre-l-est-et-l-ouest-de-l-allemagne_6018215_4355770.html\">&lt;cet article&gt;<\/a> <\/span>du Monde avec ses cartes, la fracture entre l&rsquo;Allemagne de l&rsquo;Est et de l&rsquo;Allemagne de l&rsquo;ouest perdure que ce soit selon le crit\u00e8re de la religion, de la pr\u00e9sence des jeunes sur le territoire, du taux de ch\u00f4mage, du revenu des m\u00e9nages et aussi de la taille des exploitations agricoles.<br \/>\n<\/span><\/p>\n<p><span style=\"color: #777777; font-family: Arial;\">Je finirai par cette photo de Mstislav Rostropovitch jouant Bach, le 11 novembre 1989, devant le mur d\u00e9fait .<br \/>\n<\/span><\/p>\n<p><img decoding=\"async\" src=\"https:\/\/lemotdujour.fr\/wp-content\/uploads\/2019\/11\/110719_2251_Vendredi8no2.jpg\" alt=\"\"><span style=\"color: maroon; font-family: Arial;\">&lt;1304&gt;<\/span><\/p>\n","protected":false},"excerpt":{"rendered":"<p>\u00ab La r\u00e9unification de l\u2019Allemagne ? Ce fut une annexion \u2013 [Non] cela a \u00e9t\u00e9 tranch\u00e9 par le vote des allemands de l\u2019est\u00bb Jean-Luc M\u00e9lenchon &amp; Daniel Cohn-Bendit Demain, nous comm\u00e9morerons le 30\u00e8me anniversaire de la chute du mur de<\/p>\n","protected":false},"author":1,"featured_media":0,"comment_status":"open","ping_status":"closed","sticky":false,"template":"","format":"standard","meta":{"footnotes":""},"categories":[1],"tags":[47,158,17],"class_list":["post-7409","post","type-post","status-publish","format-standard","hentry","category-motdujour","tag-allemagne","tag-communisme","tag-histoire"],"_links":{"self":[{"href":"https:\/\/lemotdujour.fr\/index.php?rest_route=\/wp\/v2\/posts\/7409","targetHints":{"allow":["GET"]}}],"collection":[{"href":"https:\/\/lemotdujour.fr\/index.php?rest_route=\/wp\/v2\/posts"}],"about":[{"href":"https:\/\/lemotdujour.fr\/index.php?rest_route=\/wp\/v2\/types\/post"}],"author":[{"embeddable":true,"href":"https:\/\/lemotdujour.fr\/index.php?rest_route=\/wp\/v2\/users\/1"}],"replies":[{"embeddable":true,"href":"https:\/\/lemotdujour.fr\/index.php?rest_route=%2Fwp%2Fv2%2Fcomments&post=7409"}],"version-history":[{"count":5,"href":"https:\/\/lemotdujour.fr\/index.php?rest_route=\/wp\/v2\/posts\/7409\/revisions"}],"predecessor-version":[{"id":9229,"href":"https:\/\/lemotdujour.fr\/index.php?rest_route=\/wp\/v2\/posts\/7409\/revisions\/9229"}],"wp:attachment":[{"href":"https:\/\/lemotdujour.fr\/index.php?rest_route=%2Fwp%2Fv2%2Fmedia&parent=7409"}],"wp:term":[{"taxonomy":"category","embeddable":true,"href":"https:\/\/lemotdujour.fr\/index.php?rest_route=%2Fwp%2Fv2%2Fcategories&post=7409"},{"taxonomy":"post_tag","embeddable":true,"href":"https:\/\/lemotdujour.fr\/index.php?rest_route=%2Fwp%2Fv2%2Ftags&post=7409"}],"curies":[{"name":"wp","href":"https:\/\/api.w.org\/{rel}","templated":true}]}}