{"id":7403,"date":"2019-11-07T01:09:29","date_gmt":"2019-11-07T00:09:29","guid":{"rendered":"http:\/\/lemotdujour.fr\/?p=7403"},"modified":"2025-12-05T02:24:28","modified_gmt":"2025-12-05T01:24:28","slug":"jeudi-7-novembre-2019","status":"publish","type":"post","link":"https:\/\/lemotdujour.fr\/?p=7403","title":{"rendered":"Jeudi 7 novembre 2019"},"content":{"rendered":"<div class=\"mdjTexte\">\u00ab\u00a0Certaines personnes [\u2026] trouvent plaisir dans l\u2019attente. Pour cela il faut poss\u00e9der un esprit philosophique port\u00e9 \u00e0 l\u2019esp\u00e9rance\u00a0\u00bb<\/div>\n<div class=\"mdjAuteur\">Sylvain Tesson parlant de Vincent Munier<\/div>\n<p><span style=\"color: #777777; font-family: Arial;\">Pour que le beau livre de Sylvain Tesson exist\u00e2t, il fallut d&rsquo;abord un artiste qui le pr\u00e9c\u00e9da et l&#8217;emmena avec lui : <strong>Vincent Munier<\/strong>.<br \/>\n<\/span><\/p>\n<p><span style=\"color: #777777; font-family: Arial;\">Vincent Munier a un site sur lequel, il montre les photos qu&rsquo;il r\u00e9alise et dont il fait par la suite des livres\u00a0: <\/span><span style=\"color: #0000ff;\"><strong><span style=\"font-family: Arial;\"><a style=\"color: #0000ff;\" href=\"http:\/\/vincentmunier.com\/indexflash.html\">http:\/\/vincentmunier.com\/indexflash.html<\/a><\/span><\/strong><\/span><span style=\"color: #777777; font-family: Arial;\"><br \/>\n<\/span><\/p>\n<p><img decoding=\"async\" src=\"https:\/\/lemotdujour.fr\/wp-content\/uploads\/2019\/11\/110519_2309_Jeudi7novem1.png\" alt=\"\" \/><span style=\"color: maroon; font-family: Arial; font-size: 12pt;\"><em>Vincent Munier et Sylvain Tesson<br \/>\n<\/em><\/span><\/p>\n<p><span style=\"color: #777777; font-family: Arial;\">Sylvain Tesson \u00e9crit\u00a0:<br \/>\n<\/span><\/p>\n<p style=\"margin-left: 28pt;\"><span style=\"color: #c00000; font-family: Arial;\">\u00ab\u00a0Munier, lui rendait ses devoirs \u00e0 la splendeur et \u00e0 elle seule. Il c\u00e9l\u00e9brait la gr\u00e2ce du loup, l&rsquo;\u00e9l\u00e9gance de la grue, la perfection de l&rsquo;ours. Ses photos appartenaient \u00e0 l&rsquo;art, pas \u00e0 la math\u00e9matique.\u00a0\u00bb<em> page 40&amp;41<\/em><br \/>\n<\/span><\/p>\n<p><span style=\"color: #777777; font-family: Arial;\">Sur ce site vous trouverez des photos magnifiques comme ce loup\u00a0:<br \/>\n<\/span><\/p>\n<p><img decoding=\"async\" src=\"https:\/\/lemotdujour.fr\/wp-content\/uploads\/2019\/11\/110519_2309_Jeudi7novem2.jpg\" alt=\"\" \/><span style=\"color: #777777; font-family: Arial;\">Pour accompagner ces photos r\u00e9alis\u00e9es dans l&rsquo;attente et le silence, j&rsquo;ai souhait\u00e9 mettre en exergue une phrase de Sylvain Tesson dans son livre que je remets dans son contexte\u00a0(<em>page 23<\/em>):<br \/>\n<\/span><\/p>\n<p style=\"margin-left: 28pt;\"><span style=\"color: #c00000; font-family: Arial;\">\u00ab\u00a0L&rsquo;aff\u00fbt est un pari\u00a0: on part vers les b\u00eates, on risque l&rsquo;\u00e9chec. Certaines personnes ne s&rsquo;en formalisent pas et trouvent plaisir dans l&rsquo;attente. Pour cela il faut poss\u00e9der un esprit philosophique port\u00e9 \u00e0 l&rsquo;esp\u00e9rance.\u00a0\u00bb<br \/>\n<\/span><\/p>\n<p><span style=\"color: #777777; font-family: Arial;\">Parce qu&rsquo;il faut savoir faire silence, attendre.<br \/>\n<\/span><\/p>\n<p><span style=\"color: #777777; font-family: Arial;\">Sylvain Tesson avant son aventure avec Vincent Munier n&rsquo;\u00e9tait pas de ce genre.<br \/>\n<\/span><\/p>\n<p><span style=\"color: #777777; font-family: Arial;\">Il suivait plut\u00f4t cette r\u00e8gle qu&rsquo;il \u00e9crit ironiquement page 17\u00a0:<br \/>\n<\/span><\/p>\n<p style=\"margin-left: 28pt;\"><span style=\"color: #c00000; font-family: Arial;\">\u00ab\u00a0L&rsquo;ennui court moins vite qu&rsquo;un homme press\u00e9\u00a0\u00bb<br \/>\n<\/span><\/p>\n<p><span style=\"color: #777777; font-family: Arial;\">Mais \u00e0 la fin de son livre et de l&rsquo;exp\u00e9rience partag\u00e9e avec le photographe amoureux de la nature, il r\u00e9v\u00e9lait (page 161)<br \/>\n<\/span><\/p>\n<p style=\"margin-left: 28pt;\"><span style=\"color: #c00000; font-family: Arial;\">\u00ab\u00a0J&rsquo;avais appris que la patience \u00e9tait une vertu supr\u00eame, la plus \u00e9l\u00e9gante et la plus oubli\u00e9e. Elle aidait \u00e0 aimer le monde\u00a0\u00bb<br \/>\n<\/span><\/p>\n<p><span style=\"color: #777777; font-family: Arial;\">Mais Vincent Munier dans sa qu\u00eate de l&rsquo;inaccessible et du monde sauvage exprime une crainte\u00a0:<br \/>\n<\/span><\/p>\n<p style=\"margin-left: 28pt;\"><span style=\"color: #c00000; font-family: Arial;\">\u00ab\u00a0Depuis 30 ans, je balade mes objectifs pour tenter de montrer le beau (&#8230;) \u00e0 la recherche d&rsquo;endroits o\u00f9 la nature n&rsquo;a pas \u00e9t\u00e9 ma\u00eetris\u00e9e, g\u00e9r\u00e9e. En France, parfois je suffoque. [Au Tibet], si haut, on se sent respirer. Mais je vis le paradoxe de montrer des endroits non anthropis\u00e9s, o\u00f9 il peut y avoir un tourisme qui pourrait porter pr\u00e9judice \u00e0 ces animaux. Je suis en mutation \u00e0 ce niveau-l\u00e0, je r\u00e9duis mes voyages pour essayer d&rsquo;\u00eatre coh\u00e9rent.\u00a0\u00bb<br \/>\n<\/span><\/p>\n<p><span style=\"color: #777777; font-family: Arial;\">Il avoue par ailleurs qu&rsquo;on peut aussi regarder la nature dans les Vosges.<br \/>\n<\/span><\/p>\n<p><span style=\"color: #777777; font-family: Arial;\">Car en effet, le monde sauvage n&rsquo;a pas besoin de l&rsquo;homme. L&rsquo;homme qui par sa d\u00e9mographie et son d\u00e9sir inexorable de croissance augmente sans cesse son emprise sur la terre, faisant reculer le territoire des autres esp\u00e8ces qui disparaissent par une &lt;<span style=\"color: #0000ff;\"><a style=\"color: #0000ff;\" href=\"https:\/\/www.lemonde.fr\/biodiversite\/article\/2017\/07\/10\/la-sixieme-extinction-de-masse-des-animaux-s-accelere-de-maniere-dramatique_5158718_1652692.html\">extinction de masse dont le rythme s&rsquo;acc\u00e9l\u00e8re<\/a><\/span>&gt;.<br \/>\n<\/span><\/p>\n<p><span style=\"color: #777777; font-family: Arial;\">Lorsque le dernier hectare de vie sauvage aura \u00e9t\u00e9 \u00e9radiqu\u00e9 pour installer des humains ou leurs \u0153uvres, je ne donne pas cher de la dur\u00e9e de survie qui restera \u00e0 homo sapiens. Et cela arrivera bien avant le dernier hectare, si nous ne savons nous arr\u00eater \u00e0 temps et fixer des limites \u00e0 nos d\u00e9sirs insatiables.<br \/>\n<\/span><\/p>\n<p><span style=\"color: #777777; font-family: Arial;\">Sylvain Tesson entreprend une r\u00e9flexion sur les hommes qui sont sortis des grottes\u00a0:<br \/>\n<\/span><\/p>\n<p style=\"margin-left: 28pt;\"><span style=\"color: #c00000; font-family: Arial;\">\u00ab\u00a0La grotte dans laquelle je venais de rentrer avec L\u00e9o avait \u00e9t\u00e9 occup\u00e9e. [\u2026] Les grottes avaient constitu\u00e9 la g\u00e9ographie matricielle de l&rsquo;humanit\u00e9 dans ses lamentables d\u00e9buts. Chacune avait abrit\u00e9 des h\u00f4tes jusqu&rsquo;\u00e0 ce que l&rsquo;\u00e9lan n\u00e9olithique sonne la sortie de d&rsquo;abri. L&rsquo;homme s&rsquo;\u00e9tait alors dispers\u00e9, avait fertilis\u00e9 les limons, domestiqu\u00e9 les troupeaux, invent\u00e9 un Dieu unique et commenc\u00e9 la coupe r\u00e9gl\u00e9e de la Terre pour parvenir, dix mille ans plus tard, \u00e0 l&rsquo;accomplissement de la civilisation\u00a0: l&#8217;embouteillage et l&rsquo;ob\u00e9sit\u00e9. On pourrait modifier la pens\u00e9e B139 de Pascal\u00a0: &#8211; \u00ab\u00a0Tout le malheur des hommes vient d&rsquo;une seule chose, qui est de ne pas savoir demeurer en repose dans une chambre\u00a0\u00bb &#8211; et trouver que le malheur du monde d\u00e9buta quand le premier homme sortit de la premi\u00e8re grotte\u00a0\u00bb (<em>pages 135 &amp; 136<\/em>)<br \/>\n<\/span><\/p>\n<p><span style=\"color: #777777; font-family: Arial;\">Je ne partage pas ces propos d\u00e9sabus\u00e9s. Je suis heureux que l&rsquo;homme soit sorti de la grotte, parce que sinon il n&rsquo;y aurait pas eu Jean-S\u00e9bastien Bach, William Shakespeare, L\u00e9onard de Vinci, Pasteur et tant d&rsquo;autres que l&rsquo;humanit\u00e9 s&rsquo;honore de compter parmi les siens.<br \/>\n<\/span><\/p>\n<p><span style=\"color: #777777; font-family: Arial;\">Mais la raison devrait nous inciter \u00e0 m\u00e9diter cette parole qu&rsquo;on attribue \u00e0 G\u00e9ronimo, le chef am\u00e9rindien\u00a0:<br \/>\n<\/span><\/p>\n<p style=\"margin-left: 28pt;\"><span style=\"color: #c00000; font-family: Arial;\">\u00ab\u00a0Quand le dernier arbre aura \u00e9t\u00e9 abattu, la derni\u00e8re rivi\u00e8re empoisonn\u00e9e et le dernier poisson p\u00e9ch\u00e9, alors l&rsquo;homme s&rsquo;apercevra que l&rsquo;argent ne se mange pas.\u00a0\u00bb<br \/>\n<\/span><\/p>\n<p><span style=\"color: maroon; font-family: Arial;\">&lt;1302&gt;<\/span><\/p>\n","protected":false},"excerpt":{"rendered":"<p>\u00ab\u00a0Certaines personnes [\u2026] trouvent plaisir dans l\u2019attente. Pour cela il faut poss\u00e9der un esprit philosophique port\u00e9 \u00e0 l\u2019esp\u00e9rance\u00a0\u00bb Sylvain Tesson parlant de Vincent Munier Pour que le beau livre de Sylvain Tesson exist\u00e2t, il fallut d&rsquo;abord un artiste qui le<\/p>\n","protected":false},"author":1,"featured_media":0,"comment_status":"open","ping_status":"closed","sticky":false,"template":"","format":"standard","meta":{"footnotes":""},"categories":[1],"tags":[60,54,28],"class_list":["post-7403","post","type-post","status-publish","format-standard","hentry","category-motdujour","tag-animal","tag-humanisme","tag-photo"],"_links":{"self":[{"href":"https:\/\/lemotdujour.fr\/index.php?rest_route=\/wp\/v2\/posts\/7403","targetHints":{"allow":["GET"]}}],"collection":[{"href":"https:\/\/lemotdujour.fr\/index.php?rest_route=\/wp\/v2\/posts"}],"about":[{"href":"https:\/\/lemotdujour.fr\/index.php?rest_route=\/wp\/v2\/types\/post"}],"author":[{"embeddable":true,"href":"https:\/\/lemotdujour.fr\/index.php?rest_route=\/wp\/v2\/users\/1"}],"replies":[{"embeddable":true,"href":"https:\/\/lemotdujour.fr\/index.php?rest_route=%2Fwp%2Fv2%2Fcomments&post=7403"}],"version-history":[{"count":5,"href":"https:\/\/lemotdujour.fr\/index.php?rest_route=\/wp\/v2\/posts\/7403\/revisions"}],"predecessor-version":[{"id":16653,"href":"https:\/\/lemotdujour.fr\/index.php?rest_route=\/wp\/v2\/posts\/7403\/revisions\/16653"}],"wp:attachment":[{"href":"https:\/\/lemotdujour.fr\/index.php?rest_route=%2Fwp%2Fv2%2Fmedia&parent=7403"}],"wp:term":[{"taxonomy":"category","embeddable":true,"href":"https:\/\/lemotdujour.fr\/index.php?rest_route=%2Fwp%2Fv2%2Fcategories&post=7403"},{"taxonomy":"post_tag","embeddable":true,"href":"https:\/\/lemotdujour.fr\/index.php?rest_route=%2Fwp%2Fv2%2Ftags&post=7403"}],"curies":[{"name":"wp","href":"https:\/\/api.w.org\/{rel}","templated":true}]}}