{"id":7396,"date":"2019-11-06T03:52:29","date_gmt":"2019-11-06T02:52:29","guid":{"rendered":"http:\/\/lemotdujour.fr\/?p=7396"},"modified":"2020-06-12T19:10:07","modified_gmt":"2020-06-12T17:10:07","slug":"mercredi-6-novembre-2019","status":"publish","type":"post","link":"https:\/\/lemotdujour.fr\/?p=7396","title":{"rendered":"Mercredi 6 novembre 2019"},"content":{"rendered":"<div class=\"mdjTexte\">\u00ab Sur les traces de la panth\u00e8re des neiges \u00bb<\/div>\n<div class=\"mdjAuteur\">Fr\u00e9d\u00e9ric et Olivier Larrey<\/div>\n<p><span style=\"color: #777777; font-family: Arial;\">Dans mes recherches sur la panth\u00e8re des neiges, j&rsquo;ai trouv\u00e9 un documentaire diffus\u00e9 par Arte <span style=\"color: #0000ff;\"><a style=\"color: #0000ff;\" href=\"https:\/\/www.arte.tv\/fr\/videos\/080958-000-A\/sur-les-traces-de-la-panthere-des-neiges\/\">&lt;Sur les traces de la panth\u00e8re des neiges&gt;<\/a>.<\/span><br \/>\n<\/span><\/p>\n<p><span style=\"color: #777777; font-family: Arial;\">Il est l&rsquo;\u0153uvre de deux fr\u00e8res Fr\u00e9d\u00e9ric et Olivier Larrey qui sont photographes naturalistes et sont comme Vincent Munier et Sylvain Tesson aller au Tibet pour observer la <span style=\"color: #0000ff;\"><a style=\"color: #0000ff;\" href=\"https:\/\/fr.wikipedia.org\/wiki\/Panth%C3%A8re_des_neiges\">panth\u00e8re des neiges<\/a><\/span> qu&rsquo;on appelle aussi \u00ab&nbsp;<strong>l&rsquo;once&nbsp;<\/strong>\u00bb et aussi <\/span><span style=\"color: #777777; font-family: Arial;\">\u00ab<strong>L\u00e9opard des neiges&nbsp;\u00bb<\/strong>, ou \u00ab&nbsp;<strong>Irbis&nbsp;\u00bb<\/strong><br \/>\n<\/span><\/p>\n<p><span style=\"color: #777777; font-family: Arial;\">Vous n&rsquo;avez pas beaucoup de temps pour regarder ce documentaire sur le site de replay d&rsquo;Arte, puisque vous devez le regarder aujourd&rsquo;hui.<br \/>\n<\/span><\/p>\n<p><span style=\"color: #777777; font-family: Arial;\">Sinon, Arte annonce une nouvelle diffusion le vendredi 22 novembre \u00e0 10:15<br \/>\n<\/span><\/p>\n<p><span style=\"color: #777777; font-family: Arial;\">C&rsquo;est un documentaire d&rsquo;une beaut\u00e9 stup\u00e9fiante, aussi en raison des paysages qui abritent cet \u00e9tonnant animal.<br \/>\n<\/span><\/p>\n<p><span style=\"color: #777777; font-family: Arial;\">La qu\u00eate des fr\u00e8res Larrey est d&rsquo;essayer de photographier et filmer une m\u00e8re avec son petit.<br \/>\n<\/span><\/p>\n<p><span style=\"color: #777777; font-family: Arial;\">Qu\u00eate qui s&rsquo;ach\u00e8vera selon le v\u0153u de ceux qui la poursuivent.<br \/>\n<\/span><\/p>\n<p><img decoding=\"async\" class=\"aligncenter\" src=\"https:\/\/lemotdujour.fr\/wp-content\/uploads\/2019\/11\/110519_2152_Mercredi6no1.jpg\" alt=\"\"><span style=\"color: #777777; font-family: Arial;\"><br \/>\n<\/span><\/p>\n<p><span style=\"color: #777777; font-family: Arial;\">Lors de la troisi\u00e8me apparition d\u00e9crite par Sylvain Tesson, page 139 de son livre, on lit&nbsp;:<br \/>\n<\/span><\/p>\n<p style=\"margin-left: 28pt;\"><span style=\"color: #c00000; font-family: Arial;\">\u00ab&nbsp;La panth\u00e8re nous avait rep\u00e9r\u00e9s. Se tournant sur le flanc, elle leva la t\u00eate et nous crois\u00e2mes son regard, braise froide. Les yeux disaient&nbsp;: \u00ab&nbsp;<strong>Nous ne pouvons-nous aimer, vous n&rsquo;\u00eates rien pour moi, votre race est r\u00e9cente<\/strong>, <strong>la mienne imm\u00e9moriale<\/strong>, la v\u00f4tre se r\u00e9pand, d\u00e9s\u00e9quilibrant le po\u00e8me&nbsp;\u00bb&nbsp;\u00bb<br \/>\n<\/span><\/p>\n<p><span style=\"color: #800000; font-family: Arial;\">&lt;1302&gt;<\/span><\/p>\n","protected":false},"excerpt":{"rendered":"<p>\u00ab Sur les traces de la panth\u00e8re des neiges \u00bb Fr\u00e9d\u00e9ric et Olivier Larrey Dans mes recherches sur la panth\u00e8re des neiges, j&rsquo;ai trouv\u00e9 un documentaire diffus\u00e9 par Arte &lt;Sur les traces de la panth\u00e8re des neiges&gt;. Il est l&rsquo;\u0153uvre<\/p>\n","protected":false},"author":1,"featured_media":0,"comment_status":"open","ping_status":"closed","sticky":false,"template":"","format":"standard","meta":{"footnotes":""},"categories":[1],"tags":[60,12,48],"class_list":["post-7396","post","type-post","status-publish","format-standard","hentry","category-motdujour","tag-animal","tag-documentaire","tag-nature"],"_links":{"self":[{"href":"https:\/\/lemotdujour.fr\/index.php?rest_route=\/wp\/v2\/posts\/7396","targetHints":{"allow":["GET"]}}],"collection":[{"href":"https:\/\/lemotdujour.fr\/index.php?rest_route=\/wp\/v2\/posts"}],"about":[{"href":"https:\/\/lemotdujour.fr\/index.php?rest_route=\/wp\/v2\/types\/post"}],"author":[{"embeddable":true,"href":"https:\/\/lemotdujour.fr\/index.php?rest_route=\/wp\/v2\/users\/1"}],"replies":[{"embeddable":true,"href":"https:\/\/lemotdujour.fr\/index.php?rest_route=%2Fwp%2Fv2%2Fcomments&post=7396"}],"version-history":[{"count":4,"href":"https:\/\/lemotdujour.fr\/index.php?rest_route=\/wp\/v2\/posts\/7396\/revisions"}],"predecessor-version":[{"id":9230,"href":"https:\/\/lemotdujour.fr\/index.php?rest_route=\/wp\/v2\/posts\/7396\/revisions\/9230"}],"wp:attachment":[{"href":"https:\/\/lemotdujour.fr\/index.php?rest_route=%2Fwp%2Fv2%2Fmedia&parent=7396"}],"wp:term":[{"taxonomy":"category","embeddable":true,"href":"https:\/\/lemotdujour.fr\/index.php?rest_route=%2Fwp%2Fv2%2Fcategories&post=7396"},{"taxonomy":"post_tag","embeddable":true,"href":"https:\/\/lemotdujour.fr\/index.php?rest_route=%2Fwp%2Fv2%2Ftags&post=7396"}],"curies":[{"name":"wp","href":"https:\/\/api.w.org\/{rel}","templated":true}]}}