{"id":7373,"date":"2019-10-31T00:02:31","date_gmt":"2019-10-30T23:02:31","guid":{"rendered":"http:\/\/lemotdujour.fr\/?p=7373"},"modified":"2020-06-12T19:11:19","modified_gmt":"2020-06-12T17:11:19","slug":"jeudi-31-octobre-2019","status":"publish","type":"post","link":"https:\/\/lemotdujour.fr\/?p=7373","title":{"rendered":"Jeudi 31 octobre 2019"},"content":{"rendered":"<div class=\"mdjTexte\">\u00ab Le cr\u00e9puscule [de l\u2019utopie] du Rojava \u00bb<\/div>\n<div class=\"mdjAuteur\">Eric Biegala journaliste \u00e0 la r\u00e9daction internationale de Radio France<\/div>\n<p><span style=\"color: #777777; font-family: Arial;\">Bien s\u00fbr, il y aurait encore tant de choses \u00e0 \u00e9crire sur le peuple Kurde et la lutte qu&rsquo;il m\u00e8ne pour obtenir sinon un Etat ou au moins une autonomie plus grande.<br \/>\n<\/span><\/p>\n<p><span style=\"color: #777777; font-family: Arial;\">Parler par exemple du &lt;<span style=\"color: #0000ff;\"><a style=\"color: #0000ff;\" href=\"https:\/\/fr.wikipedia.org\/wiki\/Kurdistan_irakien\">Kurdistan irakien<\/a><\/span>&gt; qui est une entit\u00e9 politique autonome du nord de l&rsquo;Irak, reconnue par la constitution irakienne, adopt\u00e9e le 15 octobre 2005 par un r\u00e9f\u00e9rendum populaire. Cette r\u00e9gion autonome qui est l&rsquo;endroit du monde o\u00f9 les kurdes disposent de la plus grande latitude pour se gouverner. Il ne s&rsquo;agit pas encore d&rsquo;un \u00c9tat mais on s&rsquo;en approche. Les Kurdes d&rsquo;Irak ont su profiter des erreurs de Saddam Hussein et des guerres que les \u00c9tats-Unis ont men\u00e9 contre ce dictateur pour obtenir cette situation enviable par rapport aux autres kurdes des trois autres pays.<br \/>\n<\/span><\/p>\n<p><span style=\"color: #777777; font-family: Arial;\">Selon Wikip\u00e9dia la r\u00e9partition des kurdes entre les quatre \u00c9tats serait la suivante :<br \/>\n<\/span><\/p>\n<ul>\n<li><span style=\"color: #777777; font-family: Arial;\">Turquie de 12 \u00e0 15 000 000<br \/>\n<\/span><\/li>\n<li><span style=\"color: #777777; font-family: Arial;\">Iran de 6 \u00e0 9 200 000<br \/>\n<\/span><\/li>\n<li><span style=\"color: #777777; font-family: Arial;\">Irak de 5 \u00e0 7 000 000<br \/>\n<\/span><\/li>\n<li><span style=\"color: #777777; font-family: Arial;\">Syrie environ 2 800 000<br \/>\n<\/span><\/li>\n<\/ul>\n<p><span style=\"color: #777777; font-family: Arial;\">On constate donc que la Syrie est celui des quatre qui poss\u00e8de la communaut\u00e9 kurde nettement la moins importante. L&rsquo;Allemagne compterait 1 000 000 de kurdes sur son sol et la France 150 000.<br \/>\n<\/span><\/p>\n<p><span style=\"color: #777777; font-family: Arial;\">Il serait aussi possible de parler de l&rsquo;\u00e9ph\u00e9m\u00e8re \u00c9tat du Kurdistan iranien proclam\u00e9 en janvier 1946 : &lt;<a href=\"https:\/\/www.franceculture.fr\/geopolitique\/vers-lindependance-le-kurdistan-politique-en-5-dates\"><span style=\"color: #0000ff;\">La R\u00e9publique de Mahabad<\/span><\/a>&gt;. En r\u00e9alit\u00e9 c&rsquo;\u00e9tait plut\u00f4t une r\u00e9gion autonome qui s&rsquo;appuyait sur le soutien de l&rsquo;arm\u00e9e sovi\u00e9tique qui occupait le nord de la Perse. Mais d\u00e8s que les troupes sovi\u00e9tiques se sont retir\u00e9es, l&rsquo;arm\u00e9e iranienne a repris le contr\u00f4le de la r\u00e9gion et les chefs de la R\u00e9publique ont \u00e9t\u00e9 pendus. Sauf l&rsquo;un d&rsquo;entre eux qui s&rsquo;est enfui en URSS : <strong>Moustapha Barzani<\/strong>.<br \/>\n<\/span><\/p>\n<p><span style=\"color: #777777; font-family: Arial;\">C&rsquo;est son fils <strong>Massoud Barzani<\/strong> qui est n\u00e9 en ao\u00fbt 1946 durant les derniers mois d&rsquo;existence de la R\u00e9publique, qui est l&rsquo;actuel pr\u00e9sident du Gouvernement R\u00e9gional du Kurdistan (KRG) en Irak<br \/>\n<\/span><\/p>\n<p><span style=\"color: #777777; font-family: Arial;\">La R\u00e9publique de Mahabad n&rsquo;aura dur\u00e9 qu&rsquo;une petite ann\u00e9e mais elle demeure dans l&rsquo;imaginaire kurde la premi\u00e8re entit\u00e9 politique ind\u00e9pendante, le premier Kurdistan.<br \/>\n<\/span><\/p>\n<p><span style=\"color: #777777; font-family: Arial;\">Mais je souhaite arr\u00eater cette s\u00e9rie sur les kurdes en revenant sur l&rsquo;organisation et les r\u00e8gles que le <strong>PYD<\/strong> : le Partiya Yekita Demokrat et les Forces D\u00e9mocratiques Syriennes (<strong>FDS<\/strong>) que j&rsquo;avais \u00e9voqu\u00e9 lors du mot du jour pr\u00e9c\u00e9dent avaient commenc\u00e9 \u00e0 mettre en \u0153uvre dans le nord-est de la Syrie apr\u00e8s que les troupes de Damas se soient retir\u00e9s. Cette r\u00e9gion de la Syrie appel\u00e9e le \u00ab <strong>Rojava<\/strong> \u00bb ou \u00ab Rojavay\u00ea Kurdistan\u00ea \u00bb<br \/>\n<\/span><\/p>\n<p><span style=\"color: #777777; font-family: Arial;\">Pour ce faire j&rsquo;ai regard\u00e9 cette tr\u00e8s int\u00e9ressante \u00e9mission&nbsp;: <a href=\"https:\/\/www.youtube.com\/watch?v=PV0aLTFzZz4\">&lt;<span style=\"color: #0000ff;\">ARTE : Le Rojava l&rsquo;utopie des Kurdes&gt;<\/span><\/a><br \/>\n<\/span><\/p>\n<p><span style=\"color: #777777; font-family: Arial;\">L&rsquo;article d&rsquo;Eric Biegala sur le site de France Culture, d\u00e9j\u00e0 cit\u00e9 hier, donne aussi des informations tr\u00e8s int\u00e9ressantes&nbsp;: &lt;<span style=\"color: #0000ff;\"><a style=\"color: #0000ff;\" href=\"https:\/\/www.franceculture.fr\/geopolitique\/kurdes-de-syrie-le-crepuscule-du-rojava\">Kurdes de Syrie le cr\u00e9puscule du Rojava<\/a>.&gt;<\/span><br \/>\n<\/span><\/p>\n<p><span style=\"color: #777777; font-family: Arial;\">Il situe son analyse apr\u00e8s la violente intervention turque.<br \/>\n<\/span><\/p>\n<p><span style=\"color: #777777; font-family: Arial;\">De m\u00eame que cet article plus court de la Croix <a href=\"https:\/\/www.la-croix.com\/Monde\/Moyen-Orient\/<En Syrie les Kurdes voient sombrer leur projet Rojava>\u00ab\u00a0>&lt;<span style=\"color: #0000ff;\">En Syrie les Kurdes voient sombrer leur projet Rojava&gt;<\/span><\/a><br \/>\n<\/span><\/p>\n<p><img decoding=\"async\" class=\"alignleft\" src=\"https:\/\/lemotdujour.fr\/wp-content\/uploads\/2019\/10\/103019_2258_Jeudi31octo1.jpg\" alt=\"\" align=\"left\"><span style=\"color: #777777; font-family: Arial;\">Quand on voit l&rsquo;\u00e9mission d&rsquo;Arte, ce qui frappe d&rsquo;abord c&rsquo;est la pr\u00e9sence f\u00e9minine tr\u00e8s importante \u00e0 la fois dans les unit\u00e9s combattantes et aussi dans les organes dirigeants mis en place. Cette pr\u00e9sence est vraiment remarquable dans une partie du monde qui r\u00e9serve encore aux femmes un r\u00f4le limit\u00e9 aux t\u00e2ches domestiques et un \u00e9tat de soumission \u00e0 l&rsquo;ordre m\u00e2le. Ces femmes, en outre, portent rarement le voile alors qu&rsquo;en Turquie depuis la prise de pouvoir d&rsquo;Erdogan, le voile fait un retour en force, en pleine r\u00e9gression par rapport \u00e0 l\u2019\u00c9tat d&rsquo;Atat\u00fcrk.<br \/>\n<\/span><\/p>\n<p><img loading=\"lazy\" decoding=\"async\" class=\"size-full wp-image-7376 alignleft\" src=\"https:\/\/lemotdujour.fr\/wp-content\/uploads\/2019\/10\/La-r\u00e9volution-Kurde.jpg\" alt=\"\" width=\"245\" height=\"400\" srcset=\"https:\/\/lemotdujour.fr\/wp-content\/uploads\/2019\/10\/La-r\u00e9volution-Kurde.jpg 245w, https:\/\/lemotdujour.fr\/wp-content\/uploads\/2019\/10\/La-r\u00e9volution-Kurde-184x300.jpg 184w\" sizes=\"auto, (max-width: 245px) 100vw, 245px\" \/><\/p>\n<p><span style=\"color: #777777; font-family: Arial;\">Ils ont mis aussi en pratique une sorte d&rsquo;utopie sociale dont une partie a \u00e9t\u00e9 inspir\u00e9e par les r\u00e9flexions d&rsquo;Abdullah \u00d6calan, le chef emprisonn\u00e9 du PKK : Il s&rsquo;agit d&rsquo;une <strong>organisation sociale et soci\u00e9tale en \u00ab&nbsp;communes&nbsp;\u00bb,<\/strong> communaut\u00e9s r\u00e9duites d&rsquo;individus s&rsquo;administrant eux-m\u00eames et promouvant \u00able d\u00e9veloppement de coop\u00e9ratives autog\u00e9r\u00e9es au sein des municipalit\u00e9s\u00bb, le tout pour \u00ab\u00a0mettre en place un mod\u00e8le \u00e9conomique diam\u00e9tralement oppos\u00e9 au productivisme et au capitalisme mondialis\u00e9\u00a0\u00bb, r\u00e9sume le politologue Olivier Grojean dans son dernier ouvrage consacr\u00e9 au PKK.<br \/>\n<\/span><\/p>\n<p><span style=\"color: #777777; font-family: Arial;\">Et l&rsquo;article d&rsquo;Eric Biegala pr\u00e9cise que<br \/>\n<\/span><\/p>\n<p style=\"margin-left: 28pt;\"><span style=\"color: #c00000; font-family: Arial;\">\u00ab La dimension anticapitaliste, issue du marxisme, demeure fondamentale mais elle est associ\u00e9e \u00e0 un rejet des structures d&rsquo;un \u00c9tat comme de celles d&rsquo;une Nation. Il ne s&rsquo;agit donc pas de constituer en Syrie un Kurdistan autog\u00e9r\u00e9 sur le mod\u00e8le de l&rsquo;Etat-Nation. D&rsquo;ailleurs, les r\u00e9f\u00e9rences ethniques kurdes disparaissent peu \u00e0 peu du Rojava. Celui-ci est rebaptis\u00e9 F\u00e9d\u00e9ration D\u00e9mocratique de la Syrie du Nord, laquelle se dote d&rsquo;une Constitution en d\u00e9cembre 2016. Fin 2017, les repr\u00e9sentants de plus de 3 000 \u00ab\u00a0communes\u00a0\u00bb y sont \u00e9lus. \u00bb<br \/>\n<\/span><\/p>\n<p><span style=\"color: #777777; font-family: Arial;\">Les analystes ont donn\u00e9 pour nom \u00e0 cette organisation le \u00ab&nbsp;<strong>communalisme d\u00e9mocratique<\/strong>&nbsp;\u00bb<br \/>\n<\/span><\/p>\n<p><span style=\"color: #777777; font-family: Arial;\">Les deux autres principes fondamentaux sur lesquels repose cette organisation sont <strong>l&rsquo;\u00e9cologie<\/strong> et ce qui m&rsquo;a frapp\u00e9 lors de l&rsquo;\u00e9mission d&rsquo;Arte \u00ab&nbsp;<strong>l&rsquo;\u00e9galit\u00e9 stricte des sexes<\/strong>&nbsp;\u00bb.<br \/>\n<\/span><\/p>\n<p><span style=\"color: #777777; font-family: Arial;\">Chaque pr\u00e9sident de commune, chaque cadre administratif ou politique y est doubl\u00e9 d&rsquo;un co-pr\u00e9sident ou d&rsquo;un alter-ego du sexe oppos\u00e9. A c\u00f4t\u00e9 des YPG, un contingent de femmes combattantes (YPJ) participe \u00e0 toutes les batailles contre l&rsquo;organisation Etat Islamique.<br \/>\n<\/span><\/p>\n<p><span style=\"color: #777777; font-family: Arial;\">Rien que cet aspect me rend sympathique les Kurdes du Rojava.<\/span><a href=\"https:\/\/www.youtube.com\/watch?v=PV0aLTFzZz4\"><img decoding=\"async\" class=\"aligncenter\" src=\"https:\/\/lemotdujour.fr\/wp-content\/uploads\/2019\/10\/103019_2258_Jeudi31octo2.png\" alt=\"\" border=\"0\"><\/a><span style=\"color: #777777; font-family: Arial;\"><br \/>\n<\/span><\/p>\n<p><span style=\"color: #777777; font-family: Arial;\">Bien s\u00fbr tout n&rsquo;\u00e9tait pas parfait dans cette organisation.<br \/>\n<\/span><\/p>\n<p><span style=\"color: #777777; font-family: Arial;\">Eric Biegala rapporte&nbsp;:<br \/>\n<\/span><\/p>\n<p style=\"margin-left: 28pt;\"><span style=\"color: #c00000; font-family: Arial;\">\u00ab&nbsp;Ce n&rsquo;est pas une d\u00e9mocratie parfaite, conc\u00e8de encore Nadim Houry ; l&rsquo;opposition politique, quand elle existe, est mal tol\u00e9r\u00e9e ; la justice est rudimentaire&#8230; Il n&rsquo;en reste pas moins que l&rsquo;administration fonctionne effectivement et que le Rojava a r\u00e9ussi \u00e0 maintenir sur son territoire une vraie forme de s\u00e9curit\u00e9 ; ce sont les cantons de Syrie o\u00f9 le taux de criminalit\u00e9 est le plus bas du pays.\u00a0\u00bb<br \/>\n<\/span><\/p>\n<p style=\"margin-left: 28pt;\"><span style=\"color: #c00000; font-family: Arial;\">En r\u00e9sum\u00e9, le niveau de libert\u00e9 et de s\u00e9curit\u00e9 dans le Rojava est sans commune mesure avec ce que l&rsquo;on peut trouver ailleurs en Syrie, qu&rsquo;il s&rsquo;agisse des territoires tenus par le r\u00e9gime ou la r\u00e9bellion, sans parler bien s\u00fbr des djihadistes. Le \u00ab\u00a0Communalisme\u00a0\u00bb de cette F\u00e9d\u00e9ration D\u00e9mocratique de la Syrie du Nord soutient sans doute aussi la comparaison avec le niveau de libert\u00e9 garanti par quelques-uns des \u00c9tats de la r\u00e9gion : l&rsquo;Iran, l&rsquo;Irak et m\u00eame peut-\u00eatre avec une d\u00e9mocratie formelle comme la Turquie, surtout depuis que le r\u00e9gime de cette derni\u00e8re d\u00e9rive vers l&rsquo;autoritarisme d&rsquo;un seul homme. Ce n&rsquo;est d&rsquo;ailleurs pas tout \u00e0 fait un hasard si cette d\u00e9rive est concomitante de l&rsquo;av\u00e8nement du Rojava en Syrie. \u00bb<br \/>\n<\/span><\/p>\n<p><span style=\"color: #777777; font-family: Arial;\">Le journal \u00ab&nbsp;La Croix&nbsp;\u00bb rapporte les propos de Pr\u00e9sident de l&rsquo;association Espoir Afrin, Hassan Hamdoche&nbsp;:<br \/>\n<\/span><\/p>\n<p style=\"margin-left: 28pt;\"><span style=\"color: #c00000; font-family: Arial;\">\u00ab Nous avions trouv\u00e9 une esp\u00e9rance, un lieu dans lequel le peuple kurde pouvait se g\u00e9rer, construire un d\u00e9but de d\u00e9mocratie la\u00efque et \u00e9galitaire qui tranchait avec l&rsquo;obscurantisme de la r\u00e9gion [\u2026] Tout n&rsquo;\u00e9tait pas parfait, mais nous \u00e9tions sur la bonne voie. \u00bb<br \/>\n<\/span><\/p>\n<p><span style=\"color: #777777; font-family: Arial;\">Toutefois certains analystes consid\u00e8rent qu&rsquo;il y avait une partie d&rsquo;affichage dans cette pr\u00e9sentation&nbsp;: \u00ab Ses repr\u00e9sentants \u00e0 l&rsquo;\u00e9tranger connaissent tous les mots-cl\u00e9s \u2013 d\u00e9mocratie locale, \u00e9galit\u00e9, \u00e9cologie, etc \u2013 pour obtenir des financements de l&rsquo;Union europ\u00e9enne \u00bb.<br \/>\n<\/span><\/p>\n<p><span style=\"color: #777777; font-family: Arial;\">Certaines parties de la soci\u00e9t\u00e9 syrienne du nord et certains villages de la r\u00e9gion restent tr\u00e8s r\u00e9ticents par rapport au r\u00f4le que les femmes jouent dans ce communalisme.<br \/>\n<\/span><\/p>\n<p><span style=\"color: #777777; font-family: Arial;\">Pourtant ; ce qui avait \u00e9t\u00e9 mis en place dans cette r\u00e9gion constituait une immense modernit\u00e9 par rapport \u00e0 l&rsquo;archa\u00efsme qui r\u00e8gne dans la plupart des pays musulmans du moyen-orient.<br \/>\n<\/span><\/p>\n<p><span style=\"color: #777777; font-family: Arial;\">Il faut en parler au pass\u00e9 puisque les hordes barbares turques sont en train de mettre \u00e0 bas cette organisation.<br \/>\n<\/span><\/p>\n<p><span style=\"color: #777777; font-family: Arial;\">Mais l&rsquo;Histoire n&rsquo;est pas encore \u00e9crite, rien ne dit que les plans d&rsquo;Erdogan se r\u00e9aliseront selon ses souhaits.<br \/>\n<\/span><\/p>\n<p><span style=\"color: #777777; font-family: Arial;\">En tout cas il faut regarder l&rsquo;\u00e9mission d&rsquo;Arte <span style=\"color: #0000ff;\"><a style=\"color: #0000ff;\" href=\"https:\/\/www.youtube.com\/watch?v=PV0aLTFzZz4\">&lt;ARTE : Le Rojava l&rsquo;utopie des Kurdes&gt;<\/a>.<\/span><br \/>\n<\/span><\/p>\n<p><span style=\"color: #777777; font-family: Arial;\">On trouve d&rsquo;autres vid\u00e9os sur le r\u00f4le des femmes dans le Rojava. Par exemple cet autre reportage d&rsquo;Arte&nbsp;: &lt;<span style=\"color: #0000ff;\"><a style=\"color: #0000ff;\" href=\"https:\/\/www.arte.tv\/fr\/videos\/084989-000-A\/syrie-rojava-la-revolution-par-les-femmes\/\">Syrie : Rojava, la r\u00e9volution par les femmes<\/a><\/span>&gt;.<br \/>\n<\/span><\/p>\n<p><span style=\"color: maroon; font-family: Arial;\">&lt;1300&gt;<\/span><\/p>\n","protected":false},"excerpt":{"rendered":"<p>\u00ab Le cr\u00e9puscule [de l\u2019utopie] du Rojava \u00bb Eric Biegala journaliste \u00e0 la r\u00e9daction internationale de Radio France Bien s\u00fbr, il y aurait encore tant de choses \u00e0 \u00e9crire sur le peuple Kurde et la lutte qu&rsquo;il m\u00e8ne pour obtenir<\/p>\n","protected":false},"author":1,"featured_media":0,"comment_status":"open","ping_status":"closed","sticky":false,"template":"","format":"standard","meta":{"footnotes":""},"categories":[1],"tags":[36,124,119],"class_list":["post-7373","post","type-post","status-publish","format-standard","hentry","category-motdujour","tag-feminisme","tag-kurde","tag-moyen-orient"],"_links":{"self":[{"href":"https:\/\/lemotdujour.fr\/index.php?rest_route=\/wp\/v2\/posts\/7373","targetHints":{"allow":["GET"]}}],"collection":[{"href":"https:\/\/lemotdujour.fr\/index.php?rest_route=\/wp\/v2\/posts"}],"about":[{"href":"https:\/\/lemotdujour.fr\/index.php?rest_route=\/wp\/v2\/types\/post"}],"author":[{"embeddable":true,"href":"https:\/\/lemotdujour.fr\/index.php?rest_route=\/wp\/v2\/users\/1"}],"replies":[{"embeddable":true,"href":"https:\/\/lemotdujour.fr\/index.php?rest_route=%2Fwp%2Fv2%2Fcomments&post=7373"}],"version-history":[{"count":4,"href":"https:\/\/lemotdujour.fr\/index.php?rest_route=\/wp\/v2\/posts\/7373\/revisions"}],"predecessor-version":[{"id":9232,"href":"https:\/\/lemotdujour.fr\/index.php?rest_route=\/wp\/v2\/posts\/7373\/revisions\/9232"}],"wp:attachment":[{"href":"https:\/\/lemotdujour.fr\/index.php?rest_route=%2Fwp%2Fv2%2Fmedia&parent=7373"}],"wp:term":[{"taxonomy":"category","embeddable":true,"href":"https:\/\/lemotdujour.fr\/index.php?rest_route=%2Fwp%2Fv2%2Fcategories&post=7373"},{"taxonomy":"post_tag","embeddable":true,"href":"https:\/\/lemotdujour.fr\/index.php?rest_route=%2Fwp%2Fv2%2Ftags&post=7373"}],"curies":[{"name":"wp","href":"https:\/\/api.w.org\/{rel}","templated":true}]}}