{"id":7368,"date":"2019-10-30T02:57:37","date_gmt":"2019-10-30T01:57:37","guid":{"rendered":"http:\/\/lemotdujour.fr\/?p=7368"},"modified":"2020-06-12T19:11:54","modified_gmt":"2020-06-12T17:11:54","slug":"mercredi-30-octobre-2019","status":"publish","type":"post","link":"https:\/\/lemotdujour.fr\/?p=7368","title":{"rendered":"Mercredi 30 octobre 2019"},"content":{"rendered":"<div class=\"mdjTexte\">\u00ab Vers l\u2019Orient compliqu\u00e9, je volais avec des id\u00e9es simples. \u00bb<\/div>\n<div class=\"mdjAuteur\">Charles de Gaulle, M\u00e9moire de guerre<\/div>\n<p>Bien s\u00fbr, on peut parler des Kurdes, des turcs et des russes avec uniquement \u00e9motion et une vision binaire des luttes. Dire qui repr\u00e9sente le bien et qui est le mal absolu.<br \/>\n<span style=\"color: #777777; font-family: Arial;\">Evidemment les milices qui ont sauvagement assassin\u00e9 Havrin Khalaf ne peuvent pas appara\u00eetre autrement que le mal absolu.<br \/>\n<\/span><\/p>\n<p><span style=\"color: #777777; font-family: Arial;\">Mais pour le reste, c&rsquo;est beaucoup plus compliqu\u00e9\u2026<br \/>\n<\/span><\/p>\n<p><span style=\"color: #777777; font-family: Arial;\">Comme souvent\u2026<br \/>\n<\/span><\/p>\n<p><span style=\"color: #777777; font-family: Arial;\">Bien s\u00fbr, on peut aspirer \u00e0 ce souhait <span style=\"color: #0000ff;\"><a style=\"color: #0000ff;\" href=\"https:\/\/www.agoravox.fr\/tribune-libre\/article\/vers-l-orient-complique-je-volais-173212\">q<\/a><\/span><\/span><span style=\"font-family: Arial; color: #0000ff;\"><a style=\"color: #0000ff;\" href=\"https:\/\/www.agoravox.fr\/tribune-libre\/article\/vers-l-orient-complique-je-volais-173212\"><span style=\"color: #0000ff;\">u<\/span>e le G\u00e9n\u00e9ral de Gaulle a \u00e9crit dans ses M\u00e9moires de guerre&nbsp;<\/a><\/span><span style=\"color: #777777; font-family: Arial;\">: \u00ab&nbsp;<strong>Vers l&rsquo;Orient compliqu\u00e9, je volais avec des id\u00e9es simples<\/strong>.&nbsp;\u00bb.<br \/>\n<\/span><\/p>\n<p><span style=\"color: #777777; font-family: Arial;\">Pourquoi pas, encore ne faut-il pas que cela devienne des id\u00e9es simplistes&nbsp;!<br \/>\n<\/span><\/p>\n<p><span style=\"color: #777777; font-family: Arial;\">Les empires comme l&#8217;empire ottoman, l&#8217;empire austro-hongrois, l&#8217;empire russe et aussi l&#8217;empire chinois sont compos\u00e9s de plusieurs peuples, avec toujours un peuple dominant&nbsp;: les turcs pour le premier, les allemand pour le deuxi\u00e8me, les russes pour le troisi\u00e8me, les hans pour le quatri\u00e8me.<br \/>\n<\/span><\/p>\n<p><span style=\"color: #777777; font-family: Arial;\">Dans un empire il est admis et n\u00e9cessaire que l&#8217;empereur ou celui qui dirige l&#8217;empire soit en mesure, tout en pr\u00e9servant la domination de son clan, de faire en sorte que ces peuples puissent vivre ensemble.<br \/>\n<\/span><\/p>\n<p><span style=\"color: #777777; font-family: Arial;\">Mais les europ\u00e9ens et particuli\u00e8rement la France ont fait \u00e9merger l&rsquo;id\u00e9e de l\u2019\u00c9tat-nation. Une nation qui se r\u00e9unit et qui fonde une structure juridique internationale qui est l\u2019\u00c9tat.<br \/>\n<\/span><\/p>\n<p><span style=\"color: #777777; font-family: Arial;\">Un \u00c9tat-nation a beaucoup de mal \u00e0 accepter une division en son sein. Parce qu&rsquo;\u00e9tant donn\u00e9 son essence : \u00ab c&rsquo;est une nation qui fonde un \u00e9tat \u00bb d\u00e8s qu&rsquo;un peuple veut revendiquer sa singularit\u00e9 en son sein, il va tr\u00e8s naturellement aspirer \u00e0 devenir lui-m\u00eame un Etat nation. Ce qui est \u00e9videmment insupportable pour l&rsquo;Etat nation qui l&rsquo;entoure, puisque si ce processus va \u00e0 son terme il sera amput\u00e9 \u00e0 la fois d&rsquo;un grand nombre de citoyens et d&rsquo;une partie de son territoire.<br \/>\n<\/span><\/p>\n<p><span style=\"color: #777777; font-family: Arial;\">L&#8217;empire austro-hongrois a connu ce processus \u00e0 un degr\u00e9 tel que son c\u0153ur, l&rsquo;Autriche, est devenu un tout petit pays, sans aucune commune mesure avec l&rsquo;Empire qui l&rsquo;a pr\u00e9c\u00e9d\u00e9.<br \/>\n<\/span><\/p>\n<p><span style=\"color: #777777; font-family: Arial;\">Les parties de l&#8217;empire qui ont tent\u00e9 de cr\u00e9er des nouvelles nations&nbsp;: yougoslaves, tch\u00e9coslovaques ont connu aussi, d\u00e8s que les r\u00e9gimes autoritaires ont \u00e9t\u00e9 balay\u00e9s, de nouvelles scissions pour cr\u00e9er de nouveaux Etats-nations.<br \/>\n<\/span><\/p>\n<p><span style=\"color: #777777; font-family: Arial;\">Lors de guerres terribles pour la Yougoslavie, parce qu&rsquo;il y avait un peuple dominant&nbsp;: les serbes et un autre qui l&rsquo;\u00e9tait en second&nbsp;: les croates. Mais les peuples qui ont le plus soufferts \u00e9taient les peuples domin\u00e9s des bosniaques et des kosovars.<br \/>\n<\/span><\/p>\n<p><span style=\"color: #777777; font-family: Arial;\">La s\u00e9paration s&rsquo;est faite de mani\u00e8re beaucoup plus apais\u00e9e entre les tch\u00e8ques et les slovaques, parce que chacun allait de son c\u00f4t\u00e9 et que personne ne pensait \u00eatre amput\u00e9e d&rsquo;une partie de son \u00c9tat.<br \/>\n<\/span><\/p>\n<p><span style=\"color: #777777; font-family: Arial;\">L&rsquo;ordre mondial, une fois que les fronti\u00e8res ont \u00e9t\u00e9 dessin\u00e9es, n&rsquo;aime pas beaucoup qu&rsquo;on les remette en cause, car cela cr\u00e9e des tensions, des violences et de l&rsquo;instabilit\u00e9.<br \/>\n<\/span><\/p>\n<p><span style=\"color: #777777; font-family: Arial;\">Peu d\u2019\u00c9tats se sont lev\u00e9s pour d\u00e9fendre la tentative de s\u00e9cession du <a href=\"https:\/\/fr.wikipedia.org\/wiki\/Biafra\"><span style=\"color: #0000ff;\">Biafra<\/span><\/a> au Nigeria, que l&rsquo;ethnie Igbos a tent\u00e9 de r\u00e9aliser. Et quand cela fonctionne comme au Soudan, o\u00f9 le Sud Soudan a pu devenir ind\u00e9pendant du Nord Soudan. Une fois que les sud soudanais se sont retrouv\u00e9s entre eux et qu&rsquo;ils n&rsquo;avaient plus d&rsquo;ennemi commun, ils se sont battus entre eux dans <span style=\"color: #0000ff;\"><a style=\"color: #0000ff;\" href=\"https:\/\/fr.wikipedia.org\/wiki\/Guerre_civile_sud-soudanaise\" target=\"_blank\" rel=\"noopener noreferrer\" data-saferedirecturl=\"https:\/\/www.google.com\/url?q=https:\/\/fr.wikipedia.org\/wiki\/Guerre_civile_sud-soudanaise&amp;source=gmail&amp;ust=1573553526286000&amp;usg=AFQjCNEeHdHzYJOrC_8Bw3D0ZgqoH9z84w\">une guerre civile<\/a><\/span> d&rsquo;une telle violence et barbarie, de nature \u00e0 d\u00e9courager tout g\u00e9opoliticien de soutenir la cr\u00e9ation d&rsquo;un \u00e9tat-nation par scission d&rsquo;un \u00c9tat pr\u00e9existant.<br \/>\n<\/span><\/p>\n<p><span style=\"color: #777777; font-family: Arial;\">C&rsquo;est pourquoi, une fois que les kurdes n&rsquo;ont pas pu ou su saisir leur chance en 1920, c&rsquo;est devenu extr\u00eamement compliqu\u00e9. Et rien ne dit que si par un hasard de l&rsquo;Histoire, il puisse exister un jour un \u00c9tat des Kurdes, celui-ci ne serait pas la proie de querelles internes, comme le Sud-Soudan. Tant il est vrai qu&rsquo;une fois l&rsquo;ennemi commun disparu, le lien qui unit ceux qui l&rsquo;ont combattu peut se r\u00e9v\u00e9ler fragile et mettre en \u00e9vidence des antagonismes d&rsquo;une violence inou\u00efe.<br \/>\n<\/span><\/p>\n<p><span style=\"color: #777777; font-family: Arial;\">Contrairement \u00e0 l&rsquo;Autriche, la Turquie a su conserver par les armes une grande partie de son territoire, c\u0153ur de l&#8217;empire ottoman.<br \/>\n<\/span><\/p>\n<p><span style=\"color: #777777; font-family: Arial;\">Et l&rsquo;\u00e9tat nation ne supporte pas qu&rsquo;une fraction d&rsquo;entre elle puisse vouloir entrer en r\u00e9sistance.<br \/>\n<\/span><\/p>\n<p><span style=\"color: #777777; font-family: Arial;\">Mustafa Kemal a d&rsquo;abord chass\u00e9 les chr\u00e9tiens de son pays, apr\u00e8s le g\u00e9nocide il a d\u00e9courag\u00e9 par tous les moyens les arm\u00e9niens de revenir sur leurs terres, de m\u00eame que pour les autres minorit\u00e9s chr\u00e9tiennes qui existaient dans l&rsquo;Empire.<br \/>\n<\/span><\/p>\n<p><span style=\"color: #777777; font-family: Arial;\">Pour les kurdes musulmans, ils devaient rester mais en devenant turc.<br \/>\n<\/span><\/p>\n<p><span style=\"color: #777777; font-family: Arial;\">Et il y a nombre de kurdes qui ont accept\u00e9, mais il en est d&rsquo;autres qui ont cr\u00e9\u00e9 le PKK qui a pris les armes pour lutter contre l&rsquo;Etat Turc.<br \/>\n<\/span><\/p>\n<p><span style=\"color: #777777; font-family: Arial;\">Et pour le reste je vais vous renvoyer vers un article sur le site de &lt;<a href=\"https:\/\/www.franceculture.fr\/geopolitique\/kurdes-de-syrie-le-crepuscule-du-rojava\"><span style=\"color: #0000ff;\">France Culture<\/span><\/a>&gt; qui explique d&rsquo;abord que si la Syrie a pratiqu\u00e9 de la m\u00eame mani\u00e8re que la Turquie \u00e0 l&rsquo;\u00e9gard de ses Kurdes, en r\u00e9primant toute vell\u00e9it\u00e9 d&rsquo;autonomie voire seulement de libert\u00e9 d&rsquo;usage de la langue&nbsp;:<br \/>\n<\/span><\/p>\n<p style=\"margin-left: 28pt;\"><span style=\"color: #c00000; font-family: Arial;\">\u00ab&nbsp;[La Syrie a] en revanche soutenu, financ\u00e9, arm\u00e9 et entra\u00een\u00e9 les rebelles kurdes de Turquie, ceux du PKK (Parti des Travailleurs du Kurdistan) depuis 1981 et jusqu&rsquo;en 1998. C&rsquo;est en effet \u00e0 partir du territoire syrien que les militants arm\u00e9s du PKK lancent leurs premi\u00e8res attaques en Turquie en 1984. Jusqu&rsquo;\u00e0 l&rsquo;automne 1998, le leader du PKK lui-m\u00eame, Abdullah \u00d6calan, a sa r\u00e9sidence permanente \u00e0 Damas. Quant \u00e0 ses cadres, on les rencontre r\u00e9guli\u00e8rement dans les quelques grands h\u00f4tels de la capitale syrienne o\u00f9 ils ont pris pension, tr\u00e8s vraisemblablement aux frais du r\u00e9gime. &nbsp;\u00bb<br \/>\n<\/span><\/p>\n<p><span style=\"color: #777777; font-family: Arial;\">La Syrie et la Turquie ne sont pas des alli\u00e9s, pour formuler leur situation respective par une litote.<br \/>\n<\/span><\/p>\n<p><span style=\"color: #777777; font-family: Arial;\">Et c&rsquo;est alors que d&rsquo;une part l&rsquo;invasion am\u00e9ricaine de l&rsquo;Irak a d\u00e9stabilis\u00e9 la r\u00e9gion et conduit \u00e0 la cr\u00e9ation Daesh et d&rsquo;autre part le printemps arabe a touch\u00e9 le r\u00e9gime autoritaire et sanguinaire de Bachar Al Assad.<br \/>\n<\/span><\/p>\n<p><span style=\"color: #777777; font-family: Arial;\">Dans cette situation tr\u00e8s compliqu\u00e9e pour lui, son r\u00e9gime ne tenait alors, avant l&rsquo;intervention de la Russie, qu&rsquo;\u00e0 un fil fragile, Bachar al-Assad a pris une initiative pour concentrer ses forces autour de Damas&nbsp;:<br \/>\n<\/span><\/p>\n<p style=\"margin-left: 28pt;\"><span style=\"color: #c00000; font-family: Arial;\"> \u00ab&nbsp;\u00e0 la mi-2012, les troupes de Bachar al-Assad d\u00e9cident d&rsquo;\u00e9vacuer la quasi-totalit\u00e9 des provinces nord et nord-est de Syrie, laissant toute la zone aux Kurdes, le r\u00e9gime fait le pari que ces derniers pr\u00e9serveront la r\u00e9gion des avanc\u00e9es de la r\u00e9bellion. C&rsquo;est un pari risqu\u00e9 : si les Kurdes de Syrie ne revendiquent pas une ind\u00e9pendance stricto sensu, ils entendent tout de m\u00eame administrer leur territoire de fa\u00e7on autonome et suivant les principes d&rsquo;une id\u00e9ologie bien pr\u00e9cise : celle du PKK, ancien \u00ab\u00a0compagnon de route\u00a0\u00bb du r\u00e9gime syrien.<br \/>\n<\/span><\/p>\n<p style=\"margin-left: 28pt;\"><span style=\"color: #c00000; font-family: Arial;\">[\u2026]Or le parti kurde le plus important dans le nord-syrien en 2012, celui \u00e0 qui le r\u00e9gime laisse les clefs de la r\u00e9gion, est le <strong>PYD<\/strong> : le Partiya Yekita Demokrat, ou Parti de l&rsquo;Union D\u00e9mocratique. Parti kurde syrien mais surtout \u00ab\u00a0parti-fr\u00e8re\u00a0\u00bb du PKK, construit dans le pays par des cadres du PKK sur le m\u00eame mod\u00e8le, avec la m\u00eame id\u00e9ologie. Comme le PKK, le PYD est aussi flanqu\u00e9 d&rsquo;une branche arm\u00e9e, sa milice : les Unit\u00e9s de Protection du Peuple ou Yek\u00eeney\u00ean Parastina Gel (<strong>YPG<\/strong>). Depuis les premi\u00e8res manifestations de d\u00e9fiance envers le r\u00e9gime syrien, vite transform\u00e9es en r\u00e9bellion arm\u00e9e, ces miliciens de l&rsquo;YPG se sont davantage retrouv\u00e9s du c\u00f4t\u00e9 de la r\u00e9pression des manifestations que de leur organisation, n&rsquo;h\u00e9sitant pas \u00e0 d\u00e9truire compl\u00e8tement quelque centre communautaire, ou le QG d&rsquo;une formation politique d&rsquo;opposition au r\u00e9gime.<br \/>\n<\/span><\/p>\n<p style=\"margin-left: 28pt;\"><span style=\"color: #c00000; font-family: Arial;\">Quand celui-ci \u00e9vacue quasi compl\u00e8tement le nord et le nord-est du pays, le PYD et les YPG investissent les centres du pouvoir administratif ou \u00e9conomique et contr\u00f4lent le terrain sur trois r\u00e9gions, correspondant approximativement aux zones o\u00f9 la population est majoritairement kurde &nbsp;\u00bb.<br \/>\n<\/span><\/p>\n<p><span style=\"color: #777777; font-family: Arial;\">Vous avez donc bien lu que l&rsquo;YPG s&rsquo;est davantage retrouv\u00e9 du c\u00f4t\u00e9 de la r\u00e9pression des manifestations que de leur organisation. Cela correspond certainement \u00e0 de la real politique. Le PYD souhaitait pr\u00e9server un minimum de relations convenables avec Al-Assad . L&rsquo;avenir lui a donn\u00e9 raison puisque, m\u00eame si cela est d\u00e9licat, il a pu demander l&rsquo;aide du ma\u00eetre de Damas, pour faire contrepoids \u00e0 l&rsquo;invasion turque actuelle.<br \/>\n<\/span><\/p>\n<p><span style=\"color: #777777; font-family: Arial;\">Par la suite quand Daesh a attaqu\u00e9 les terres kurdes l&rsquo;YPG s&rsquo;est d\u00e9fendu, tr\u00e8s bien d\u00e9fendu et a aid\u00e9 les arm\u00e9es occidentales qui en r\u00e9ciproque ont fait de m\u00eame.<br \/>\n<\/span><\/p>\n<p><span style=\"color: #777777; font-family: Arial;\">Et ils ont ainsi cr\u00e9\u00e9 le \u00ab&nbsp;<strong>Rojava&nbsp;<\/strong>\u00bb ou \u00ab&nbsp;Rojavay\u00ea Kurdistan\u00ea&nbsp;\u00bb en langue kurde, c&rsquo;est-\u00e0-dire Kurdistan occidental.<br \/>\n<\/span><\/p>\n<p><img decoding=\"async\" src=\"https:\/\/lemotdujour.fr\/wp-content\/uploads\/2019\/10\/102919_2157_Mercredi30o1.png\" alt=\"\"><span style=\"color: #777777; font-family: Arial;\"><br \/>\n<\/span><\/p>\n<p><span style=\"color: #777777; font-family: Arial;\">Et&nbsp;:<br \/>\n<\/span><\/p>\n<p style=\"margin-left: 28pt;\"><span style=\"color: #c00000; font-family: Arial;\">\u00ab&nbsp; Lorsque le PYD et ses YPG se retrouvent ma\u00eetre des trois cantons du Rojava, \u00e0 l&rsquo;\u00e9t\u00e9 2012 et surtout \u00e0 partir de mars 2013, les transferts de combattants et surtout de cadres du PKK en provenance de Turquie ou du nord Irakien (o\u00f9 le groupe arm\u00e9 dispose de bases arri\u00e8res) vont se poursuivre, voire se multiplier. En Turquie, en effet, l&rsquo;heure est \u00e0 la d\u00e9tente, voire \u00e0 la paix. Le chef du PKK Abdullah \u00d6calan, embastill\u00e9 dans l&rsquo;\u00eele-prison d&rsquo;Imrali au sud d&rsquo;Istanbul depuis 1999, et le pouvoir de Recep Tayyip Erdo\u011fan ont entam\u00e9 des discussions baptis\u00e9es \u00ab\u00a0processus de r\u00e9solution\u00a0\u00bb. A l&rsquo;\u00e9t\u00e9 2013, le leader du PYD, Saleh Muslim est m\u00eame officiellement invit\u00e9 \u00e0 Istanbul par le ministre des Affaires \u00e9trang\u00e8res turc pour y participer. Ces pourparlers pr\u00e9voient un arr\u00eat de la lutte arm\u00e9e en Turquie et un retrait des combattants du PKK hors du territoire turc. Ceux-ci se replient en effet, en nombre, sur le nord-irakien et surtout dans le Rojava syrien&#8230; R\u00e9sultat de quoi, une bonne partie des combattants des YPG en Syrie, notamment ceux qui affronteront les djihadistes de l&rsquo;organisation Etat Islamique \u00e0 partir de l&rsquo;\u00e9t\u00e9 2014, semblent \u00eatre arriv\u00e9s de Turquie. C&rsquo;est en tout cas ce qu&rsquo;indique la recension de leurs \u00ab\u00a0morts au combat\u00a0\u00bb. Les YPG en effet indiquent syst\u00e9matiquement le lieu de naissance de leurs combattants dans les avis de d\u00e9c\u00e8s et selon un d\u00e9compte de l&rsquo;Atlantic Council, entre janvier 2013 et janvier 2016, <strong>49\u202f% des \u00ab\u00a0morts au combat\u00a0\u00bb des YPG en Syrie \u00e9taient n\u00e9s en Turquie, contre 44% n\u00e9s en Syrie<\/strong>. Autrement dit, pr\u00e8s de la moiti\u00e9 des combattants YPG disparus lors d&rsquo;affrontements \u00e9taient probablement des citoyens turcs. &nbsp;\u00bb<br \/>\n<\/span><\/p>\n<p><span style=\"color: #777777; font-family: Arial;\">Je n&rsquo;ai aucune esp\u00e8ce de d\u00e9but de sympathie pour Erdogan<br \/>\n<\/span><\/p>\n<p><span style=\"color: #777777; font-family: Arial;\">Mais lorsqu&rsquo;il affirme que les kurdes de Syrie sont alli\u00e9es au PKK kurde et que des kurdes de Turquie se r\u00e9fugient en Syrie pour combattre son \u00c9tat, il est probable qu&rsquo;il ait raison.<br \/>\n<\/span><\/p>\n<p><span style=\"color: #777777; font-family: Arial;\">Pour donner le change, les forces kurdes vont cr\u00e9er une nouvelle organisation les Forces D\u00e9mocratiques Syriennes (FDS)&nbsp;:<br \/>\n<\/span><\/p>\n<p style=\"margin-left: 28pt;\"><span style=\"color: #c00000; font-family: Arial;\">\u00ab&nbsp;Durant l&rsquo;ann\u00e9e 2015 et les suivantes, sur le th\u00e9\u00e2tre syrien, le partenariat militaire kurdo-am\u00e9ricain va toutefois se poursuivre et s&rsquo;acc\u00e9l\u00e9rer. En quelques mois, les forces des YPG, appuy\u00e9s par l&rsquo;aviation occidentale, attaquent et r\u00e9duisent les positions de l&rsquo;organisation Etat Islamique qui lui sont le plus accessibles ; d&rsquo;abord \u00e0 Tal Abyad, entre les cantons de Koban\u00ee et d&rsquo;Al Hasakah. Avec la conqu\u00eate de Tal Abyad, les YPG contr\u00f4lent dor\u00e9navant une bonne partie de la fronti\u00e8re turco-syrienne et poussent \u00e9galement vers l&rsquo;Ouest, r\u00e9cup\u00e9rant d&rsquo;autres zones non majoritairement kurdes. Ankara s&rsquo;en inqui\u00e8te de plus en plus ouvertement. D&rsquo;autant qu&rsquo;au printemps 2015, cette m\u00eame Turquie, pour des motifs de politique int\u00e9rieure, a relanc\u00e9 sa guerre contre le PKK.<br \/>\n<\/span><\/p>\n<p style=\"margin-left: 28pt;\"><span style=\"color: #c00000; font-family: Arial;\">Pour pr\u00e9senter un visage moins \u00e9videmment kurde le long de cette fronti\u00e8re turque, <strong>les Forces D\u00e9mocratiques Syriennes (FDS) sont officiellement fond\u00e9es en octobre 2015<\/strong>. Elles regroupent des brigades syriennes arabes, des forces tribales et des Chr\u00e9tiens autour des YPG qui en demeure pourtant le contingent le plus important et le fer de lance. En 2015-2016, ces FDS sont les seules forces qui affrontent les djihadistes de l&rsquo;organisation Etat Islamique en Syrie. Elles grignotent son territoire, reprenant A\u00efn Issa, au sud de Koban\u00ee, fin 2015, puis Mambij, \u00e0 l&rsquo;Ouest de l&rsquo;Euphrate, \u00e0 l&rsquo;\u00e9t\u00e9 2016. En plus des avions de la coalition internationale qui les appuient, les combattants des FDS sont maintenant \u00e9paul\u00e9s sur le terrain par un contingent de plus en plus important de soldats occidentaux des forces sp\u00e9ciales : jusqu&rsquo;\u00e0 2 000 Am\u00e9ricains, environ 200 Fran\u00e7ais et peut-\u00eatre autant de Britanniques sont pr\u00e9sents \u00e0 leurs c\u00f4t\u00e9s. Raqqa, la \u00ab\u00a0capitale\u00a0\u00bb de l&rsquo;organisation Etat Islamique en Syrie est conquise en octobre 2017. Dans la foul\u00e9e, les FDS poursuivent leurs avanc\u00e9es dans la province sud-est de Deir Ez-Zor. Fin 2017, elles contr\u00f4lent pratiquement toute la zone \u00e0 l&rsquo;est de l&rsquo;Euphrate ; pr\u00e8s d&rsquo;un tiers du territoire syrien est dor\u00e9navant pass\u00e9 sous leur coupe, dont l&rsquo;essentiel des r\u00e9gions productrices d&rsquo;hydrocarbures.&nbsp;\u00bb<br \/>\n<\/span><\/p>\n<p><span style=\"color: #777777; font-family: Arial;\">Dans sa logique d\u2019\u00c9tat nation, Erdogan, en dehors de toute moralit\u00e9 d\u00e9fend ses int\u00e9r\u00eats. Les menaces qu&rsquo;il d\u00e9nonce ne sont pas inexistantes.<br \/>\n<\/span><\/p>\n<p><span style=\"color: #777777; font-family: Arial;\">Ce qui ne m&#8217;emp\u00eache pas d&rsquo;avoir plut\u00f4t de la sympathie pour le peuple kurde.<br \/>\n<\/span><\/p>\n<p><span style=\"color: #777777; font-family: Arial;\">Mais les choses ne sont pas simples, c&rsquo;est ainsi que je commen\u00e7ais ce mot du jour.<br \/>\n<\/span><\/p>\n<p><span style=\"color: maroon; font-family: Arial;\">&lt;1299&gt;<\/span><\/p>\n","protected":false},"excerpt":{"rendered":"<p>\u00ab Vers l\u2019Orient compliqu\u00e9, je volais avec des id\u00e9es simples. \u00bb Charles de Gaulle, M\u00e9moire de guerre Bien s\u00fbr, on peut parler des Kurdes, des turcs et des russes avec uniquement \u00e9motion et une vision binaire des luttes. Dire qui<\/p>\n","protected":false},"author":1,"featured_media":0,"comment_status":"open","ping_status":"closed","sticky":false,"template":"","format":"standard","meta":{"footnotes":""},"categories":[1],"tags":[109,124,123],"class_list":["post-7368","post","type-post","status-publish","format-standard","hentry","category-motdujour","tag-geopolitique","tag-kurde","tag-turquie"],"_links":{"self":[{"href":"https:\/\/lemotdujour.fr\/index.php?rest_route=\/wp\/v2\/posts\/7368","targetHints":{"allow":["GET"]}}],"collection":[{"href":"https:\/\/lemotdujour.fr\/index.php?rest_route=\/wp\/v2\/posts"}],"about":[{"href":"https:\/\/lemotdujour.fr\/index.php?rest_route=\/wp\/v2\/types\/post"}],"author":[{"embeddable":true,"href":"https:\/\/lemotdujour.fr\/index.php?rest_route=\/wp\/v2\/users\/1"}],"replies":[{"embeddable":true,"href":"https:\/\/lemotdujour.fr\/index.php?rest_route=%2Fwp%2Fv2%2Fcomments&post=7368"}],"version-history":[{"count":4,"href":"https:\/\/lemotdujour.fr\/index.php?rest_route=\/wp\/v2\/posts\/7368\/revisions"}],"predecessor-version":[{"id":9233,"href":"https:\/\/lemotdujour.fr\/index.php?rest_route=\/wp\/v2\/posts\/7368\/revisions\/9233"}],"wp:attachment":[{"href":"https:\/\/lemotdujour.fr\/index.php?rest_route=%2Fwp%2Fv2%2Fmedia&parent=7368"}],"wp:term":[{"taxonomy":"category","embeddable":true,"href":"https:\/\/lemotdujour.fr\/index.php?rest_route=%2Fwp%2Fv2%2Fcategories&post=7368"},{"taxonomy":"post_tag","embeddable":true,"href":"https:\/\/lemotdujour.fr\/index.php?rest_route=%2Fwp%2Fv2%2Ftags&post=7368"}],"curies":[{"name":"wp","href":"https:\/\/api.w.org\/{rel}","templated":true}]}}