{"id":736,"date":"2014-06-16T02:00:00","date_gmt":"2014-06-15T22:00:00","guid":{"rendered":"http:\/\/lemotdujour.fr\/?p=736"},"modified":"2017-05-08T13:22:18","modified_gmt":"2017-05-08T11:22:18","slug":"lundi-16062014","status":"publish","type":"post","link":"https:\/\/lemotdujour.fr\/?p=736","title":{"rendered":"Lundi 16\/06\/2014"},"content":{"rendered":"<div class=\"mdjDate\">Lundi 16\/06\/2014<\/div>\n<div class=\"mdjTexte\">\u00ab\u00a0Que la premi\u00e8re minute de condamnation [\u00e0 la prison]<br \/>soit la premi\u00e8re minute de r\u00e9insertion.\u00a0\u00bb<\/div>\n<div class=\"mdjAuteur\">Pierre Botton<\/div>\n<div class=\"mdjComplements\">L&rsquo;homme qui est accus\u00e9 d&rsquo;avoir r\u00e9alis\u00e9 la tuerie du mus\u00e9e juif de Bruxelles s&rsquo;est radicalis\u00e9 en prison.<\/div>\n<div class=\"mdjComplements\">Par ailleurs le gouvernement a tent\u00e9 dans sa r\u00e9forme p\u00e9nale de trouver des alternatives \u00e0 la prison.<\/div>\n<div class=\"mdjComplements\">Beaucoup de r\u00e9sistances se sont manifest\u00e9s : pour les m\u00e9chants, ceux qui ont enfreints la loi, il faut la prison dit la vindicte populaire. C&rsquo;est pourquoi il est int\u00e9ressant d&rsquo;entendre Pierre Botton, cr\u00e9ateur de l\u2019association \u00ab\u00a0Prisons du c\u0153ur\u00a0\u00bb qui veut aider \u00e0 la r\u00e9insertion des d\u00e9tenus.<\/div>\n<div class=\"mdjComplements\">Rappelons que Pierre Botton, n\u00e9 le 30 mai 1955 \u00e0 Lyon, \u00e9tait d&rsquo;abord un homme d&rsquo;affaires fran\u00e7ais.<\/div>\n<div class=\"mdjComplements\">En 1982, il rencontre Michel Noir, d\u00e9put\u00e9 de Lyon et \u00e9toile montante du RPR. En mars 1986, quand Michel Noir devient ministre du Commerce ext\u00e9rieur dans le gouvernement de Jacques Chirac, Pierre Botton devient son conseiller personnel et \u00e9pouse sa fille a\u00een\u00e9e, Anne-Val\u00e9rie.<\/div>\n<div class=\"mdjComplements\">Par la suite, Pierre Botton connait une ascension fulgurante dans les affaires et en parall\u00e8le assure le soutien \u00e0 la carri\u00e8re politique de son beau-p\u00e8re Michel Noir dans les ann\u00e9es 1980. Mais il fait tout cela sans respecter la loi, fausses factures, abus de biens sociaux lui vaudront des d\u00e9m\u00eal\u00e9s judiciaires regroup\u00e9s dans l&rsquo;appellation \u00ab affaire Botton \u00bb. Dans les ann\u00e9es 1990, il est condamn\u00e9 \u00e0 purger une peine de deux ans de prison. En 2010 Pierre Botton cr\u00e9e l\u2019association \u00ab\u00a0Prisons du c\u0153ur\u00a0\u00bb. Il est investi d&rsquo;une mission officielle visant \u00e0 am\u00e9liorer le sort des d\u00e9tenus. Avec son projet de prison, Pierre Botton veut cr\u00e9er un mod\u00e8le anti-r\u00e9cidive, en rendant les d\u00e9tenus autonomes et la prison plus humaine.<\/div>\n<div class=\"mdjComplements\">R\u00e9cemment il a particip\u00e9 \u00e0 deux \u00e9missions de Radio :<\/div>\n<div class=\"mdjComplements\">Dans la premi\u00e8re\u00a0<a href=\"http:\/\/www.franceinter.fr\/emission-linvite-de-7h50-p-botton-que-la-premiere-minute-de-condamnation-soit-la-premiere-minute-de-\">&lt;France Inter l&rsquo;invite de 7h50 du 3 juin 2014&gt;<\/a>, il a eu cette formule qui est le mot du jour. Il rappelle cette \u00e9vidence : un prisonnier a vocation \u00e0 sortir de prison il faut l&rsquo;y pr\u00e9parer.<\/div>\n<div class=\"mdjComplements\">Dans l&rsquo;autre\u00a0<a href=\"http:\/\/www.franceinfo.fr\/emission\/le-grand-temoin\/2013-2014\/le-grand-temoin-du-02-06-2014-06-02-2014-08-50\">&lt;France info le grand t\u00e9moin du 02-06-2014&gt;<\/a> il dit des choses toute simples :<\/div>\n<div class=\"mdjCiter\">\u00abJe m\u00e9ritais la prison, la prison m&rsquo;a sauv\u00e9.\u00bb<\/div>\n<div class=\"mdjCiter\">\u00abMoi je suis rentr\u00e9 en prison, je ne savais pas o\u00f9 trouver de la drogue ou un revolver.<\/div>\n<div class=\"mdjCiter\">Je suis sorti de prison, je savais o\u00f9 trouver de la drogue et un revolver.\u00bb<\/div>\n<div class=\"mdjComplements\">Et sur l&rsquo;affaire Bygmallion qui lui rappelle certaines de ses d\u00e9rives :<\/div>\n<div class=\"mdjCiter\">\u00abVous avez vu beaucoup d&rsquo;hommes politiques en prison ? Un jeune qui vole un scooter qui vaut 6 000 euros est condamn\u00e9 \u00e0 la prison, quand des politiques comme dans l&rsquo;affaire Bygmalion d\u00e9tourne plus de 12 000 000 d&rsquo;euros vont ils en prison ? Vous imaginez l&rsquo;effet que cela fait sur les gens ?\u00bb<\/div>\n<div class=\"mdjComplements\">Voil\u00e0 tout est dit.<\/div>\n","protected":false},"excerpt":{"rendered":"<p>Lundi 16\/06\/2014 \u00ab\u00a0Que la premi\u00e8re minute de condamnation [\u00e0 la prison]soit la premi\u00e8re minute de r\u00e9insertion.\u00a0\u00bb Pierre Botton L&rsquo;homme qui est accus\u00e9 d&rsquo;avoir r\u00e9alis\u00e9 la tuerie du mus\u00e9e juif de Bruxelles s&rsquo;est radicalis\u00e9 en prison. Par ailleurs le gouvernement a<\/p>\n","protected":false},"author":1,"featured_media":0,"comment_status":"closed","ping_status":"closed","sticky":false,"template":"","format":"standard","meta":{"footnotes":""},"categories":[1],"tags":[],"class_list":["post-736","post","type-post","status-publish","format-standard","hentry","category-motdujour"],"_links":{"self":[{"href":"https:\/\/lemotdujour.fr\/index.php?rest_route=\/wp\/v2\/posts\/736","targetHints":{"allow":["GET"]}}],"collection":[{"href":"https:\/\/lemotdujour.fr\/index.php?rest_route=\/wp\/v2\/posts"}],"about":[{"href":"https:\/\/lemotdujour.fr\/index.php?rest_route=\/wp\/v2\/types\/post"}],"author":[{"embeddable":true,"href":"https:\/\/lemotdujour.fr\/index.php?rest_route=\/wp\/v2\/users\/1"}],"replies":[{"embeddable":true,"href":"https:\/\/lemotdujour.fr\/index.php?rest_route=%2Fwp%2Fv2%2Fcomments&post=736"}],"version-history":[{"count":1,"href":"https:\/\/lemotdujour.fr\/index.php?rest_route=\/wp\/v2\/posts\/736\/revisions"}],"predecessor-version":[{"id":737,"href":"https:\/\/lemotdujour.fr\/index.php?rest_route=\/wp\/v2\/posts\/736\/revisions\/737"}],"wp:attachment":[{"href":"https:\/\/lemotdujour.fr\/index.php?rest_route=%2Fwp%2Fv2%2Fmedia&parent=736"}],"wp:term":[{"taxonomy":"category","embeddable":true,"href":"https:\/\/lemotdujour.fr\/index.php?rest_route=%2Fwp%2Fv2%2Fcategories&post=736"},{"taxonomy":"post_tag","embeddable":true,"href":"https:\/\/lemotdujour.fr\/index.php?rest_route=%2Fwp%2Fv2%2Ftags&post=736"}],"curies":[{"name":"wp","href":"https:\/\/api.w.org\/{rel}","templated":true}]}}