{"id":7356,"date":"2019-10-28T02:21:57","date_gmt":"2019-10-28T01:21:57","guid":{"rendered":"http:\/\/lemotdujour.fr\/?p=7356"},"modified":"2019-12-20T12:16:58","modified_gmt":"2019-12-20T11:16:58","slug":"lundi-28-octobre-2019","status":"publish","type":"post","link":"https:\/\/lemotdujour.fr\/?p=7356","title":{"rendered":"Lundi 28 octobre 2019"},"content":{"rendered":"<div class=\"mdjTexte\">\u00ab&nbsp;Les kurdes contre les arm\u00e9niens &nbsp;\u00bb<\/div>\n<div class=\"mdjAuteur\">Retour sur l\u2019Histoire des kurdes et des arm\u00e9niens<\/div>\n<p><span style=\"color: #777777; font-family: Arial;\">Si je r\u00e9sume ce que j&rsquo;ai \u00e9crit sur les Kurdes dans les mots du jour pr\u00e9c\u00e9dents, le premier \u00e9l\u00e9ment est que le peuple Kurde, selon un d\u00e9nombrement qui est assez largement admis, repr\u00e9sente 40 millions d&rsquo;individus et dans ces conditions il s&rsquo;agit du peuple le plus nombreux qui n&rsquo;a pas d&rsquo;\u00c9tat.<br \/>\n<\/span><\/p>\n<p><span style=\"color: #777777; font-family: Arial;\">En 1920, apr\u00e8s le trait\u00e9 de S\u00e8vres, il \u00e9tait pr\u00e9vu qu&rsquo;il existe un Kurdistan, en Anatolie, sur un territoire qui a \u00e9t\u00e9 depuis r\u00e9cup\u00e9r\u00e9 par la Turquie.<br \/>\n<\/span><\/p>\n<p><span style=\"color: #777777; font-family: Arial;\">L&rsquo;Histoire qu&rsquo;on nous a apprise et qui souvent est encore sous-jacente pour toutes les analyses concernant la situation des kurdes est : Il n&rsquo;y a pas d&rsquo;Etat Kurde, parce que Mustafa Kemal a gagn\u00e9 la guerre et que les occidentaux ont l\u00e2ch\u00e9 les kurdes en acceptant le trait\u00e9 de Lausanne.<br \/>\n<\/span><\/p>\n<p><span style=\"color: #777777; font-family: Arial;\">L&rsquo;article, cit\u00e9 vendredi, de l&rsquo;historien <strong>Jordi Tejel<\/strong> \u00ab&nbsp;<a href=\"https:\/\/www.lhistoire.fr\/1920-loccasion-manqu%C3%A9e\"><span style=\"color: #0000ff;\">1920, l&rsquo;occasion manqu\u00e9e<\/span>&nbsp;<\/a>\u00bb, ne nie pas que ces deux raisons sont importantes, mais il insiste sur une troisi\u00e8me&nbsp;: la d\u00e9sunion des Kurdes.<br \/>\n<\/span><\/p>\n<p><span style=\"color: #777777; font-family: Arial;\">D\u00e9sunion qui allait jusqu&rsquo;\u00e0 ne pas vouloir d&rsquo;un Etat Kurde.<br \/>\n<\/span><\/p>\n<p><span style=\"color: #777777; font-family: Arial;\">Jordi Tejel qui avait \u00e9t\u00e9 invit\u00e9, suite \u00e0 son article, par l&rsquo;\u00e9mission de France Culture &lt;<a href=\"https:\/\/www.franceculture.fr\/emissions\/la-fabrique-de-lhistoire\/les-kurdes-mille-ans-sans-etat\"><span style=\"color: #0000ff;\">La Fabrique de l&rsquo;Histoire<\/span><\/a>&gt; a pr\u00e9cis\u00e9 qu&rsquo;une partie des Kurdes consid\u00e9rait les turcs, musulmans comme eux, comme des fr\u00e8res d&rsquo;arme et trouvaient normal de former un \u00c9tat avec eux.<br \/>\n<\/span><\/p>\n<p><span style=\"color: #777777; font-family: Arial;\">Mais il y a une autre raison qui \u00e9tait encore plus importante et qui a pouss\u00e9 des tribus kurdes \u00e0 se battre au c\u00f4t\u00e9 des turcs et de Mustafa Kemal. Cette raison est si on l&rsquo;exprime de mani\u00e8re mod\u00e9r\u00e9e : l&rsquo;hostilit\u00e9 \u00e0 l&rsquo;\u00e9gard des arm\u00e9niens, et si on le dit de mani\u00e8re plus abrupte : la haine des arm\u00e9niens.<br \/>\n<\/span><\/p>\n<p><span style=\"color: #777777; font-family: Arial;\">J&rsquo;ai cit\u00e9 un extrait de l&rsquo;article vendredi qui rapportait que<br \/>\n<\/span><\/p>\n<p style=\"margin-left: 28pt;\"><span style=\"color: #c00000; font-family: Arial;\">\u00ab&nbsp;Prenant tout le monde de court, le g\u00e9n\u00e9ral Ch\u00e9rif Pacha, repr\u00e9sentant du KTC, signe en 1919 un accord avec l&rsquo;Arm\u00e9nien Boghos Noubar Pacha, pr\u00e9voyant la cr\u00e9ation d&rsquo;une Arm\u00e9nie et d&rsquo;un Kurdistan ind\u00e9pendants. Alors que les d\u00e9l\u00e9gations arm\u00e9nienne et kurde avaient pr\u00e9sent\u00e9 au pr\u00e9alable des revendications sur la totalit\u00e9 des provinces orientales de la Turquie actuelle, elles acceptent finalement l&rsquo;une et l&rsquo;autre un compromis sous la pression des Europ\u00e9ens. En particulier, Ch\u00e9rif Pacha esp\u00e8re qu&rsquo;en consentant des \u00ab pertes \u00bb territoriales au b\u00e9n\u00e9fice des Arm\u00e9niens les chancelleries occidentales arm\u00e9nophiles \u2013 telle la France \u2013 accepteront le principe de la cr\u00e9ation d&rsquo;un \u00c9tat kurde.&nbsp;\u00bb<br \/>\n<\/span><\/p>\n<p><span style=\"color: #777777; font-family: Arial;\">Cette initiative n&rsquo;est pas du tout du go\u00fbt d&rsquo;un grand nombre de kurdes, notamment parmi les \u00e9lites. Du point de vue de ces opposants Ch\u00e9rif Pacha \u00ab&nbsp;brade&nbsp;\u00bb des territoires \u00ab&nbsp;kurdes&nbsp;\u00bb au profit des arm\u00e9niens et surtout il accepte le principe de la cr\u00e9ation de l&rsquo;Arm\u00e9nie sur des territoires \u00ab&nbsp;musulmans&nbsp;\u00bb.<br \/>\n<\/span><\/p>\n<p><span style=\"color: #777777; font-family: Arial;\">Les Kurdes \u00e9taient, comme beaucoup d&rsquo;autres peuples du moyen orient, organis\u00e9s en tribus et \u00e9taient reconnus comme des guerriers. C&rsquo;est-\u00e0-dire qui savaient se battre.<br \/>\n<\/span><\/p>\n<p><span style=\"color: #777777; font-family: Arial;\">Il faut se souvenir que le grand &lt;<span style=\"color: #0000ff;\"><a style=\"color: #0000ff;\" href=\"https:\/\/fr.wikipedia.org\/wiki\/Saladin\">Saladin<\/a><\/span>&gt; celui qui a repris J\u00e9rusalem en 1187 aux Francs \u00e9tait kurde.<br \/>\n<\/span><\/p>\n<p><span style=\"color: #777777; font-family: Arial;\">La relation des tribus Kurdes avec l&rsquo;Empire Ottoman a parfois \u00e9t\u00e9 conflictuelle, mais le plus souvent et particuli\u00e8rement depuis la fin du XIX\u00e8me si\u00e8cle, ils constituaient des troupes auxiliaires du Calife. Des suppl\u00e9tifs auxquels on confie les basses besognes.<br \/>\n<\/span><\/p>\n<p><span style=\"color: #777777; font-family: Arial;\">Et les \u00e9lites Kurdes ont des craintes apr\u00e8s le trait\u00e9 de S\u00e8vres&nbsp;:<br \/>\n<\/span><\/p>\n<p style=\"margin-left: 28pt;\"><span style=\"color: #c00000; font-family: Arial;\">\u00ab&nbsp;Le trait\u00e9 de S\u00e8vres est per\u00e7u comme une menace \u00e0 d&rsquo;autres titres. Tout d&rsquo;abord, d\u00e8s 1919, divers cadres et fonctionnaires ottomans sont d\u00e9f\u00e9r\u00e9s devant des cours martiales, accus\u00e9s de complicit\u00e9 dans l&rsquo;ex\u00e9cution du g\u00e9nocide arm\u00e9nien. Et certains chefs kurdes craignent eux aussi d&rsquo;\u00eatre jug\u00e9s pour leur participation active aux massacres. En outre, la formation d&rsquo;un \u00c9tat arm\u00e9nien supposerait sans aucun doute la r\u00e9trocession obligatoire des terres confisqu\u00e9es aux Arm\u00e9niens en 1895 et en 1915. Beaucoup pr\u00e9f\u00e8rent donc combattre le trait\u00e9 de S\u00e8vres et renoncer \u00e0 un \u00c9tat kurde plut\u00f4t que d&rsquo;admettre la naissance de la Grande Arm\u00e9nie pr\u00e9vue par le trait\u00e9.&nbsp;\u00bb<br \/>\n<\/span><\/p>\n<p><span style=\"color: #777777; font-family: Arial;\">En effet, des soldats kurdes ont largement particip\u00e9 au g\u00e9nocide arm\u00e9nien et ont m\u00eame particip\u00e9 \u00e0 des massacres avant 1915. Ils ont profit\u00e9 de ces massacres pour \u00ab&nbsp;voler&nbsp;\u00bb, le terme officiel est \u00ab&nbsp;confisquer&nbsp;\u00bb des terres aux arm\u00e9niens.<br \/>\n<\/span><\/p>\n<p><span style=\"color: #777777; font-family: Arial;\">Parce que les Kurdes ont \u00e9t\u00e9 en premi\u00e8re ligne pour d\u00e9fendre l&#8217;empire ottoman contre la \u00ab&nbsp;pr\u00e9tendue&nbsp;\u00bb traitrise des \u00ab&nbsp;chr\u00e9tiens arm\u00e9niens&nbsp;\u00bb au profit des chr\u00e9tiens de l&#8217;empire russe. Les historiens ont \u00e9tabli que cette traitrise na pas exist\u00e9, du moins pas de mani\u00e8re importante au sein du peuple arm\u00e9nien<br \/>\n<\/span><\/p>\n<p><span style=\"color: #777777; font-family: Arial;\">Jordi Tejel \u00e9crit :<br \/>\n<\/span><\/p>\n<p style=\"margin-left: 28pt;\"><span style=\"color: #c00000; font-family: Arial;\">\u00ab&nbsp;Apr\u00e8s la r\u00e9volution jeune-turque de 1908 qui voit arriver au pouvoir le comit\u00e9 Union et Progr\u00e8s, quelques notables kurdes fondent le KTTC (\u00ab Comit\u00e9 kurde d&rsquo;entraide et de progr\u00e8s \u00bb) et se dotent d&rsquo;un organe de presse. Les objectifs de l&rsquo;association sont mod\u00e9r\u00e9s : appuyer le mouvement constitutionnel, garantir le progr\u00e8s et l&rsquo;instruction des Kurdes d&rsquo;Istanbul, consolider les bonnes relations avec les autres peuples ottomans et, enfin, faire tous les efforts possibles pour sauver l&rsquo;Empire ottoman.<br \/>\n<\/span><\/p>\n<p style=\"margin-left: 28pt;\"><span style=\"color: #c00000; font-family: Arial;\">D&rsquo;une mani\u00e8re g\u00e9n\u00e9rale, durant cette p\u00e9riode \u00ab unioniste \u00bb (1908-1918), les intellectuels, notables, chefs tribaux et religieux kurdes d&rsquo;avant-guerre restent attach\u00e9s \u00e0 l&rsquo;id\u00e9al d&rsquo;une unit\u00e9 ottomane garantie par l&rsquo;institution du califat*. Cette fid\u00e9lit\u00e9 port\u00e9e au cadre ottoman par les autres nationalit\u00e9s de l&#8217;empire peut nous \u00e9tonner aujourd&rsquo;hui, mais s&rsquo;explique ais\u00e9ment. Elle tient d&rsquo;abord \u00e0 un motif religieux : les Kurdes, musulmans sunnites pour la plupart, appartiennent \u00e0 la \u00ab communaut\u00e9 dominante \u00bb <em>(millet-i hakime)<\/em>, au m\u00eame titre que le sultan-calife, ainsi que la majorit\u00e9 des Turcs et des Arabes et \u00e0 la diff\u00e9rence des chr\u00e9tiens et des Juifs.<br \/>\n<\/span><\/p>\n<p style=\"margin-left: 28pt;\"><span style=\"color: #c00000; font-family: Arial;\">Ces derniers, jusqu&rsquo;au milieu du XIXe si\u00e8cle, \u00e9taient reconnus comme \u00ab gens du Livre \u00bb &#8211; ayant eu donc la r\u00e9v\u00e9lation divine. Mais ces groupes \u00ab prot\u00e9g\u00e9s \u00bb <em>(dhimmi)<\/em> \u00e9taient aussi assujettis. Tout change avec les r\u00e9formes administratives et politiques lib\u00e9rales connues sous le nom des Tanzimat (\u00ab r\u00e9organisation \u00bb, 1839-1876). Dans la perspective de moderniser l&#8217;empire afin d&rsquo;en assurer la survie, ces r\u00e9formes introduisent des transformations qui remettent en question les rapports de domination s\u00e9culiers entre les communaut\u00e9s. D&rsquo;une part, elles visent, sur le mod\u00e8le occidental, \u00e0 affirmer l&rsquo;\u00e9galit\u00e9 des individus devant la loi, sans distinction de langue ni de religion. D&rsquo;autre part, elles reconnaissent des droits collectifs aux<em> millet<\/em> non musulmans, s&rsquo;exprimant en majorit\u00e9 dans une langue particuli\u00e8re &#8211; l&rsquo;arm\u00e9nien, le grec, l&rsquo;aram\u00e9en&#8230; -, renfor\u00e7ant ainsi leur sentiment d&rsquo;\u00eatre des \u00ab groupes \u00bb \u00e0 part.<br \/>\n<\/span><\/p>\n<p style=\"margin-left: 28pt;\"><span style=\"color: #c00000; font-family: Arial;\">Ces r\u00e9formes ne sont gu\u00e8re appr\u00e9ci\u00e9es par les \u00e9lites musulmanes sunnites dont les Kurdes font partie. Les choses s&rsquo;aggravent encore avec l&rsquo;ing\u00e9rence croissante des puissances europ\u00e9ennes \u00e0 la p\u00e9riph\u00e9rie de l&#8217;empire qui envenime les relations \u00ab de proximit\u00e9 \u00bb entre les Arm\u00e9niens et les Kurdes dans l&rsquo;Anatolie orientale. La \u00ab question d&rsquo;Orient \u00bb, qui se trouve en partie \u00e0 l&rsquo;origine des Tanzimat du XIXe si\u00e8cle, est, en bordure de l&#8217;empire, une \u00ab question arm\u00e9no-kurde \u00bb, une question agraire : la fin des principaut\u00e9s kurdes a permis \u00e0 des notables urbains et des chefs tribaux de s&rsquo;approprier ind\u00fbment un grand nombre de terres, aux d\u00e9pens des paysans et petits propri\u00e9taires arm\u00e9niens.<br \/>\n<\/span><\/p>\n<p style=\"margin-left: 28pt;\"><span style=\"color: #c00000; font-family: Arial;\">Face aux revendications arm\u00e9niennes et aux pressions \u00e9trang\u00e8res exprim\u00e9es lors du congr\u00e8s de Berlin de 1878, des Kurdes saisissent les occasions qui se pr\u00e9sentent pour \u00ab r\u00e9soudre \u00bb la question \u00e0 leur avantage. Durant l&rsquo;automne 1895, les <em>hamidiye<\/em> kurdes participent \u00e0 d&rsquo;amples massacres anti-arm\u00e9niens dans les r\u00e9gions arm\u00e9no-kurdes.<br \/>\n<\/span><\/p>\n<p style=\"margin-left: 28pt;\"><span style=\"color: #c00000; font-family: Arial;\">En 1915, \u00e0 nouveau, alors qu&rsquo;Istanbul est entr\u00e9 en guerre au c\u00f4t\u00e9 de l&rsquo;Allemagne, des leaders kurdes s&rsquo;allient aux autorit\u00e9s ottomanes, sous la banni\u00e8re du \u00ab panislamisme \u00bb, pour mener \u00e0 bien la d\u00e9portation et le g\u00e9nocide des Arm\u00e9niens.&nbsp;\u00bb<br \/>\n<\/span><\/p>\n<p><span style=\"color: #777777; font-family: Arial;\">Le dossier de l&rsquo;Histoire \u00e9voqu\u00e9 dans le mot du jour pr\u00e9c\u00e9dent a consacr\u00e9 un article sur la responsabilit\u00e9 des kurdes dans le g\u00e9nocide arm\u00e9nien. Cependant il souligne aussi qu&rsquo;il y eut des kurdes qui ont des attitudes de solidarit\u00e9. Il y a toujours des humains qui sauvent leur groupe de l&rsquo;inhumanit\u00e9&nbsp;:<br \/>\n<\/span><\/p>\n<p style=\"margin-left: 28pt;\"><span style=\"color: #c00000; font-family: Arial;\">\u00ab&nbsp;Alors que la plupart des historiens insistaient sur le facteur religieux pour expliquer la participation de tribus et notables kurdes au g\u00e9nocide arm\u00e9nien, les litiges arm\u00e9no-kurdes touchant \u00e0 la propri\u00e9t\u00e9 fonci\u00e8re ont \u00e9t\u00e9 pr\u00e9pond\u00e9rants, comme l&rsquo;a montr\u00e9 Hans-Lukas Kieser. Les massacres de 1895 sont, en ce sens, un premier chapitre pr\u00e9curseur. Cependant, en 1915, le contexte est diff\u00e9rent. L&rsquo;Empire ottoman, entr\u00e9 en guerre au c\u00f4t\u00e9 de l&rsquo;Allemagne, est d\u00e9fait par l&rsquo;arm\u00e9e russe \u00e0 Sarikamis, ce qui entra\u00eene dans les provinces orientales famine, \u00e9pid\u00e9mies, et la mort de milliers de soldats kurdes. La propagande du r\u00e9gime unioniste impute ce d\u00e9sastre \u00e0 la tra\u00eetrise arm\u00e9nienne.<br \/>\n<\/span><\/p>\n<p style=\"margin-left: 28pt;\"><span style=\"color: #c00000; font-family: Arial;\">Hans-Lukas Kieser a mis en \u00e9vidence la participation de Kurdes aux exactions, dans les villes \u2013 Diyarbakir, Van, Kharpout \u2013 comme dans les campagnes. Seule exception significative&nbsp;: au Dersim, des tribus al\u00e9vies prot\u00e8gent les Arm\u00e9niens dans cette premi\u00e8re phase du g\u00e9nocide. Il est encore malais\u00e9 cependant d&rsquo;\u00e9valuer jusqu&rsquo;\u00e0 quel point les Kurdes, dans leur ensemble, ont pris part aux massacres organis\u00e9s par le pouvoir ottoman. Les r\u00e9cits arm\u00e9niens ne laissent n\u00e9anmoins pas de doute sur la complicit\u00e9 de bon nombre d&rsquo;entre eux dans les massacres directs, les exactions commises sur les caravanes de d\u00e9port\u00e9s arm\u00e9niens ou encore l&rsquo;islamisation forc\u00e9e de milliers de fillettes arm\u00e9niennes.<br \/>\n<\/span><\/p>\n<p style=\"margin-left: 28pt;\"><span style=\"color: #c00000; font-family: Arial;\">Dans le m\u00eame temps, les t\u00e9moignages de rescap\u00e9s arm\u00e9niens et le travail sur l&rsquo;histoire locale mettent en lumi\u00e8re maints exemples de solidarit\u00e9 kurde avec des Arm\u00e9niens. Enfin, intellectuels et politiciens kurdes ont r\u00e9alis\u00e9 des avanc\u00e9es importantes dans la reconnaissance des responsabilit\u00e9s kurdes dans ce chapitre inou\u00ef de l&rsquo;histoire du XXe si\u00e8cle.&nbsp;\u00bb<br \/>\n<\/span><\/p>\n<p><span style=\"color: #777777; font-family: Arial;\">Des kurdes ont donc largement contribu\u00e9 au g\u00e9nocide arm\u00e9nien, mais il en est qui ont su sauver l&rsquo;honneur de leur peuple.<br \/>\n<\/span><\/p>\n<p><span style=\"color: #777777; font-family: Arial;\">Il semble qu&rsquo;aujourd&rsquo;hui &lt;<span style=\"color: #0000ff;\"><a style=\"color: #0000ff;\" href=\"https:\/\/www.lefigaro.fr\/international\/2009\/11\/23\/01003-20091123ARTFIG00467-genocide-armenien-le-travail-de-memoire-des-kurdes-.php\">des kurdes reconnaissent leur responsabilit\u00e9<\/a>&gt;<\/span> dans cette terrible fracture de l&rsquo;humanit\u00e9.<br \/>\n<\/span><\/p>\n<p><span style=\"color: maroon; font-family: Arial;\">&lt;1297&gt;<\/span><\/p>\n","protected":false},"excerpt":{"rendered":"<p>\u00ab&nbsp;Les kurdes contre les arm\u00e9niens &nbsp;\u00bb Retour sur l\u2019Histoire des kurdes et des arm\u00e9niens Si je r\u00e9sume ce que j&rsquo;ai \u00e9crit sur les Kurdes dans les mots du jour pr\u00e9c\u00e9dents, le premier \u00e9l\u00e9ment est que le peuple Kurde, selon un<\/p>\n","protected":false},"author":1,"featured_media":0,"comment_status":"open","ping_status":"closed","sticky":false,"template":"","format":"standard","meta":{"footnotes":""},"categories":[1],"tags":[156,17,124],"class_list":["post-7356","post","type-post","status-publish","format-standard","hentry","category-motdujour","tag-armenien","tag-histoire","tag-kurde"],"_links":{"self":[{"href":"https:\/\/lemotdujour.fr\/index.php?rest_route=\/wp\/v2\/posts\/7356","targetHints":{"allow":["GET"]}}],"collection":[{"href":"https:\/\/lemotdujour.fr\/index.php?rest_route=\/wp\/v2\/posts"}],"about":[{"href":"https:\/\/lemotdujour.fr\/index.php?rest_route=\/wp\/v2\/types\/post"}],"author":[{"embeddable":true,"href":"https:\/\/lemotdujour.fr\/index.php?rest_route=\/wp\/v2\/users\/1"}],"replies":[{"embeddable":true,"href":"https:\/\/lemotdujour.fr\/index.php?rest_route=%2Fwp%2Fv2%2Fcomments&post=7356"}],"version-history":[{"count":4,"href":"https:\/\/lemotdujour.fr\/index.php?rest_route=\/wp\/v2\/posts\/7356\/revisions"}],"predecessor-version":[{"id":7701,"href":"https:\/\/lemotdujour.fr\/index.php?rest_route=\/wp\/v2\/posts\/7356\/revisions\/7701"}],"wp:attachment":[{"href":"https:\/\/lemotdujour.fr\/index.php?rest_route=%2Fwp%2Fv2%2Fmedia&parent=7356"}],"wp:term":[{"taxonomy":"category","embeddable":true,"href":"https:\/\/lemotdujour.fr\/index.php?rest_route=%2Fwp%2Fv2%2Fcategories&post=7356"},{"taxonomy":"post_tag","embeddable":true,"href":"https:\/\/lemotdujour.fr\/index.php?rest_route=%2Fwp%2Fv2%2Ftags&post=7356"}],"curies":[{"name":"wp","href":"https:\/\/api.w.org\/{rel}","templated":true}]}}