{"id":7346,"date":"2019-10-25T02:12:59","date_gmt":"2019-10-25T00:12:59","guid":{"rendered":"http:\/\/lemotdujour.fr\/?p=7346"},"modified":"2020-06-12T19:12:36","modified_gmt":"2020-06-12T17:12:36","slug":"vendredi-25-octobre-2019","status":"publish","type":"post","link":"https:\/\/lemotdujour.fr\/?p=7346","title":{"rendered":"Vendredi 25 octobre 2019"},"content":{"rendered":"<div class=\"mdjTexte\">\u00ab 1920, l\u2019occasion manqu\u00e9e par les Kurdes \u00bb<\/div>\n<div class=\"mdjAuteur\">Jordi Tejel, dans la revue \u00ab l\u2019Histoire \u00bb<\/div>\n<p><span style=\"color: #777777; font-family: Arial;\">Les kurdes sont un peuple sans \u00c9tat. On estime \u00e0 <strong>40 millions la population mondiale<\/strong> qui peut se revendiquer de ce peuple.<br \/>\n<\/span><\/p>\n<p><span style=\"color: #777777; font-family: Arial;\">Les az\u00e9ris qui comme les kurdes ont une langue d&rsquo;origine iranienne, une culture sp\u00e9cifique, appartiennent au monde musulman et repr\u00e9sentent une population mondiale d&rsquo;environ 40 millions de personnes, ont un \u00c9tat&nbsp;: <strong>\u00ab&nbsp;l&rsquo;Azerba\u00efdjan.&nbsp;\u00bb<\/strong> Il est \u00e0 noter que moins de 9 millions d&rsquo;Az\u00e9ris habitent cet \u00c9tat alors que l&rsquo;Iran compte 15 millions d&rsquo;az\u00e9ris.<br \/>\n<\/span><\/p>\n<p><span style=\"color: #777777; font-family: Arial;\">On estime le nombre de juifs dans le monde \u00e0 15 millions, eux aussi ont un \u00c9tat&nbsp;: \u00ab&nbsp;Isra\u00ebl&nbsp;\u00bb.<br \/>\n<\/span><\/p>\n<p><span style=\"color: #777777; font-family: Arial;\">On estime le nombre de palestiniens \u00e0 12 millions, eux n&rsquo;ont pas d&rsquo;\u00c9tat, mais en revendique \u00e9galement un.<br \/>\n<\/span><\/p>\n<p><span style=\"color: #777777; font-family: Arial;\">Les arm\u00e9niens ont aussi dans la douleur et pas sur une grande partie de leur territoire historique, obtenu un \u00c9tat : \u00ab <strong>L&rsquo;Arm\u00e9nie<\/strong>&nbsp;\u00bb. On estime la population arm\u00e9nienne mondiale \u00e0 environ 10 millions. Les kurdes et les arm\u00e9niens occupaient d&rsquo;ailleurs des r\u00e9gions communes dans l&rsquo;Empire Ottoman et leurs relations furent compliqu\u00e9es.<br \/>\n<\/span><\/p>\n<p><span style=\"color: #777777; font-family: Arial;\">Cette introduction est certes quantophr\u00e9nique. Elle me semble cependant montrer, \u00e0 l&rsquo;\u00e9vidence que le fait que les Kurdes ne disposent pas d&rsquo;un \u00c9tat est anormal.<br \/>\n<\/span><\/p>\n<p><span style=\"color: #777777; font-family: Arial;\">Dans la s\u00e9rie consacr\u00e9e \u00e0 la guerre 14-18, le mot du jour du 20 novembre 2018&nbsp;: \u00ab <\/span><span style=\"font-family: Arial;\"><a href=\"https:\/\/lemotdujour.fr\/?p=5746\"><span style=\"color: #0000ff;\">Du trait\u00e9 de S\u00e8vres en 1920 au Trait\u00e9 de Lausanne en 1923<\/span><\/a><\/span><span style=\"color: #777777; font-family: Arial;\">\u00bb avait d\u00e9j\u00e0 abord\u00e9 ce sujet.<br \/>\n<\/span><\/p>\n<p><span style=\"color: #777777; font-family: Arial;\">Les arm\u00e9niens, les kurdes \u00e9taient des peuples de l&rsquo;Empire ottoman. Et l&rsquo;Irak, la Syrie, le Liban, la Palestine, le futur territoire d&rsquo;Isra\u00ebl \u00e9taient des r\u00e9gions de ce m\u00eame empire.<br \/>\n<\/span><\/p>\n<p><span style=\"color: #777777; font-family: Arial;\">L&#8217;empire ottoman, lors de la guerre 14-18, \u00e9tait dans le mauvais camp, celui des vaincus.<br \/>\n<\/span><\/p>\n<p><span style=\"color: #777777;\"><span style=\"font-family: Arial;\">La d\u00e9faite de l&#8217;empire ottoman est acquise par l&rsquo;<span style=\"color: #0000ff;\"><a style=\"color: #0000ff;\" href=\"https:\/\/www.herodote.net\/30_octobre_1918-evenement-19181030.php\">armistice de Moudros<\/a><\/span> qui sera sign\u00e9e le 30 octobre 1918.<\/span><span style=\"font-family: Times New Roman;\"><br \/>\n<\/span><\/span><\/p>\n<p><span style=\"color: #777777; font-family: Arial;\">Mais l&rsquo;armistice n&rsquo;est pas la paix. La paix aurait d\u00fb \u00eatre la cons\u00e9quence du&nbsp; trait\u00e9 de S\u00e8vres, conclu le 10 ao\u00fbt 1920 et qui sera sign\u00e9 par le sultan Mehmed VI.<br \/>\n<\/span><\/p>\n<p><span style=\"color: #777777;\"><span style=\"font-family: Arial;\">Mais ce trait\u00e9 qui \u00e9tablissait un \u00c9tat arm\u00e9nien en Anatolie et un \u00c9tat kurde, n&rsquo;a jamais \u00e9t\u00e9 ratifi\u00e9 ni appliqu\u00e9.<\/span><span style=\"font-family: Times New Roman;\"><br \/>\n<\/span><\/span><\/p>\n<p><span style=\"color: #777777; font-family: Arial;\">Le sultan Mehmed VI r\u00e8gne \u00e0 Constantinople, mais \u00e0 Ankara, un g\u00e9n\u00e9ral <strong>Mustafa Kemal<\/strong> a pris la t\u00eate d&rsquo;un gouvernement \u00e9manant d&rsquo;une Grande assembl\u00e9e nationale de Turquie cr\u00e9\u00e9e le 23 avril 1920. Et Mustafa Kemal ne reconnait pas la validit\u00e9 de ce trait\u00e9 qui menace l&rsquo;int\u00e9grit\u00e9 territoriale notamment de l&rsquo;Anatolie qui est, dans sa conception, le c\u0153ur de la Turquie<br \/>\n<\/span><\/p>\n<p><span style=\"color: #777777;\"><span style=\"font-family: Arial;\">Mustafal Kemal avec ses partisans va faire chuter le sultan et reprendre le combat notamment contre les grecs. Les Turcs se soul\u00e8vent en masse, s&rsquo;enr\u00f4lent dans l&rsquo;arm\u00e9e k\u00e9maliste et d\u00e9clenchent la Guerre d&rsquo;ind\u00e9pendance turque en mai 1919. Au bout de quatre ann\u00e9es de conflit, les k\u00e9malistes sont victorieux et obtiennent la n\u00e9gociation d&rsquo;un nouveau trait\u00e9.<\/span><span style=\"font-family: Times New Roman;\"><br \/>\n<\/span><\/span><\/p>\n<p><span style=\"color: #777777; font-family: Arial;\">Ce trait\u00e9 sera le trait\u00e9 de Lausanne (24 juillet 1923).<br \/>\n<\/span><\/p>\n<p><span style=\"color: #777777; font-family: Arial;\">Une carte publi\u00e9e par la revue \u00ab&nbsp;<strong>L&rsquo;Histoire<\/strong>&nbsp;\u00bb montre le projet du Trait\u00e9 de S\u00e8vres et la r\u00e9alit\u00e9 du Trait\u00e9 de Lausanne.<br \/>\n<\/span><\/p>\n<p><img decoding=\"async\" class=\"aligncenter\" src=\"https:\/\/lemotdujour.fr\/wp-content\/uploads\/2019\/10\/102419_2105_Vendredi25o1.png\" alt=\"\"><span style=\"color: #777777; font-family: Arial;\">C&rsquo;est par les armes et la guerre que Mustafa Kemal a priv\u00e9 les Kurdes de l&rsquo;\u00c9tat qui aurait d\u00fb \u00eatre le leur.<br \/>\n<\/span><\/p>\n<p><span style=\"color: #777777; font-family: Arial;\">Mais la r\u00e9alit\u00e9 est plus complexe, il n&rsquo;y avait pas tous les kurdes d&rsquo;un c\u00f4t\u00e9 et les turcs de l&rsquo;autre.<br \/>\n<\/span><\/p>\n<p><span style=\"color: #777777; font-family: Arial;\">La revue l&rsquo;Histoire avait consacr\u00e9 un dossier \u00e0 ce sujet dans son num\u00e9ro de novembre 2016&nbsp;: &lt;<a href=\"https:\/\/www.lhistoire.fr\/parution\/mensuel-429\"><span style=\"color: #0000ff;\">Les Kurdes&nbsp;: Mille ans d&rsquo;un peuple sans \u00c9tat<\/span><\/a><span style=\"color: #0000ff;\">&gt;<\/span><br \/>\n<\/span><\/p>\n<p><img decoding=\"async\" class=\"alignleft\" src=\"https:\/\/lemotdujour.fr\/wp-content\/uploads\/2019\/10\/102419_2105_Vendredi25o2.jpg\" alt=\"\" align=\"left\"><span style=\"color: #777777; font-family: Arial;\">Et l&rsquo;historien Jordi Tejel a \u00e9crit un article concernant pr\u00e9cis\u00e9ment ce moment entre Trait\u00e9 de S\u00e8vres et Trait\u00e9 de Lausanne&nbsp;: \u00ab&nbsp;<a href=\"https:\/\/www.lhistoire.fr\/1920-loccasion-manqu%C3%A9e\"><span style=\"color: #0000ff;\">1920, l&rsquo;occasion manqu\u00e9e<\/span>&nbsp;<\/a>\u00bb<br \/>\n<\/span><\/p>\n<p><span style=\"color: #777777; font-family: Arial;\">Les kurdes trouvent commode d&rsquo;accuser les europ\u00e9ens de les avoir priv\u00e9s d&rsquo;un Etat, c&rsquo;est partiellement vrai mais les kurdes ont jou\u00e9 eux-m\u00eames une partition trouble.<br \/>\n<\/span><\/p>\n<p style=\"margin-left: 28pt;\"><span style=\"color: #c00000; font-family: Arial;\"><em>\u00ab&nbsp;<\/em>Si les \u00e9lites nationalistes kurdes tendent encore aujourd&rsquo;hui \u00e0 faire porter l&rsquo;enti\u00e8re responsabilit\u00e9 de cette occasion manqu\u00e9e sur les puissances europ\u00e9ennes et leurs promesses non tenues, la r\u00e9alit\u00e9 est bien plus complexe. La prise en consid\u00e9ration de facteurs \u00e0 la fois externes (int\u00e9r\u00eats divergents des Occidentaux, victoires militaires de Mustafa Kemal) et internes (divisions au sein des comit\u00e9s kurdes), ainsi que des trajectoires historiques ant\u00e9rieures (g\u00e9nocide arm\u00e9nien, scissions tribales et religieuses propres \u00e0 la soci\u00e9t\u00e9 kurde) permet de reconstituer ce moment historique unique.&nbsp;\u00bb<br \/>\n<\/span><\/p>\n<p><span style=\"color: #777777; font-family: Arial;\">Dans cette r\u00e9gion les Britanniques et les Fran\u00e7ais se sont partag\u00e9s les provinces arabes lors du fameux accord <a href=\"https:\/\/lemotdujour.fr\/?p=1328\"><span style=\"color: #0000ff;\">Sykes-Picot<\/span><\/a><span style=\"color: #0000ff;\">,<\/span> mais les provinces \u00e0 majorit\u00e9 ou avec une forte pr\u00e9sence kurde sont \u00e9galement concern\u00e9es par ces accords. Cependant la cr\u00e9ation d&rsquo;un \u00c9tat kurde sous influence britannique n&rsquo;est pas \u00e9cart\u00e9e par les diplomates anglais. La France, malgr\u00e9 des r\u00e9ticences initiales finit par approuver la cr\u00e9ation d&rsquo;un \u00c9tat kurde.<br \/>\n<\/span><\/p>\n<p><span style=\"color: #777777; font-family: Arial;\">Mais il y a une grande diff\u00e9rence entre la Syrie, l&rsquo;Irak et les territoires kurdes&nbsp;:<br \/>\n<\/span><\/p>\n<p style=\"margin-left: 28pt;\"><span style=\"color: #c00000; font-family: Arial;\">\u00ab&nbsp;En 1918, tandis que les provinces arabes de l&#8217;empire sont occup\u00e9es par les Alli\u00e9s, la majeure partie du Kurdistan turc est encore sous la tutelle ottomane. Le mouvement kurde naissant se retrouve d\u00e9pourvu de soutiens ext\u00e9rieurs, contrairement \u00e0 la dynastie hach\u00e9mite arabe par exemple qui peut, elle, s&rsquo;appuyer sur les Britanniques&nbsp;\u00bb.<br \/>\n<\/span><\/p>\n<p><span style=\"color: #777777; font-family: Arial;\">Et c&rsquo;est ainsi qu&rsquo;on apprend que les \u00e9lites kurdes sont divis\u00e9es en raison de la concomitance entre la cr\u00e9ation d&rsquo;un \u00c9tat kurde et d&rsquo;un Etat arm\u00e9nien. Il en existe qui compte sur la cause arm\u00e9nienne soutenu par les europ\u00e9ens de l&rsquo;Ouest pour obtenir parall\u00e8lement \u00e0 la cr\u00e9ation d&rsquo;un Etat arm\u00e9nien, un Etat Kurde. Mais d&rsquo;autres pr\u00e9f\u00e9reront qu&rsquo;il n&rsquo;y ait pas d&rsquo;Etat Kurde plut\u00f4t que d&rsquo;accepter un Etat Arm\u00e9nien \u00e0 ses c\u00f4t\u00e9s. Ainsi, alors que la force qui les emp\u00eache de devenir un Etat est l&rsquo;arm\u00e9e turque de Mustapha Kemal, ils s&rsquo;allieront \u00e0 lui pour contrer les arm\u00e9niens&nbsp;:<br \/>\n<\/span><\/p>\n<p style=\"margin-left: 28pt;\"><span style=\"color: #c00000; font-family: Arial;\">\u00ab&nbsp;Lorsque les Alli\u00e9s occupent Istanbul, le 12 novembre 1918, le Comit\u00e9 pour le rel\u00e8vement du Kurdistan (KTC) entre en contact avec les Fran\u00e7ais et les Britanniques afin de d\u00e9fendre les aspirations de la \u00ab nation kurde \u00bb. Ses intentions ne sont toutefois pas forc\u00e9ment claires. La question de l&rsquo;ind\u00e9pendance du Kurdistan suscite des d\u00e9bats houleux au sein de l&rsquo;association. Les partisans de l&rsquo;ind\u00e9pendance totale, r\u00e9unis autour d&rsquo;Emin Ali Bedir Khan, affrontent ceux qui, sous la houlette de Seyyid Abdulkadir, pr\u00e9conisent l&rsquo;autonomie dans le cadre du nouvel \u00c9tat turc-ottoman. Ces derniers justifient leur position par les liens religieux des Kurdes avec les Turcs, garantis par l&rsquo;institution du califat. Ils s&rsquo;opposent violemment \u00e0 la cr\u00e9ation d&rsquo;un \u00c9tat arm\u00e9nien pr\u00e9vu par les n\u00e9gociations de paix \u00e0 Paris.<br \/>\n<\/span><\/p>\n<p style=\"margin-left: 28pt;\"><span style=\"color: #c00000; font-family: Arial;\">Prenant tout le monde de court, le g\u00e9n\u00e9ral Ch\u00e9rif Pacha, repr\u00e9sentant du KTC, signe en 1919 un accord avec l&rsquo;Arm\u00e9nien Boghos Noubar Pacha, pr\u00e9voyant la cr\u00e9ation d&rsquo;une Arm\u00e9nie et d&rsquo;un Kurdistan ind\u00e9pendants. Alors que les d\u00e9l\u00e9gations arm\u00e9nienne et kurde avaient pr\u00e9sent\u00e9 au pr\u00e9alable des revendications sur la totalit\u00e9 des provinces orientales de la Turquie actuelle, elles acceptent finalement l&rsquo;une et l&rsquo;autre un compromis sous la pression des Europ\u00e9ens. En particulier, Ch\u00e9rif Pacha esp\u00e8re qu&rsquo;en consentant des \u00ab pertes \u00bb territoriales au b\u00e9n\u00e9fice des Arm\u00e9niens les chancelleries occidentales arm\u00e9nophiles &#8211; telle la France &#8211; accepteront le principe de la cr\u00e9ation d&rsquo;un \u00c9tat kurde.<br \/>\n<\/span><\/p>\n<p style=\"margin-left: 28pt;\"><span style=\"color: #c00000; font-family: Arial;\">Cet accord est confirm\u00e9 par le trait\u00e9 de S\u00e8vres du 10 ao\u00fbt 1920, [\u2026]<br \/>\n<\/span><\/p>\n<p style=\"margin-left: 28pt;\"><span style=\"color: #c00000; font-family: Arial;\">Mais le trait\u00e9 de S\u00e8vres ne sera pas appliqu\u00e9. Entre-temps, bon nombre de tribus kurdes sunnites se sont ralli\u00e9es aux forces rebelles turques men\u00e9es par Mustafa Kemal au nom de la fraternit\u00e9 musulmane : elles refusent le trait\u00e9 de S\u00e8vres, l&rsquo;amputation du territoire et la cr\u00e9ation d&rsquo;une entit\u00e9 arm\u00e9nienne. Les Kurdes participent massivement aux campagnes contre les troupes fran\u00e7aises et les milices arm\u00e9niennes en Cilicie.&nbsp;\u00bb<br \/>\n<\/span><\/p>\n<p><span style=\"color: #777777; font-family: Arial;\">Diviser c&rsquo;est r\u00e9gner et le futur Atat\u00fcrk va en profiter largement, surtout que les alli\u00e9s franco-britanniques vont aussi diverger en raison de leurs int\u00e9r\u00eats coloniaux.<br \/>\n<\/span><\/p>\n<p style=\"margin-left: 28pt;\"><span style=\"color: #c00000; font-family: Arial;\">\u00ab&nbsp;Des divergences entre les Alli\u00e9s d&rsquo;une part et entre les Kurdes d&rsquo;autre part, ainsi que les victoires des arm\u00e9es nationalistes d&rsquo;Ankara sur le terrain ouvrent la porte \u00e0 une ren\u00e9gociation du trait\u00e9 de S\u00e8vres. A l&rsquo;ouest, l&rsquo;arm\u00e9e grecque est d\u00e9faite par les Turcs. A l&rsquo;est, les soul\u00e8vements des Kurdes al\u00e9vis sont r\u00e9prim\u00e9s par les forces loyales \u00e0 Mustafa Kemal en mars 1921, tandis que les troupes fran\u00e7aises en Cilicie subissent d&rsquo;importants revers face aux soldats turcs et milices kurdes. Le retrait du territoire turc des troupes italiennes, grecques et fran\u00e7aises, entre 1920 et 1921, met la Grande-Bretagne dans une situation critique. D\u00e8s 1922, les Britanniques sont pr\u00eats \u00e0 ren\u00e9gocier les termes de la paix avec le nouveau gouvernement de Mustafa Kemal. La d\u00e9l\u00e9gation turque conclut en juillet 1923 avec les Alli\u00e9s le trait\u00e9 de Lausanne, plus favorable \u00e0 la nouvelle Turquie et rendant caduc celui de S\u00e8vres. Dans le nouvel accord, aucune mention n&rsquo;est faite d&rsquo;un \u00c9tat kurde ou arm\u00e9nien.&nbsp;\u00bb<br \/>\n<\/span><\/p>\n<p><span style=\"color: #777777; font-family: Arial;\">Il semble donc bien que l&rsquo;ensemble de la population kurde de Turquie n&rsquo;a pas lors de cette p\u00e9riode cruciale entre 1920 et 1922 mis toutes les cartes de leur c\u00f4t\u00e9 pour obtenir un \u00c9tat. La d\u00e9testation des arm\u00e9niens a jou\u00e9 un grand r\u00f4le. Et certains ne semblaient pas si d\u00e9sireux de se s\u00e9parer des turcs.<br \/>\n<\/span><\/p>\n<p><span style=\"color: maroon; font-family: Arial;\">&lt;1296&gt;<\/span><\/p>\n","protected":false},"excerpt":{"rendered":"<p>\u00ab 1920, l\u2019occasion manqu\u00e9e par les Kurdes \u00bb Jordi Tejel, dans la revue \u00ab l\u2019Histoire \u00bb Les kurdes sont un peuple sans \u00c9tat. On estime \u00e0 40 millions la population mondiale qui peut se revendiquer de ce peuple. Les az\u00e9ris<\/p>\n","protected":false},"author":1,"featured_media":0,"comment_status":"open","ping_status":"closed","sticky":false,"template":"","format":"standard","meta":{"footnotes":""},"categories":[1],"tags":[17,124,123],"class_list":["post-7346","post","type-post","status-publish","format-standard","hentry","category-motdujour","tag-histoire","tag-kurde","tag-turquie"],"_links":{"self":[{"href":"https:\/\/lemotdujour.fr\/index.php?rest_route=\/wp\/v2\/posts\/7346","targetHints":{"allow":["GET"]}}],"collection":[{"href":"https:\/\/lemotdujour.fr\/index.php?rest_route=\/wp\/v2\/posts"}],"about":[{"href":"https:\/\/lemotdujour.fr\/index.php?rest_route=\/wp\/v2\/types\/post"}],"author":[{"embeddable":true,"href":"https:\/\/lemotdujour.fr\/index.php?rest_route=\/wp\/v2\/users\/1"}],"replies":[{"embeddable":true,"href":"https:\/\/lemotdujour.fr\/index.php?rest_route=%2Fwp%2Fv2%2Fcomments&post=7346"}],"version-history":[{"count":4,"href":"https:\/\/lemotdujour.fr\/index.php?rest_route=\/wp\/v2\/posts\/7346\/revisions"}],"predecessor-version":[{"id":9234,"href":"https:\/\/lemotdujour.fr\/index.php?rest_route=\/wp\/v2\/posts\/7346\/revisions\/9234"}],"wp:attachment":[{"href":"https:\/\/lemotdujour.fr\/index.php?rest_route=%2Fwp%2Fv2%2Fmedia&parent=7346"}],"wp:term":[{"taxonomy":"category","embeddable":true,"href":"https:\/\/lemotdujour.fr\/index.php?rest_route=%2Fwp%2Fv2%2Fcategories&post=7346"},{"taxonomy":"post_tag","embeddable":true,"href":"https:\/\/lemotdujour.fr\/index.php?rest_route=%2Fwp%2Fv2%2Ftags&post=7346"}],"curies":[{"name":"wp","href":"https:\/\/api.w.org\/{rel}","templated":true}]}}