{"id":7339,"date":"2019-10-24T02:40:37","date_gmt":"2019-10-24T00:40:37","guid":{"rendered":"http:\/\/lemotdujour.fr\/?p=7339"},"modified":"2020-06-12T19:13:30","modified_gmt":"2020-06-12T17:13:30","slug":"jeudi-24-octobre-2019","status":"publish","type":"post","link":"https:\/\/lemotdujour.fr\/?p=7339","title":{"rendered":"Jeudi 24 octobre 2019"},"content":{"rendered":"<div class=\"mdjTexte\">\u00ab Trump est en train de mettre en pi\u00e8ces tout le r\u00e9seau d\u2019alliances, politiques et militaires, patiemment mis en place par ses pr\u00e9d\u00e9cesseurs. \u00bb<\/div>\n<div class=\"mdjAuteur\">Shlomo Ben-Ami, ancien ministre isra\u00e9lien des Affaires \u00e9trang\u00e8res<\/div>\n<p><span style=\"color: #777777; font-family: Arial;\">Les am\u00e9ricains ont l\u00e2ch\u00e9 les Kurdes de Syrie et ont permis \u00e0 la Turquie d&rsquo;Erdogan de se d\u00e9cha\u00eener contre eux.<br \/>\n<\/span><\/p>\n<p><span style=\"color: #777777; font-family: Arial;\">Le Canard Encha\u00een\u00e9 qui trouve les mots justes, a titr\u00e9&nbsp;: \u00ab&nbsp;<strong>Les Kurdes victimes d&rsquo;un meurtrier en Syrie<\/strong>&nbsp;\u00bb.<br \/>\n<\/span><\/p>\n<p><span style=\"color: #777777; font-family: Arial;\">Quand il a fallu se battre contre les fous de Dieu de Daesh, les Am\u00e9ricains et leurs alli\u00e9s occidentaux ont bien voulu bombarder, envoyer des troupes sp\u00e9ciales et des formateurs. Mais se battre sur le terrain, envoyer de l&rsquo;infanterie \u00e9taient beaucoup trop dangereux. C&rsquo;est alors les hommes et aussi les femmes combattantes kurdes qui se sont battues et ont vaincu sur le terrain Daesh, malgr\u00e9 le jeu trouble de la Turquie d&rsquo;Erdogan, qui a toujours consid\u00e9r\u00e9 que les Kurdes \u00e9taient plus dangereux pour la Turquie que l&rsquo;\u00c9tat islamique.<br \/>\n<\/span><\/p>\n<p><span style=\"color: #777777; font-family: Arial;\">Les \u00c9tats-Unis ont donc trahi les Kurdes.<br \/>\n<\/span><\/p>\n<p><span style=\"color: #777777; font-family: Arial;\">Les \u00c9tats sont des monstres froids.<br \/>\n<\/span><\/p>\n<p><span style=\"color: #777777; font-family: Arial;\">Leurs trahisons sont multiples. Les am\u00e9ricains ont abandonn\u00e9 de la m\u00eame mani\u00e8re, \u00e0 la vindicte des Nord-Vietnamiens triomphants, les Sudvietnamiens qui avaient combattus \u00e0 leurs c\u00f4t\u00e9s.<br \/>\n<\/span><\/p>\n<p><span style=\"color: #777777; font-family: Arial;\">Notre pays a agi de m\u00eame avec les Harkis qui avaient choisi la France et qui \u00e9taient donc des tra\u00eetres pour le FLN, ils n&rsquo;ont pas \u00e9t\u00e9 d\u00e9fendus ou prot\u00e9g\u00e9s par le pays qu&rsquo;ils croyaient \u00eatre le leur.<br \/>\n<\/span><\/p>\n<p><span style=\"color: #777777; font-family: Arial;\">Plus r\u00e9cemment les Fran\u00e7ais ont abandonn\u00e9 leurs traducteurs afghans &lt;<span style=\"color: #0000ff;\"><a style=\"color: #0000ff;\" href=\"https:\/\/www.la-croix.com\/Monde\/Moyen-Orient\/interpretes-afghans-scandale-francais-2019-02-05-1201000423\"><span style=\"text-decoration: underline;\">Les interpr\u00e8tes afghans, un scandale fran\u00e7ais<\/span><\/a><\/span>&gt;. Il semble que depuis la France ait un peu assoupli sa politique de visa pour ceux qui l&rsquo;ont aid\u00e9e dans leur guerre contre les talibans.<br \/>\n<\/span><\/p>\n<p><span style=\"color: #777777; font-family: Arial;\">Il ne fallait pas beaucoup d&rsquo;am\u00e9ricains, 2000 ont \u00e9t\u00e9 rapatri\u00e9s, pour retenir les Turcs d&rsquo;attaquer, ces derniers ne pouvant se permettre de risquer de blesser ou tuer un soldat am\u00e9ricain.<br \/>\n<\/span><\/p>\n<p><span style=\"color: #777777; font-family: Arial;\">Mais l&rsquo;homme cynique et connaissant si peu des le\u00e7ons d&rsquo;Histoire que les \u00e9tats-uniens ont mis \u00e0 leur t\u00eate, a d\u00e9cid\u00e9 de rapatrier les troupes am\u00e9ricaines.<br \/>\n<\/span><\/p>\n<p><span style=\"color: #777777; font-family: Arial;\">L&rsquo;alli\u00e9 fran\u00e7ais, Emmanuel Macron <span style=\"color: #0000ff;\"><a style=\"color: #0000ff;\" href=\"https:\/\/www.laprovence.com\/actu\/en-direct\/5725011\/syrie-macron-a-decouvert-par-un-tweet-que-les-etats-unis-retiraient-leurs-troupes.html\"><span style=\"text-decoration: underline;\">a \u00e9t\u00e9 inform\u00e9 par un tweet<\/span><\/a> <\/span>comme tout le monde.<br \/>\n<\/span><\/p>\n<p><span style=\"color: #777777; font-family: Arial;\">Par la suite, l&rsquo;h\u00f4te de la maison blanche a tenu des propos d\u00e9cousus, ignobles, stupides.<br \/>\n<\/span><\/p>\n<p style=\"margin-left: 28pt;\"><span style=\"color: #c00000; font-family: Arial;\">\u00ab&nbsp;Nous sommes en train de quitter la Syrie, mais nous n&rsquo;avons absolument pas abandonn\u00e9 les Kurdes qui sont des gens formidables et de merveilleux combattants&nbsp;\u00bb <a href=\"https:\/\/www.msn.com\/fr-fr\/actualite\/monde\/la-turquie-pr\u00eate-pour-une-op\u00e9ration-en-syrie-malgr\u00e9-les-menaces-de-trump\/ar-AAIsdhh\"><span style=\"color: blue; text-decoration: underline;\"><span style=\"color: #0000ff; text-decoration: underline;\">&lt;ICI&gt;<\/span><\/span><\/a><br \/>\n<\/span><\/p>\n<p><a href=\"https:\/\/rmc.bfmtv.com\/emission\/l-invraisemblable-imbroglio-autour-des-kurdes-quand-donald-trump-change-d-avis-deux-fois-par-jour-1783548.html\"><span style=\"color: blue; font-family: Arial; text-decoration: underline;\"><span style=\"color: #0000ff; text-decoration: underline;\">Puis il menace<\/span>&nbsp;<\/span><\/a><span style=\"color: #777777; font-family: Arial;\">: \u00ab&nbsp;<span style=\"color: #c00000;\">Si la Turquie fait quoi que ce soit qui d\u00e9passe les bornes je d\u00e9truirais son \u00e9conomie&nbsp;<span style=\"color: #777777;\">\u00bb et ajoute path\u00e9tique et grotesque&nbsp;: \u00ab&nbsp;<span style=\"color: #c00000;\">Si cela d\u00e9passe les bornes selon ma grande et in\u00e9galable sagesse<span style=\"color: #777777;\">&nbsp;\u00bb.<br \/>\n<\/span><\/span><\/span><\/span><\/span><\/p>\n<p><span style=\"color: #777777; font-family: Arial;\">Puis, dans un autre tweet, il affirme que les Kurdes ont re\u00e7u \u00e9norm\u00e9ment d&rsquo;argent.<br \/>\n<\/span><\/p>\n<p><span style=\"color: #777777; font-family: Arial;\"><strong>Puis il <\/strong><a href=\"https:\/\/www.rtl.fr\/actu\/international\/syrie-les-kurdes-ne-nous-ont-pas-aides-en-normandie-dit-trump-7799208806\"><span style=\"color: blue;\"><span style=\"text-decoration: underline; color: #0000ff;\">a affirm\u00e9<\/span><span style=\"color: #777777;\"><strong> \u00ab&nbsp;[<\/strong><span style=\"color: #c00000;\">les kurdes] ne nous ont pas aid\u00e9s pendant la Deuxi\u00e8me Guerre mondiale, ils ne nous ont pas aid\u00e9s en Normandie !&nbsp;<span style=\"color: #777777;\"><strong>\u00bb.&nbsp; <\/strong><\/span><\/span><\/span><\/span><\/a><span style=\"color: blue;\"><span style=\"color: #777777;\"><span style=\"color: #c00000;\"><span style=\"color: #777777;\">A priori pendant la seconde guerre mondiale, c&rsquo;\u00e9taient des \u00c9tats qui combattaient et les Kurdes n&rsquo;avaient pas d&rsquo;\u00c9tat mais devait se soumettre \u00e0 l&rsquo;autorit\u00e9 des quatre \u00c9tats dont ils \u00e9taient une minorit\u00e9.<\/span><\/span><\/span><\/span><a href=\"https:\/\/www.rtl.fr\/actu\/international\/syrie-les-kurdes-ne-nous-ont-pas-aides-en-normandie-dit-trump-7799208806\"><span style=\"color: blue;\"><span style=\"color: #777777;\"><span style=\"color: #c00000;\"><span style=\"color: #777777;\"><br \/>\n<\/span><\/span><\/span><\/span><\/a><\/span><span style=\"color: #777777; font-family: Arial;\">Puis il a dit&nbsp;: \u00ab&nbsp;<span style=\"color: #c00000;\">Nous devons entretenir de bonnes relations avec les membres de l&rsquo;OTAN et la Turquie est un membre de l&rsquo;OTAN<span style=\"color: #777777;\">&nbsp;\u00bb.<br \/>\n<\/span><\/span><\/span><\/p>\n<p><span style=\"color: #777777; font-family: Arial;\">Et il a \u00e9crit \u00e0 Erdogan dans un langage de cour de r\u00e9cr\u00e9ation&nbsp;: \u00ab&nbsp;<span style=\"color: #c00000;\">Ne jouez pas au dur\u202f! Ne faites pas l&rsquo;idiot\u202f!<span style=\"color: #777777;\">&nbsp;\u00bb<br \/>\n<\/span><\/span><\/span><\/p>\n<p><span style=\"color: #777777; font-family: Arial;\">Pour finalement <\/span><span style=\"color: #0000ff;\"><a style=\"color: #0000ff;\" href=\"https:\/\/www.turquie2023.com\/2019\/10\/17\/trump-le-pkk-est-une-menace-terroriste-pire-que-daech\/\"><span style=\"text-decoration: underline;\"><span style=\"font-family: Arial;\">se ranger totalement derri\u00e8re Erdogan<\/span>&nbsp;<\/span><\/a>:<\/span> \u00ab&nbsp;<span style=\"color: #c00000; font-family: Arial;\">Le PKK est une menace terroriste pire que Daech<span style=\"color: #777777;\">&nbsp;\u00bb. Rappelons que le PKK est l&rsquo;organisation kurde en Turquie qui se bat pour obtenir sinon une ind\u00e9pendance au moins une autonomie qui lui a toujours \u00e9t\u00e9 refus\u00e9, peuple sans \u00e9tat, trahi par les trait\u00e9s le lendemain de la premi\u00e8re guerre mondiale. La principale organisation des kurdes \u00ab&nbsp;<a href=\"https:\/\/fr.wikipedia.org\/wiki\/Unit\u00e9s_de_protection_du_peuple\"><span style=\"color: blue; text-decoration: underline;\"><span style=\"color: #0000ff; text-decoration: underline;\">YPG<\/span><\/span><\/a> \u00ab&nbsp;de Syrie est accus\u00e9e par Erdogan d&rsquo;\u00eatre l&rsquo;alli\u00e9 du PKK<br \/>\n<\/span><\/span><\/p>\n<p><span style=\"color: #777777; font-family: Arial;\">Et quand ses envoy\u00e9s en Turquie obtiennent une suspension de l&rsquo;attaque turque de 5 jours en contrepartie de <strong>l&rsquo;acceptation par les kurdes de se soumettre aux objectifs de guerre d&rsquo;Erdogan<\/strong> et de se retirer de trente kilom\u00e8tres sur une terre qu&rsquo;ils habitent et qu&rsquo;ils peuvent consid\u00e9rer \u00eatre la leur, sans m\u00eame avoir eu la possibilit\u00e9 d&rsquo;exprimer leur avis, Trump <a href=\"https:\/\/actu.orange.fr\/monde\/syrie-trump-clame-victoire-mais-erdogan-remporte-la-mise-CNT000001khO7x.html\"><span style=\"color: blue; text-decoration: underline;\"><span style=\"color: #0000ff; text-decoration: underline;\">d\u00e9clare<\/span><\/span><\/a>&nbsp;:<br \/>\n<\/span><\/p>\n<p><span style=\"color: #777777; font-family: Arial;\">\u00ab&nbsp;<span style=\"color: #c00000;\">C&rsquo;est un grand jour pour la civilisation, pour les Etats-Unis, la Turquie et les Kurdes. Nous avons obtenu tout ce dont nous aurions pu r\u00eaver<span style=\"color: #777777;\">&nbsp;\u00bb.<br \/>\n<\/span><\/span><\/span><\/p>\n<p><span style=\"color: #777777; font-family: Arial;\">Cet homme inculte sait-il ce qu&rsquo;est une civilisation&nbsp;?<br \/>\n<\/span><\/p>\n<p><span style=\"color: #777777; font-family: Arial;\">Comprend-il ce qu&rsquo;il dit&nbsp;? Ou se croit-il toujours dans une \u00e9mission de t\u00e9l\u00e9-r\u00e9alit\u00e9 dans laquelle les mots n&rsquo;ont pas grande port\u00e9e&nbsp;?<br \/>\n<\/span><\/p>\n<p><span style=\"color: #777777; font-family: Arial;\">Brice Couturier qui lit les auteurs autres que fran\u00e7ais rapporte des avis qui pensent qu&rsquo;il fait une grande b\u00eatise&nbsp;: &lt;<a href=\"https:\/\/www.franceculture.fr\/emissions\/le-tour-du-monde-des-idees\/la-trahison-des-kurdes-jette-le-desarroi-parmi-tous-les-vieux-allies-des-etats-unis\"><span style=\"color: blue; text-decoration: underline;\"><span style=\"color: #0000ff; text-decoration: underline;\">La trahison d\u00e9raisonnable d&rsquo;un alli\u00e9 strat\u00e9gique<\/span><\/span><\/a><span style=\"color: #0000ff;\">&gt;<\/span><br \/>\n<\/span><\/p>\n<p><span style=\"color: #777777; font-family: Arial;\">Il cite ainsi Shlomo Ben-Ami, ancien ministre isra\u00e9lien des Affaires \u00e9trang\u00e8res et intellectuel de notori\u00e9t\u00e9 internationale :<br \/>\n<\/span><\/p>\n<p style=\"margin-left: 28pt;\"><span style=\"color: #c00000; font-family: Arial;\">\u00ab La d\u00e9cision pr\u00e9cipit\u00e9e du pr\u00e9sident Donald Trump de retirer les troupes am\u00e9ricaines de Syrie, d\u00e9gageant la voie \u00e0 une offensive turque contre les Kurdes, constitue la trahison d\u00e9raisonnable d&rsquo;un alli\u00e9 strat\u00e9gique. Une telle malhonn\u00eatet\u00e9, on aurait pu l&rsquo;attendre d&rsquo;un r\u00e9gime fasciste ou dictatorial et pourtant, ce sont les Etats-Unis &#8211; leader mondial dot\u00e9, para\u00eet-il d&rsquo;id\u00e9aux \u00e9lev\u00e9s &#8211; qui ont ainsi \u00e9merg\u00e9 comme empire de perfidie. [&#8230;]<br \/>\n<\/span><\/p>\n<p style=\"margin-left: 28pt;\"><span style=\"color: #c00000; font-family: Arial;\"><strong>Trump est en train de mettre en pi\u00e8ces, tout le r\u00e9seau d&rsquo;alliances, politiques et militaires, patiemment mis en place par ses pr\u00e9d\u00e9cesseurs.<\/strong> Il d\u00e9clare la guerre commerciale \u00e0 ses alli\u00e9s europ\u00e9ens. Il dit se laver les mains du retour en Europe des djihadistes de Daesh, jusqu&rsquo;\u00e0 pr\u00e9sent gard\u00e9s par les forces kurdes de l&rsquo;YPG.&nbsp;\u00bb<br \/>\n<\/span><\/p>\n<p><span style=\"color: #777777; font-family: Arial;\">Et en effet, \u00e9ni\u00e8me saillie du milliardaire golfeur et pr\u00e9sident&nbsp; il a d\u00e9clar\u00e9 en conf\u00e9rence de presse.<br \/>\n<\/span><\/p>\n<p style=\"margin-left: 28pt;\"><span style=\"color: #c00000; font-family: Arial;\">\u00ab Bon, ils vont s&rsquo;\u00e9chapper vers l&rsquo;Europe, c&rsquo;est l\u00e0 qu&rsquo;ils veulent aller. Ils veulent rentrer chez eux \u00bb.<br \/>\n<\/span><\/p>\n<p><span style=\"color: #777777; font-family: Arial;\">Et Brice Couturier de conclure :<br \/>\n<\/span><\/p>\n<p style=\"margin-left: 28pt;\"><span style=\"color: #c00000; font-family: Arial;\">\u00ab&nbsp;Les alli\u00e9s des Etats-Unis sont amen\u00e9s \u00e0 des r\u00e9visions d\u00e9chirantes. L&rsquo;Inde se tourne vers la Chine et la Russie. La Cor\u00e9e du Sud, constatant que Washington a perdu tout int\u00e9r\u00eat pour emp\u00eacher le \u00ab petit rocket man \u00bb de se doter d&rsquo;un arsenal nucl\u00e9aire, envisage des concessions pr\u00e9judiciables \u00e0 son dangereux voisin. Ta\u00efwan, qui se sent abandonn\u00e9e, va \u00eatre contrainte de se rapprocher de la Chine continentale. L&rsquo;Arabie saoudite, consciente du peu de valeur de l&rsquo;alliance am\u00e9ricaine, entame des n\u00e9gociations urgentes avec l&rsquo;Iran &#8211; qui lui fait si peur&#8230;&nbsp;\u00bb<br \/>\n<\/span><\/p>\n<p><span style=\"color: #777777; font-family: Arial;\">Richard Haass, diplomate, ancien membre important de l&rsquo;administration de George W Bush et aujourd&rsquo;hui pr\u00e9sident d&rsquo;un des principaux think tank am\u00e9ricains, \u00ab&nbsp;le Council on Foreign Relations&nbsp;\u00bb, juge l&rsquo;abandon des Kurdes catastrophique. Parce qu&rsquo;il renforce les doutes que pouvaient nourrir les alli\u00e9s des Am\u00e9ricains \u00e0 travers le monde sur la fiabilit\u00e9 de ce partenaire. Il analyse&nbsp;:<br \/>\n<\/span><\/p>\n<p style=\"margin-left: 28pt;\"><span style=\"color: #c00000; font-family: Arial;\">\u00ab Ce que faisaient les Etats-Unis dans le Nord de la Syrie \u00e9tait intelligent et efficace .Ils se contentaient de fournir aux forces kurdes un soutien logistique, de l&rsquo;entra\u00eenement et de l&rsquo;information. Mais la seule pr\u00e9sence d&rsquo;un millier d&rsquo;Am\u00e9ricains sur place suffisait \u00e0 dissuader les Turcs, les Syriens, les Russes ou les Iraniens de s&rsquo;attaquer au territoire ainsi gagn\u00e9 par les Kurdes et leurs alli\u00e9s arabes sur le soi-disant \u00ab Etat islamique \u00bb.<br \/>\n<\/span><\/p>\n<p><span style=\"color: #777777; font-family: Arial;\">Le probl\u00e8me, souligne Haass, c&rsquo;est que, comme souvent, Trump appara\u00eet en phase avec une grande partie de l&rsquo;opinion am\u00e9ricaine. Beaucoup d&rsquo;\u00e9lecteurs ont \u00e9t\u00e9 s\u00e9duits par son pr\u00e9c\u00e9dent slogan de campagne \u00ab America First \u00bb. Ils estiment que les besoins de leur pays dans les domaines de la sant\u00e9, de l&rsquo;\u00e9ducation, du logement ont \u00e9t\u00e9, dans le pass\u00e9, sacrifi\u00e9s aux besoins de financement de guerres lointaines qui n&rsquo;ont apport\u00e9 que des ennuis. Une vague isolationniste traverse \u00e0 pr\u00e9sent les Etats-Unis. Et c&rsquo;est sur elle que Trump entend surfer pour obtenir une r\u00e9\u00e9lection qui se pr\u00e9sente mal.<br \/>\n<\/span><\/p>\n<p><span style=\"color: #777777; font-family: Arial;\">Mais l&rsquo;histoire nous apprend, poursuit Haass, q<strong>ue les p\u00e9riodes de repli sur soi finissent souvent par des chocs violents, <\/strong>qui obligent les Etats-Unis \u00e0 se lancer dans de nouvelles odyss\u00e9es risqu\u00e9es. Croire qu&rsquo;il suffit de se retrancher dans la \u00ab\u00a0citadelle Am\u00e9rique\u00a0\u00bb pour \u00e9viter les p\u00e9rils est une illusion. Les attentats du World Trade Center et du Pentagone devraient servir de le\u00e7on\u2026<br \/>\n<\/span><\/p>\n<p><span style=\"color: #777777; font-family: Arial;\">Et pour les europ\u00e9ens la le\u00e7on est am\u00e8re. Brice Couturier dit lucidement&nbsp;:&nbsp;:<br \/>\n<\/span><\/p>\n<p style=\"margin-left: 28pt;\"><span style=\"color: #c00000; font-family: Arial;\">\u00ab&nbsp;Les Europ\u00e9ens, qui avaient mis\u00e9 sur le renversement du r\u00e9gime sanguinaire de Bachar Al-Assad comme d&rsquo;ailleurs, la Turquie d&rsquo;Erdogan, peuvent renoncer au r\u00eave d&rsquo;une Syrie d\u00e9mocratique. Ce sont les Russes, les Iraniens et les Turcs qui vont r\u00e9gler entre eux l&rsquo;avenir de la Syrie. L&rsquo;Europe est aux abonn\u00e9s absents\u2026 comme souvent. Elle n&rsquo;a encore rien compris au XXI\u00b0 si\u00e8cle.&nbsp;\u00bb<br \/>\n<\/span><\/p>\n<p><span style=\"color: #777777; font-family: Arial;\">Et il est vrai que Poutine et Erdogan se sont rencontr\u00e9s, mardi, \u00e0 Sotchi et semblent s&rsquo;\u00eatre bien entendu sur le dos des Kurdes et des occidentaux mais pour le plus grand int\u00e9r\u00eat de la Russie, de la Turquie et du r\u00e9gime de Bachar Al Assad.<br \/>\n<\/span><\/p>\n<p><span style=\"color: #777777; font-family: Arial;\">&lt;<a href=\"https:\/\/www.lefigaro.fr\/international\/syrie-accord-entre-poutine-et-erdogan-20191022\"><span style=\"color: blue; text-decoration: underline;\">Syrie: Erdogan et Poutine imposent leur paix dans le nord du pays<\/span><\/a>&gt;<br \/>\n<\/span><\/p>\n<p><span style=\"color: maroon; font-family: Arial;\">&lt;1295&gt;<\/span><\/p>\n","protected":false},"excerpt":{"rendered":"<p>\u00ab Trump est en train de mettre en pi\u00e8ces tout le r\u00e9seau d\u2019alliances, politiques et militaires, patiemment mis en place par ses pr\u00e9d\u00e9cesseurs. \u00bb Shlomo Ben-Ami, ancien ministre isra\u00e9lien des Affaires \u00e9trang\u00e8res Les am\u00e9ricains ont l\u00e2ch\u00e9 les Kurdes de Syrie<\/p>\n","protected":false},"author":1,"featured_media":0,"comment_status":"open","ping_status":"closed","sticky":false,"template":"","format":"standard","meta":{"footnotes":""},"categories":[1],"tags":[109,124,119],"class_list":["post-7339","post","type-post","status-publish","format-standard","hentry","category-motdujour","tag-geopolitique","tag-kurde","tag-moyen-orient"],"_links":{"self":[{"href":"https:\/\/lemotdujour.fr\/index.php?rest_route=\/wp\/v2\/posts\/7339","targetHints":{"allow":["GET"]}}],"collection":[{"href":"https:\/\/lemotdujour.fr\/index.php?rest_route=\/wp\/v2\/posts"}],"about":[{"href":"https:\/\/lemotdujour.fr\/index.php?rest_route=\/wp\/v2\/types\/post"}],"author":[{"embeddable":true,"href":"https:\/\/lemotdujour.fr\/index.php?rest_route=\/wp\/v2\/users\/1"}],"replies":[{"embeddable":true,"href":"https:\/\/lemotdujour.fr\/index.php?rest_route=%2Fwp%2Fv2%2Fcomments&post=7339"}],"version-history":[{"count":3,"href":"https:\/\/lemotdujour.fr\/index.php?rest_route=\/wp\/v2\/posts\/7339\/revisions"}],"predecessor-version":[{"id":9235,"href":"https:\/\/lemotdujour.fr\/index.php?rest_route=\/wp\/v2\/posts\/7339\/revisions\/9235"}],"wp:attachment":[{"href":"https:\/\/lemotdujour.fr\/index.php?rest_route=%2Fwp%2Fv2%2Fmedia&parent=7339"}],"wp:term":[{"taxonomy":"category","embeddable":true,"href":"https:\/\/lemotdujour.fr\/index.php?rest_route=%2Fwp%2Fv2%2Fcategories&post=7339"},{"taxonomy":"post_tag","embeddable":true,"href":"https:\/\/lemotdujour.fr\/index.php?rest_route=%2Fwp%2Fv2%2Ftags&post=7339"}],"curies":[{"name":"wp","href":"https:\/\/api.w.org\/{rel}","templated":true}]}}