{"id":7333,"date":"2019-10-23T02:07:42","date_gmt":"2019-10-23T00:07:42","guid":{"rendered":"http:\/\/lemotdujour.fr\/?p=7333"},"modified":"2020-06-12T19:14:07","modified_gmt":"2020-06-12T17:14:07","slug":"mercredi-23-octobre-2019","status":"publish","type":"post","link":"https:\/\/lemotdujour.fr\/?p=7333","title":{"rendered":"Mercredi 23 octobre 2019"},"content":{"rendered":"<div class=\"mdjTexte\">\u00ab No\u00e9mie \u00bb<\/div>\n<div class=\"mdjAuteur\">Un pr\u00e9nom qu\u2019une femme intelligente a donn\u00e9 \u00e0 sa fille<\/div>\n<p><span style=\"color: #777777; font-family: Arial;\">Un peu d&rsquo;humour ne nuit pas. Mais est-ce de l&rsquo;humour&nbsp;?<br \/>\n<\/span><\/p>\n<p><span style=\"color: #777777; font-family: Arial;\">Nous sommes encore dans les mots, il faut nommer les \u00eatres humains et m\u00eame les \u00ab&nbsp;pr\u00e9nommer&nbsp;\u00bb. Il semble que par le pass\u00e9 on appelait les personnes par leur nom de famille, sauf dans le cadre le plus intime o\u00f9 on utilisait le pr\u00e9nom. Aujourd&rsquo;hui l&rsquo;usage s&rsquo;est r\u00e9pandu d&rsquo;appeler ses coll\u00e8gues et les personnes que l&rsquo;on conna\u00eet par leur pr\u00e9nom.<br \/>\n<\/span><\/p>\n<p><span style=\"color: #777777; font-family: Arial;\">Ce n&rsquo;est pas la premi\u00e8re fois que je parle de \u00ab&nbsp;pr\u00e9nom&nbsp;\u00bb.<br \/>\n<\/span><\/p>\n<p><span style=\"color: #777777; font-family: Arial;\">D&rsquo;abord le mot du jour du &lt;<span style=\"color: #0000ff;\"><a style=\"color: #0000ff;\" href=\"https:\/\/lemotdujour.fr\/?p=5573\">Vendredi 26 octobre 2018<\/a><\/span>&gt;&nbsp;: \u00ab&nbsp;<strong>Le pr\u00e9nom n&rsquo;a rien d&rsquo;anodin. Il touche \u00e0 l&rsquo;intime, et raconte infiniment plus que ce qu&rsquo;on pourrait croire<\/strong>.&nbsp;\u00bb<br \/>\n<\/span><\/p>\n<p><span style=\"color: #777777; font-family: Arial;\">Ensuite le mot du &lt;<span style=\"color: #0000ff;\"><a style=\"color: #0000ff;\" href=\"https:\/\/lemotdujour.fr\/?p=6660\">Mardi 30 avril 2019<\/a><\/span>&gt;&nbsp;: \u00ab<strong>On est pass\u00e9 de 2000&nbsp;pr\u00e9noms en 1945 \u00e0 13.000 aujourd&rsquo;hui<\/strong>&nbsp;\u00bb. C&rsquo;\u00e9tait une observation de J\u00e9r\u00f4me Fourquet , l&rsquo;auteur de <span style=\"color: #0000ff;\"><a style=\"color: #0000ff;\" href=\"https:\/\/lemotdujour.fr\/?p=6636\">\u00ab&nbsp;L&rsquo;archipel fran\u00e7ais&nbsp;<\/a>\u00bb<\/span><br \/>\n<\/span><\/p>\n<p><span style=\"color: #777777; font-family: Arial;\">Le mot du jour d&rsquo;aujourd&rsquo;hui est une continuation de ces deux mots du jour, plut\u00f4t du second d&rsquo;ailleurs.<br \/>\n<\/span><\/p>\n<p><span style=\"color: #777777; font-family: Arial;\">C&rsquo;est une journaliste <strong>Emmanu\u00e8le Peyret<\/strong> qui a publi\u00e9 un article, le 20 octobre 2019, sur le site de Lib\u00e9ration&nbsp;: \u00ab&nbsp;<a href=\"https:\/\/www.liberation.fr\/france\/2019\/10\/20\/le-petit-robaire-des-prenoms-inventes_1758723\"><strong><span style=\"color: #0000ff;\">Le petit Robaire des pr\u00e9noms invent\u00e9s<\/span><\/strong>&nbsp;<\/a>\u00bb<br \/>\n<\/span><\/p>\n<p><span style=\"color: #777777; font-family: Arial;\">Je suppose que ce titre veut faire penser au dictionnaire le petit Robert, mais utilise un patronyme \u00ab&nbsp;<span style=\"color: #0000ff;\"><a style=\"color: #0000ff;\" href=\"https:\/\/www.filae.com\/nom-de-famille\/ROBAIRE.html\">Robaire<\/a><\/span>&nbsp;\u00bb tr\u00e8s rare puisqu&rsquo;il n&rsquo;existe que 21 personnes n\u00e9es en France depuis 1890, dans 6 d\u00e9partements, qui ont port\u00e9 ou portent ce nom. Il se trouve au 248008<sup>\u00e8me<\/sup> rang des noms les plus port\u00e9s en France<br \/>\n<\/span><\/p>\n<p><span style=\"color: #777777; font-family: Arial;\">Alors que le patronyme \u00ab&nbsp;<strong>Robert<\/strong>&nbsp;\u00bb est celui de 102 950 personnes n\u00e9es en France depuis 1890, dans 101 d\u00e9partements et qu&rsquo;il est au 5<sup>\u00e8me<\/sup> rang du m\u00eame classement.<br \/>\n<\/span><\/p>\n<p><span style=\"color: #777777; font-family: Arial;\">Comme l&rsquo;avait fait observer J\u00e9r\u00f4me Fourquet le nombre de pr\u00e9noms a explos\u00e9 en France. Emmanu\u00e8le Peyret \u00e9crit&nbsp;:<br \/>\n<\/span><\/p>\n<p style=\"margin-left: 28pt;\"><span style=\"color: #c00000; font-family: Arial;\">\u00abIl y a environ 750 000 naissances par an en France actuellement. Le pr\u00e9nom le plus donn\u00e9, Gabriel, l&rsquo;a \u00e9t\u00e9 \u00e0 5 400 b\u00e9b\u00e9s, soit moins de 1 %. Aujourd&rsquo;hui<strong>, un b\u00e9b\u00e9 sur dix re\u00e7oit un pr\u00e9nom qui \u00e9t\u00e9 donn\u00e9 six fois ou moins dans l&rsquo;ann\u00e9e<\/strong>. Ces pr\u00e9noms tr\u00e8s rares ne servaient qu&rsquo;\u00e0 2 % des naissances en 1975\u00bb, explique Baptiste Coulmont, sociologue, sp\u00e9cialiste des pr\u00e9noms, et ma\u00eetre de conf\u00e9rences \u00e0 l&rsquo;universit\u00e9 Paris-VIII . Quelques stars ont ouvert le bal avec des <strong>Tallulah Belle<\/strong> (fille de Demi Moore et Bruce Willis), <strong>Bear Blaze<\/strong> (fils de Kate Winslet), <strong>Bronx Mowgli<\/strong> (fils de la chanteuse et actrice Ashlee Simpson-Wentz.&nbsp;\u00bb<br \/>\n<\/span><\/p>\n<p><span style=\"color: #777777; font-family: Arial;\">Nous apprenons dans cet article que \u00ab&nbsp;<strong>Ys\u00e9<\/strong>&nbsp;\u00bb est un pr\u00e9nom invent\u00e9 par Paul Claudel pour un personnage du&nbsp; \u00ab&nbsp;Partage de Midi&nbsp;\u00bb.<br \/>\n<\/span><\/p>\n<p><span style=\"color: #777777; font-family: Arial;\">Ces pr\u00e9noms rares sont en g\u00e9n\u00e9ral form\u00e9s par une variation d&rsquo;une lettre ou en ajoutant des consonnes et des voyelles \u00e0 un pr\u00e9nom d\u00e9j\u00e0 existant ou on combine deux pr\u00e9noms.<br \/>\n<\/span><\/p>\n<p><span style=\"color: #777777; font-family: Arial;\">Longtemps contr\u00f4l\u00e9 par les officiers d&rsquo;\u00e9tat civil, l&rsquo;attribution d&rsquo;un pr\u00e9nom est aujourd&rsquo;hui libre et la Loi autorise de choisir un nom original \u00abdans la mesure o\u00f9 il ne porte pas pr\u00e9judice \u00e0 des tiers ou \u00e0 l&rsquo;enfant\u00bb. En outre, l&rsquo;officier d&rsquo;\u00e9tat civil est tenu d&rsquo;inscrire le pr\u00e9nom choisi et d&rsquo;alerter \u00e9ventuellement le procureur de la R\u00e9publique, s&rsquo;il juge qu&rsquo;il porte pr\u00e9judice \u00e0 l&rsquo;enfant ou \u00e0 des tiers.<br \/>\n<\/span><\/p>\n<p><span style=\"color: #777777; font-family: Arial;\">Et la journaliste cite des pr\u00e9noms qui ont \u00e9t\u00e9 interdit&nbsp;:<br \/>\n<\/span><\/p>\n<ul>\n<li><span style=\"color: #777777; font-family: Arial;\"><strong>Clitorine<br \/>\n<\/strong><\/span><\/li>\n<li><span style=\"color: #777777; font-family: Arial;\"><strong>Vagina<br \/>\n<\/strong><\/span><\/li>\n<li><span style=\"color: #777777; font-family: Arial;\">Un pr\u00e9nom impronon\u00e7able&nbsp;: <strong>Brfxxccxxmnpcccclllmmnprxvclmnckssqlbb11116<\/strong><br \/>\n<\/span><\/li>\n<li><span style=\"color: #777777; font-family: Arial;\"><strong>Babord et Tribord<\/strong> ou <strong>Fish and Chips<\/strong> pour des jumeaux.<br \/>\n<\/span><\/li>\n<\/ul>\n<p><img loading=\"lazy\" decoding=\"async\" class=\"alignleft\" src=\"https:\/\/lemotdujour.fr\/wp-content\/uploads\/2019\/10\/102119_2107_Mercredi23o1.jpg\" alt=\"\" width=\"268\" height=\"369\" align=\"left\"><span style=\"color: #777777; font-family: Arial;\">Vous connaissez tous le \u00ab&nbsp;Guide des pr\u00e9noms&nbsp;\u00bb, mais l&rsquo;article nous informe que deux officiers d&rsquo;\u00e9tat civil sous couvert d&rsquo;anonymat ont \u00e9crit \u00ab<span style=\"color: #0000ff;\">&nbsp;<\/span><a href=\"https:\/\/livre.fnac.com\/a9861953\/Ligue-des-Officiers-d-Etat-Civil-L-anti-guide-des-prenoms-ou-comment-mettre-du-piment-dans-la-vie-de-son-enfant?oref=b6b21ff4-98a5-13d0-0004-bd80967bcf66\"><span style=\"color: #0000ff;\">L&rsquo;Antiguide des pr\u00e9noms<\/span>&nbsp;<\/a>\u00bb. Il porte pour sous-titre&nbsp;: \u00ab&nbsp;<strong>comment mettre du piment dans la vie de son enfant&nbsp;<\/strong>\u00bb, je pense que c&rsquo;est tr\u00e8s ironique et j&rsquo;ai l&rsquo;intuition que les auteurs d\u00e9sapprouvent de tels pr\u00e9noms<br \/>\n<\/span><\/p>\n<p><span style=\"color: #777777; font-family: Arial;\">Voici une liste de pr\u00e9noms qui ont ainsi \u00e9t\u00e9 donn\u00e9s pour \u00eatre original et mettre du piment\u2026.&nbsp;:&nbsp;<strong>\u00ab&nbsp;Tuba&nbsp;\u00bb, \u00ab&nbsp;Bruce-Lee&nbsp;\u00bb, \u00ab&nbsp;Merci Mireille&nbsp;\u00bb, \u00ab&nbsp;Alkapone&nbsp;\u00bb, \u00ab&nbsp;Batman&nbsp;\u00bb, \u00ab&nbsp;Barack Obama&nbsp;\u00bb, \u00ab&nbsp;Rolce-Rom\u00e9o&nbsp;\u00bb, \u00ab&nbsp;Lola-Poupoune&nbsp;\u00bb, \u00ab&nbsp;Dior Gnagna&nbsp;\u00bb, \u00ab&nbsp; Boghosse&nbsp;\u00bb, \u00ab&nbsp;Youyou&nbsp;\u00bb, \u00ab&nbsp;Jesunette&nbsp;\u00bb, \u00ab&nbsp;Jean-Clode&nbsp;\u00bb, \u00ab&nbsp;Djustyne&nbsp;\u00bb, \u00ab&nbsp;Zac-Harry&nbsp;\u00bb, \u00ab&nbsp;Kill-Yann&nbsp;\u00bb<br \/>\n<\/strong><\/span><\/p>\n<p><span style=\"color: #777777; font-family: Arial;\">L&rsquo;oubliable Nabila a ajout\u00e9 une lettre pour nommer son enfant \u00ab&nbsp;<strong>Milann<\/strong>&nbsp;\u00bb, certains en enl\u00e8vent une par exemple \u00ab&nbsp;<strong>Delphie<\/strong>&nbsp;\u00bb, on peut aussi orthographier un pr\u00e9nom de mani\u00e8re originale (&nbsp;?)&nbsp;:<br \/>\n<\/span><\/p>\n<p><span style=\"color: #777777; font-family: Arial;\">Il semble aussi qu&rsquo;ajouter ou remplacer des lettres par des k et des y soient tr\u00e8s \u00ab tendance \u00bb. <\/span><span style=\"color: #777777; font-family: Arial;\"> \u00ab<strong>Kamille, Klaude, Styvy<\/strong>\u00bb. On peut ajouter un <strong>h<\/strong> \u00ab&nbsp;<strong>Khamylle, Khlaude, Sthyvhy<\/strong>\u00bb.<br \/>\n<\/span><\/p>\n<p><span style=\"color: #777777; font-family: Arial;\">Et la journaliste de s&rsquo;amuser&nbsp;: \u00ab<br \/>\n<\/span><\/p>\n<p style=\"margin-left: 28pt;\"><span style=\"color: #c00000; font-family: Arial;\">Avec un pr\u00e9fixe ou un suffixe, \u00abtransformez votre pr\u00e9nom en cr\u00e9ation improbable, <strong>Zsthyvy-du-loft<\/strong>\u00bb pour finir par un po\u00e9tique \u00ab<strong>Zshtyv&rsquo;hy dhu lauft<\/strong>\u00bb. Sont-ils moqueurs, hein ?<br \/>\n<\/span><\/p>\n<p style=\"margin-left: 28pt;\"><span style=\"color: #c00000; font-family: Arial;\">[\u2026] Le pr\u00e9nom compos\u00e9 invraisemblable se donne beaucoup aussi, <strong>Ahthena Cherokee, Elvees Pressley, Christ Brythoon<\/strong>, non, on n&rsquo;invente rien, c&rsquo;est recens\u00e9 dans l&rsquo;opus.&nbsp;\u00bb<br \/>\n<\/span><\/p>\n<p><span style=\"color: #777777; font-family: Arial;\">Vous savez sans doute que C\u00e9cile Duflot a donn\u00e9 \u00e0 une de ses filles le pr\u00e9nom \u00ab&nbsp;<a href=\"https:\/\/www.lefigaro.fr\/flash-actu\/2008\/02\/25\/01011-20080225FILWWW00609-duflot-maman-d-une-petite-terebentine.php\"><strong><span style=\"color: #0000ff;\">T\u00e9r\u00e9bentine<\/span>&nbsp;<\/strong><\/a>\u00bb, je parle bien de C\u00e9cile<br \/>\n<\/span><\/p>\n<p><span style=\"color: #777777; font-family: Arial;\">Car Esther Duflo, le prix Nobel d&rsquo;\u00e9conomie a donn\u00e9 \u00e0 sa fille le pr\u00e9nom \u00ab<strong>No\u00e9mie<\/strong>&nbsp;\u00bb. Le &lt;<span style=\"color: #0000ff;\"><a style=\"color: #0000ff;\" href=\"http:\/\/www.leparisien.fr\/economie\/prix-nobel-d-economie-les-trois-choses-a-savoir-sur-esther-duflo-14-10-2019-8172705.php\">Parisien<\/a><\/span>&gt; rapporte que cela signifie \u00ab <strong>d\u00e9licieuse<\/strong> \u00bb en h\u00e9breu.<br \/>\n<\/span><\/p>\n<p><span style=\"color: #777777; font-family: Arial;\">Esther Duflo explique&nbsp;:<br \/>\n<\/span><\/p>\n<p style=\"margin-left: 28pt;\"><span style=\"color: #c00000; font-family: Arial;\">\u00ab&nbsp;[C&rsquo;est] un pr\u00e9nom facile \u00e0 prononcer dans les trois langues, fran\u00e7ais, anglais et bengali, pour qu&rsquo;elle comprenne son appartenance \u00e0 ces trois mondes \u00bb.<br \/>\n<\/span><\/p>\n<p><span style=\"color: #777777; font-family: Arial;\">J&rsquo;ai la faiblesse de pr\u00e9f\u00e9rer No\u00e9mie \u00e0 Lola Poupoune et \u00e0 quelques autres cit\u00e9s dans cet article.<br \/>\n<\/span><\/p>\n<p><span style=\"color: #800000; font-family: Arial;\">&lt;1294&gt;<\/span><\/p>\n","protected":false},"excerpt":{"rendered":"<p>\u00ab No\u00e9mie \u00bb Un pr\u00e9nom qu\u2019une femme intelligente a donn\u00e9 \u00e0 sa fille Un peu d&rsquo;humour ne nuit pas. Mais est-ce de l&rsquo;humour&nbsp;? Nous sommes encore dans les mots, il faut nommer les \u00eatres humains et m\u00eame les \u00ab&nbsp;pr\u00e9nommer&nbsp;\u00bb. Il<\/p>\n","protected":false},"author":1,"featured_media":0,"comment_status":"open","ping_status":"closed","sticky":false,"template":"","format":"standard","meta":{"footnotes":""},"categories":[1],"tags":[15,7,11],"class_list":["post-7333","post","type-post","status-publish","format-standard","hentry","category-motdujour","tag-france","tag-societe","tag-sociologie"],"_links":{"self":[{"href":"https:\/\/lemotdujour.fr\/index.php?rest_route=\/wp\/v2\/posts\/7333","targetHints":{"allow":["GET"]}}],"collection":[{"href":"https:\/\/lemotdujour.fr\/index.php?rest_route=\/wp\/v2\/posts"}],"about":[{"href":"https:\/\/lemotdujour.fr\/index.php?rest_route=\/wp\/v2\/types\/post"}],"author":[{"embeddable":true,"href":"https:\/\/lemotdujour.fr\/index.php?rest_route=\/wp\/v2\/users\/1"}],"replies":[{"embeddable":true,"href":"https:\/\/lemotdujour.fr\/index.php?rest_route=%2Fwp%2Fv2%2Fcomments&post=7333"}],"version-history":[{"count":5,"href":"https:\/\/lemotdujour.fr\/index.php?rest_route=\/wp\/v2\/posts\/7333\/revisions"}],"predecessor-version":[{"id":9236,"href":"https:\/\/lemotdujour.fr\/index.php?rest_route=\/wp\/v2\/posts\/7333\/revisions\/9236"}],"wp:attachment":[{"href":"https:\/\/lemotdujour.fr\/index.php?rest_route=%2Fwp%2Fv2%2Fmedia&parent=7333"}],"wp:term":[{"taxonomy":"category","embeddable":true,"href":"https:\/\/lemotdujour.fr\/index.php?rest_route=%2Fwp%2Fv2%2Fcategories&post=7333"},{"taxonomy":"post_tag","embeddable":true,"href":"https:\/\/lemotdujour.fr\/index.php?rest_route=%2Fwp%2Fv2%2Ftags&post=7333"}],"curies":[{"name":"wp","href":"https:\/\/api.w.org\/{rel}","templated":true}]}}