{"id":7327,"date":"2019-10-22T02:06:19","date_gmt":"2019-10-22T00:06:19","guid":{"rendered":"http:\/\/lemotdujour.fr\/?p=7327"},"modified":"2020-06-12T19:14:38","modified_gmt":"2020-06-12T17:14:38","slug":"mardi-22-octobre-2019","status":"publish","type":"post","link":"https:\/\/lemotdujour.fr\/?p=7327","title":{"rendered":"Mardi 22 octobre 2019"},"content":{"rendered":"<div class=\"mdjTexte\">\u00ab Notre vision de la pauvret\u00e9 est domin\u00e9e par des caricatures et des clich\u00e9s \u00bb<\/div>\n<div class=\"mdjAuteur\">Esther Duflo<\/div>\n<p><span style=\"color: #777777; font-family: Arial;\">Esther Duflo a eu le Prix Nobel d&rsquo;\u00e9conomie cette ann\u00e9e avec son mari Abhijit Banerjee et un troisi\u00e8me \u00e9conomiste Michael Kremer, .pour leurs travaux sur la lutte contre la pauvret\u00e9.<br \/>\n<\/span><\/p>\n<p><span style=\"color: #0000ff;\"><a style=\"color: #0000ff;\" href=\"https:\/\/www.lemonde.fr\/economie\/article\/2019\/10\/14\/le-nobel-d-economie-attribue-a-esther-duflo-michael-kremer-et-abhijit-banerjee-pour-leurs-travaux-sur-la-lutte-contre-la-pauvrete_6015436_3234.html\"><span style=\"font-family: Arial;\">&lt;Le Monde&gt;<\/span><\/a><\/span><span style=\"color: #777777; font-family: Arial;\"> nous rappelle que ce qu&rsquo;on appelle le Prix Nobel d&rsquo;Economie est en r\u00e9alit\u00e9 le prix de la Banque de Su\u00e8de \u00e0 la m\u00e9moire d&rsquo;Alfred Nobel, car ce dernier n&rsquo;avait pas pr\u00e9vu que le comit\u00e9 Nobel d\u00e9signe un laur\u00e9at en \u00e9conomie.<br \/>\n<\/span><\/p>\n<p><span style=\"color: #777777; font-family: Arial;\">Ces trois \u00e9conomistes ont essay\u00e9 de mettre un peu de d\u00e9marche scientifique dans l&rsquo;\u00e9conomie qui en est fort d\u00e9pourvu m\u00eame si des \u00e9conomistes pr\u00e9tendent le contraire.<br \/>\n<\/span><\/p>\n<p><span style=\"color: #777777; font-family: Arial;\">Ils ont \u0153uvr\u00e9 dans le domaine de la pauvret\u00e9 et ont concr\u00e8tement mis en \u0153uvre des programmes visant cet objectif, notamment en Inde, en mesurant l&rsquo;impact de ces programmes. Une population X b\u00e9n\u00e9ficiait du programme et une population Y comparable n&rsquo;en b\u00e9n\u00e9ficiait pas, puis on comparait les r\u00e9sultats de la population Y et X et on jugeait de la pertinence du programme.<br \/>\n<\/span><\/p>\n<p><span style=\"color: #777777; font-family: Arial;\">Evidemment nous nous int\u00e9ressons surtout \u00e0 Esther Duflo parce qu&rsquo;elle est fran\u00e7aise. Elle est seulement la seconde femme \u00e0 recevoir ce prix de la banque de Su\u00e8de.<br \/>\n<\/span><\/p>\n<p><img decoding=\"async\" class=\"alignleft\" src=\"https:\/\/lemotdujour.fr\/wp-content\/uploads\/2019\/10\/102019_2059_Mardi22octo1.jpg\" alt=\"\" align=\"left\"><a href=\"https:\/\/www.college-de-france.fr\/site\/esther-duflo\/inaugural-lecture-2009-01-08-18h00.htm\"><span style=\"font-family: Arial;\">&lt;Ici vous pourrez visionner la le\u00e7on inaugurale&gt;<\/span><\/a><span style=\"color: #777777; font-family: Arial;\"> \u00ab&nbsp;<strong>Exp\u00e9rience, science et lutte contre la pauvret\u00e9<\/strong> \u00bb au Coll\u00e8ge de France d&rsquo;Esther Duflo pour mieux comprendre sa d\u00e9marche.<br \/>\n<\/span><\/p>\n<p><span style=\"color: #0000ff;\"><a style=\"color: #0000ff;\" href=\"https:\/\/www.college-de-france.fr\/media\/esther-duflo\/UPL35719_duflo_res0809.pdf\"><span style=\"font-family: Arial;\">&lt;Ici&gt;<\/span><\/a><\/span><span style=\"color: #777777; font-family: Arial;\"> vous trouverez un r\u00e9sum\u00e9 de 11 pages sur le cours qu&rsquo;elle a donn\u00e9 au Coll\u00e8ge de France sur ce sujet.<br \/>\n<\/span><\/p>\n<p><span style=\"color: #777777; font-family: Arial;\">&lt;<a href=\"https:\/\/www.challenges.fr\/economie\/qui-est-la-francaise-esther-duflo-la-nouvelle-prix-nobel-d-economie_679704\"><span style=\"color: #0000ff;\">Challenges<\/span><\/a>&gt; pr\u00e9cise que&nbsp;:<br \/>\n<\/span><\/p>\n<p style=\"margin-left: 28pt;\"><span style=\"color: #c00000; font-family: Arial;\">\u00ab&nbsp;La sensibilit\u00e9 de cette \u00e9conomiste, n\u00e9e \u00e0 Paris en 1972, a pris corps dans une famille protestante, avec une m\u00e8re p\u00e9diatre, investie dans l&rsquo;humanitaire et qu&rsquo;elle cite r\u00e9guli\u00e8rement en mod\u00e8le, et un p\u00e8re math\u00e9maticien, enseignant-chercheur.<br \/>\n<\/span><\/p>\n<p style=\"margin-left: 28pt;\"><span style=\"color: #c00000; font-family: Arial;\">Dipl\u00f4m\u00e9e de l&rsquo;Ecole Normale Sup\u00e9rieure, de l&rsquo;Ecole des hautes \u00e9tudes en sciences sociales (EHESS), elle est aussi titulaire d&rsquo;un doctorat du Massachusetts Institute of Technology (MIT) aux Etats-Unis, o\u00f9 elle est aujourd&rsquo;hui encore professeure.&nbsp;\u00bb<br \/>\n<\/span><\/p>\n<p><span style=\"color: #777777; font-family: Arial;\">Le New Yorker la d\u00e9crivait ainsi&nbsp;: \u00ab&nbsp;C&rsquo;est une intellectuelle fran\u00e7aise de centre-gauche qui croit en la redistribution et en la notion optimiste que demain pourrait \u00eatre meilleur qu&rsquo;aujourd&rsquo;hui. Elle est largement \u00e0 l&rsquo;origine d&rsquo;une tendance acad\u00e9mique nouvelle&nbsp;\u00bb<br \/>\n<\/span><\/p>\n<p><span style=\"color: #777777; font-family: Arial;\">Elle a \u00e9crit un livre avec son mari \u00ab&nbsp;<a href=\"http:\/\/www.seuil.com\/ouvrage\/repenser-la-pauvrete-esther-duflo\/9782021005547\"><span style=\"color: #0000ff;\">Repenser la pauvret\u00e9&nbsp;<\/span><\/a>\u00bb qui a aussi \u00e9t\u00e9 prim\u00e9 en 2012.<br \/>\n<\/span><\/p>\n<p><span style=\"color: #777777; font-family: Arial;\">A l&rsquo;occasion de la sortie de ce livre elle avait r\u00e9pondu \u00e0 un entretien \u00e0 l&rsquo;AFP o\u00f9 elle disait&nbsp;:<br \/>\n<\/span><\/p>\n<p style=\"margin-left: 28pt;\"><span style=\"color: #c00000; font-family: Arial;\">\u00ab&nbsp;<strong>Notre vision de la pauvret\u00e9 est domin\u00e9e par des caricatures et des clich\u00e9s<\/strong>: le pauvre paresseux, le pauvre entrepreneur, le pauvre affam\u00e9. Si on veut comprendre les probl\u00e8mes li\u00e9s \u00e0 la pauvret\u00e9, il faut d\u00e9passer ces caricatures et comprendre pourquoi le fait m\u00eame d&rsquo;\u00eatre pauvre change certaines choses dans les comportements, et d&rsquo;autres non !&nbsp;\u00bb<br \/>\n<\/span><\/p>\n<p><span style=\"color: #777777; font-family: Arial;\">Et c&rsquo;est donc int\u00e9ressant de savoir ce que cette intellectuelle qui a consacr\u00e9 sa vie \u00e0 la compr\u00e9hension du ph\u00e9nom\u00e8ne de la pauvret\u00e9 et des programmes de lutte contre ce fl\u00e9au pense des mots, utilis\u00e9s par notre jeune pr\u00e9sident \u00e0 propos de la pauvret\u00e9 en France.<br \/>\n<\/span><\/p>\n<p><span style=\"color: #777777; font-family: Arial;\">Je cite donc <span style=\"color: #0000ff;\"><a style=\"color: #0000ff;\" href=\"https:\/\/www.francetvinfo.fr\/politique\/emmanuel-macron\/premiers-de-cordee-pognon-de-dingue-pour-la-prix-nobel-d-economie-esther-duflo-les-propos-d-e-macron-risquent-de-rendre-les-pauvres-coupables-de-leur-propre-sort_3660673.html\">&lt;France Info&gt;<\/a>&nbsp;<\/span>:<br \/>\n<\/span><\/p>\n<p><span style=\"color: #777777; font-family: Arial;\">\u00ab&nbsp;\u00ab&nbsp;<span style=\"color: #c00000;\">Il y a un risque de rendre les pauvres coupables de leur propre sort<span style=\"color: #777777;\">&nbsp;\u00bb C&rsquo;est l&rsquo;inqui\u00e9tude formul\u00e9e par la prix Nobel d&rsquo;\u00e9conomie Esther Duflo, invit\u00e9e de franceinfo mardi 15 octobre. Elle est revenue sur la notion des <strong>\u00ab&nbsp;premiers de cord\u00e9e&nbsp;\u00bb<\/strong> d\u00e9fendue par Emmanuel Macron \u00e0 l&rsquo;automne 2017 et sur ses propos tenus en 2018 lors d&rsquo;une r\u00e9union de travail \u00e0 l&rsquo;\u00c9lys\u00e9e : <strong>\u00ab&nbsp;On met un pognon de dingue dans les minima sociaux&nbsp;\u00bb.<br \/>\n<\/strong><\/span><\/span><\/span><\/p>\n<p><span style=\"color: #777777; font-family: Arial;\">\u00ab&nbsp;<span style=\"color: #c00000;\">Dans cette imagerie &lsquo;pognon de dingue&rsquo; ou dans l&rsquo;id\u00e9e qui allait avec de responsabiliser les pauvres&nbsp;<span style=\"color: #777777;\">\u00bb, Esther Duflo estime qu&rsquo;il y a un sous-entendu : \u00ab&nbsp;<span style=\"color: #c00000;\">Ils ne sont pas assez responsables par eux-m\u00eames<span style=\"color: #777777;\">&nbsp;\u00bb Selon elle, ce risque est pr\u00e9sent \u00ab&nbsp;<span style=\"color: #c00000;\">depuis toujours dans les politiques sociales. On rend la personne en difficult\u00e9 coupable de ses malheurs. Tout en l&rsquo;aidant on lui enl\u00e8ve sa dignit\u00e9<span style=\"color: #777777;\">&nbsp;\u00bb.<br \/>\n<\/span><\/span><\/span><\/span><\/span><\/span><\/span><\/p>\n<p><span style=\"color: #777777; font-family: Arial;\">La prix Nobel d&rsquo;\u00e9conomie juge cette approche \u00ab&nbsp;<span style=\"color: #c00000;\">dangereuse&nbsp;<span style=\"color: #777777;\">\u00bb. \u00ab&nbsp;<span style=\"color: #c00000;\">Une fois qu&rsquo;on vous enl\u00e8ve votre dignit\u00e9, vous n&rsquo;\u00eates pas dans les meilleures conditions possibles pour retomber sur vos pieds. Cela terrorise ceux qui ne sont pas pauvres aujourd&rsquo;hui et qui se disent que peut-\u00eatre un jour ils le seront<span style=\"color: #777777;\">&nbsp;\u00bb.<br \/>\n<\/span><\/span><\/span><\/span><\/span><\/p>\n<p><span style=\"color: #777777; font-family: Arial;\">Esther Duflo explique que, pour les personnes en situation \u00ab&nbsp;<span style=\"color: #c00000;\">un peu fragile<span style=\"color: #777777;\">&nbsp;\u00bb, ce type de discours peut \u00ab&nbsp;<span style=\"color: #c00000;\">les rendre inquiets de tout ce qui change, de tout ce qui peut \u00eatre diff\u00e9rent. Cela peut mener \u00e0 une esp\u00e8ce de scl\u00e9rose politique qui vient de la peur du risque. Parce que si vous tombez par terre, la soci\u00e9t\u00e9 va vous en vouloir et va vous dire que c&rsquo;est de votre faute. C&rsquo;est tr\u00e8s dangereux<span style=\"color: #777777;\">.&nbsp;\u00bb<br \/>\n<\/span><\/span><\/span><\/span><\/span><\/p>\n<p><span style=\"color: #777777; font-family: Arial;\">Nous sommes toujours dans la r\u00e9flexion de Victor Klemperer, de l&rsquo;usage des mots, du sens profond qu&rsquo;ils ont et de ce que leur usage dit de la conception de la soci\u00e9t\u00e9 et du lien social de celui qui les utilisent.<br \/>\n<\/span><\/p>\n<p><span style=\"color: maroon; font-family: Arial;\">&lt;1293&gt;<\/span><\/p>\n","protected":false},"excerpt":{"rendered":"<p>\u00ab Notre vision de la pauvret\u00e9 est domin\u00e9e par des caricatures et des clich\u00e9s \u00bb Esther Duflo Esther Duflo a eu le Prix Nobel d&rsquo;\u00e9conomie cette ann\u00e9e avec son mari Abhijit Banerjee et un troisi\u00e8me \u00e9conomiste Michael Kremer, .pour leurs<\/p>\n","protected":false},"author":1,"featured_media":0,"comment_status":"open","ping_status":"closed","sticky":false,"template":"","format":"standard","meta":{"footnotes":""},"categories":[1],"tags":[10,15,155],"class_list":["post-7327","post","type-post","status-publish","format-standard","hentry","category-motdujour","tag-economie","tag-france","tag-pauvrete"],"_links":{"self":[{"href":"https:\/\/lemotdujour.fr\/index.php?rest_route=\/wp\/v2\/posts\/7327","targetHints":{"allow":["GET"]}}],"collection":[{"href":"https:\/\/lemotdujour.fr\/index.php?rest_route=\/wp\/v2\/posts"}],"about":[{"href":"https:\/\/lemotdujour.fr\/index.php?rest_route=\/wp\/v2\/types\/post"}],"author":[{"embeddable":true,"href":"https:\/\/lemotdujour.fr\/index.php?rest_route=\/wp\/v2\/users\/1"}],"replies":[{"embeddable":true,"href":"https:\/\/lemotdujour.fr\/index.php?rest_route=%2Fwp%2Fv2%2Fcomments&post=7327"}],"version-history":[{"count":5,"href":"https:\/\/lemotdujour.fr\/index.php?rest_route=\/wp\/v2\/posts\/7327\/revisions"}],"predecessor-version":[{"id":9237,"href":"https:\/\/lemotdujour.fr\/index.php?rest_route=\/wp\/v2\/posts\/7327\/revisions\/9237"}],"wp:attachment":[{"href":"https:\/\/lemotdujour.fr\/index.php?rest_route=%2Fwp%2Fv2%2Fmedia&parent=7327"}],"wp:term":[{"taxonomy":"category","embeddable":true,"href":"https:\/\/lemotdujour.fr\/index.php?rest_route=%2Fwp%2Fv2%2Fcategories&post=7327"},{"taxonomy":"post_tag","embeddable":true,"href":"https:\/\/lemotdujour.fr\/index.php?rest_route=%2Fwp%2Fv2%2Ftags&post=7327"}],"curies":[{"name":"wp","href":"https:\/\/api.w.org\/{rel}","templated":true}]}}