{"id":7323,"date":"2019-10-21T02:00:18","date_gmt":"2019-10-21T00:00:18","guid":{"rendered":"http:\/\/lemotdujour.fr\/?p=7323"},"modified":"2020-06-12T19:15:25","modified_gmt":"2020-06-12T17:15:25","slug":"lundi-21-octobre-2019","status":"publish","type":"post","link":"https:\/\/lemotdujour.fr\/?p=7323","title":{"rendered":"Lundi 21 octobre 2019"},"content":{"rendered":"<div class=\"mdjTexte\">\u00ab Un temps de mis\u00e8re communicationnelle \u00bb<\/div>\n<div class=\"mdjAuteur\">Fr\u00e9d\u00e9ric Joly<\/div>\n<p><span style=\"color: #777777; font-family: Arial;\">Vendredi dernier j&rsquo;\u00e9voquais l&rsquo;ouvrage de Victor Klemperer \u00ab <strong>LTI. La langue du IIIe Reich<\/strong> \u00bb et le livre r\u00e9cent de Fr\u00e9d\u00e9ric Joly \u00ab <strong>la Langue confisqu\u00e9e<\/strong> \u00bb consacr\u00e9e \u00e0 une relecture de celui de Klemperer.<br \/>\n<\/span><\/p>\n<p><span style=\"color: #777777; font-family: Arial;\">Or un article paru dans l&rsquo;Obs du 5 septembre 2019 et \u00e9crit par la journaliste Marie Lemonnier&nbsp;: <span style=\"color: #0000ff;\"><a style=\"color: #0000ff;\" href=\"https:\/\/www.nouvelobs.com\/idees\/20190908.OBS18144\/des-outrances-nazies-aux-mots-creux-du-management-quand-la-langue-devient-un-poison.html\">\u00ab&nbsp;Des outrances nazies aux mots creux du management : quand la langue devient un poison&nbsp;<\/a><\/span>\u00bb me semble un compl\u00e9ment et un approfondissement int\u00e9ressant, en cela qu&rsquo;il s&rsquo;int\u00e9resse davantage encore \u00e0 la situation d&rsquo;aujourd&rsquo;hui.<br \/>\n<\/span><\/p>\n<p><span style=\"color: #777777; font-family: Arial;\">Aujourd&rsquo;hui tout est communication. Quand une mesure du gouvernement est rejet\u00e9e par la population ou une partie de la population, c&rsquo;est qu&rsquo;il y a eu \u00ab&nbsp;mauvaise communication\u00bb.<br \/>\n<\/span><\/p>\n<p><span style=\"color: #777777; font-family: Arial;\">Et des cohortes de politique munis \u00ab&nbsp;<strong>d&rsquo;\u00e9l\u00e9ments de langage<\/strong>&nbsp;\u00bb vont r\u00e9p\u00e9ter les m\u00eames mots creux et diffuser un message rassurant qui a souvent un rapport assez lointain avec les motivations et les effets de la mesure.<br \/>\n<\/span><\/p>\n<p><span style=\"color: #777777; font-family: Arial;\">Le monde de l&rsquo;entreprise et du management se trouvent dans cette m\u00eame d\u00e9rive&nbsp;: utiliser des \u00ab&nbsp;<strong>mots<\/strong>&nbsp;\u00bb qui pr\u00e9sentent la r\u00e9alit\u00e9 sous un angle tr\u00e8s orient\u00e9.<br \/>\n<\/span><\/p>\n<p><img decoding=\"async\" class=\"alignleft\" src=\"https:\/\/lemotdujour.fr\/wp-content\/uploads\/2019\/10\/102019_2000_Lundi21octo1.png\" alt=\"\" align=\"left\"><span style=\"color: #777777; font-family: Arial;\">C&rsquo;est ce que Fr\u00e9d\u00e9ric Joly d\u00e9finit comme un temps de mis\u00e8re communicationnelle.<br \/>\n<\/span><\/p>\n<p><span style=\"color: #777777; font-family: Arial;\">Marie Lemoine introduit son article par cet \u00e9loge du livre de Fr\u00e9d\u00e9ric Joly<br \/>\n<\/span><\/p>\n<p style=\"margin-left: 28pt;\"><span style=\"color: #c00000; font-family: Arial;\">\u00ab L&rsquo;ensauvagement des mots pr\u00e9c\u00e8de et pr\u00e9pare l&rsquo;ensauvagement des actes \u00bb, d\u00e9clarait r\u00e9cemment Mona Ozouf (1), soulignant l&rsquo;importance capitale de lire \u00ab LTI. La langue du IIIe Reich \u00bb de Victor Klemperer pour le comprendre. Fr\u00e9d\u00e9ric Joly, auteur du brillant essai \u00ab la Langue confisqu\u00e9e. Lire Klemperer aujourd&rsquo;hui \u00bb, vient ainsi d&rsquo;exaucer le v\u0153u de l&rsquo;historienne en se replongeant dans les \u00e9crits du philologue juif, qui laissa l&rsquo;un des documents les plus hallucinants sur l&rsquo;hitl\u00e9risme.<br \/>\n<\/span><\/p>\n<p><span style=\"color: #777777; font-family: Arial;\">Elle explique que c&rsquo;est pr\u00e9cis\u00e9ment pour mieux penser notre temps, \u00ab <span style=\"color: #c00000;\"><strong>un temps de mis\u00e8re communicationnelle<\/strong><span style=\"color: #777777;\"> \u00bb, que Fr\u00e9d\u00e9ric Joly convoque Klemperer. Bien s\u00fbr, rappelle-t-il, on ne saurait comparer les heures sombres du totalitarisme aux n\u00f4tres. \u00ab <span style=\"color: #c00000;\">Mais si aucune \u00ab\u00a0lourde barre de m\u00e9tal rouill\u00e9\u00a0\u00bb ne p\u00e8se plus sur nous, nous connaissons d&rsquo;autres emp\u00eatrements qui, sans doute parce qu&rsquo;ils ne sont pas synonymes de coercition, ne semblent pas nous pr\u00e9occuper outre mesure<span style=\"color: #777777;\">. \u00bb C&rsquo;est un tort qu&rsquo;il souhaite voir r\u00e9parer en suscitant notre vigilance sur les distorsions inflig\u00e9es aujourd&rsquo;hui \u00e0 la langue et sur nos \u00ab adh\u00e9sions non contraintes \u00e0 des logiques d&rsquo;appauvrissement langagier \u00bb.<br \/>\n<\/span><\/span><\/span><\/span><\/span><\/p>\n<p><span style=\"color: #777777; font-family: Arial;\">Fr\u00e9d\u00e9ric Joly constate d&rsquo;abord une \u00ab <span style=\"color: #c00000;\">brutalisation<span style=\"color: #777777;\"> \u00bb de la langue, un \u00ab <span style=\"color: #c00000;\">ensauvagement<span style=\"color: #777777;\"> \u00bb des mots, dont l&rsquo;injure et la mauvaise foi contre l&rsquo;adversaire, sur les r\u00e9seaux sociaux comme sur les plateaux t\u00e9l\u00e9, sont parmi les sympt\u00f4mes les plus affligeants.<br \/>\n<\/span><\/span><\/span><\/span><\/span><\/p>\n<p><span style=\"color: #777777; font-family: Arial;\">Et la journaliste Marie Lemoine poursuit&nbsp;:<br \/>\n<\/span><\/p>\n<p style=\"margin-left: 28pt;\"><span style=\"color: #c00000; font-family: Arial;\">\u00ab&nbsp;Comment ne pas penser en ce moment m\u00eame aux \u00e9ructations r\u00e9p\u00e9t\u00e9es du Twitter fou de la Maison-Blanche ou d&rsquo;un Bolsonaro enrag\u00e9 ? Dans son r\u00e9cent message de pardon adress\u00e9 \u00e0 la France, suite \u00e0 la tr\u00e8s g\u00eanante passe d&rsquo;armes entre les chefs d&rsquo;Etat fran\u00e7ais et br\u00e9silien au sujet de l&rsquo;Amazonie en feu, l&rsquo;\u00e9crivain Paulo Coehlo relevait \u00ab l&rsquo;hyst\u00e9risme \u00bb langagier de Jair Bolsonaro, dans lequel il percevait, \u00e0 juste titre, une manifestation du \u00ab moment de t\u00e9n\u00e8bres \u00bb que traverse son pays.<br \/>\n<\/span><\/p>\n<p style=\"margin-left: 28pt;\"><span style=\"color: #c00000; font-family: Arial;\">Joly ne peut, en outre, que remarquer la puissante impr\u00e9gnation dans nos structures mentales, et donc dans nos vocabulaires, du monde \u00e9conomique et du \u00ab management \u00bb, mais aussi de la programmation et de la m\u00e9canisation. On doit ainsi \u00ab <strong>profiter<\/strong> \u00bb de ses amis, de son temps, de toute occasion ; il faut sans cesse chercher \u00e0 \u00ab <strong>s&rsquo;optimiser<\/strong> \u00bb, \u00e0 \u00ab <strong>augmenter<\/strong> \u00bb ses capacit\u00e9s et son bonheur ; on va \u00ab <strong>reprogrammer<\/strong> \u00bb son cerveau, \u00ab <strong>g\u00e9re<\/strong>r \u00bb sa vie et ses \u00e9motions\u2026 [\u2026].<br \/>\n<\/span><\/p>\n<p><span style=\"color: #777777; font-family: Arial;\">J&rsquo;ai toujours d\u00e9test\u00e9 utiliser le verbe \u00ab&nbsp;profiter&nbsp;\u00bb pour une autre raison que celle \u00e0 laquelle il est essentiellement destin\u00e9&nbsp;: le profit capitalistique. On ne profite pas de ses amis, on les rencontre, on remplit l&rsquo;\u00e9change d&rsquo;informations, de sens et d&rsquo;affect. Les mots de l&rsquo;\u00e9conomie et du march\u00e9 nous polluent.<br \/>\n<\/span><\/p>\n<p><span style=\"color: #777777; font-family: Arial;\">Et Marie Lemoine de conclure&nbsp;:<br \/>\n<\/span><\/p>\n<p style=\"margin-left: 28pt;\"><span style=\"color: #c00000; font-family: Arial;\">Mais \u00e0 la phras\u00e9ologie n\u00e9olib\u00e9rale, reprise comme un seul homme par tous les gourous de la psychologie positive, Joly ajoute la grave r\u00e9duction du langage \u00e0 sa seule fonction communicationnelle. Or, avant d&rsquo;\u00eatre un outil de communication \u2013 ce qu&rsquo;il est, bien s\u00fbr \u2013, le langage \u00ab signifie \u00bb. Tirer le langage \u00ab vers le signal \u00bb, d\u00e9livrer un message \u00e0 tous les coups univoque, voil\u00e0 qui est tuer toute possibilit\u00e9 d&rsquo;interpr\u00e9tation, ou d&rsquo;implicite. C&rsquo;est, au fond, une attaque contre la culture, la civilisation, toute l&rsquo;humanit\u00e9. \u00ab <strong>La d\u00e9gradation de la Raison : voil\u00e0 la racine du mal<\/strong> \u00bb, concluait Klemperer en juillet 1945.<br \/>\n<\/span><\/p>\n<p style=\"margin-left: 28pt;\"><span style=\"color: #c00000; font-family: Arial;\"> Or appauvrir une langue, contribuer \u00e0 son appauvrissement, quels que soient les mobiles d&rsquo;une telle op\u00e9ration (volont\u00e9 de domestication politique, de facilitation ou de simplification de l&rsquo;argumentation, de \u00ab\u00a0fluidification\u00a0\u00bb des \u00e9changes), c&rsquo;est l&rsquo;obscurcir et se condamner \u00e0 mal communiquer \u00bb, d\u00e9plore l&rsquo;essayiste. Pire, c&rsquo;est perdre l&rsquo;id\u00e9e de la v\u00e9rit\u00e9, puisque la v\u00e9rit\u00e9 \u00ab est une fonction permanente du langage \u00bb. Aussi, pour Fr\u00e9d\u00e9ric Joly, n&rsquo;y a-t-il pas lieu de s&rsquo;\u00e9tonner de ce climat de d\u00e9fiance g\u00e9n\u00e9ralis\u00e9e quant au langage argument\u00e9 et aux v\u00e9rit\u00e9s qui semblaient jusque-l\u00e0 \u00e9tablies. A l&rsquo;\u00e8re de la post-v\u00e9rit\u00e9, les professionnels du brouillage entre le vrai et le faux sont l\u00e9gion.<br \/>\n<\/span><\/p>\n<p style=\"margin-left: 28pt;\"><span style=\"color: #c00000; font-family: Arial;\">\u00ab <strong>Nos soci\u00e9t\u00e9s du \u00ab\u00a0bullshit\u00a0\u00bb ne bannissent pas la v\u00e9rit\u00e9 : elles la consid\u00e8rent seulement comme inutile. En cela, elles ne diff\u00e8rent pas spectaculairement de la soci\u00e9t\u00e9 d\u00e9crite par Klemperer<\/strong>. \u00bb<br \/>\n<\/span><\/p>\n<p style=\"margin-left: 28pt;\"><span style=\"color: #c00000; font-family: Arial;\">Puisse cet avertissement ne pas demeurer un vain mot. Parce qu&rsquo;aucun mot ne l&rsquo;est.&nbsp;\u00bb<br \/>\n<\/span><\/p>\n<p><span style=\"color: #777777; font-family: Arial;\">Nous ne sommes pas assez vigilants dans notre quotidien de ce que signifient les mots utilis\u00e9s pour d\u00e9crire une situation.<br \/>\n<\/span><\/p>\n<p><a href=\"https:\/\/lemotdujour.fr\/?p=1700\"><span style=\"font-family: Arial;\"><span style=\"color: #0000ff;\">&lt;Le mot du jour du 26 avril 2016&gt;<\/span> <\/span><\/a><span style=\"color: #777777; font-family: Arial;\">&nbsp;: d\u00e9veloppait cette remarque de Paul Jorion&nbsp;: \u00ab&nbsp;<strong>Le salaire est une charge, un co\u00fbt, quelque chose de n\u00e9gatif qu&rsquo;il faut r\u00e9duire. Les dividendes des actionnaires et les bonus des patrons sont des parts de profit donc positifs. Le m\u00e9pris du salari\u00e9, c&rsquo;est dans nos r\u00e8gles comptables qu&rsquo;il est inscrit<\/strong>.\u00bb<br \/>\n<\/span><\/p>\n<p><span style=\"color: #777777; font-family: Arial;\">Ainsi parler de la charge salariale c&rsquo;est induire un type de raisonnement et de priorit\u00e9, alors qu&rsquo;on pourrait parler de l&rsquo;investissement salariale pour d\u00e9crire ce que repr\u00e9sente pour l&rsquo;entreprise le fait de faire confiance \u00e0 un salari\u00e9 et de le payer.<br \/>\n<\/span><\/p>\n<p><span style=\"color: maroon; font-family: Arial;\">&lt;1292&gt;<\/span><\/p>\n","protected":false},"excerpt":{"rendered":"<p>\u00ab Un temps de mis\u00e8re communicationnelle \u00bb Fr\u00e9d\u00e9ric Joly Vendredi dernier j&rsquo;\u00e9voquais l&rsquo;ouvrage de Victor Klemperer \u00ab LTI. La langue du IIIe Reich \u00bb et le livre r\u00e9cent de Fr\u00e9d\u00e9ric Joly \u00ab la Langue confisqu\u00e9e \u00bb consacr\u00e9e \u00e0 une relecture<\/p>\n","protected":false},"author":1,"featured_media":0,"comment_status":"open","ping_status":"closed","sticky":false,"template":"","format":"standard","meta":{"footnotes":""},"categories":[1],"tags":[62,154,3],"class_list":["post-7323","post","type-post","status-publish","format-standard","hentry","category-motdujour","tag-management","tag-philologie","tag-politique"],"_links":{"self":[{"href":"https:\/\/lemotdujour.fr\/index.php?rest_route=\/wp\/v2\/posts\/7323","targetHints":{"allow":["GET"]}}],"collection":[{"href":"https:\/\/lemotdujour.fr\/index.php?rest_route=\/wp\/v2\/posts"}],"about":[{"href":"https:\/\/lemotdujour.fr\/index.php?rest_route=\/wp\/v2\/types\/post"}],"author":[{"embeddable":true,"href":"https:\/\/lemotdujour.fr\/index.php?rest_route=\/wp\/v2\/users\/1"}],"replies":[{"embeddable":true,"href":"https:\/\/lemotdujour.fr\/index.php?rest_route=%2Fwp%2Fv2%2Fcomments&post=7323"}],"version-history":[{"count":3,"href":"https:\/\/lemotdujour.fr\/index.php?rest_route=\/wp\/v2\/posts\/7323\/revisions"}],"predecessor-version":[{"id":9238,"href":"https:\/\/lemotdujour.fr\/index.php?rest_route=\/wp\/v2\/posts\/7323\/revisions\/9238"}],"wp:attachment":[{"href":"https:\/\/lemotdujour.fr\/index.php?rest_route=%2Fwp%2Fv2%2Fmedia&parent=7323"}],"wp:term":[{"taxonomy":"category","embeddable":true,"href":"https:\/\/lemotdujour.fr\/index.php?rest_route=%2Fwp%2Fv2%2Fcategories&post=7323"},{"taxonomy":"post_tag","embeddable":true,"href":"https:\/\/lemotdujour.fr\/index.php?rest_route=%2Fwp%2Fv2%2Ftags&post=7323"}],"curies":[{"name":"wp","href":"https:\/\/api.w.org\/{rel}","templated":true}]}}