{"id":732,"date":"2014-06-12T02:00:00","date_gmt":"2014-06-11T22:00:00","guid":{"rendered":"http:\/\/lemotdujour.fr\/?p=732"},"modified":"2017-05-08T13:22:16","modified_gmt":"2017-05-08T11:22:16","slug":"jeudi-12062014","status":"publish","type":"post","link":"https:\/\/lemotdujour.fr\/?p=732","title":{"rendered":"Jeudi 12\/06\/2014"},"content":{"rendered":"<div class=\"mdjDate\">Jeudi 12\/06\/2014<\/div>\n<div class=\"mdjTexte\">\u00abOn a rarement vu si \u00e9troitement rapproch\u00e9<br \/>[que pour cette coupe du monde au Br\u00e9sil]<br \/>l&rsquo;arrogance de la richesse et du marketing<br \/>et l&rsquo;urgence de la pauvret\u00e9 et du d\u00e9veloppement\u00bb<\/div>\n<div class=\"mdjAuteur\">Thierry Pech<\/div>\n<div class=\"mdjComplements\">En conclusion de l&rsquo;\u00e9mission l&rsquo;Esprit Public du 08\/06\/2014, d\u00e9j\u00e0 donn\u00e9 en lien lors du mot du jour d&rsquo;hier: La coupe du monde de football commence \u00ab\u00a0Panem et circenses\u00a0\u00bb disait les Romains.<\/div>\n<div class=\"mdjComplements\">Aujourd&rsquo;hui nous dirons plut\u00f4t \u00e0 \u00ab\u00a0Business et circences\u00a0\u00bb pour beaucoup notamment au Br\u00e9sil le Panem peut attendre.<\/div>\n<div class=\"mdjComplements\">Je cite Thierry Pech :<\/div>\n<div class=\"mdjCiter\">\u00abJ&rsquo;aime profond\u00e9ment le football<\/div>\n<div class=\"mdjCiter\">Mais je suis retourn\u00e9 et boulevers\u00e9<\/div>\n<div class=\"mdjCiter\">par l&#8217;emprise du business le plus sordide<\/div>\n<div class=\"mdjCiter\">sur cette grande passion populaire<\/div>\n<div class=\"mdjCiter\">Ce qui se passe actuellement au Br\u00e9sil est tr\u00e8s<\/div>\n<div class=\"mdjCiter\">d\u00e9cevant pour tous ceux qui aiment ce sport.<\/div>\n<div class=\"mdjCiter\">On a rarement vu si \u00e9troitement rapproch\u00e9<\/div>\n<div class=\"mdjCiter\">l&rsquo;arrogance de la richesse et du marketing<\/div>\n<div class=\"mdjCiter\">et l&rsquo;urgence de la pauvret\u00e9 et du d\u00e9veloppement\u00bb<\/div>\n<div class=\"mdjComplements\">Je suppose que pour celles et ceux qui n&rsquo;aiment pas le football, le sentiment de rejet est encore pire.<\/div>\n<div class=\"mdjComplements\">Ce ne sont pas les joueurs qui sont en r\u00e9alit\u00e9 en cause.<\/div>\n<div class=\"mdjComplements\">Aucun joueur ne pose un revolver sur la tempe des d\u00e9cideurs pour obtenir ces salaires.<\/div>\n<div class=\"mdjComplements\">Eux ne sont que des objets de transfert, de sp\u00e9culation, de surench\u00e8re.<\/div>\n<div class=\"mdjComplements\">Ce qui est en cause c&rsquo;est la clique des hommes d&rsquo;affaires qui gravitent autour de ce sport et ont fait de ce jeu une immense maison de lucre autour de laquelle gravite des hommes riches voulant avoir un jouet m\u00e9diatique, des hommes dont le principal m\u00e9rite est d&rsquo;\u00eatre n\u00e9 sur un sol dont le sous-sol regorge de la drogue de notre civilisation shoot\u00e9e \u00e0 l&rsquo;\u00e9nergie, des fonds sp\u00e9culatifs, et enfin de vrais r\u00e9seaux mafieux.<\/div>\n<div class=\"mdjComplements\">Pour donner quelques \u00e9l\u00e9ments encore plus concrets <a href=\"http:\/\/abonnes.lemonde.fr\/les-decodeurs\/article\/2014\/06\/08\/la-folie-des-salaires-stars-du-football_4433919_4355770.html\">&lt;Cet article trouv\u00e9 sur un blog du Monde.&gt;<\/a><\/div>\n<div class=\"mdjComplements\">O\u00f9 en apprend entre autre : qu&rsquo;en 1980 Michel Platini gagnait 16 fois le revenu moyen en France<\/div>\n<div class=\"mdjComplements\">Aujourd&rsquo;hui Blaise Matuidi, un joueur parmi d&rsquo;autres du PSG, gagne 390 fois le revenu moyen en 2014.<\/div>\n<div class=\"mdjComplements\">Ind\u00e9cent&#8230;.<\/div>\n","protected":false},"excerpt":{"rendered":"<p>Jeudi 12\/06\/2014 \u00abOn a rarement vu si \u00e9troitement rapproch\u00e9[que pour cette coupe du monde au Br\u00e9sil]l&rsquo;arrogance de la richesse et du marketinget l&rsquo;urgence de la pauvret\u00e9 et du d\u00e9veloppement\u00bb Thierry Pech En conclusion de l&rsquo;\u00e9mission l&rsquo;Esprit Public du 08\/06\/2014, d\u00e9j\u00e0<\/p>\n","protected":false},"author":1,"featured_media":0,"comment_status":"closed","ping_status":"closed","sticky":false,"template":"","format":"standard","meta":{"footnotes":""},"categories":[1],"tags":[],"class_list":["post-732","post","type-post","status-publish","format-standard","hentry","category-motdujour"],"_links":{"self":[{"href":"https:\/\/lemotdujour.fr\/index.php?rest_route=\/wp\/v2\/posts\/732","targetHints":{"allow":["GET"]}}],"collection":[{"href":"https:\/\/lemotdujour.fr\/index.php?rest_route=\/wp\/v2\/posts"}],"about":[{"href":"https:\/\/lemotdujour.fr\/index.php?rest_route=\/wp\/v2\/types\/post"}],"author":[{"embeddable":true,"href":"https:\/\/lemotdujour.fr\/index.php?rest_route=\/wp\/v2\/users\/1"}],"replies":[{"embeddable":true,"href":"https:\/\/lemotdujour.fr\/index.php?rest_route=%2Fwp%2Fv2%2Fcomments&post=732"}],"version-history":[{"count":1,"href":"https:\/\/lemotdujour.fr\/index.php?rest_route=\/wp\/v2\/posts\/732\/revisions"}],"predecessor-version":[{"id":733,"href":"https:\/\/lemotdujour.fr\/index.php?rest_route=\/wp\/v2\/posts\/732\/revisions\/733"}],"wp:attachment":[{"href":"https:\/\/lemotdujour.fr\/index.php?rest_route=%2Fwp%2Fv2%2Fmedia&parent=732"}],"wp:term":[{"taxonomy":"category","embeddable":true,"href":"https:\/\/lemotdujour.fr\/index.php?rest_route=%2Fwp%2Fv2%2Fcategories&post=732"},{"taxonomy":"post_tag","embeddable":true,"href":"https:\/\/lemotdujour.fr\/index.php?rest_route=%2Fwp%2Fv2%2Ftags&post=732"}],"curies":[{"name":"wp","href":"https:\/\/api.w.org\/{rel}","templated":true}]}}