{"id":7300,"date":"2019-10-17T02:32:36","date_gmt":"2019-10-17T00:32:36","guid":{"rendered":"http:\/\/lemotdujour.fr\/?p=7300"},"modified":"2020-06-12T19:16:36","modified_gmt":"2020-06-12T17:16:36","slug":"jeudi-17-octobre-2019","status":"publish","type":"post","link":"https:\/\/lemotdujour.fr\/?p=7300","title":{"rendered":"Jeudi 17 octobre 2019"},"content":{"rendered":"<div class=\"mdjTexte\">\u00ab Quand ils ont peur, c\u2019est pour eux-m\u00eames. Mais leur haine est pour les autres. \u00bb<\/div>\n<div class=\"mdjAuteur\">Albert Camus, \u00c9tat de si\u00e8ge<\/div>\n<p><span style=\"color: #777777; font-family: Arial;\">Et quelques politiciens, proches de Marion Mar\u00e9chal qui ne veut plus qu&rsquo;on accole \u00e0 son nom celui de la famille \u00abLe Pen\u00bb, dont elle est issue, ont donc organis\u00e9 une : \u00ab convention de la droite \u00bb le 28 septembre 2019.<br \/>\n<\/span><\/p>\n<p><span style=\"color: #777777; font-family: Arial;\">Soyons pr\u00e9cis ce rassemblement qui a r\u00e9uni un millier de personne dans le 15<sup>\u00e8me<\/sup> arrondissement de Paris, dans une salle d\u00e9di\u00e9e \u00e0 l&rsquo;organisation d&rsquo;\u00abop\u00e9rations \u00e0 caract\u00e8re festif \u00bb et r\u00e9pondant au nom de \u00ab La Palmeraie \u00bb a \u00e9t\u00e9 organis\u00e9e par le magazine \u00ab L&rsquo;Incorrect \u00bb et des associations \u00ab Racines d&rsquo;avenir \u00bb et \u00ab Cercle Audace \u00bb. D\u00e9j\u00e0 leurs titres constituent un programme.<br \/>\n<\/span><\/p>\n<p><span style=\"color: #777777; font-family: Arial;\">Cet \u00e9v\u00e8nement n&rsquo;a pas attir\u00e9 de femmes ou d&rsquo;hommes politiques de premier plan, mais il y avait un invit\u00e9 particulier qui est mont\u00e9 sur la tribune, a agripp\u00e9 le pupitre et a lu un discours d&rsquo;une demi-heure, courb\u00e9 sur ses feuilles.<br \/>\n<\/span><\/p>\n<p><span style=\"color: #777777; font-family: Arial;\">On parle beaucoup de ce discours en raison de son contenu et aussi parce que la cha\u00eene de t\u00e9l\u00e9vision LCI a retransmis l&rsquo;int\u00e9gralit\u00e9 de ce discours.<br \/>\n<\/span><\/p>\n<p><span style=\"color: #777777; font-family: Arial;\">Peut-\u00eatre que cette cha\u00eene avait la conviction qu&rsquo;elle \u00e9tait en train de retransmettre un moment d&rsquo;Histoire\u2026 j&rsquo;esp\u00e8re que non&nbsp;!<br \/>\n<\/span><\/p>\n<p><span style=\"color: #777777; font-family: Arial;\">Plus probablement esp\u00e9rait-elle faire de l&rsquo;audience, de sorte de pouvoir b\u00e9n\u00e9ficier de la manne publicitaire.<br \/>\n<\/span><\/p>\n<p><span style=\"color: #777777; font-family: Arial;\">Et c&rsquo;est ainsi qu&rsquo;Eric Zemmour a r\u00e9v\u00e9l\u00e9 \u00e0 la salle mi-conquise, mi-sceptique, car elle trouvait peut-\u00eatre qu&rsquo;il exag\u00e9rait un peu, l&rsquo;existence d&rsquo;\u00ab&nbsp;<span style=\"color: #c00000;\">Une guerre d&rsquo;extermination de l&rsquo;homme blanc h\u00e9t\u00e9rosexuel<span style=\"color: #777777;\">&nbsp;\u00bb<br \/>\n<\/span><\/span><\/span><\/p>\n<p><span style=\"color: #777777; font-family: Arial;\">A d&rsquo;autres moments du discours il ajoutait l&rsquo;appartenance religieuse&nbsp;: catholique, comme par exemple&nbsp;:<br \/>\n<\/span><\/p>\n<p style=\"margin-left: 28pt;\"><span style=\"color: #c00000; font-family: Arial;\">\u00ab&nbsp;L&rsquo;homme blanc h\u00e9t\u00e9rosexuel catholique n&rsquo;est pas attaqu\u00e9 parce qu&rsquo;il est trop fort, mais parce qu&rsquo;il est trop faible, non parce qu&rsquo;il est assez tol\u00e9rant, mais parce qu&rsquo;il l&rsquo;est trop.&nbsp;\u00bb<br \/>\n<\/span><\/p>\n<p><span style=\"color: #777777; font-family: Arial;\">Cette fois nous ne sommes plus dans le concept, mais devant une question pratique&nbsp;: les droits de l&rsquo;homme et la libert\u00e9 d&rsquo;opinion doivent-ils autoriser Eric Zemmour \u00e0 s&rsquo;exprimer&nbsp;?<br \/>\n<\/span><\/p>\n<p><span style=\"color: #777777; font-family: Arial;\">Poser la question de cette mani\u00e8re et apr\u00e8s les mots du jour pr\u00e9c\u00e9dents la r\u00e9ponse ne saurait \u00eatre que Oui.<br \/>\n<\/span><\/p>\n<p><span style=\"color: #777777; font-family: Arial;\">Certains propos constituent des d\u00e9lits et peuvent faire l&rsquo;objet de sanction p\u00e9nale. D&rsquo;ailleurs Eric Zemmour a \u00e9t\u00e9 d\u00e9finitivement condamn\u00e9, apr\u00e8s une longue proc\u00e9dure jusqu&rsquo;\u00e0 la Cour de Cassation qui a confirm\u00e9, le 19 septembre 2019, la condamnation pour provocation \u00e0 la haine religieuse apr\u00e8s des propos anti-musulmans tenus dans le cadre de l&rsquo;\u00e9mission \u00ab\u2009C \u00e0 vous\u2009\u00bb diffus\u00e9e le 6&nbsp;septembre 2016 sur France 5.<br \/>\n<\/span><\/p>\n<p><span style=\"color: #777777; font-family: Arial;\">Il ne faut donc pas de censure pr\u00e9alable, mais laisser dire puis condamner, s&rsquo;il y a lieu.<br \/>\n<\/span><\/p>\n<p><span style=\"color: #777777; font-family: Arial;\">Mais il faut \u00e9couter et essayer de comprendre ce qu&rsquo;il dit.<br \/>\n<\/span><\/p>\n<p><span style=\"color: #777777; font-family: Arial;\">Son intervention int\u00e9grale, se trouve derri\u00e8re &lt;<span style=\"color: #0000ff;\"><a style=\"color: #0000ff;\" href=\"https:\/\/www.youtube.com\/watch?v=ShnG7yThD7o\">ce lien<\/a><\/span>&gt;.<br \/>\n<\/span><\/p>\n<p><span style=\"color: #777777; font-family: Arial;\">Il faut bien s\u00fbr analyser et d\u00e9crypter.<br \/>\n<\/span><\/p>\n<p><span style=\"color: #777777; font-family: Arial;\">D&rsquo;abord \u00ab <strong>extermination<\/strong> \u00bb. Si comme moi, vous \u00eates un homme blanc h\u00e9t\u00e9rosexuel et qu&rsquo;on vous dit qu&rsquo;on veut donc vous exterminer, il est tr\u00e8s possible qu&rsquo;apr\u00e8s un haussement d&rsquo;\u00e9paule, cette phrase vous revienne et commence \u00e0 instiller le doute : et s&rsquo;il avait raison ?<br \/>\n<\/span><\/p>\n<p><span style=\"color: #777777; font-family: Arial;\">Si vous \u00eates sur cette pente, vous allez rapidement essayer de d\u00e9terminer qui sont ceux qui voudraient vous exterminer. Et un peu plus loin vous allez regarder ces exterminateurs potentiels avec suspicion, peut-\u00eatre crainte, bient\u00f4t avec ressentiment et dans ce cas la voie de la haine est proche.<br \/>\n<\/span><\/p>\n<p><span style=\"color: #777777; font-family: Arial;\">Quand vous dite \u00e0 quelqu&rsquo;un qu&rsquo;il va \u00eatre extermin\u00e9, vous devez vous attendre qu&rsquo;il r\u00e9agisse et qu&rsquo;il ne se laisse pas faire. Une pulsion assez basique consisterait \u00e0 exterminer les exterminateurs\u2026<br \/>\n<\/span><\/p>\n<p><span style=\"color: #777777; font-family: Arial;\">Nous sommes clairement dans une logique de guerre civile.<br \/>\n<\/span><\/p>\n<p><span style=\"color: #777777; font-family: Arial;\">L&rsquo;homme courb\u00e9 sur son pupitre d\u00e9signe tr\u00e8s clairement les exterminateurs, ils sont dans deux camps d&rsquo;un c\u00f4t\u00e9 \u00ab&nbsp;<strong>les progressistes<\/strong>&nbsp;\u00bb, de l&rsquo;autre \u00ab&nbsp;<strong>les musulmans<\/strong>&nbsp;\u00bb. Et l&rsquo;homme blanc h\u00e9t\u00e9rosexuel catholique est<br \/>\n<\/span><\/p>\n<p style=\"margin-left: 28pt;\"><span style=\"color: #c00000; font-family: Arial;\">\u00ab&nbsp;[\u2026] ainsi pris entre l&rsquo;enclume et le marteau de deux universalismes&nbsp;\u00bb<br \/>\n<\/span><\/p>\n<p><span style=\"color: #777777; font-family: Arial;\">M\u00eame si \u00ab&nbsp;les musulmans&nbsp;\u00bb en tant que communaut\u00e9 homog\u00e8ne n&rsquo;existent pas. Ce qui existe ce sont \u00ab&nbsp;des musulmans&nbsp;\u00bb dans leurs diversit\u00e9s. Mais on comprend \u00e0 peu pr\u00e8s l&rsquo;amalgame qu&rsquo;il fait pour d\u00e9signer ce premier groupe qui constitue peut-\u00eatre, dans son esprit, le marteau<br \/>\n<\/span><\/p>\n<p><span style=\"color: #777777; font-family: Arial;\">Mais les \u00ab progressistes \u00bb ceux qui seraient alors l&rsquo;enclume sur laquelle reposerait notre t\u00eate pour que le marteau puisse l&rsquo;\u00e9craser dans l&rsquo;entreprise d&rsquo;extermination, qui sont-ils ?<br \/>\n<\/span><\/p>\n<p><span style=\"color: #777777; font-family: Arial;\">Voici ce que dit \u00c9ric Zemmour.<br \/>\n<\/span><\/p>\n<p style=\"margin-left: 28pt;\"><span style=\"color: #c00000; font-family: Arial;\">\u00ab Progressisme : la religion du progr\u00e8s, un mill\u00e9narisme qui fait de l&rsquo;individu un dieu et de ses volont\u00e9s jusqu&rsquo;aux caprices un droit sacr\u00e9 et divin. Le progressisme est un mat\u00e9rialisme divinis\u00e9 qui croit que les hommes sont des \u00eatres indiff\u00e9renci\u00e9s, interchangeables, sans sexes ni racines, des \u00eatres enti\u00e8rement construits comme des Legos et qui peuvent \u00eatre donc d\u00e9construits par des d\u00e9miurges. [\u2026]<br \/>\n<\/span><\/p>\n<p style=\"margin-left: 28pt;\"><span style=\"color: #c00000; font-family: Arial;\">Le progressisme est un messianisme s\u00e9cularis\u00e9, comme le furent le jacobinisme, le communisme, le fascisme, le nazisme, le n\u00e9olib\u00e9ralisme ou le droit-de-l&rsquo;hommisme. Le progressisme est une r\u00e9volution. D&rsquo;ailleurs, souvenez-vous, le livre de campagne de notre cher pr\u00e9sident s&rsquo;appelait R\u00e9volution. Une r\u00e9volution ne supporte aucun obstacle, aucun retard, aucun \u00e9tat d&rsquo;\u00e2me. Robespierre nous a appris qu&rsquo;il fallait tuer les m\u00e9chants. L\u00e9nine et Staline ont rajout\u00e9 qu&rsquo;il fallait aussi tuer les gentils. La soci\u00e9t\u00e9 progressiste au nom de la libert\u00e9 est une soci\u00e9t\u00e9 liberticide. Pas de libert\u00e9 pour les ennemis de la libert\u00e9. Le cri de Saint-Just est toujours \u00e0 son programme. Depuis les Lumi\u00e8res, depuis la R\u00e9volution fran\u00e7aise, depuis la r\u00e9volution de 17, jusqu&rsquo;\u00e0 m\u00eame la IIIe R\u00e9publique avec ses radicaux fran\u00e7-macs, jusqu&rsquo;\u00e0 aujourd&rsquo;hui, c&rsquo;est toujours le m\u00eame progressisme&nbsp;: la libert\u00e9 c&rsquo;est pour eux, pas pour les autres.&nbsp;[\u2026]&nbsp;\u00bb<br \/>\n<\/span><\/p>\n<p><span style=\"color: #777777; font-family: Arial;\">Il ajoute que ce mill\u00e9narisme dispose d&rsquo;outils de diffusion, de \u00ab&nbsp;propagande&nbsp;\u00bb dit-il et pour que ce soit clair pour le \u00ab&nbsp;mal-comprenant&nbsp;\u00bb il cite Goebbels, le ministre de la propagande de Hitler afin que le lien avec le nazisme tombe dans l&rsquo;\u00e9vidence&nbsp;:<br \/>\n<\/span><\/p>\n<p style=\"margin-left: 28pt;\"><span style=\"color: #c00000; font-family: Arial;\">\u00ab&nbsp;appareil de propagande&nbsp;qui r\u00e9unit la t\u00e9l\u00e9vision, la radio, le cin\u00e9ma, la publicit\u00e9, sans oublier les chiens de garde d&rsquo;Internet.&nbsp;Son efficacit\u00e9 fait passer Goebbels pour un modeste artisan et Joseph Staline pour un d\u00e9butant timor\u00e9.&nbsp;Le progressisme, c&rsquo;est l&rsquo;omnipr\u00e9sence de la parole soi-disant libre, servie par une technologie d&rsquo;une puissance de diffusion jamais vue dans l&rsquo;histoire mais en m\u00eame temps, comme ils aiment dire, un appareil r\u00e9pressif de plus en plus sophistiqu\u00e9 pour la canaliser et la censurer.&nbsp;\u00bb<br \/>\n<\/span><\/p>\n<p><span style=\"color: #777777; font-family: Arial;\">Dans ce progressisme il classe aussi le&nbsp;:<br \/>\n<\/span><\/p>\n<p style=\"margin-left: 28pt;\"><span style=\"color: #c00000; font-family: Arial;\">\u00ab&nbsp;libre \u00e9change mondialis\u00e9&nbsp;[\u2026]&nbsp;la sainte cause des minorit\u00e9s&nbsp;\u00bb sexuelles et ethniques de l&rsquo;extr\u00eame gauche.&nbsp;\u00bb<br \/>\n<\/span><\/p>\n<p><span style=\"color: #777777; font-family: Arial;\">L&rsquo;ennemi du progressisme ainsi d\u00e9fini est donc :<br \/>\n<\/span><\/p>\n<p style=\"margin-left: 28pt;\"><span style=\"color: #c00000; font-family: Arial;\">\u00abLe seul ennemi \u00e0 abattre, c&rsquo;\u00e9tait l&rsquo;homme blanc h\u00e9t\u00e9rosexuel catholique [\u2026] Le seul \u00e0 qui l&rsquo;on fait porter le poids du p\u00e9ch\u00e9 mortel de la colonisation, de l&rsquo;esclavage, de la p\u00e9dophilie, du capitalisme, du saccage de la plan\u00e8te, le seul \u00e0 qui on interdit les comportements les plus naturels de la virilit\u00e9 depuis la nuit des temps au nom de la n\u00e9cessaire lutte contre les pr\u00e9jug\u00e9s de genre, le seul \u00e0 qui on arrache son r\u00f4le de p\u00e8re, le seul qu&rsquo;on transforme au mieux en seconde m\u00e8re ou au pire en gam\u00e8te, le seul qu&rsquo;on accuse de violences conjugales, le seul qu&rsquo;on balance comme un porc. \u00bb<br \/>\n<\/span><\/p>\n<p><span style=\"color: #777777; font-family: Arial;\">Noter qu&rsquo;entre autre combat, il d\u00e9fend aussi \u00ab&nbsp;les comportements les plus naturels de la virilit\u00e9 depuis la nuit des temps&nbsp;\u00bb.<br \/>\n<\/span><\/p>\n<p><span style=\"color: #777777; font-family: Arial;\">Bien s\u00fbr, il parle des musulmans, de l&rsquo;immigration, du<\/span> <span style=\"font-family: Arial;\"><a href=\"https:\/\/lemotdujour.fr\/?p=2512\"><span style=\"color: #0000ff;\">grand remplacement invent\u00e9 par Renaud Camus<\/span>, <\/a><\/span><span style=\"color: #777777; font-family: Arial;\"> et de l&rsquo;inversion de la colonisation<br \/>\n<\/span><\/p>\n<p style=\"margin-left: 28pt;\"><span style=\"color: #c00000; font-family: Arial;\">\u00ab&nbsp;Le dynamisme d\u00e9mographique de notre continent a permis aux Blancs de coloniser le monde. Ils ont extermin\u00e9 les Indiens et les Aborig\u00e8nes, asservi les Africains. Aujourd&rsquo;hui, nous vivons une inversion d\u00e9mographique, qui entra\u00eene une inversion des courants migratoires, qui entra\u00eene une inversion de la colonisation. Je vous laisse deviner qui seront leurs Indiens et leurs esclaves : c&rsquo;est vous&nbsp;! [\u2026au ] triptyque d&rsquo;antan&nbsp;&#8211; immigration, int\u00e9gration, assimilation &#8211; s&rsquo;est substitu\u00e9 invasion, colonisation, occupation&nbsp;\u00bb.<br \/>\n<\/span><\/p>\n<p style=\"margin-left: 28pt;\"><span style=\"color: #c00000; font-family: Arial;\">[\u2026] nous sommes ainsi pris entre l&rsquo;enclume et le marteau de deux universalismes qui \u00e9crasent nos nations, nos peuples, nos territoires, nos traditions, nos modes de vie, nos cultures&nbsp;: d&rsquo;un c\u00f4t\u00e9, l&rsquo;universalisme marchand qui, au nom des droits de l&rsquo;homme, asservi nos cerveaux pour les transformer en zombies d\u00e9racin\u00e9s&nbsp;; de l&rsquo;autre, l&rsquo;universalisme islamique qui tire profit tr\u00e8s habilement de notre religion des droits de l&rsquo;homme pour prot\u00e9ger son op\u00e9ration d&rsquo;occupation et de colonisation de portions du territoire fran\u00e7ais qu&rsquo;il transforme peu \u00e0 peu, gr\u00e2ce au poids du nombre et de la loi religieuse, en enclave \u00e9trang\u00e8re.&nbsp;(\u2026)&nbsp;Ces deux universalismes, ces deux mondialismes, sont deux totalitarismes.&nbsp;\u00bb<br \/>\n<\/span><\/p>\n<p><span style=\"color: #777777; font-family: Arial;\">Pour r\u00e9pondre \u00e0 cette menace, il remet au centre du d\u00e9bat et du combat&nbsp;: \u00ab&nbsp;l&rsquo;identit\u00e9&nbsp;\u00bb<br \/>\n<\/span><\/p>\n<p style=\"margin-left: 28pt;\"><span style=\"color: #c00000; font-family: Arial;\">\u00ab&nbsp;Je ne dis pas que la question de l&rsquo;identit\u00e9 est la seule qui nous soit pos\u00e9e, je ne dis pas que l&rsquo;\u00e9conomie n&rsquo;existe pas (\u2026), je pr\u00e9tends seulement que la question identitaire du peuple fran\u00e7ais les pr\u00e9c\u00e8de toutes, qu&rsquo;elle pr\u00e9existe \u00e0 toutes, m\u00eame \u00e0 celle de la souverainet\u00e9. C&rsquo;est une question de vie ou de mort&nbsp;[\u2026]&nbsp;Nous devons savoir que la question du peuple fran\u00e7ais est existentielle quand les autres rel\u00e8vent des moyens d&rsquo;existence. Les jeunes Fran\u00e7ais seront-ils majoritaires sur la terre de leurs anc\u00eatres&nbsp;? Je r\u00e9p\u00e8te cette question car jamais elle n&rsquo;avait \u00e9t\u00e9 pos\u00e9e avec une telle acuit\u00e9. Dans le pass\u00e9, la France (\u2026) a \u00e9t\u00e9 occup\u00e9e, ran\u00e7onn\u00e9e, asservie, mais jamais son peuple n&rsquo;a \u00e9t\u00e9 menac\u00e9 de remplacement sur son propre sol.&nbsp;[\u2026]&nbsp;Ne croyez pas ceux qui vous mentent depuis 50 ans&nbsp;[\u2026]&nbsp;les optimistes qui vous disent que vous avez tort d&rsquo;avoir peur, vous avez raison d&rsquo;avoir peur, c&rsquo;est votre vie en tant que peuple qui est en jeu&nbsp;\u00bb.<br \/>\n<\/span><\/p>\n<p><span style=\"color: #777777; font-family: Arial;\">Ce sont les mots de la discorde, il instille l&rsquo;id\u00e9e que nous avons \u00e9t\u00e9 envahis, que nous sommes d\u00e9j\u00e0 occup\u00e9s qu&rsquo;il faut donc entrer en r\u00e9sistance, que nous allons \u00eatre colonis\u00e9s et finalement extermin\u00e9s, c&rsquo;est \u00e0 dire dispara\u00eetre.<br \/>\n<\/span><\/p>\n<p><span style=\"color: #777777; font-family: Arial;\">Que nous devons avoir peur, que notre vie, en tant que peuple, est menac\u00e9.<br \/>\n<\/span><\/p>\n<p><img decoding=\"async\" class=\"alignleft\" src=\"https:\/\/lemotdujour.fr\/wp-content\/uploads\/2019\/10\/101519_2236_Jeudi17octo1.jpg\" alt=\"\" align=\"left\"><span style=\"color: #777777; font-family: Arial;\">&lt;<a href=\"https:\/\/www.marianne.net\/debattons\/billets\/zemmour-la-haine-et-la-peur\"><span style=\"color: #0000ff;\">Marianne<\/span><\/a>&gt; a donn\u00e9 la parole \u00e0 une philosophe <strong>Marylin Maeso, <\/strong>sp\u00e9cialiste d&rsquo;Albert Camus et auteure d&rsquo;un essai, \u00ab&nbsp;<a href=\"https:\/\/www.editions-observatoire.com\/content\/Les_conspirateurs_du_silence\"><span style=\"color: #0000ff;\">Les conspirateurs du silence&nbsp;<\/span><\/a>\u00bb (L&rsquo;Observatoire).<br \/>\n<\/span><\/p>\n<p><span style=\"color: #777777; font-family: Arial;\">Elle cite Albert Camus qui dans sa pi\u00e8ce de th\u00e9\u00e2tre de 1948 \u00ab&nbsp;<a href=\"https:\/\/www.ledevoir.com\/culture\/theatre\/513290\/l-etat-de-siege-peuple-a-genoux\"><span style=\"color: #0000ff;\">L&rsquo;\u00e9tat de si\u00e8ge<\/span>&nbsp;<\/a>\u00bb \u00e9crit&nbsp;:<br \/>\n<\/span><\/p>\n<p style=\"margin-left: 28pt;\"><span style=\"color: #c00000; font-family: Arial;\">\u00ab&nbsp;Quand ils ont peur, c&rsquo;est pour eux-m\u00eames. Mais leur haine est pour les autres.&nbsp;\u00bb<br \/>\n<\/span><\/p>\n<p><span style=\"color: #777777; font-family: Arial;\">Marylin Maeso ajoute&nbsp;:<br \/>\n<\/span><\/p>\n<p style=\"margin-left: 28pt;\"><span style=\"color: #c00000; font-family: Arial;\">\u00ab&nbsp;Arr\u00eatons-nous sur ce fantasme d&rsquo;une \u00ab\u00a0guerre d&rsquo;extermination de l&rsquo;homme blanc h\u00e9t\u00e9rosexuel catholique\u00a0\u00bb. Le brandir au moment m\u00eame o\u00f9 la Tch\u00e9tch\u00e9nie emprisonne et assassine ses citoyens homosexuels, pendant que la Chine cr\u00e9e des camps o\u00f9 les Ou\u00efghours sont tortur\u00e9s, forc\u00e9s \u00e0 renier leur religion, d\u00e9pouill\u00e9s de leurs organes et tu\u00e9s avec l&rsquo;aval de trente-sept pays n&rsquo;est pas un geste anodin. Les mots ont un sens, et leur d\u00e9tournement, un objectif bien pr\u00e9cis. Cette strat\u00e9gie s&rsquo;appuie sur un double m\u00e9canisme de subversion du langage et d&rsquo;instrumentalisation de l&rsquo;histoire ayant pour but de recouvrir le r\u00e9el d&rsquo;un dangereux voile id\u00e9ologique. En se r\u00e9appropriant une terminologie martiale extr\u00eamement connot\u00e9e (\u00ab\u00a0occupation\u00a0\u00bb, \u00ab\u00a0asservissement\u00a0\u00bb, \u00ab\u00a0extermination\u00a0\u00bb, \u00ab\u00a0propagande [digne de] Goebbels\u00a0\u00bb, etc.) pour la plaquer sur une r\u00e9alit\u00e9 sans commune mesure, Zemmour fait poindre la menace d&rsquo;une guerre civile doubl\u00e9e d&rsquo;une guerre de civilisation, d&rsquo;autant plus meurtri\u00e8re qu&rsquo;elle avance masqu\u00e9e.<br \/>\n<\/span><\/p>\n<p style=\"margin-left: 28pt;\"><span style=\"color: #c00000; font-family: Arial;\">C&rsquo;est la fameuse th\u00e8se du \u00ab\u00a0Grand Remplacement\u00a0\u00bb formul\u00e9e par Renaud Camus, que le pol\u00e9miste n&rsquo;a pas manqu\u00e9 de citer lors de sa conf\u00e9rence, et qui soutient que l&rsquo;immigration est une extermination douce, qui ne passe pas par l&rsquo;industrialisation de la mort de masse mais par la conqu\u00eate silencieuse et fourbe de la natalit\u00e9. Quant \u00e0 l&rsquo;utilisation fallacieuse de l&rsquo;histoire, qu&rsquo;il s&rsquo;agisse du colonialisme ou du nazisme, elle a pour fonction de mobiliser des sch\u00e9mas de pens\u00e9e traumatiques durablement grav\u00e9s dans notre m\u00e9moire collective, de mani\u00e8re \u00e0 optimiser le potentiel de ce que le philosophe Peter Sloterdijk appelle les \u00ab\u00a0affects thymotiques\u00a0\u00bb (col\u00e8re, vengeance, rejet de l&rsquo;autre, etc.) et que Zemmour entend ici exploiter.&nbsp;\u00bb<\/span><\/p>\n<p><span style=\"color: #777777; font-family: Arial;\">Eric Zemmour utilise des mots \u00ab&nbsp;<strong>colonisation<\/strong>&nbsp;\u00bb, \u00ab&nbsp;<strong>invasion<\/strong>&nbsp;\u00bb, \u00ab&nbsp;<strong>occupation<\/strong>&nbsp;\u00bb, \u00ab&nbsp;<strong>extermination<\/strong>&nbsp;\u00bb qui expriment la violence, mais qui surtout font r\u00e9f\u00e9rence \u00e0 des moments historiques tr\u00e8s connot\u00e9s o\u00f9 il y avait d&rsquo;un c\u00f4t\u00e9 le bien et de l&rsquo;autre le mal, des moments tr\u00e8s sombres, d&rsquo;oppression et de guerre.<br \/>\n<\/span><\/p>\n<p><span style=\"color: #777777; font-family: Arial;\">L&rsquo;\u00ab&nbsp;autre&nbsp;\u00bb vous veut du mal, c&rsquo;est un ennemi qu&rsquo;il faut combattre, chasser et s&rsquo;il le faut, tuer.<br \/>\n<\/span><\/p>\n<p><span style=\"color: #777777; font-family: Arial;\">Cette rh\u00e9torique de guerre civile est dangereuse et en outre ne pr\u00e9sente aucune solution viable et \u00e0 long terme.<br \/>\n<\/span><\/p>\n<p><span style=\"color: #777777; font-family: Arial;\">Mais si Zemmour a un si grand succ\u00e8s d&rsquo;audience de t\u00e9l\u00e9vision ou de radio, si ses livres se vendent si bien, c&rsquo;est aussi parce que ses propos trouvent un \u00e9cho chez un grand nombre de nos concitoyens et qu&rsquo;en face une grande partie du discours politique \u00ab&nbsp;des gens raisonnable&nbsp;\u00bb est dans le d\u00e9ni et l&rsquo;\u00e9vitement.<br \/>\n<\/span><\/p>\n<p><span style=\"color: #777777; font-family: Arial;\">Ainsi, quand lors de <span style=\"color: #0000ff;\"><a style=\"color: #0000ff;\" href=\"https:\/\/www.franceculture.fr\/emissions\/lesprit-public\/1-affaire-zemmour-medias-quelle-ligne-de-conduite-face-aux-extremistes-de-tous-bords-2-70-ans-de-la\">l&rsquo;Esprit Public du 6 octobre 2019<\/a><\/span>, Philippe Mani\u00e8re a essay\u00e9 de sugg\u00e9rer que si Eric Zemmour pr\u00f4nait des solutions ineptes et moralement inacceptables, il \u00e9voquait un certain nombre de probl\u00e8mes qui dans des quartiers de France sont r\u00e9els et exasp\u00e8rent un grand nombre de fran\u00e7ais, il s&rsquo;est imm\u00e9diatement fait rabrouer pour dire que tout ceci \u00e9tait faux et que les tableaux excel disaient le contraire. On ne dira jamais assez qu&rsquo;on ne comprend rien aux communaut\u00e9s humaines si on se contente d&rsquo;analyser des tableaux excel.<br \/>\n<\/span><\/p>\n<p><span style=\"color: #777777; font-family: Arial;\">Dire que l&rsquo;\u00e9mergence d&rsquo;un islam militant sur les terres de notre pays parmi les migrants de fraiche date comme dans des populations depuis beaucoup plus longtemps fran\u00e7ais ne pose pas un probl\u00e8me \u00e0 notre R\u00e9publique, \u00e0 notre mani\u00e8re de faire soci\u00e9t\u00e9 et de vivre en soci\u00e9t\u00e9 constitue un d\u00e9ni contreproductif.<br \/>\n<\/span><\/p>\n<p><span style=\"color: #777777; font-family: Arial;\">Quand on dit que l&rsquo;islam peut parfaitement s&rsquo;int\u00e9grer dans la loi de s\u00e9paration de l\u2019\u00c9glise et de l\u2019\u00c9tat de 1905 et que cette Loi est adapt\u00e9e \u00e0 toutes les religions, c&rsquo;est qu&rsquo;on dispose d&rsquo;une vision biais\u00e9e de la r\u00e9alit\u00e9.<br \/>\n<\/span><\/p>\n<p><span style=\"color: #777777; font-family: Arial;\">La Loi de 1905 ne concernait en rien l&rsquo;islam, elle a, dans un contexte de conflit et de violence, assur\u00e9 la s\u00e9paration entre la sph\u00e8re politique et le v\u00e9ritable \u00c9tat dans l\u2019\u00c9tat qu&rsquo;\u00e9tait la religion dominante catholique. Religion qui \u00e9tait riche de lieux de culte, de patrimoine, de g\u00e9n\u00e9reux donateurs fran\u00e7ais et d&rsquo;un corpus id\u00e9ologique parfaitement adapt\u00e9 \u00e0 la soci\u00e9t\u00e9 fran\u00e7aise qu&rsquo;elle avait d&rsquo;ailleurs contribu\u00e9 \u00e0 fa\u00e7onner.<br \/>\n<\/span><\/p>\n<p><span style=\"color: #777777; font-family: Arial;\">Rien de tel pour l&rsquo;islam et pour les fran\u00e7ais musulmans pratiquants qui veulent vivre pleinement leur Foi en France. Bien s\u00fbr, pour celles et ceux, qui ont, je dirais, une relation apais\u00e9e avec leur religion et plus encore celles et ceux qui ont une relation distanci\u00e9e voire plus de relation du tout, il n&rsquo;y a pas de difficult\u00e9 particuli\u00e8re de vie en soci\u00e9t\u00e9 en France.<br \/>\n<\/span><\/p>\n<p><span style=\"color: #777777; font-family: Arial;\">En outre, l&rsquo;Islam jusqu&rsquo;\u00e0 maintenant, n&rsquo;a pas montr\u00e9 sa grande capacit\u00e9 de s\u00e9parer la politique et la religion. Quand Atat\u00fcrk parle de la\u00efcit\u00e9 en Turquie, il dit tr\u00e8s clairement que tous les turcs sont musulmans et que le gouvernement est compos\u00e9 de musulmans, simplement il ne veut pas que \u00ab les religieux \u00bb contestent le pouvoir politique, son pouvoir dans le domaine des affaires et des int\u00e9r\u00eats de l\u2019\u00c9tat.<br \/>\n<\/span><\/p>\n<p><span style=\"color: #777777; font-family: Arial;\">G\u00e9rard Collomb, lors de <span style=\"color: #0000ff;\"><a style=\"color: #0000ff;\" href=\"https:\/\/www.jeanmarcmorandini.com\/article-386060-revoir-le-discours-d-adieu-de-gerard-collomb-au-ministere-de-l-interieur-je-quitte-un-ministere-apaise-video.html\">son discours de d\u00e9part du minist\u00e8re de l&rsquo;int\u00e9rieur<\/a><\/span> avait dit&nbsp;:<br \/>\n<\/span><\/p>\n<p style=\"margin-left: 28pt;\"><span style=\"color: #c00000; font-family: Arial;\">\u00abOn vit c\u00f4te \u00e0 c\u00f4te, je crains que demain on ne vive face \u00e0 face, nous sommes en face de probl\u00e8mes immenses\u00bb<br \/>\n<\/span><\/p>\n<p><span style=\"color: #777777; font-family: Arial;\">Et que rapporte G\u00e9rard Davet et Fabrice Lhomme dans leur livre \u00ab&nbsp;Un pr\u00e9sident \u00e7a ne devrait pas dire \u00e7a&#8230;&nbsp;\u00bb des propos de Fran\u00e7ois Hollande&nbsp;?:<br \/>\n<\/span><\/p>\n<p style=\"margin-left: 28pt;\"><span style=\"color: #c00000; font-family: Arial;\">\u00ab&nbsp;Qu&rsquo;il y ait un probl\u00e8me avec l&rsquo;islam, c&rsquo;est vrai. Nul n&rsquo;en doute.\u00bb<br \/>\n<\/span><\/p>\n<p><span style=\"color: #777777; font-family: Arial;\">Et L&rsquo;ancien pr\u00e9sident dit aussi<br \/>\n<\/span><\/p>\n<p style=\"margin-left: 28pt;\"><span style=\"color: #c00000; font-family: Arial;\">\u00abComment peut-on \u00e9viter la partition? Car c&rsquo;est quand m\u00eame \u00e7a qui est en train de se produire: la partition.\u00bb<br \/>\n<\/span><\/p>\n<p><span style=\"color: #777777; font-family: Arial;\">Les solutions ne sont pas simples, la stigmatisation des musulmans que font Zemmour et ses semblables est inacceptable, injuste, inutile et dangereuse pour la coh\u00e9sion de la soci\u00e9t\u00e9 fran\u00e7aise. Mais il faut aussi regarder les probl\u00e8mes qui existent et qui constituent le terreau du succ\u00e8s de cet homme peu recommandable.<\/span><\/p>\n<p><span style=\"color: #800000;\">&lt;1290&gt;<\/span><\/p>\n","protected":false},"excerpt":{"rendered":"<p>\u00ab Quand ils ont peur, c\u2019est pour eux-m\u00eames. Mais leur haine est pour les autres. \u00bb Albert Camus, \u00c9tat de si\u00e8ge Et quelques politiciens, proches de Marion Mar\u00e9chal qui ne veut plus qu&rsquo;on accole \u00e0 son nom celui de la<\/p>\n","protected":false},"author":1,"featured_media":0,"comment_status":"open","ping_status":"closed","sticky":false,"template":"","format":"standard","meta":{"footnotes":""},"categories":[1],"tags":[15,86,131],"class_list":["post-7300","post","type-post","status-publish","format-standard","hentry","category-motdujour","tag-france","tag-islam","tag-populisme"],"_links":{"self":[{"href":"https:\/\/lemotdujour.fr\/index.php?rest_route=\/wp\/v2\/posts\/7300","targetHints":{"allow":["GET"]}}],"collection":[{"href":"https:\/\/lemotdujour.fr\/index.php?rest_route=\/wp\/v2\/posts"}],"about":[{"href":"https:\/\/lemotdujour.fr\/index.php?rest_route=\/wp\/v2\/types\/post"}],"author":[{"embeddable":true,"href":"https:\/\/lemotdujour.fr\/index.php?rest_route=\/wp\/v2\/users\/1"}],"replies":[{"embeddable":true,"href":"https:\/\/lemotdujour.fr\/index.php?rest_route=%2Fwp%2Fv2%2Fcomments&post=7300"}],"version-history":[{"count":9,"href":"https:\/\/lemotdujour.fr\/index.php?rest_route=\/wp\/v2\/posts\/7300\/revisions"}],"predecessor-version":[{"id":9240,"href":"https:\/\/lemotdujour.fr\/index.php?rest_route=\/wp\/v2\/posts\/7300\/revisions\/9240"}],"wp:attachment":[{"href":"https:\/\/lemotdujour.fr\/index.php?rest_route=%2Fwp%2Fv2%2Fmedia&parent=7300"}],"wp:term":[{"taxonomy":"category","embeddable":true,"href":"https:\/\/lemotdujour.fr\/index.php?rest_route=%2Fwp%2Fv2%2Fcategories&post=7300"},{"taxonomy":"post_tag","embeddable":true,"href":"https:\/\/lemotdujour.fr\/index.php?rest_route=%2Fwp%2Fv2%2Ftags&post=7300"}],"curies":[{"name":"wp","href":"https:\/\/api.w.org\/{rel}","templated":true}]}}