{"id":730,"date":"2014-06-11T02:00:00","date_gmt":"2014-06-10T22:00:00","guid":{"rendered":"http:\/\/lemotdujour.fr\/?p=730"},"modified":"2017-05-08T13:22:14","modified_gmt":"2017-05-08T11:22:14","slug":"mercredi-11062014","status":"publish","type":"post","link":"https:\/\/lemotdujour.fr\/?p=730","title":{"rendered":"Mercredi 11\/06\/2014"},"content":{"rendered":"<div class=\"mdjDate\">Mercredi 11\/06\/2014<\/div>\n<div class=\"mdjTexte\">\u00abLes s\u00e9paratismes europ\u00e9ens [qui se manifestent] ne sont pas des s\u00e9paratismes de lib\u00e9ration, ce sont [des manifestations] d&rsquo;\u00e9go\u00efsme de riche\u00a0\u00bb<\/div>\n<div class=\"mdjAuteur\">Thierry Pech, directeur g\u00e9n\u00e9ral du think tank Terra Nova<\/div>\n<div class=\"mdjComplements\">Il a tenu ces propos lors de l&rsquo;\u00e9mission L&rsquo;Esprit Public du 8 juin 2014.<\/div>\n<div class=\"mdjComplements\">Le Pr\u00e9sident de la R\u00e9publique a entrepris une grande r\u00e9forme des limites r\u00e9gionales. Nous verrons ce qu&rsquo;il en adviendra.<\/div>\n<div class=\"mdjComplements\">Dans l&rsquo;\u00e9tat actuel des choses et pour ce qui concerne la France m\u00e9tropolitaine, il n&rsquo;existe aucune tendance forte de s\u00e9cession.<\/div>\n<div class=\"mdjComplements\">Ce n&rsquo;est pas le cas dans d&rsquo;autres pays europ\u00e9ens o\u00f9 des r\u00e9gions souhaitent se s\u00e9parer de leur Etat Nation pour cr\u00e9er une structure autonome.<\/div>\n<div class=\"mdjComplements\">C&rsquo;est le cas de la Flandre en Belgique, de la Catalogne en Espagne, du Nord de L&rsquo;Italie en Italie et d&rsquo;autres.<\/div>\n<div class=\"mdjComplements\">Thierry Pech, dans l&rsquo;\u00e9mission susvis\u00e9e souligne deux aspects particuliers de ces mouvements :<\/div>\n<div class=\"mdjComplements\">1\u00b0 Dans l&rsquo;Histoire et le Droit international qui a \u00e9tabli \u00ab\u00a0le droit des peuples \u00e0 disposer d&rsquo;eux-m\u00eames\u00a0\u00bb le s\u00e9paratisme ou la s\u00e9cession \u00e9taient la r\u00e9action d&rsquo;une nation opprim\u00e9e, par un pouvoir central ou un imp\u00e9rialisme.<\/div>\n<div class=\"mdjComplements\">La s\u00e9cession \u00e9tait une lib\u00e9ration du joug du pouvoir central, une lutte contre l&rsquo;injustice et pour la solidarit\u00e9. En effet ces \u00ab\u00a0r\u00e9gions\u00a0\u00bb ou \u00ab\u00a0nations\u00a0\u00bb \u00e9taient le plus souvent opprim\u00e9es politiquement, mais aussi \u00e9conomiquement car le pouvoir central \u00ab\u00a0pompaient\u00a0\u00bb leurs richesses pour son seul profit.<\/div>\n<div class=\"mdjComplements\">Le s\u00e9paratisme d&rsquo;aujourd&rsquo;hui des r\u00e9gions europ\u00e9ennes n&rsquo;a rien \u00e0 voir avec cette r\u00e9alit\u00e9 historique.<\/div>\n<div class=\"mdjComplements\">Ces r\u00e9gions riches ne veulent plus \u00eatre solidaires des r\u00e9gions moins riches autour d&rsquo;elles. C&rsquo;est un s\u00e9paratisme de l\u2019\u00e9go\u00efsme.<\/div>\n<div class=\"mdjComplements\">2\u00b0 Thierry Pech insiste sur le r\u00f4le de l&rsquo;Europe dans ce mouvement. Si ces R\u00e9gions \u00ab\u00a0riches et \u00e9go\u00efstes\u00a0\u00bb devaient se trouver \u00e0 la conclusion de leur s\u00e9paration comme un \u00e9tat seul au milieu du concert des nations, ils renonceraient bien vite \u00e0 leur id\u00e9e.<\/div>\n<div class=\"mdjComplements\">Mais il y a l&rsquo;Europe. Leur mouvement de s\u00e9paration se comprend comme une adh\u00e9sion s\u00e9par\u00e9e \u00e0 l&rsquo;ensemble europ\u00e9en, sans le boulet de la solidarit\u00e9 des \u00ab\u00a0fain\u00e9ants\u00a0\u00bb de leur ensemble national. Et, cerise sur le g\u00e2teau, cet ensemble europ\u00e9en \u00e9volue vers de moins en moins de solidarit\u00e9, exactement ce que souhaite ces r\u00e9gions.<\/div>\n<div class=\"mdjComplements\">Voici un r\u00e9sum\u00e9 des propos de Thierry Pech :<\/div>\n<div class=\"mdjCiter\">\u00abCes s\u00e9paratismes europ\u00e9ens, en Ecosse, en Catalogne, en Wallonie, en Italie du Nord ne sont pas la r\u00e9action \u00e0 un imp\u00e9rialisme.<\/div>\n<div class=\"mdjCiter\">Ils n&rsquo;ont pas la forme habituelle du nationalisme en lutte contre un imp\u00e9rialisme.<\/div>\n<div class=\"mdjCiter\">Ce n&rsquo;est pas cela le sujet.<\/div>\n<div class=\"mdjCiter\">Ce ne sont pas des s\u00e9paratismes de lib\u00e9ration, face \u00e0 des pouvoirs opprimants des nations, des langues r\u00e9gionales, des cultures [&#8230;].<\/div>\n<div class=\"mdjCiter\">Ces s\u00e9paratismes ont une autre justification qui est : \u00ab\u00a0je ne veux pas \u00eatre solidaire avec mes voisins pauvres\u00a0\u00bb<\/div>\n<div class=\"mdjCiter\">C&rsquo;est de l&rsquo;\u00e9go\u00efsme de riche !<\/div>\n<div class=\"mdjCiter\">[&#8230;]<\/div>\n<div class=\"mdjCiter\">Une circonstance a permis cette mutation des s\u00e9paratismes, c&rsquo;est L&rsquo;Europe.<\/div>\n<div class=\"mdjCiter\">L&rsquo;id\u00e9e de ces s\u00e9paratistes, c&rsquo;est qu\u2019ils ne vont pas se d\u00e9tacher d&rsquo;un ensemble national,<\/div>\n<div class=\"mdjCiter\">Mais qu&rsquo;il vont plonger dans un ensemble europ\u00e9en o\u00f9 on ne leur demandera aucune solidarit\u00e9.\u00bb<\/div>\n<div class=\"mdjComplements\">Et voici le lien vers l&rsquo;\u00e9mission : <a href=\"http:\/\/www.franceculture.fr\/emission-l-esprit-public-le-regionalisme-en-europe-et-la-reforme-territoriale-en-france-la-situation\">&lt;L&rsquo;esprit public du 8 juin 2014&gt;<\/a><\/div>\n<div class=\"mdjComplements\">Dans le monde actuel, notre pouvoir d&rsquo;influer sur le d\u00e9roulement des choses est modeste mais pas nul. En toute hypoth\u00e8se, il vaut mieux comprendre ce qui est en train de se passer que d&rsquo;en \u00eatre ignorant.<\/div>\n","protected":false},"excerpt":{"rendered":"<p>Mercredi 11\/06\/2014 \u00abLes s\u00e9paratismes europ\u00e9ens [qui se manifestent] ne sont pas des s\u00e9paratismes de lib\u00e9ration, ce sont [des manifestations] d&rsquo;\u00e9go\u00efsme de riche\u00a0\u00bb Thierry Pech, directeur g\u00e9n\u00e9ral du think tank Terra Nova Il a tenu ces propos lors de l&rsquo;\u00e9mission L&rsquo;Esprit<\/p>\n","protected":false},"author":1,"featured_media":0,"comment_status":"closed","ping_status":"closed","sticky":false,"template":"","format":"standard","meta":{"footnotes":""},"categories":[1],"tags":[],"class_list":["post-730","post","type-post","status-publish","format-standard","hentry","category-motdujour"],"_links":{"self":[{"href":"https:\/\/lemotdujour.fr\/index.php?rest_route=\/wp\/v2\/posts\/730","targetHints":{"allow":["GET"]}}],"collection":[{"href":"https:\/\/lemotdujour.fr\/index.php?rest_route=\/wp\/v2\/posts"}],"about":[{"href":"https:\/\/lemotdujour.fr\/index.php?rest_route=\/wp\/v2\/types\/post"}],"author":[{"embeddable":true,"href":"https:\/\/lemotdujour.fr\/index.php?rest_route=\/wp\/v2\/users\/1"}],"replies":[{"embeddable":true,"href":"https:\/\/lemotdujour.fr\/index.php?rest_route=%2Fwp%2Fv2%2Fcomments&post=730"}],"version-history":[{"count":1,"href":"https:\/\/lemotdujour.fr\/index.php?rest_route=\/wp\/v2\/posts\/730\/revisions"}],"predecessor-version":[{"id":731,"href":"https:\/\/lemotdujour.fr\/index.php?rest_route=\/wp\/v2\/posts\/730\/revisions\/731"}],"wp:attachment":[{"href":"https:\/\/lemotdujour.fr\/index.php?rest_route=%2Fwp%2Fv2%2Fmedia&parent=730"}],"wp:term":[{"taxonomy":"category","embeddable":true,"href":"https:\/\/lemotdujour.fr\/index.php?rest_route=%2Fwp%2Fv2%2Fcategories&post=730"},{"taxonomy":"post_tag","embeddable":true,"href":"https:\/\/lemotdujour.fr\/index.php?rest_route=%2Fwp%2Fv2%2Ftags&post=730"}],"curies":[{"name":"wp","href":"https:\/\/api.w.org\/{rel}","templated":true}]}}