{"id":7295,"date":"2019-10-16T01:55:27","date_gmt":"2019-10-15T23:55:27","guid":{"rendered":"http:\/\/lemotdujour.fr\/?p=7295"},"modified":"2019-12-18T11:56:46","modified_gmt":"2019-12-18T10:56:46","slug":"mercredi-16-octobre-2019","status":"publish","type":"post","link":"https:\/\/lemotdujour.fr\/?p=7295","title":{"rendered":"Mercredi 16 octobre 2019"},"content":{"rendered":"<div class=\"mdjTexte\">\u00ab&nbsp;Ce matin il est arriv\u00e9 une chose bien \u00e9trange. Le monde s&rsquo;est d\u00e9doubl\u00e9&nbsp;\u00bb<\/div>\n<div class=\"mdjAuteur\">Clara Ys\u00e9<\/div>\n<p><span style=\"color: #777777; font-family: Arial;\">Dans mon butinage je suis tomb\u00e9 sur un article du Point qui m&rsquo;a renvoy\u00e9 vers &lt;<a href=\"https:\/\/www.youtube.com\/watch?v=atBYPluuSoQ\"><span style=\"color: #0000ff;\">Ce Clip<\/span><\/a>&gt;<br \/>\n<\/span><\/p>\n<p><span style=\"color: #777777; font-family: Arial;\">Clip \u00e9tonnant, chanson envoutante, voix androgyne, texte \u00e9mouvant et beau, j&rsquo;ai \u00e9t\u00e9 comme happ\u00e9.<br \/>\n<\/span><\/p>\n<p><span style=\"color: #777777; font-family: Arial;\">J&rsquo;ai fait bien s\u00fbr des recherches<br \/>\n<\/span><\/p>\n<p><span style=\"color: #777777; font-family: Arial;\">Et j&rsquo;ai compris qu&rsquo;<strong>Ys\u00e9 <\/strong>\u00e9tait un nom d&rsquo;artiste.<br \/>\n<\/span><\/p>\n<p><span style=\"color: #777777; font-family: Arial;\">Cette jeune fille qui chante \u00ab&nbsp;<span style=\"color: #c00000;\">J&rsquo;ai cri\u00e9 que quelqu&rsquo;un me vienne en aide<span style=\"color: #777777;\">&nbsp;\u00bb, s&rsquo;appelle dans la vie civile <strong>Clara Dufourmantelle<\/strong>.<br \/>\n<\/span><\/span><\/span><\/p>\n<p><span style=\"color: #777777; font-family: Arial;\">Elle est la fille d&rsquo;Anne Dufourmantelle.<br \/>\n<\/span><\/p>\n<p><span style=\"color: #777777; font-family: Arial;\">Cette psychanalyste et philosophe qui a \u00e9crit<span style=\"color: maroon;\"><br \/>\n<span style=\"color: #777777;\">\u00ab<span style=\"color: #0000ff;\">&nbsp;<a style=\"color: #0000ff;\" href=\"https:\/\/www.payot-rivages.fr\/payot\/livre\/puissance-de-la-douceur-9782228909648\">La puissance de la douceur&nbsp;<\/a><\/span>\u00bb et qui a fait l&rsquo;objet du mot du jour du &lt;<span style=\"color: #0000ff;\"><a style=\"color: #0000ff;\" href=\"https:\/\/lemotdujour.fr\/?p=7205\">26 septembre 2019<\/a><\/span>&gt;. Le mot qui a suivi celui consacr\u00e9 \u00e0 &lt;<span style=\"color: #0000ff;\"><a style=\"color: #0000ff;\" href=\"https:\/\/lemotdujour.fr\/?p=7199\">C\u00e9cile<\/a><\/span>&gt;<br \/>\n<\/span><\/span><\/span><\/p>\n<p><span style=\"color: #777777; font-family: Arial;\">Anne Dufourmantelle qui est morte d&rsquo;un arr\u00eat cardiaque, cons\u00e9quence d&rsquo;un acte spontan\u00e9 de don de soi, pour sauver des enfants qui \u00e9taient en train de se noyer.<br \/>\n<\/span><\/p>\n<p><span style=\"color: #777777; font-family: Arial;\">On comprend mieux le clip et les paroles de cette chanson \u00e9crite en hommage \u00e0 sa m\u00e8re et pour surmonter l&rsquo;immense peine.<br \/>\n<\/span><\/p>\n<p><span style=\"color: #777777; font-family: Arial;\">Elle d\u00e9crit sa sid\u00e9ration par ces mots&nbsp;:<br \/>\n<\/span><\/p>\n<p style=\"margin-left: 28pt;\"><span style=\"color: #c00000; font-family: Arial;\">\u00ab&nbsp;Le monde s&rsquo;est d\u00e9doubl\u00e9, Je ne percevais plus les choses comme des choses r\u00e9elles.\u00bb<br \/>\n<\/span><\/p>\n<p><span style=\"color: #777777; font-family: Arial;\">Un ami lui vient en aide&nbsp;:<br \/>\n<\/span><\/p>\n<p style=\"margin-left: 28pt;\"><span style=\"color: #c00000; font-family: Arial;\">\u00ab&nbsp;J&rsquo;ai accueilli un ami qui m&rsquo;a pris dans ses bras<br \/>\n<\/span><span style=\"color: #c00000; font-family: Arial;\">Et m&rsquo;a murmur\u00e9 tout bas<br \/>\n<\/span><span style=\"color: #c00000; font-family: Arial;\">Regarde derri\u00e8re les nuages<br \/>\n<\/span><span style=\"color: #c00000; font-family: Arial;\">Il y a toujours le ciel bleu azur<br \/>\n<\/span><span style=\"color: #c00000; font-family: Arial;\">Qui lui vient toujours en ami<br \/>\n<\/span><span style=\"color: #c00000; font-family: Arial;\">Te rappeler tout bas<br \/>\n<\/span><span style=\"color: #c00000; font-family: Arial;\">Que la joie est toujours \u00e0 deux pas&nbsp;\u00bb<br \/>\n<\/span><\/p>\n<p><span style=\"color: #777777; font-family: Arial;\">Je rappelais dans le mot du jour d\u00e9di\u00e9 \u00e0 C\u00e9cile les paroles de Tchekov \u00ab&nbsp;<strong>Enterrer les morts, r\u00e9parer les vivants<\/strong>&nbsp;\u00bb.<br \/>\n<\/span><\/p>\n<p><span style=\"color: #777777; font-family: Arial;\">Dans cette chanson cela devient<br \/>\n<\/span><\/p>\n<p style=\"margin-left: 28pt;\"><span style=\"color: #c00000; font-family: Arial;\">\u00ab&nbsp;Vers un nouveau rivage<br \/>\n<\/span><span style=\"color: #c00000; font-family: Arial;\">Ton c\u0153ur est emport\u00e9<br \/>\n<\/span><span style=\"color: #c00000; font-family: Arial;\">L&rsquo;ancien territoire t&rsquo;\u00e9claire de ses phares&nbsp;\u00bb<br \/>\n<\/span><\/p>\n<p><span style=\"color: #777777; font-family: Arial;\">C&rsquo;est bouleversant.<br \/>\n<\/span><\/p>\n<p><img loading=\"lazy\" decoding=\"async\" class=\"alignleft\" src=\"https:\/\/lemotdujour.fr\/wp-content\/uploads\/2019\/10\/101419_2155_Mercredi16o1.jpg\" alt=\"\" width=\"257\" height=\"256\" align=\"left\"><span style=\"color: #777777; font-family: Arial;\">Cette chanson se trouve sur un album dans lequel elle chante en fran\u00e7ais mais aussi en espagnol et en anglais.<br \/>\n<\/span><\/p>\n<p><span style=\"color: #777777; font-family: Arial;\">J&rsquo;ai achet\u00e9 cet album de 6 titres et j&rsquo;ai appris un nouveau sigle \u00ab&nbsp;<strong>EP<\/strong>&nbsp;\u00bb qui correspond \u00e0 \u00ab&nbsp;<strong><em>extended play<\/em><\/strong>&nbsp;\u00bb, c&rsquo;est un format de disque qui est plus grand qu&rsquo;un single qui comporte 2 titres et plus petit qu&rsquo;un album qui contient au moins 8 titres.<br \/>\n<\/span><\/p>\n<p><span style=\"color: #777777; font-family: Arial;\">Clara Dufourmantelle a &lt;<a href=\"https:\/\/www.lepoint.fr\/culture\/breves-le-monde-dedouble-de-clara-yse-12-09-2019-2335306_3.php\"><span style=\"color: #0000ff;\">dit<\/span><\/a>&gt;&nbsp;:<br \/>\n<\/span><\/p>\n<p style=\"margin-left: 28pt;\"><span style=\"color: #c00000; font-family: Arial;\">\u00ab&nbsp;Cet EP, c&rsquo;est ce qui m&rsquo;a permis de vivre&nbsp;\u00bb<br \/>\n<\/span><\/p>\n<p><span style=\"color: #777777; font-family: Arial;\">Oui parce qu&rsquo;apr\u00e8s un \u00e9v\u00e8nement brutal comme celui de la mort de sa m\u00e8re, dans les conditions dans lesquelles cette rupture a eu lieu, il faut continuer \u00e0 vivre.<br \/>\n<\/span><\/p>\n<p><span style=\"color: #777777; font-family: Arial;\">La po\u00e9sie, l&rsquo;art peut \u00eatre un moyen.<br \/>\n<\/span><\/p>\n<p><span style=\"color: #777777; font-family: Arial;\">&lt;<span style=\"color: #0000ff;\"><a style=\"color: #0000ff;\" href=\"https:\/\/next.liberation.fr\/musique\/2019\/05\/03\/clara-yse-en-voix_1724775\">Lib\u00e9ration<\/a><\/span>&gt; a \u00e9crit&nbsp;:<br \/>\n<\/span><\/p>\n<p style=\"margin-left: 28pt;\"><span style=\"color: #c00000; font-family: Arial;\">\u00ab&nbsp;[\u2026] on tombe, interdit, sur la puissance de feu et la folie certaine de la formidable Clara Ys\u00e9.<br \/>\n<\/span><\/p>\n<p style=\"margin-left: 28pt;\"><span style=\"color: #c00000; font-family: Arial;\">[\u2026] Jonglant entre le fran\u00e7ais, l&rsquo;anglais et l&rsquo;espagnol, Clara Ys\u00e9 explore un territoire inconnu, en nous bombardant litt\u00e9ralement avec ses bouleversantes chansons habit\u00e9es par une po\u00e9sie du r\u00e9el. Et puis il y a surtout la puissance originale de son chant qui lui permet donc de venir tutoyer ces fameuses figures tut\u00e9laires qui elles aussi imaginaient leur propre route sans jamais chercher \u00e0 se rapprocher d&rsquo;une quelconque <\/span><span style=\"font-family: Arial; color: #0000ff;\"><a style=\"color: #0000ff;\" href=\"https:\/\/fr.wiktionary.org\/wiki\/hype\">hype<\/a><\/span><span style=\"color: #c00000; font-family: Arial;\"> \u00e9ph\u00e9m\u00e8re.<br \/>\n<\/span><\/p>\n<p style=\"margin-left: 28pt;\"><span style=\"color: #c00000; font-family: Arial;\">Une voix est n\u00e9e.&nbsp;\u00bb<br \/>\n<\/span><\/p>\n<p><span style=\"color: #777777; font-family: Arial;\">Je crois que c&rsquo;est fort bien \u00e9crit et r\u00e9sum\u00e9.<br \/>\n<\/span><\/p>\n<p><span style=\"color: #777777; font-family: Arial;\">Voici les paroles de la chanson&nbsp;: \u00ab&nbsp;Le monde s&rsquo;est d\u00e9doubl\u00e9&nbsp;\u00bb de Clara Ys\u00e9<br \/>\n<\/span><\/p>\n<p style=\"margin-left: 28pt;\"><span style=\"color: #c00000; font-family: Arial;\">Ce matin il est arriv\u00e9 une chose bien \u00e9trange<br \/>\nLe monde s&rsquo;est d\u00e9doubl\u00e9<br \/>\nJe ne percevais plus les choses comme des choses r\u00e9elles<br \/>\nLe monde s&rsquo;est d\u00e9doubl\u00e9<br \/>\nJ&rsquo;ai pris peur j&rsquo;ai cri\u00e9 que quelqu&rsquo;un me vienne en aide<br \/>\nLe monde s&rsquo;est d\u00e9doubl\u00e9<br \/>\nJ&rsquo;ai accueilli un ami qui m&rsquo;a pris dans ses bras<br \/>\nEt m&rsquo;a murmur\u00e9 tout bas<\/span><\/p>\n<p style=\"margin-left: 28pt;\"><span style=\"color: #c00000; font-family: Arial;\">Regarde derri\u00e8re les nuages<br \/>\nIl y a toujours le ciel bleu azur<br \/>\nQui lui vient toujours en ami<br \/>\nTe rappeler tout bas<br \/>\nQue la joie est toujours \u00e0 deux pas<\/span><\/p>\n<p style=\"margin-left: 28pt;\"><span style=\"color: #c00000; font-family: Arial;\">Il m&rsquo;a dit prends patience<br \/>\nMon ami prend patience<br \/>\nVers un nouveau rivage<br \/>\nTon c\u0153ur est emport\u00e9<br \/>\nL&rsquo;ancien territoire t&rsquo;\u00e9claire de ses phares<br \/>\nT&rsquo;\u00e9claire de ses phares<\/span><\/p>\n<p style=\"margin-left: 28pt;\"><span style=\"color: #c00000; font-family: Arial;\">Ce matin il est arriv\u00e9 une chose bien \u00e9trange<br \/>\nLe monde s&rsquo;est d\u00e9doubl\u00e9<br \/>\nJ&rsquo;ai senti le temps se fendre un instant sur les visages m\u00eame<br \/>\nLe monde s&rsquo;est d\u00e9doubl\u00e9<br \/>\nVos corps que je percevais hier encore dans leur exactitude<br \/>\nOnt perdu leur densit\u00e9<\/span><\/p>\n<p style=\"margin-left: 28pt;\"><span style=\"color: #c00000; font-family: Arial;\">Regarde derri\u00e8re les nuages<br \/>\nIl y a toujours le ciel bleu azur<\/span><\/p>\n<p style=\"margin-left: 28pt;\"><span style=\"color: #c00000; font-family: Arial;\">Qui lui vient toujours en ami<br \/>\nTe rappeler tout bas<br \/>\nQue la joie est toujours \u00e0 deux pas<br \/>\nIl m&rsquo;a dit prends patience<br \/>\nMon ami prend patience<br \/>\nVers un nouveau rivage<br \/>\nTon c\u0153ur est emport\u00e9<br \/>\nL&rsquo;ancien territoire t&rsquo;\u00e9claire de ses phares<\/span><\/p>\n<p style=\"margin-left: 28pt;\"><span style=\"color: #c00000; font-family: Arial;\">Regarde en dessous de la nuit<br \/>\nY&rsquo;a toujours le jour qui pose ses lumi\u00e8res<br \/>\nSur un coin de la terre<br \/>\nTe rappelant tout bas<br \/>\nQue la joie est toujours \u00e0 deux pas<br \/>\nJe te dis prends patience<br \/>\nMon ami prends patience<br \/>\nVers un nouveau rivage<br \/>\nTon c\u0153ur est emport\u00e9<\/span><\/p>\n<p style=\"margin-left: 28pt;\"><span style=\"color: #c00000; font-family: Arial;\">L&rsquo;ancien territoire t&rsquo;\u00e9claire de ses phares<\/span><\/p>\n<p style=\"margin-left: 28pt;\"><span style=\"color: #c00000; font-family: Arial;\">Regarde derri\u00e8re les nuages<br \/>\nIl y a toujours le ciel bleu azur<br \/>\nQui lui vient toujours en ami<br \/>\nTe rappeler tout bas<br \/>\nQue la joie est toujours \u00e0 deux pas<br \/>\nIl m&rsquo;a dit prends patience<br \/>\nMon ami prends patience<br \/>\nVers un nouveau rivage<br \/>\nTon c\u0153ur est emport\u00e9<br \/>\nL&rsquo;ancien territoire t&rsquo;\u00e9claire de ses phares<br \/>\nT&rsquo;\u00e9claire de ses phares<\/span><\/p>\n<p><span style=\"color: #777777; font-family: Arial;\">Et <span style=\"color: #0000ff;\"><a style=\"color: #0000ff;\" href=\"https:\/\/www.youtube.com\/watch?v=3Jy4DmrR9mQ\">&lt;ICI&gt;<\/a><\/span> elle la chante en concert.<br \/>\n<\/span><\/p>\n<p><span style=\"color: #777777; font-family: Arial;\">Et puis voici une autre chanson de l&rsquo;EP&nbsp;: &lt;<span style=\"color: #0000ff;\"><a style=\"color: #0000ff;\" href=\"https:\/\/www.youtube.com\/watch?v=Ofn7CcZb7Is\">Mama<\/a><\/span>&gt;<br \/>\n<\/span><\/p>\n<p><span style=\"color: maroon; font-family: Arial;\">&lt;1289&gt;<\/span><\/p>\n","protected":false},"excerpt":{"rendered":"<p>\u00ab&nbsp;Ce matin il est arriv\u00e9 une chose bien \u00e9trange. Le monde s&rsquo;est d\u00e9doubl\u00e9&nbsp;\u00bb Clara Ys\u00e9 Dans mon butinage je suis tomb\u00e9 sur un article du Point qui m&rsquo;a renvoy\u00e9 vers &lt;Ce Clip&gt; Clip \u00e9tonnant, chanson envoutante, voix androgyne, texte \u00e9mouvant<\/p>\n","protected":false},"author":1,"featured_media":0,"comment_status":"open","ping_status":"closed","sticky":false,"template":"","format":"standard","meta":{"footnotes":""},"categories":[1],"tags":[53,153,8],"class_list":["post-7295","post","type-post","status-publish","format-standard","hentry","category-motdujour","tag-affect","tag-mort","tag-poesie"],"_links":{"self":[{"href":"https:\/\/lemotdujour.fr\/index.php?rest_route=\/wp\/v2\/posts\/7295","targetHints":{"allow":["GET"]}}],"collection":[{"href":"https:\/\/lemotdujour.fr\/index.php?rest_route=\/wp\/v2\/posts"}],"about":[{"href":"https:\/\/lemotdujour.fr\/index.php?rest_route=\/wp\/v2\/types\/post"}],"author":[{"embeddable":true,"href":"https:\/\/lemotdujour.fr\/index.php?rest_route=\/wp\/v2\/users\/1"}],"replies":[{"embeddable":true,"href":"https:\/\/lemotdujour.fr\/index.php?rest_route=%2Fwp%2Fv2%2Fcomments&post=7295"}],"version-history":[{"count":6,"href":"https:\/\/lemotdujour.fr\/index.php?rest_route=\/wp\/v2\/posts\/7295\/revisions"}],"predecessor-version":[{"id":7653,"href":"https:\/\/lemotdujour.fr\/index.php?rest_route=\/wp\/v2\/posts\/7295\/revisions\/7653"}],"wp:attachment":[{"href":"https:\/\/lemotdujour.fr\/index.php?rest_route=%2Fwp%2Fv2%2Fmedia&parent=7295"}],"wp:term":[{"taxonomy":"category","embeddable":true,"href":"https:\/\/lemotdujour.fr\/index.php?rest_route=%2Fwp%2Fv2%2Fcategories&post=7295"},{"taxonomy":"post_tag","embeddable":true,"href":"https:\/\/lemotdujour.fr\/index.php?rest_route=%2Fwp%2Fv2%2Ftags&post=7295"}],"curies":[{"name":"wp","href":"https:\/\/api.w.org\/{rel}","templated":true}]}}