{"id":7277,"date":"2019-10-11T01:45:54","date_gmt":"2019-10-10T23:45:54","guid":{"rendered":"http:\/\/lemotdujour.fr\/?p=7277"},"modified":"2019-12-20T12:23:05","modified_gmt":"2019-12-20T11:23:05","slug":"vendredi-11-octobre-2019","status":"publish","type":"post","link":"https:\/\/lemotdujour.fr\/?p=7277","title":{"rendered":"Vendredi 11 octobre 2019"},"content":{"rendered":"<div class=\"mdjTexte\">\u00ab&nbsp;Et par le pouvoir d\u2019un mot<br \/>\nJe recommence ma vie<br \/>\nJe suis n\u00e9 pour te conna\u00eetre<br \/>\nPour te nommer<br \/>\nLibert\u00e9.&nbsp;\u00bb<\/div>\n<div class=\"mdjAuteur\">Paul Eluard, derni\u00e8re strophe du po\u00e8me \u00ab Libert\u00e9 \u00bb<\/div>\n<p><span style=\"color: #777777; font-family: Arial;\">Lors de <span style=\"color: #0000ff;\"><a style=\"color: #0000ff;\" href=\"https:\/\/www.franceinter.fr\/emissions\/l-invite-de-8h20-le-grand-entretien\/l-invite-de-8h20-le-grand-entretien-24-septembre-2019\">&lt;l&rsquo;entretien&gt;<\/a><\/span> que je vous invite vraiment \u00e0 \u00e9couter, Fran\u00e7ois Sureau a cit\u00e9 le po\u00e8me d&rsquo;<a href=\"https:\/\/fr.wikipedia.org\/wiki\/Paul_%C3%89luard\"><span style=\"color: #0000ff;\">Eluard<\/span><\/a><span style=\"color: #0000ff;\">&nbsp;<\/span>: \u00ab&nbsp;<strong>Libert\u00e9&nbsp;<\/strong>\u00bb<br \/>\n<\/span><\/p>\n<p><span style=\"color: #777777; font-family: Arial;\">Je trouve pertinent apr\u00e8s avoir distill\u00e9 l&rsquo;argumentation rationnelle hier, \u00e0 reprendre aujourd&rsquo;hui le m\u00eame sujet mais sous le format de la po\u00e9sie.<br \/>\n<\/span><\/p>\n<p><span style=\"color: #777777; font-family: Arial;\">\u00ab&nbsp;<strong>Libert\u00e9<\/strong>&nbsp;\u00bb est un po\u00e8me que Paul \u00c9luard a \u00e9crit en 1942 pendant la Seconde Guerre mondiale, comme une ode \u00e0 la libert\u00e9 face \u00e0 l&rsquo;occupation allemande. Il s&rsquo;agit d&rsquo;une longue \u00e9num\u00e9ration de tous les lieux, r\u00e9els ou imaginaires, sur lesquels le po\u00e8te \u00e9crit le mot \u00ab libert\u00e9 \u00bb.<br \/>\n<\/span><\/p>\n<p><span style=\"color: #777777; font-family: Arial;\">Le titre initial du po\u00e8me \u00e9tait \u00ab&nbsp;<strong>Une seule pens\u00e9e<\/strong>&nbsp;\u00bb&nbsp;: Paul Eluard a confi\u00e9&nbsp;:<br \/>\n<\/span><\/p>\n<p style=\"margin-left: 28pt;\"><span style=\"color: #c00000; font-family: Arial;\">\u00ab Je pensais r\u00e9v\u00e9ler pour conclure le nom de la femme que j&rsquo;aimais, \u00e0 qui ce po\u00e8me \u00e9tait destin\u00e9. Mais je me suis vite aper\u00e7u que le seul mot que j&rsquo;avais en t\u00eate \u00e9tait le mot Libert\u00e9. Ainsi, la femme que j&rsquo;aimais incarnait un d\u00e9sir plus grand qu&rsquo;elle. Je la confondais avec mon aspiration la plus sublime, et ce mot Libert\u00e9 n&rsquo;\u00e9tait lui-m\u00eame dans tout mon po\u00e8me que pour \u00e9terniser une tr\u00e8s simple volont\u00e9, tr\u00e8s quotidienne, tr\u00e8s appliqu\u00e9e, celle de se lib\u00e9rer de l&rsquo;Occupant \u00bb<br \/>\n<\/span><\/p>\n<p><span style=\"color: #777777; font-family: Arial;\">Le po\u00e8me est publi\u00e9 le 3 avril 1942, sans visa de censure dans un recueil clandestin \u00ab&nbsp;Po\u00e9sie et v\u00e9rit\u00e9&nbsp;\u00bb. Il est parachut\u00e9 \u00e0 des milliers d&rsquo;exemplaires par des avions britanniques de la Royal Air Force au-dessus du sol fran\u00e7ais<br \/>\n<\/span><\/p>\n<p style=\"margin-left: 28pt;\"><span style=\"color: #c00000; font-family: Arial;\"><strong>Libert\u00e9<br \/>\n<\/strong><\/span><\/p>\n<p style=\"margin-left: 28pt;\"><span style=\"color: #c00000; font-family: Arial;\">Sur mes cahiers d&rsquo;\u00e9colier<br \/>\n<\/span><span style=\"color: #c00000; font-family: Arial;\">Sur mon pupitre et les arbres<br \/>\nSur le sable sur la neige<br \/>\n<\/span><span style=\"color: #c00000; font-family: Arial;\">J&rsquo;\u00e9cris ton nom<br \/>\n<\/span><\/p>\n<p style=\"margin-left: 28pt;\"><span style=\"color: #c00000; font-family: Arial;\">Sur toutes les pages lues<br \/>\n<\/span><span style=\"color: #c00000; font-family: Arial;\">Sur toutes les pages blanches<br \/>\n<\/span><span style=\"color: #c00000; font-family: Arial;\">Pierre sang papier ou cendre<br \/>\n<\/span><span style=\"color: #c00000; font-family: Arial;\">J&rsquo;\u00e9cris ton nom<br \/>\n<\/span><\/p>\n<p style=\"margin-left: 28pt;\"><span style=\"color: #c00000; font-family: Arial;\">Sur les images dor\u00e9es<br \/>\n<\/span><span style=\"color: #c00000; font-family: Arial;\">Sur les armes des guerriers<br \/>\n<\/span><span style=\"color: #c00000; font-family: Arial;\">Sur la couronne des rois<br \/>\n<\/span><span style=\"color: #c00000; font-family: Arial;\">J&rsquo;\u00e9cris ton nom<br \/>\n<\/span><\/p>\n<p style=\"margin-left: 28pt;\"><span style=\"color: #c00000; font-family: Arial;\">Sur la jungle et le d\u00e9sert<br \/>\n<\/span><span style=\"color: #c00000; font-family: Arial;\">Sur les nids sur les gen\u00eats<br \/>\n<\/span><span style=\"color: #c00000; font-family: Arial;\">Sur l&rsquo;\u00e9cho de mon enfance<br \/>\n<\/span><span style=\"color: #c00000; font-family: Arial;\">J&rsquo;\u00e9cris ton nom<br \/>\n<\/span><\/p>\n<p style=\"margin-left: 28pt;\"><span style=\"color: #c00000; font-family: Arial;\">Sur les merveilles des nuits<br \/>\n<\/span><span style=\"color: #c00000; font-family: Arial;\">Sur le pain blanc des journ\u00e9es<br \/>\n<\/span><span style=\"color: #c00000; font-family: Arial;\">Sur les saisons fianc\u00e9es<br \/>\n<\/span><span style=\"color: #c00000; font-family: Arial;\">J&rsquo;\u00e9cris ton nom<br \/>\n<\/span><\/p>\n<p style=\"margin-left: 28pt;\"><span style=\"color: #c00000; font-family: Arial;\">Sur tous mes chiffons d&rsquo;azur<br \/>\n<\/span><span style=\"color: #c00000; font-family: Arial;\">Sur l&rsquo;\u00e9tang soleil moisi<br \/>\n<\/span><span style=\"color: #c00000; font-family: Arial;\">Sur le lac lune vivante<br \/>\n<\/span><span style=\"color: #c00000; font-family: Arial;\">J&rsquo;\u00e9cris ton nom<br \/>\n<\/span><\/p>\n<p style=\"margin-left: 28pt;\"><span style=\"color: #c00000; font-family: Arial;\">Sur les champs sur l&rsquo;horizon<br \/>\n<\/span><span style=\"color: #c00000; font-family: Arial;\">Sur les ailes des oiseaux<br \/>\n<\/span><span style=\"color: #c00000; font-family: Arial;\">Et sur le moulin des ombres<br \/>\n<\/span><span style=\"color: #c00000; font-family: Arial;\">J&rsquo;\u00e9cris ton nom<br \/>\n<\/span><\/p>\n<p style=\"margin-left: 28pt;\"><span style=\"color: #c00000; font-family: Arial;\">Sur chaque bouff\u00e9e d&rsquo;aurore<br \/>\n<\/span><span style=\"color: #c00000; font-family: Arial;\">Sur la mer sur les bateaux<br \/>\n<\/span><span style=\"color: #c00000; font-family: Arial;\">Sur la montagne d\u00e9mente<br \/>\n<\/span><span style=\"color: #c00000; font-family: Arial;\">J&rsquo;\u00e9cris ton nom<br \/>\n<\/span><\/p>\n<p style=\"margin-left: 28pt;\"><span style=\"color: #c00000; font-family: Arial;\">Sur la mousse des nuages<br \/>\n<\/span><span style=\"color: #c00000; font-family: Arial;\">Sur les sueurs de l&rsquo;orage<br \/>\n<\/span><span style=\"color: #c00000; font-family: Arial;\">Sur la pluie \u00e9paisse et fade<br \/>\n<\/span><span style=\"color: #c00000; font-family: Arial;\">J&rsquo;\u00e9cris ton nom<br \/>\n<\/span><\/p>\n<p style=\"margin-left: 28pt;\">\n<p style=\"margin-left: 28pt;\"><span style=\"color: #c00000; font-family: Arial;\">Sur les formes scintillantes<br \/>\n<\/span><span style=\"color: #c00000; font-family: Arial;\">Sur les cloches des couleurs<br \/>\n<\/span><span style=\"color: #c00000; font-family: Arial;\">Sur la v\u00e9rit\u00e9 physique<br \/>\n<\/span><span style=\"color: #c00000; font-family: Arial;\">J&rsquo;\u00e9cris ton nom<br \/>\n<\/span><\/p>\n<p style=\"margin-left: 28pt;\"><span style=\"color: #c00000; font-family: Arial;\">Sur les sentiers \u00e9veill\u00e9s<br \/>\n<\/span><span style=\"color: #c00000; font-family: Arial;\">Sur les routes d\u00e9ploy\u00e9es<br \/>\n<\/span><span style=\"color: #c00000; font-family: Arial;\">Sur les places qui d\u00e9bordent<br \/>\n<\/span><span style=\"color: #c00000; font-family: Arial;\">J&rsquo;\u00e9cris ton nom<br \/>\n<\/span><\/p>\n<p style=\"margin-left: 28pt;\"><span style=\"color: #c00000; font-family: Arial;\">Sur la lampe qui s&rsquo;allume<br \/>\n<\/span><span style=\"color: #c00000; font-family: Arial;\">Sur la lampe qui s&rsquo;\u00e9teint<br \/>\n<\/span><span style=\"color: #c00000; font-family: Arial;\">Sur mes maisons r\u00e9unies<br \/>\n<\/span><span style=\"color: #c00000; font-family: Arial;\">J&rsquo;\u00e9cris ton nom<br \/>\n<\/span><\/p>\n<p style=\"margin-left: 28pt;\"><span style=\"color: #c00000; font-family: Arial;\">Sur le fruit coup\u00e9 en deux<br \/>\n<\/span><span style=\"color: #c00000; font-family: Arial;\">Du miroir et de ma chambre<br \/>\n<\/span><span style=\"color: #c00000; font-family: Arial;\">Sur mon lit coquille vide<br \/>\n<\/span><span style=\"color: #c00000; font-family: Arial;\">J&rsquo;\u00e9cris ton nom<br \/>\n<\/span><\/p>\n<p style=\"margin-left: 28pt;\"><span style=\"color: #c00000; font-family: Arial;\">Sur mon chien gourmand et tendre<br \/>\n<\/span><span style=\"color: #c00000; font-family: Arial;\">Sur ses oreilles dress\u00e9es<br \/>\n<\/span><span style=\"color: #c00000; font-family: Arial;\">Sur sa patte maladroite<br \/>\n<\/span><span style=\"color: #c00000; font-family: Arial;\">J&rsquo;\u00e9cris ton nom<br \/>\n<\/span><\/p>\n<p style=\"margin-left: 28pt;\"><span style=\"color: #c00000; font-family: Arial;\">Sur le tremplin de ma porte<br \/>\n<\/span><span style=\"color: #c00000; font-family: Arial;\">Sur les objets familiers<br \/>\n<\/span><span style=\"color: #c00000; font-family: Arial;\">Sur le flot du feu b\u00e9ni<br \/>\n<\/span><span style=\"color: #c00000; font-family: Arial;\">J&rsquo;\u00e9cris ton nom<br \/>\n<\/span><\/p>\n<p style=\"margin-left: 28pt;\"><span style=\"color: #c00000; font-family: Arial;\">Sur toute chair accord\u00e9e<br \/>\n<\/span><span style=\"color: #c00000; font-family: Arial;\">Sur le front de mes amis<br \/>\n<\/span><span style=\"color: #c00000; font-family: Arial;\">Sur chaque main qui se tend<br \/>\n<\/span><span style=\"color: #c00000; font-family: Arial;\">J&rsquo;\u00e9cris ton nom<br \/>\n<\/span><\/p>\n<p style=\"margin-left: 28pt;\"><span style=\"color: #c00000; font-family: Arial;\">Sur la vitre des surprises<br \/>\n<\/span><span style=\"color: #c00000; font-family: Arial;\">Sur les l\u00e8vres attentives<br \/>\n<\/span><span style=\"color: #c00000; font-family: Arial;\">Bien au-dessus du silence<br \/>\n<\/span><span style=\"color: #c00000; font-family: Arial;\">J&rsquo;\u00e9cris ton nom<br \/>\n<\/span><\/p>\n<p style=\"margin-left: 28pt;\"><span style=\"color: #c00000; font-family: Arial;\">Sur mes refuges d\u00e9truits<br \/>\n<\/span><span style=\"color: #c00000; font-family: Arial;\">Sur mes phares \u00e9croul\u00e9s<br \/>\n<\/span><span style=\"color: #c00000; font-family: Arial;\">Sur les murs de mon ennui<br \/>\n<\/span><span style=\"color: #c00000; font-family: Arial;\">J&rsquo;\u00e9cris ton nom<br \/>\n<\/span><\/p>\n<p style=\"margin-left: 28pt;\"><span style=\"color: #c00000; font-family: Arial;\">Sur l&rsquo;absence sans d\u00e9sir<br \/>\n<\/span><span style=\"color: #c00000; font-family: Arial;\">Sur la solitude nue<br \/>\n<\/span><span style=\"color: #c00000; font-family: Arial;\">Sur les marches de la mort<br \/>\n<\/span><span style=\"color: #c00000; font-family: Arial;\">J&rsquo;\u00e9cris ton nom<br \/>\n<\/span><\/p>\n<p style=\"margin-left: 28pt;\"><span style=\"color: #c00000; font-family: Arial;\">Sur la sant\u00e9 revenue<br \/>\n<\/span><span style=\"color: #c00000; font-family: Arial;\">Sur le risque disparu<br \/>\n<\/span><span style=\"color: #c00000; font-family: Arial;\">Sur l&rsquo;espoir sans souvenir<br \/>\n<\/span><span style=\"color: #c00000; font-family: Arial;\">J&rsquo;\u00e9cris ton nom<br \/>\n<\/span><\/p>\n<p style=\"margin-left: 28pt;\"><span style=\"color: #c00000; font-family: Arial;\">Et par le pouvoir d&rsquo;un mot<br \/>\n<\/span><span style=\"color: #c00000; font-family: Arial;\">Je recommence ma vie<br \/>\n<\/span><span style=\"color: #c00000; font-family: Arial;\">Je suis n\u00e9 pour te conna\u00eetre<br \/>\n<\/span><span style=\"color: #c00000; font-family: Arial;\">Pour te nommer<\/span><\/p>\n<p style=\"margin-left: 28pt;\"><span style=\"color: #c00000; font-family: Arial;\">Libert\u00e9<\/span><\/p>\n<p style=\"margin-left: 28pt;\"><span style=\"color: #c00000; font-family: Arial;\"><em>Paul Eluard<\/em><br \/>\n<\/span><\/p>\n<p><img decoding=\"async\" class=\"alignleft\" src=\"https:\/\/lemotdujour.fr\/wp-content\/uploads\/2019\/10\/101019_2136_Vendredi11o1.jpg\" alt=\"\" align=\"left\"><span style=\"color: #777777; font-family: Arial;\">Paul Eluard \u00e9crivait aussi&nbsp;:&nbsp;\u00ab&nbsp;<strong>Il ne faut pas de tout pour faire un monde. Il faut du bonheur et rien d&rsquo;autre<\/strong>&nbsp;\u00bb<br \/>\n<\/span><\/p>\n<p><span style=\"color: #777777; font-family: Arial;\">On trouve sur internet plusieurs artistes qui d\u00e9clament le po\u00e8me&nbsp;&lt;Libert\u00e9&gt;:<br \/>\n<\/span><\/p>\n<p><span style=\"color: #777777; font-family: Arial;\">D&rsquo;abord &lt;<a href=\"https:\/\/www.youtube.com\/watch?v=PyFnoRrh6Lk\"><span style=\"color: #0000ff;\">Paul Eluard<\/span><\/a>&gt; lui-m\u00eame qui pr\u00e9sente son po\u00e8me, les conditions de sa cr\u00e9ation puis le r\u00e9cite.<br \/>\n<\/span><\/p>\n<p><span style=\"color: #777777; font-family: Arial;\">Et aussi dans &lt;<a href=\"https:\/\/www.youtube.com\/watch?v=bktcB5QpNp0\"><span style=\"color: #0000ff;\">cette vid\u00e9o<\/span><\/a>&gt; Paul Eluard r\u00e9cite le po\u00e8me qui s&rsquo;affiche strophe apr\u00e8s strophe.<br \/>\n<\/span><\/p>\n<p><span style=\"color: #777777; font-family: Arial;\">&lt;<span style=\"color: #0000ff;\"><a style=\"color: #0000ff;\" href=\"https:\/\/www.youtube.com\/watch?v=7poPFd5CNgs\">Jean-Louis Barrault<\/a><\/span>&gt; le r\u00e9cite, comme &lt;<a href=\"https:\/\/www.dailymotion.com\/video\/xi0pn4\"><span style=\"color: #0000ff;\">G\u00e9rard Philippe<\/span><\/a>&gt;.<br \/>\n<\/span><\/p>\n<p><span style=\"color: #777777; font-family: Arial;\">Plus r\u00e9cemment &lt;<a href=\"https:\/\/www.dailymotion.com\/video\/x3e6hvv\"><span style=\"color: #0000ff;\">Guillaume Gallienne<\/span><\/a><span style=\"color: #0000ff;\">&gt;<\/span> a aussi interpr\u00e9t\u00e9 ce po\u00e8me.<br \/>\n<\/span><\/p>\n<p><span style=\"color: #777777; font-family: Arial;\">Et je finirai par &lt;<a href=\"https:\/\/www.youtube.com\/watch?v=2hNmGsu9IZA\"><span style=\"color: #0000ff;\">Le po\u00e8me mis en musique par Yvonne Schmidt<\/span><\/a>&gt; et chant\u00e9 par Francesca Solleville.<br \/>\n<\/span><\/p>\n<p><span style=\"color: maroon; font-family: Arial;\">&lt;1286&gt;<\/span><\/p>\n","protected":false},"excerpt":{"rendered":"<p>\u00ab&nbsp;Et par le pouvoir d\u2019un mot Je recommence ma vie Je suis n\u00e9 pour te conna\u00eetre Pour te nommer Libert\u00e9.&nbsp;\u00bb Paul Eluard, derni\u00e8re strophe du po\u00e8me \u00ab Libert\u00e9 \u00bb Lors de &lt;l&rsquo;entretien&gt; que je vous invite vraiment \u00e0 \u00e9couter, Fran\u00e7ois<\/p>\n","protected":false},"author":1,"featured_media":0,"comment_status":"open","ping_status":"closed","sticky":false,"template":"","format":"standard","meta":{"footnotes":""},"categories":[1],"tags":[41,8],"class_list":["post-7277","post","type-post","status-publish","format-standard","hentry","category-motdujour","tag-liberte","tag-poesie"],"_links":{"self":[{"href":"https:\/\/lemotdujour.fr\/index.php?rest_route=\/wp\/v2\/posts\/7277","targetHints":{"allow":["GET"]}}],"collection":[{"href":"https:\/\/lemotdujour.fr\/index.php?rest_route=\/wp\/v2\/posts"}],"about":[{"href":"https:\/\/lemotdujour.fr\/index.php?rest_route=\/wp\/v2\/types\/post"}],"author":[{"embeddable":true,"href":"https:\/\/lemotdujour.fr\/index.php?rest_route=\/wp\/v2\/users\/1"}],"replies":[{"embeddable":true,"href":"https:\/\/lemotdujour.fr\/index.php?rest_route=%2Fwp%2Fv2%2Fcomments&post=7277"}],"version-history":[{"count":10,"href":"https:\/\/lemotdujour.fr\/index.php?rest_route=\/wp\/v2\/posts\/7277\/revisions"}],"predecessor-version":[{"id":7706,"href":"https:\/\/lemotdujour.fr\/index.php?rest_route=\/wp\/v2\/posts\/7277\/revisions\/7706"}],"wp:attachment":[{"href":"https:\/\/lemotdujour.fr\/index.php?rest_route=%2Fwp%2Fv2%2Fmedia&parent=7277"}],"wp:term":[{"taxonomy":"category","embeddable":true,"href":"https:\/\/lemotdujour.fr\/index.php?rest_route=%2Fwp%2Fv2%2Fcategories&post=7277"},{"taxonomy":"post_tag","embeddable":true,"href":"https:\/\/lemotdujour.fr\/index.php?rest_route=%2Fwp%2Fv2%2Ftags&post=7277"}],"curies":[{"name":"wp","href":"https:\/\/api.w.org\/{rel}","templated":true}]}}