{"id":7266,"date":"2019-10-09T00:08:53","date_gmt":"2019-10-08T22:08:53","guid":{"rendered":"http:\/\/lemotdujour.fr\/?p=7266"},"modified":"2020-06-12T19:22:35","modified_gmt":"2020-06-12T17:22:35","slug":"mercredi-9-octobre-2019","status":"publish","type":"post","link":"https:\/\/lemotdujour.fr\/?p=7266","title":{"rendered":"Mercredi 9 octobre 2019"},"content":{"rendered":"<div class=\"mdjTexte\">\u00ab Les droits de l\u2019homme rendent-ils idiot ? \u00bb<\/div>\n<div class=\"mdjAuteur\">Justine Lacroix et Jean-Yves Pranch\u00e8re<\/div>\n<p><span style=\"color: #777777; font-family: Arial;\">Justine Lacroix est belge. Elle est professeure \u00e0 l&rsquo;universit\u00e9 libre de Bruxelles sp\u00e9cialis\u00e9e dans les sciences politiques.<br \/>\n<\/span><\/p>\n<p><span style=\"color: #777777; font-family: Arial;\">Elle a \u00e9crit avec <span style=\"color: #0000ff;\"><a style=\"color: #0000ff;\" href=\"https:\/\/laviedesidees.fr\/_Pranchere-Jean-Yves_.html\">Jean-Yves Pranch\u00e8re<\/a><\/span> qui enseigne dans la m\u00eame universit\u00e9, dans le m\u00eame domaine de recherche, un livre paru le 26 septembre 2019&nbsp;: \u00ab<span style=\"color: #0000ff;\">&nbsp;<\/span><a href=\"https:\/\/livre.fnac.com\/a13192485\/Justine-Lacroix-Les-droits-de-l-homme-rendent-ils-idiot\"><span style=\"color: #0000ff;\">Les droits de l&rsquo;homme rendent-ils idiot ?<\/span>&nbsp;<\/a>\u00bb<br \/>\n<\/span><\/p>\n<p><span style=\"color: #777777; font-family: Arial;\">C&rsquo;est un titre provocateur&nbsp;!<br \/>\n<\/span><\/p>\n<p><span style=\"color: #777777; font-family: Arial;\">Les gens de mon \u00e2ge, surtout s&rsquo;ils ont fait des \u00e9tudes de droit et se sont int\u00e9ress\u00e9s \u00e0 la politique fran\u00e7aise et internationale, consid\u00e9raient comme \u00e9vident que les droits de l&rsquo;homme constituaient une valeur universelle qui ne pouvaient que progresser dans tous les pays du monde. M\u00eame les dictateurs, de droite, expliquaient que si pour l&rsquo;instant pour des raisons conjoncturelles, les droits de l&rsquo;homme n&rsquo;\u00e9taient pas respect\u00e9s dans leur pays, la situation allait bient\u00f4t \u00e9voluer et qu&rsquo;\u00e0 terme le respect des droits de l&rsquo;homme constituait une cible \u00e0 atteindre.<br \/>\n<\/span><\/p>\n<p><span style=\"color: #777777; font-family: Arial;\">Je dis de droites, parce que les dictatures communistes se m\u00e9fiaient des droits de l&rsquo;homme et des libert\u00e9s qu&rsquo;ils appelaient \u00ab formelles \u00bb des \u00c9tats lib\u00e9raux pour ne s&rsquo;int\u00e9resser qu&rsquo;aux pr\u00e9tendus droits des classes laborieuses. Au bout d&rsquo;arguments fallacieux, ces \u00ab d\u00e9mocraties populaires \u00bb qui n&rsquo;\u00e9taient ni d\u00e9mocratiques ni populaires, cachaient, derri\u00e8re une rh\u00e9torique obscure, des r\u00e9gimes de surveillance et de terreurs ne profitant qu&rsquo;\u00e0 une petite nomenklatura.<br \/>\n<\/span><\/p>\n<p><span style=\"color: #777777; font-family: Arial;\">Alors quand le syst\u00e8me communiste s&rsquo;est effondr\u00e9 \u00e0 l&rsquo;est, nous pensions que la victoire des droits de l&rsquo;homme \u00e9tait in\u00e9luctable.<br \/>\n<\/span><\/p>\n<p><span style=\"color: #777777; font-family: Arial;\">Nous avons d\u00fb d\u00e9chanter.<br \/>\n<\/span><\/p>\n<p><span style=\"color: #777777; font-family: Arial;\">D&rsquo;abord la Chine, refuse cette valeur individualiste des droits et des libert\u00e9s de l&rsquo;homme pour se r\u00e9fugier dans des valeurs confuc\u00e9ennes de hi\u00e9rarchie, d&rsquo;autorit\u00e9 et de supr\u00e9matie du collectif sur l&rsquo;individu.<br \/>\n<\/span><\/p>\n<p><span style=\"color: #777777; font-family: Arial;\">Les r\u00e9gimes \u00ab&nbsp;illib\u00e9raux&nbsp;\u00bb ou \u00ab&nbsp;d\u00e9mocratures&nbsp;\u00bb qui se multiplient dans le monde et en Europe, laissent encore fonctionner des \u00e9lections, mais consid\u00e8rent que les droits individuels et les libert\u00e9s qui sont le c\u0153ur des droits de l&rsquo;homme sont un obstacle \u00e0 l&rsquo;identit\u00e9 du pays et au rayonnement national.<br \/>\n<\/span><\/p>\n<p><span style=\"color: #777777; font-family: Arial;\">Et m\u00eame, \u00e0 l&rsquo;int\u00e9rieur des d\u00e9mocraties lib\u00e9rales les plus anciennes, il y a des tendances suspectes par rapport \u00e0 cette question.<br \/>\n<\/span><\/p>\n<p><span style=\"color: #777777; font-family: Arial;\">Aux Etats-Unis, Donald Trump n&rsquo;\u00e9voque jamais les droits de l&rsquo;homme.<br \/>\n<\/span><\/p>\n<p><span style=\"color: #777777; font-family: Arial;\">Et en France&nbsp;? nous y reviendrons ult\u00e9rieurement.<br \/>\n<\/span><\/p>\n<p><span style=\"color: #777777; font-family: Arial;\">Guillaume Erner a invit\u00e9 <strong>Justine Lacroix<\/strong> \u00e0 son \u00e9mission matinale du 8 octobre 2019&nbsp;:<span style=\"color: #0000ff;\"> <a style=\"color: #0000ff;\" href=\"https:\/\/www.franceculture.fr\/emissions\/linvite-des-matins\/immigration-climat-terrorisme-les-droits-de-lhomme-sont-ils-depasses\">&lt;Immigration, climat, terrorisme les droits de l&rsquo;homme-sont-ils-d\u00e9pass\u00e9s ?&gt;<\/a><\/span><br \/>\n<\/span><\/p>\n<p><img loading=\"lazy\" decoding=\"async\" class=\"alignleft\" src=\"https:\/\/lemotdujour.fr\/wp-content\/uploads\/2019\/10\/100819_2209_Mercredi9oc1.jpg\" alt=\"\" width=\"205\" height=\"296\" align=\"left\"><span style=\"color: #777777; font-family: Arial;\">L&rsquo;\u00e9mission est introduite ainsi&nbsp;:<br \/>\n<\/span><\/p>\n<p style=\"margin-left: 28pt;\"><span style=\"color: #c00000; font-family: Arial;\">\u00ab&nbsp;Le d\u00e9bat sur l&rsquo;immigration \u00e0 l&rsquo;Assembl\u00e9e Nationale s&rsquo;est ouvert ce lundi. Centrale dans l&rsquo;acte 2 du quinquennat, la question fait d\u00e9bat depuis les ann\u00e9es soixante-dix. Aux pourfendeurs de l&rsquo;accueil s&rsquo;opposent ceux qui d\u00e9noncent le \u00ab&nbsp;<strong>droitsdelhommisme<\/strong>&nbsp;\u00bb. Quand les premiers invoquent des droits universels, les seconds, eux, critiquent ce qui serait une forme de bien-pensance et de g\u00e9n\u00e9rosit\u00e9 na\u00efve. Par ailleurs, en mati\u00e8re d&rsquo;\u00e9cologie, les actions de d\u00e9sob\u00e9issance civile se multiplient, comme ce samedi avec l&rsquo;occupation du centre commercial Italie 2, interrogeant sur leur l\u00e9gitimit\u00e9 en d\u00e9mocratie. Les cons\u00e9quences du changement climatique, la crise des r\u00e9fugi\u00e9s ou encore le terrorisme sont autant d&rsquo;enjeux o\u00f9 notre rapport aux droits de l&rsquo;homme est mis \u00e0 l&rsquo;\u00e9preuve. Peut-on encore faire face aux d\u00e9fis du temps pr\u00e9sent sans renoncer aux droits de l&rsquo;homme ?&nbsp;\u00bb<br \/>\n<\/span><\/p>\n<p><span style=\"color: #777777; font-family: Arial;\">Guillaume Erner s&rsquo;appuyant sur la revue de presse internationale qui \u00e9voquait le retrait am\u00e9ricain en Syrie laissant la voie libre \u00e0 une intervention militaire sanglante des turcs contre les Kurdes qui jusqu&rsquo;\u00e0 pr\u00e9sent \u00e9taient les alli\u00e9s des am\u00e9ricains et avaient combattu en premi\u00e8re ligne contre nos ennemis communs les fanatiques islamistes de Daech et des autres groupes djihadistes, a pos\u00e9 la question de savoir si ce n&rsquo;\u00e9tait pas la preuve que les droits de l&rsquo;homme \u00e9taient de plus en plus bafou\u00e9s&nbsp;?<br \/>\n<\/span><\/p>\n<p><span style=\"color: #777777; font-family: Arial;\">Justine Lacroix, apr\u00e8s avoir dit que les actions des \u00c9tats \u00e9taient rarement bas\u00e9es sur les droits de l&rsquo;homme, a ajout\u00e9 :<br \/>\n<\/span><\/p>\n<p style=\"margin-left: 28pt;\"><span style=\"color: #c00000; font-family: Arial;\">\u00ab&nbsp;Ce qui est vraiment nouveau c&rsquo;est que les droits de l&rsquo;homme sont largement discr\u00e9dit\u00e9s. Il y a eu un retournement depuis une d\u00e9cennie. Dans les ann\u00e9es 1990, il y avait une adh\u00e9sion au moins de surface : on ne pouvait pas les critiquer ouvertement. Aujourd&rsquo;hui, on voit des dirigeants qui th\u00e9orisent leur remise en cause. [\u2026]<br \/>\n<\/span><\/p>\n<p style=\"margin-left: 28pt;\"><span style=\"color: #c00000; font-family: Arial;\">Dans ces nouveaux discours, les partisans des droits de l&rsquo;homme apparaissent de plus en plus comme des na\u00effs.&nbsp;\u00bb<br \/>\n<\/span><\/p>\n<p><span style=\"color: #777777; font-family: Arial;\">Elle fait remonter le malaise \u00e0 la deuxi\u00e8me guerre d&rsquo;Irak qui a d\u00e9cr\u00e9dibilis\u00e9 les droits de l&rsquo;homme. Et il est vrai que les am\u00e9ricains en s&rsquo;exon\u00e9rant de toute l\u00e9galit\u00e9 internationale et de tout accord de l&rsquo;ONU se sont lanc\u00e9s dans cette guerre sans pouvoir justifier de raisons l\u00e9gitimes. Aujourd&rsquo;hui, nous savons en outre que les preuves avanc\u00e9es par le gouvernement de Georges Bush junior pour pr\u00e9tendre que l&rsquo;Irak disposait d&rsquo;armes de destruction massive \u00e9taient fausses et fabriqu\u00e9es<br \/>\n<\/span><\/p>\n<p><span style=\"color: #777777; font-family: Arial;\">Justine Lacroix conclut sur ce point&nbsp;:<br \/>\n<\/span><\/p>\n<p style=\"margin-left: 28pt;\"><span style=\"color: #c00000; font-family: Arial;\">\u00ab&nbsp;L&rsquo;instrumentalisation des droits de l&rsquo;homme par l&rsquo;administration am\u00e9ricaine a conduit \u00e0 associer les droits de l&rsquo;homme \u00e0 une logique de domination imp\u00e9riale.&nbsp;\u00bb<br \/>\n<\/span><\/p>\n<p><span style=\"color: #777777; font-family: Arial;\">En France, les projets de loi, comme les d\u00e9clarations de membres du gouvernement mettent tr\u00e8s souvent l&rsquo;accent sur la s\u00e9curit\u00e9, la lutte contre le terrorisme ou l&rsquo;immigration clandestine, sans insister sur les droits de l&rsquo;homme et m\u00eame en consid\u00e9rant qu&rsquo;ils constituent un obstacle \u00e0 la bonne \u00ab gouvernance \u00bb et aux politiques l\u00e9gitimes pour satisfaire ce qu&rsquo;ils estiment \u00eatre les aspirations des fran\u00e7ais.<br \/>\n<\/span><\/p>\n<p><span style=\"color: #777777; font-family: Arial;\">Et c&rsquo;est Nicolas Sarkozy qui a utilis\u00e9 cette formule des \u00ab&nbsp;<strong>droit-de-l&rsquo;hommisme<\/strong> \u00bb pour essayer de discr\u00e9diter cette valeur. Sans doute aurait-il r\u00e9pondu \u00ab Oui \u00bb \u00e0 la question pos\u00e9e par le livre : \u00ab Les droits de l&rsquo;homme rendent-ils idiot ? \u00bb<br \/>\n<\/span><\/p>\n<p><span style=\"color: #777777; font-family: Arial;\">Selon Justine Lacroix et concernant l&rsquo;origine de cette expression&nbsp;:<br \/>\n<\/span><\/p>\n<p style=\"margin-left: 28pt;\"><span style=\"color: #c00000; font-family: Arial;\">\u00ab&nbsp;Il semble que ce soit Jean-Marie Le Pen le premier qui ait forg\u00e9 cette expression, puis elle s&rsquo;est impos\u00e9e petit \u00e0 petit chez des responsables politiques situ\u00e9s dans des champs plus respectables de l&rsquo;\u00e9chiquier politique. Nicolas Sarkozy l&rsquo;a utilis\u00e9 dans le contexte pr\u00e9cis de la question migratoire.&nbsp;\u00bb<br \/>\n<\/span><\/p>\n<p><span style=\"color: #777777; font-family: Arial;\">Justine Lacroix n&rsquo;a pas une vision simpliste des droits de l&rsquo;homme, notamment par rapport \u00e0 l&rsquo;immigration :<br \/>\n<\/span><\/p>\n<p style=\"margin-left: 28pt;\"><span style=\"color: #c00000; font-family: Arial;\">\u00ab&nbsp;Aujourd&rsquo;hui, le d\u00e9bat oppose de fa\u00e7on tronqu\u00e9e et manich\u00e9enne des \u00ab&nbsp;droits-de-l&rsquo;hommistes&nbsp;\u00bb caricatur\u00e9s comme plaidant pour un droit universel de circulation \u00e0 l&rsquo;\u00e9chelle du globe et qui voudraient l&rsquo;ouverture totale des fronti\u00e8res et les autres, qui auraient le sens de la pr\u00e9servation de l&rsquo;int\u00e9grit\u00e9 culturelle, des \u00e9quilibres sociaux, qui feraient preuve de plus de r\u00e9alisme. [\u2026] Les droits de l&rsquo;homme ne d\u00e9terminent pas totalement nos rapports \u00e0 des sujets comme l&rsquo;immigration. Est-ce que les droits de l&rsquo;homme signifient que chaque individu s&rsquo;installe o\u00f9 il le souhaite ? Peut-\u00eatre, dans une conception tr\u00e8s individualiste des droits de l&rsquo;homme. Mais est-ce que les droits de l&rsquo;homme ne renvoient pas d&rsquo;abord \u00e0 une libert\u00e9 collective ? Libert\u00e9 d&rsquo;autod\u00e9termination, libert\u00e9 de d\u00e9lib\u00e9rer ensemble de notre avenir commun. [\u2026]<br \/>\n<\/span><\/p>\n<p style=\"margin-left: 28pt;\"><span style=\"color: #c00000; font-family: Arial;\">\u00c0 partir des droits de l&rsquo;homme, on a tout le champ du possible qui s&rsquo;ouvre, et je refuse cette fa\u00e7on d&rsquo;associer celui qui croit aux droits de l&rsquo;homme aux bourgeois, o\u00f9 le bourgeois serait celui qui croit \u00e0 l&rsquo;ouverture des fronti\u00e8res.&nbsp;\u00bb<br \/>\n<\/span><\/p>\n<p><span style=\"color: #777777; font-family: Arial;\">Justine Lacroix qui veut \u00e9videmment r\u00e9habiliter la notion de droit de l&rsquo;homme et des libert\u00e9s individuelles consid\u00e8rent qu&rsquo;on met trop souvent en avant la notion de droit, alors qu&rsquo;il s&rsquo;agit simplement d&rsquo;un d\u00e9sir.<br \/>\n<\/span><\/p>\n<p><span style=\"color: #777777; font-family: Arial;\">Ainsi \u00ab le droit \u00e0 un enfant \u00bb que certains revendiquent, c&rsquo;est un d\u00e9sir d&rsquo;enfant, existe-t-il un droit ? L&rsquo;enfant a droit \u00e0 des parents et en toutes hypoth\u00e8ses a droit \u00e0 une \u00e9ducation. L&rsquo;enfant a aussi le droit d&rsquo;\u00eatre prot\u00e9g\u00e9 devant les violences et menaces de toute sorte. Mais existe-t-il un droit \u00e0 un adulte de revendiquer un enfant ? La r\u00e9ponse que j&rsquo;approfondirai dans un autre mot du jour est tr\u00e8s certainement \u00ab Non \u00bb.<br \/>\n<\/span><\/p>\n<p><span style=\"color: #777777; font-family: Arial;\">Justine Lacroix estime aussi qu&rsquo;il n&rsquo;est pas judicieux de parler de droit des animaux. Il est, selon elle, l\u00e9gitime d&rsquo;interdire les pratiques qui font souffrir les \u00eatres sensibles que sont les animaux, sans que pour autant il faille conf\u00e9rer \u00ab&nbsp;un droit&nbsp;\u00bb \u00e0 l&rsquo;animal.<br \/>\n<\/span><\/p>\n<p><span style=\"color: #777777; font-family: Arial;\">Il n&rsquo;existe pas davantage un droit de polluer, correspondant \u00e0 une libert\u00e9 individuelle, surtout si cette pollution a pour cons\u00e9quence un dommage \u00e0 l&rsquo;humanit\u00e9 enti\u00e8re.<br \/>\n<\/span><\/p>\n<p><span style=\"color: #777777; font-family: Arial;\">Elle en appelle \u00e0 Hannah Arendt qui consid\u00e9rait que les droits de l&rsquo;homme n&rsquo;avaient de raison d&rsquo;\u00eatre que parce qu&rsquo;il existait une soci\u00e9t\u00e9, c&rsquo;est-\u00e0-dire une multitude d&rsquo;hommes. Or l&rsquo;homme ne peut et ne doit pas, par sa libert\u00e9, porter atteinte \u00e0 la soci\u00e9t\u00e9 dans son ensemble. Les droits de la personne dans son esprit ne sont pas en contradiction avec la solidarit\u00e9.<br \/>\n<\/span><\/p>\n<p><span style=\"color: #777777; font-family: Arial;\">C&rsquo;est une r\u00e9flexion qui me parait tr\u00e8s f\u00e9conde et je vous redonne le lien vers l&rsquo;\u00e9mission&nbsp;:<\/span><span style=\"color: #0000ff;\"> <span style=\"font-family: Arial;\"><a style=\"color: #0000ff;\" href=\"https:\/\/www.dailymotion.com\/video\/x7mcxht\">&lt;sous format vid\u00e9o&gt;<\/a><\/span><\/span><span style=\"color: #777777; font-family: Arial;\"><br \/>\n<\/span><\/p>\n<p><span style=\"color: maroon; font-family: Arial;\">&lt;1284&gt;<\/span><\/p>\n","protected":false},"excerpt":{"rendered":"<p>\u00ab Les droits de l\u2019homme rendent-ils idiot ? \u00bb Justine Lacroix et Jean-Yves Pranch\u00e8re Justine Lacroix est belge. Elle est professeure \u00e0 l&rsquo;universit\u00e9 libre de Bruxelles sp\u00e9cialis\u00e9e dans les sciences politiques. Elle a \u00e9crit avec Jean-Yves Pranch\u00e8re qui enseigne dans<\/p>\n","protected":false},"author":1,"featured_media":0,"comment_status":"open","ping_status":"closed","sticky":false,"template":"","format":"standard","meta":{"footnotes":""},"categories":[1],"tags":[77,113,41],"class_list":["post-7266","post","type-post","status-publish","format-standard","hentry","category-motdujour","tag-democratie","tag-droits-de-lhomme","tag-liberte"],"_links":{"self":[{"href":"https:\/\/lemotdujour.fr\/index.php?rest_route=\/wp\/v2\/posts\/7266","targetHints":{"allow":["GET"]}}],"collection":[{"href":"https:\/\/lemotdujour.fr\/index.php?rest_route=\/wp\/v2\/posts"}],"about":[{"href":"https:\/\/lemotdujour.fr\/index.php?rest_route=\/wp\/v2\/types\/post"}],"author":[{"embeddable":true,"href":"https:\/\/lemotdujour.fr\/index.php?rest_route=\/wp\/v2\/users\/1"}],"replies":[{"embeddable":true,"href":"https:\/\/lemotdujour.fr\/index.php?rest_route=%2Fwp%2Fv2%2Fcomments&post=7266"}],"version-history":[{"count":4,"href":"https:\/\/lemotdujour.fr\/index.php?rest_route=\/wp\/v2\/posts\/7266\/revisions"}],"predecessor-version":[{"id":9243,"href":"https:\/\/lemotdujour.fr\/index.php?rest_route=\/wp\/v2\/posts\/7266\/revisions\/9243"}],"wp:attachment":[{"href":"https:\/\/lemotdujour.fr\/index.php?rest_route=%2Fwp%2Fv2%2Fmedia&parent=7266"}],"wp:term":[{"taxonomy":"category","embeddable":true,"href":"https:\/\/lemotdujour.fr\/index.php?rest_route=%2Fwp%2Fv2%2Fcategories&post=7266"},{"taxonomy":"post_tag","embeddable":true,"href":"https:\/\/lemotdujour.fr\/index.php?rest_route=%2Fwp%2Fv2%2Ftags&post=7266"}],"curies":[{"name":"wp","href":"https:\/\/api.w.org\/{rel}","templated":true}]}}