{"id":7249,"date":"2019-10-03T00:02:36","date_gmt":"2019-10-02T22:02:36","guid":{"rendered":"http:\/\/lemotdujour.fr\/?p=7249"},"modified":"2020-06-12T19:25:05","modified_gmt":"2020-06-12T17:25:05","slug":"jeudi-3-octobre-2019","status":"publish","type":"post","link":"https:\/\/lemotdujour.fr\/?p=7249","title":{"rendered":"Jeudi 3 octobre 2019"},"content":{"rendered":"<div class=\"mdjTexte\">\u00ab Malheureusement, pour beaucoup de gens, la seule fois dans leur vie o\u00f9 ils seront face \u00e0 eux-m\u00eames, c\u2019est au moment de mourir. \u00bb<\/div>\n<div class=\"mdjAuteur\">Richard B\u00e9liveau<\/div>\n<p><span style=\"color: #777777; font-family: Arial;\">Richard B\u00e9liveau est un docteur en biochimie et un chercheur en canc\u00e9rologie. Il est canadien.<br \/>\n<\/span><\/p>\n<p><span style=\"color: #777777; font-family: Arial;\">Je l&rsquo;ai d\u00e9couvert gr\u00e2ce \u00e0 David Servan-Schreiber qui lui faisait une grande confiance concernant l&rsquo;alimentation.<br \/>\n<\/span><\/p>\n<p><span style=\"color: #777777; font-family: Arial;\">Car Richard B\u00e9liveau pr\u00e9tend que l&rsquo;alimentation constitue une v\u00e9ritable arme pour tenir le cancer \u00e0 distance et quand il est l\u00e0, l&rsquo;alimentation peut aider aussi, m\u00eame si cela est compliqu\u00e9.<br \/>\n<\/span><\/p>\n<p><span style=\"color: #777777; font-family: Arial;\">Mais quand j&rsquo;attaquerai la seconde partie de ma s\u00e9rie sur l&rsquo;alimentation, je reviendrai vers les propositions du docteur canadien.<br \/>\n<\/span><\/p>\n<p><span style=\"color: #777777; font-family: Arial;\">Il s&rsquo;int\u00e9resse aussi \u00e0 un autre sujet. Sujet avec lequel les derniers mots du jour ont, plusieurs fois, \u00e9t\u00e9 confront\u00e9s&nbsp;: la mort.<br \/>\n<\/span><\/p>\n<p><span style=\"color: #777777; font-family: Arial;\">Et il a \u00e9crit un livre, qui comme ceux pour l&rsquo;alimentation est co-r\u00e9dig\u00e9 par le docteur Denis Gingras&nbsp;et dont le titre est \u00ab&nbsp;<a href=\"http:\/\/www.editions-trecarre.com\/Mort\/Richard-Beliveau\/livre\/9782895684718\"><span style=\"color: #0000ff;\">La Mort : Mieux la comprendre et moins la craindre pour mieux c\u00e9l\u00e9brer la vie<\/span>&nbsp;<\/a>\u00bb. Ce livre a \u00e9t\u00e9 publi\u00e9 en 2010<br \/>\n<\/span><\/p>\n<p><span style=\"color: #777777; font-family: Arial;\">J&rsquo;ai trouv\u00e9 un site canadien qui l&rsquo;a interview\u00e9 \u00e0 propos de ce livre. Cet entretien m&rsquo;a beaucoup touch\u00e9 car dans des mots simples, il dit des choses essentielles sur la mort et donc sur la vie.<br \/>\n<\/span><\/p>\n<p><span style=\"color: #777777; font-family: Arial;\">La mort pour beaucoup constitue un tabou. Une r\u00e9alit\u00e9 qu&rsquo;on cherche \u00e0 fuir par tous les moyens. La suractivit\u00e9 en \u00e9tant le moyen le plus usit\u00e9.<br \/>\n<\/span><\/p>\n<p><span style=\"color: #777777; font-family: Arial;\">Tr\u00e8s humblement, je ne crois pas qu&rsquo;il faut fuir ainsi, car la mort a beaucoup de choses \u00e0 nous dire sur la vie et le docteur B\u00e9liveau essaie de nous aider dans ce sens.<br \/>\n<\/span><\/p>\n<p><span style=\"color: #777777; font-family: Arial;\">L&rsquo;ouvrage lui-m\u00eame, selon ce que j&rsquo;en comprends car je ne l&rsquo;ai pas lu, explique les processus biologiques li\u00e9s \u00e0 la mort, les diff\u00e9rentes causes de mort, et expose des conceptions historiques, culturelles et spirituelles de la mort. Il explore la biologie et les limites de la vie, les rituels de la mort et les craintes qui lui sont associ\u00e9es et d\u00e9crit les ph\u00e9nom\u00e8nes entourant la perte de la vie. Le livre est illustr\u00e9 par des copies d&rsquo;\u0153uvre de l&rsquo;art, peintures et sculptures offrant diverses repr\u00e9sentations de la mort.<br \/>\n<\/span><\/p>\n<p><span style=\"color: #777777; font-family: Arial;\">L&rsquo;entretien du docteur B\u00e9liveau que j&rsquo;ai lu se trouve derri\u00e8re <a href=\"https:\/\/www.rfsag.ca\/mag_Profil\/profil_vol22_no2.pdf\"><span style=\"color: #0000ff;\">&lt;ce lien&gt;<\/span><\/a><br \/>\n<\/span><\/p>\n<p><span style=\"color: #777777; font-family: Arial;\">Il explique pourquoi il a souhait\u00e9 aborder ce sujet&nbsp;:<br \/>\n<\/span><\/p>\n<p style=\"margin-left: 28pt;\"><span style=\"color: #c00000; font-family: Arial;\">\u00ab&nbsp;Lorsqu&rsquo;on s&rsquo;oriente vers la recherche, c&rsquo;est pour trouver des solutions \u00e0 des probl\u00e8mes non r\u00e9solus, et le cancer est le tueur num\u00e9ro un dans les pays industrialis\u00e9s, dont le Canada. C&rsquo;est une maladie terrible qui d\u00e9truit des vies, qui d\u00e9truit des espoirs et c&rsquo;est le type de maladie qui illustre parfaitement le paradoxe de la vie. Quand on travaille sur le cancer, on est toujours \u00e0 la tr\u00e8s mince fronti\u00e8re entre la vie et la mort, parce qu&rsquo;on doit d\u00e9velopper des m\u00e9dicaments qui tuent une forme de vie \u2013 la vie des cellules canc\u00e9reuses \u2013 tout en \u00e9pargnant les cellules saines voisines. Un chercheur en oncologie navigue perp\u00e9tuellement sur cette mince fronti\u00e8re qui s\u00e9pare la vie de la mort. Or, dans mon travail, je suis n\u00e9cessairement en contact avec des gens tr\u00e8s malades qui meurent. Et ce contact avec la mort est quelque chose qui exerce beaucoup d&rsquo;influence. La d\u00e9tresse, la s\u00e9r\u00e9nit\u00e9, ou encore les questionnements existentiels des gens deviennent v\u00f4tres, parce qu&rsquo;ils sont les v\u00f4tres.&nbsp;\u00bb<br \/>\n<\/span><\/p>\n<p><span style=\"color: #777777; font-family: Arial;\">Prendre conscience que la vie est quelque chose d&rsquo;extraordinaire comme l&rsquo;\u00e9crit <a href=\"https:\/\/lemotdujour.fr\/?p=6736\"><span style=\"color: #0000ff;\">&lt;Damasio&gt;<\/span>.<\/a><br \/>\n<\/span><\/p>\n<p style=\"margin-left: 28pt;\"><span style=\"color: #c00000; font-family: Arial;\">\u00ab&nbsp;Ce qui m&rsquo;attriste, c&rsquo;est de penser qu&rsquo;il y a des gens qui meurent sans avoir v\u00e9cu \u00e0 leur pleine mesure, sans avoir pris conscience que la vie \u00e9tait quelque chose d&rsquo;absolument extraordinaire. \u00bb<br \/>\n<\/span><\/p>\n<p><span style=\"color: #777777; font-family: Arial;\">Et il donne cette \u00e9vidence que la pens\u00e9e de la mort, m&rsquo;aide \u00e0 mieux vivre.<br \/>\n<\/span><\/p>\n<p style=\"margin-left: 28pt;\"><span style=\"color: #c00000; font-family: Arial;\">\u00ab&nbsp;la mort ne me fait pas peur, je dirais m\u00eame qu&rsquo;elle me fascine. Comme \u00eatre humain, je sais que je vais mourir. Et la pens\u00e9e de la mort m&rsquo;aide \u00e0 mieux vivre. \u00c7a m&rsquo;aide \u00e0 donner une perspective, \u00e0 relativiser les probl\u00e8mes qui m&rsquo;agressent au quotidien.&nbsp;\u00bb<br \/>\n<\/span><\/p>\n<p><span style=\"color: #777777; font-family: Arial;\">La mort est devenue un tabou dans notre soci\u00e9t\u00e9 qui essaye de l&rsquo;\u00e9viter sauf pendant quelques rares moments, souvent avant une c\u00e9r\u00e9monie fun\u00e8bre..<br \/>\n<\/span><\/p>\n<p><span style=\"color: #777777; font-family: Arial;\">Richard B\u00e9liveau pratique les arts martiaux et il est passionn\u00e9 par la culture japonaise qui, selon lui, ne conna\u00eet pas ce tabou de la mort.<br \/>\n<\/span><\/p>\n<p style=\"margin-left: 28pt;\"><span style=\"color: #c00000; font-family: Arial;\">\u00ab Je d\u00e9teste les tabous, quels qu&rsquo;ils soient. Un chercheur n&rsquo;aime pas les tabous. Un chercheur est un d\u00e9fonceur de portes. C&rsquo;est un explorateur de l&rsquo;inconnu; il fait changer les id\u00e9es, il provoque des r\u00e9flexions.&nbsp;\u00bb<br \/>\n<\/span><\/p>\n<p><span style=\"color: #777777; font-family: Arial;\">Il consid\u00e8re que sa r\u00e9flexion sur la mort et la continuation de son combat pour la vie&nbsp;et contre le cancer&nbsp;:<br \/>\n<\/span><\/p>\n<p style=\"margin-left: 28pt;\"><span style=\"color: #c00000; font-family: Arial;\">\u00ab&nbsp;Pour moi, c&rsquo;est la continuit\u00e9 de ce que j&rsquo;ai fait toute ma vie. Je travaille contre la mort depuis le d\u00e9but. Il m&rsquo;est juste apparu comme une cons\u00e9quence in\u00e9luctable d&rsquo;en parler. Une fois qu&rsquo;on a d\u00e9cid\u00e9 de se prendre en main, qu&rsquo;on ne fume pas, qu&rsquo;on fait de l&rsquo;exercice, qu&rsquo;on mange bien, qu&rsquo;on reste mince et qu&rsquo;on se tient loin de la bouffe industrielle, quand on a fait tout ce qu&rsquo;on pouvait faire dans son quotidien pour prendre soin de sa vie, quelle peur nous reste-t-il ? La peur de mourir&#8230; Les gens qui sont confront\u00e9s \u00e0 la mort se posent des questions. Comment meurt-on du cancer ? d&rsquo;une maladie cardio-vasculaire ? [etc\u2026] Je crois que s&rsquo;il y a une fa\u00e7on de transcender notre peur de la mort, c&rsquo;est en la comprenant, et en la comprenant au point d&rsquo;en rire. Parce que tout le monde passe par le m\u00eame chas d&rsquo;aiguille en fin de compte. Donc la logique pour moi \u00e9tait de vaincre cette peur-l\u00e0, d&rsquo;en parler, d&rsquo;en parler, d&rsquo;en parler et d&rsquo;en parler. Plusieurs perceptions de la mort viennent du cin\u00e9ma, et toutes ces perceptions sont fausses. On a banalis\u00e9 la mort, on en a fait un jeu d&rsquo;arcade, alors que c&rsquo;est un \u00e9v\u00e9nement tr\u00e8s intime, tr\u00e8s personnel, tr\u00e8s angoissant.<br \/>\n<\/span><\/p>\n<p style=\"margin-left: 28pt;\"><span style=\"color: #c00000; font-family: Arial;\">Selon le Dala\u00ef-lama, \u00ab <strong>Les gens vivent comme s&rsquo;ils n&rsquo;allaient jamais mourir et ils meurent comme s&rsquo;ils n&rsquo;avaient jamais v\u00e9cu.<\/strong> \u00bb \u00c7a r\u00e9sume tr\u00e8s bien mon dernier livre.<br \/>\n<\/span><\/p>\n<p><span style=\"color: #777777; font-family: Arial;\">Et il conteste qu&rsquo;aborder la mort de front soit une marque de pessimisme ou de n\u00e9gation de la vie. Bien au contraire&nbsp;:<br \/>\n<\/span><\/p>\n<p style=\"margin-left: 28pt;\"><span style=\"color: #c00000; font-family: Arial;\">\u00ab&nbsp; Les gens les plus vivants que j&rsquo;ai connus dans ma vie \u00e9taient confront\u00e9s \u00e0 la mort sur une base r\u00e9guli\u00e8re. Ils prenaient conscience de l&rsquo;aspect pr\u00e9cieux de la vie. On ne peut pas savourer la vie si on ne pense pas \u00e0 la mort. C&rsquo;est toujours la comparaison entre deux choses qui permet de les mettre en perspective. Des gens m&rsquo;ont dit avoir commenc\u00e9 \u00e0 vivre quand ils ont re\u00e7u un diagnostic de cancer. C&rsquo;est aberrant de penser \u00e0 \u00e7a, mais c&rsquo;est la r\u00e9alit\u00e9. <strong>Si tous les \u00eatres humains se levaient le matin en se disant que le soir ils pourraient \u00eatre morts, on ne vivrait pas de la m\u00eame fa\u00e7on.<\/strong> On conduirait moins vite sur les autoroutes, on serait plus patient avec les autres, on serait plus tol\u00e9rant avec soi-m\u00eame. Plut\u00f4t que de cacher la mort, la nier, la fuir ou la d\u00e9nigrer comme on le fait, je pense qu&rsquo;il y a une r\u00e9flexion \u00e0 faire l\u00e0-dessus. C&rsquo;est l&rsquo;ignorance qui tue. L&rsquo;ignorance de ce qui nous arrive est le facteur principal de stress, alors pour moi, comprendre la mort est capital.&nbsp;\u00bb<br \/>\n<\/span><\/p>\n<p><span style=\"color: #777777; font-family: Arial;\">Et avant de mourir, il faut vivre et avoir une d\u00e9marche responsable de sant\u00e9, comme celle d&rsquo;\u00eatre acteur de sa gu\u00e9rison quand on est malade en s&rsquo;inscrivant dans le temps long et la pers\u00e9v\u00e9rance&nbsp;:<br \/>\n<\/span><\/p>\n<p style=\"margin-left: 28pt;\"><span style=\"color: #c00000; font-family: Arial;\">\u00ab&nbsp; On veut tout, tout de suite. On ach\u00e8te des objets dont on n&rsquo;a pas besoin avec de l&rsquo;argent que nous n&rsquo;avons pas. Alors imaginez, nous, on arrive en pr\u00e9vention en disant \u00ab faites quelque chose maintenant qui va vous payer plus tard. \u00bb On est \u00e0 contre-courant. Mais en m\u00eame temps, beaucoup r\u00e9pondent \u00e0 notre message. C&rsquo;est faux de penser que les gens sont stupides et qu&rsquo;ils ne changent pas; 70 % sont ouverts, curieux et pr\u00eats \u00e0 changer. Sur la rue, des hommes bedonnants me disent avoir achet\u00e9 leur premi\u00e8re bouteille d&rsquo;huile d&rsquo;olive ou avoir go\u00fbt\u00e9 \u00e0 de la grenade pour la premi\u00e8re fois de leur vie. [\u2026] Nous sommes, en grande partie, responsables de notre sant\u00e9 !<br \/>\n<\/span><\/p>\n<p style=\"margin-left: 28pt;\"><span style=\"color: #c00000; font-family: Arial;\"><strong>Il n&rsquo;y a pas de bouton de remise \u00e0 z\u00e9ro dans la vie ! On ne peut pas appuyer dessus et effacer les 30 derni\u00e8res ann\u00e9es<\/strong>.<br \/>\n<\/span><\/p>\n<p style=\"margin-left: 28pt;\"><span style=\"color: #c00000; font-family: Arial;\">Arr\u00eatez de penser que vous pouvez fumer, ne pas faire de sport, \u00eatre trop gras et mal manger pendant 50 ans sans probl\u00e8me. C&rsquo;est un train de vie qui vous am\u00e8ne chez le m\u00e9decin. Et l\u00e0, vite gu\u00e9rissez-moi docteur ! Je ne veux pas que \u00e7a fasse mal, je ne veux pas d&rsquo;effets secondaires, et je veux que \u00e7a prenne trois semaines. La responsabilit\u00e9 individuelle pour moi c&rsquo;est important, il faut se prendre en main.&nbsp;\u00bb<br \/>\n<\/span><\/p>\n<p><span style=\"color: #777777; font-family: Arial;\">Et je finis de le citer par ce constat si dur et si vrai que j&rsquo;ai choisi comme exergue&nbsp;:<br \/>\n<\/span><\/p>\n<p style=\"margin-left: 28pt;\"><span style=\"color: #c00000; font-family: Arial;\">\u00ab&nbsp;On est surprot\u00e9g\u00e9 de fa\u00e7on hallucinante et pour moi, la fa\u00e7on la plus flagrante de le r\u00e9aliser, c&rsquo;est lorsqu&rsquo;on est confront\u00e9 \u00e0 la mort. Parce que la mort, c&rsquo;est la solitude, et la solitude est une exp\u00e9rience de confrontation \u00e0 soi-m\u00eame. Malheureusement, <strong>pour beaucoup de gens, la seule fois dans leur vie o\u00f9 ils seront face \u00e0 eux-m\u00eames, c&rsquo;est au moment de mourir<\/strong>. &nbsp;\u00bb<br \/>\n<\/span><\/p>\n<p><span style=\"color: #777777; font-family: Arial;\">Ce n&rsquo;est pas morbide de penser \u00e0 la mort, \u00e0 sa mort. C&rsquo;est une le\u00e7on de vie qui fait qu&rsquo;on aborde la vie autrement et dans la vie, sa sant\u00e9 aussi.<br \/>\n<\/span><\/p>\n<p><span style=\"color: #777777; font-family: Arial;\">Le mot du jour se met en pause ce vendredi et lundi.<br \/>\n<\/span><\/p>\n<p><span style=\"color: #777777; font-family: Arial;\">Mon fr\u00e8re et son \u00e9pouse nous font l&rsquo;honneur de nous rendre visite.<br \/>\n<\/span><\/p>\n<p><span style=\"color: #777777; font-family: Arial;\">Et je veux me rendre pleinement disponible pour \u00eatre l\u00e0 dans l&rsquo;\u00e9change et dans la vie.<br \/>\n<\/span><\/p>\n<p><span style=\"color: #777777; font-family: Arial;\">Je ne pourrai donc pas r\u00e9diger de mot du jour qui reviendra normalement mardi 8 octobre.<br \/>\n<\/span><\/p>\n<p><span style=\"color: maroon; font-family: Arial;\">&lt;1282&gt;<\/span><\/p>\n","protected":false},"excerpt":{"rendered":"<p>\u00ab Malheureusement, pour beaucoup de gens, la seule fois dans leur vie o\u00f9 ils seront face \u00e0 eux-m\u00eames, c\u2019est au moment de mourir. \u00bb Richard B\u00e9liveau Richard B\u00e9liveau est un docteur en biochimie et un chercheur en canc\u00e9rologie. Il est<\/p>\n","protected":false},"author":1,"featured_media":0,"comment_status":"open","ping_status":"closed","sticky":false,"template":"","format":"standard","meta":{"footnotes":""},"categories":[1],"tags":[54,153,13],"class_list":["post-7249","post","type-post","status-publish","format-standard","hentry","category-motdujour","tag-humanisme","tag-mort","tag-sante"],"_links":{"self":[{"href":"https:\/\/lemotdujour.fr\/index.php?rest_route=\/wp\/v2\/posts\/7249","targetHints":{"allow":["GET"]}}],"collection":[{"href":"https:\/\/lemotdujour.fr\/index.php?rest_route=\/wp\/v2\/posts"}],"about":[{"href":"https:\/\/lemotdujour.fr\/index.php?rest_route=\/wp\/v2\/types\/post"}],"author":[{"embeddable":true,"href":"https:\/\/lemotdujour.fr\/index.php?rest_route=\/wp\/v2\/users\/1"}],"replies":[{"embeddable":true,"href":"https:\/\/lemotdujour.fr\/index.php?rest_route=%2Fwp%2Fv2%2Fcomments&post=7249"}],"version-history":[{"count":3,"href":"https:\/\/lemotdujour.fr\/index.php?rest_route=\/wp\/v2\/posts\/7249\/revisions"}],"predecessor-version":[{"id":9244,"href":"https:\/\/lemotdujour.fr\/index.php?rest_route=\/wp\/v2\/posts\/7249\/revisions\/9244"}],"wp:attachment":[{"href":"https:\/\/lemotdujour.fr\/index.php?rest_route=%2Fwp%2Fv2%2Fmedia&parent=7249"}],"wp:term":[{"taxonomy":"category","embeddable":true,"href":"https:\/\/lemotdujour.fr\/index.php?rest_route=%2Fwp%2Fv2%2Fcategories&post=7249"},{"taxonomy":"post_tag","embeddable":true,"href":"https:\/\/lemotdujour.fr\/index.php?rest_route=%2Fwp%2Fv2%2Ftags&post=7249"}],"curies":[{"name":"wp","href":"https:\/\/api.w.org\/{rel}","templated":true}]}}