{"id":7234,"date":"2019-10-01T03:19:14","date_gmt":"2019-10-01T01:19:14","guid":{"rendered":"http:\/\/lemotdujour.fr\/?p=7234"},"modified":"2020-06-12T19:27:01","modified_gmt":"2020-06-12T17:27:01","slug":"mardi-1-octobre-2019","status":"publish","type":"post","link":"https:\/\/lemotdujour.fr\/?p=7234","title":{"rendered":"Mardi 1 octobre 2019"},"content":{"rendered":"<div class=\"mdjTexte\">\u00ab Une oppression, une servitude si dure, si horrible que jamais des b\u00eates n\u2019y ont \u00e9t\u00e9 soumises \u00bb<\/div>\n<div class=\"mdjAuteur\">Bartolom\u00e9 de las Casas , Brevisima Relacion de la destruccion de las Indias<\/div>\n<p><span style=\"color: #777777; font-family: Arial;\">Depuis longtemps on nous raconte le beau r\u00e9cit de Christophe Colomb, ce marin g\u00e9nois qui s&rsquo;est mis au service des monarques catholiques espagnols Isabelle de Castille et Ferdinand d&rsquo;Aragon. Et en cherchant une route vers l&rsquo;ouest pour atteindre les Indes, a d\u00e9couvert l&rsquo;Am\u00e9rique en 1492.<br \/>\n<\/span><\/p>\n<p><span style=\"color: #777777; font-family: Arial;\">Il \u00e9tait courageux, opini\u00e2tre et apr\u00e8s beaucoup d&rsquo;effort il a pu accomplir son exploit.<br \/>\n<\/span><\/p>\n<p><span style=\"color: #777777; font-family: Arial;\">C&rsquo;\u00e9tait aussi un remarquable cartographe comme le rappelle <a href=\"http:\/\/rencontres.lemondeprecolombien.com\/index_2.htm\"><span style=\"color: #0000ff;\">&lt;Cet article&gt;<\/span><\/a> qui rappelle les p\u00e9rip\u00e9ties et les diff\u00e9rents voyages qui l&rsquo;ont rendu c\u00e9l\u00e8bre.<br \/>\n<\/span><\/p>\n<p><span style=\"color: #777777; font-family: Arial;\">Cette histoire qu&rsquo;on nous raconte, n&rsquo;est en r\u00e9alit\u00e9, pas une belle histoire.<br \/>\n<\/span><\/p>\n<p><span style=\"color: #777777; font-family: Arial;\">D\u00e9j\u00e0 le mot \u00ab&nbsp;<strong>d\u00e9couverte<\/strong> \u00bb pose question. L&rsquo;Am\u00e9rique et les iles cara\u00efbes qui ont fait l&rsquo;objet de l&rsquo;accostage des navires du g\u00e9nois \u00e9taient habit\u00e9s par des humains. Il ne s&rsquo;agissait donc pas de les \u00ab d\u00e9couvrir \u00bb mais de les \u00ab conqu\u00e9rir \u00bb.<br \/>\n<\/span><\/p>\n<p><span style=\"color: #777777; font-family: Arial;\">Colomb n&rsquo;est m\u00eame pas le premier europ\u00e9en \u00e0 avoir accost\u00e9 sur le grand continent qui se trouve de l&rsquo;autre c\u00f4t\u00e9 de l&rsquo;Atlantique, il a \u00e9t\u00e9 pr\u00e9c\u00e9d\u00e9 par les vikings.<br \/>\n<\/span><\/p>\n<p><span style=\"color: #777777; font-family: Arial;\">Par ailleurs, Christophe Colomb n&rsquo;a jamais eu une id\u00e9e pr\u00e9cise de la taille et de la profondeur de ce continent. D&rsquo;ailleurs, le continent n&rsquo;a pas \u00e9t\u00e9 appel\u00e9 Colombie mais Am\u00e9rique en souvenir<span style=\"color: #0000ff;\"> <a style=\"color: #0000ff;\" href=\"https:\/\/fr.wikipedia.org\/wiki\/Amerigo_Vespucci\">d&rsquo;Amerigo Vespucci<\/a> <\/span>(1454 Florence, 1512 S\u00e9ville) qui est aussi un explorateur controvers\u00e9 mais qui selon le r\u00e9cit europ\u00e9en serait le premier Europ\u00e9en \u00e0 comprendre que les terres d\u00e9couvertes par Christophe Colomb font partie d&rsquo;un nouveau continent.<br \/>\n<\/span><\/p>\n<p><span style=\"color: #777777; font-family: Arial;\">La petite histoire dit que c&rsquo;est en Lorraine, dans les Vosges, dans la ville de Saint-Di\u00e9 que le cartographe Martin Waldseem\u00fcller et l&rsquo;\u00e9rudit Mathias Ringmann, d\u00e9signent en son honneur ce nouveau monde du nom d&rsquo;\u00ab <strong>America<\/strong> \u00bb dans le planisph\u00e8re qu&rsquo;ils \u00e9ditent en 1507.<br \/>\n<\/span><\/p>\n<p><span style=\"color: #777777; font-family: Arial;\">Donc si le continent ne s&rsquo;appelle pas Colombie ou Colombus, Christophe Collomb est cependant tr\u00e8s pr\u00e9sent en Am\u00e9rique et aux \u00c9tats Unis.<br \/>\n<\/span><\/p>\n<p><span style=\"color: #777777; font-family: Arial;\">La grande universit\u00e9 de New York s&rsquo;appelle l&rsquo;universit\u00e9 &lt;<strong>Columbia<\/strong>&gt;. Des statues de Colomb se trouve quasi dans toutes les grandes villes des \u00c9tats-Unis, \u00e0 New York, \u00e0 Los Angeles et dans beaucoup d&rsquo;autres.<br \/>\n<\/span><\/p>\n<p><span style=\"color: #777777; font-family: Arial;\">Et puis, les Etats-Unis f\u00eatent le &lt;<span style=\"color: #0000ff;\"><a style=\"color: #0000ff;\" href=\"https:\/\/fr.wikipedia.org\/wiki\/Jour_de_Christophe_Colomb\"><strong>Columbus Day<\/strong><\/a><\/span>&gt; (ou \u00ab&nbsp;Jour de Christophe Colomb&nbsp;\u00bb en fran\u00e7ais), le deuxi\u00e8me lundi d&rsquo;octobre. L&rsquo;Am\u00e9rique latine et l&rsquo;Espagne f\u00eatent aussi ce jour.<br \/>\n<\/span><\/p>\n<p><span style=\"color: #777777; font-family: Arial;\">Mais cela devient de plus en plus compliqu\u00e9<\/span><\/p>\n<p><span style=\"color: #777777; font-family: Arial;\">Hier je vous racontais que Jacques Chirac, maire de Paris avait refus\u00e9 de f\u00eater les 500 ans de la fameuse \u00ab&nbsp;d\u00e9couverte&nbsp;\u00bb mais avait organis\u00e9, en 1992 au Petit Palais, une exposition sur la civilisation Tainos qui fait partie d&rsquo;une ethnie plus large qui sont les <a href=\"https:\/\/fr.wikipedia.org\/wiki\/Arawaks\"><span style=\"color: #0000ff;\">arawaks<\/span><\/a>, bref les \u00ab&nbsp;fameux indiens&nbsp;\u00bb que Colomb a rencontr\u00e9 puis massacr\u00e9.<br \/>\n<\/span><\/p>\n<p><span style=\"color: #777777; font-family: Arial;\">Cet \u00e9pisode avait fait l&rsquo;objet d&rsquo;une conversation \u00ab&nbsp;virile&nbsp;\u00bbentre le maire de Paris et le roi d&rsquo;Espagne. <span style=\"color: #0000ff;\"><a style=\"color: #0000ff;\" href=\"https:\/\/www.<francetvinfo.fr> \/monde\/usa\/video-je-ne-vais-rien-faire-pour-cet-assassin-a-dit-jacques-chirac-au-roi-d-espagne-a-propos-de-christophe-colomb_3636197.html\u00a0\u00bb>&lt;francetvinfo.fr&gt; <\/a><\/span>raconte&nbsp;:<br \/>\n<\/span><\/p>\n<p style=\"margin-left: 28pt;\"><span style=\"color: #c00000; font-family: Arial;\"> \u00ab&nbsp;C&rsquo;est le fameux coup de fil que lui passe le roi d&rsquo;Espagne [Juan Carlos]&nbsp;qui lui demande&nbsp;: \u00ab&nbsp;Qu&rsquo;est-ce que tu vas faire pour comm\u00e9morer la d\u00e9couverte de l&rsquo;Am\u00e9rique par Christophe Colomb ?&nbsp;\u00bb Jacques Chirac&nbsp;[maire de Paris]&nbsp;lui r\u00e9pond, racontait-il souvent apr\u00e8s&nbsp;: <strong>\u00ab&nbsp;Je ne vais rien faire pour cet assassin<\/strong>, mais je vais faire quelque chose en l&rsquo;honneur du peuple qu&rsquo;il a fait dispara\u00eetre&nbsp;\u00bb.&nbsp;\u00bb<br \/>\n<\/span><\/p>\n<p><span style=\"color: #777777; font-family: Arial;\">Et <span style=\"color: #0000ff;\"><a style=\"color: #0000ff;\" href=\"https:\/\/www.lemonde.fr\/m-actu\/article\/2016\/10\/14\/jacques-chirac-et-les-arts-premiers-une-passion-longtemps-cachee_5013486_4497186.html\">Le Monde.fr<\/a><\/span> compl\u00e8te&nbsp;:<br \/>\n<\/span><\/p>\n<p style=\"margin-left: 28pt;\"><span style=\"color: #c00000; font-family: Arial;\">\u00ab&nbsp;Il usera des m\u00eames mots lors du d\u00eener officiel d&rsquo;inauguration de l&rsquo;exposition sur l&rsquo;art des Indiens Ta\u00efnos, ethnie am\u00e9rindienne d\u00e9cim\u00e9e par les conquistadors.<em> \u00ab&nbsp;Offusqu\u00e9 par mes propos, l&rsquo;ambassadeur d&rsquo;Espagne quitta aussit\u00f4t la table, avec son \u00e9pouse, en signe de protestation&nbsp;\u00bb,<\/em> racontera-t-il dans ses M\u00e9moires.&nbsp;\u00bb<br \/>\n<\/span><\/p>\n<p><span style=\"color: #777777; font-family: Arial;\">Chirac fut un pr\u00e9curseur. Cet <a href=\"https:\/\/<Chirac fut un pr\u00e9curseurwww.francetvinfo.fr\/monde\/usa\/christophe-colomb-la-fin-d-un-mythe_2355903.html\"><span style=\"color: #0000ff;\">&lt;Article&gt;<\/span><\/a> de 2017 raconte un mouvement d&rsquo;ampleur aux \u00c9tats-Unis qui tend \u00e0 faire d\u00e9boulonner les statues du navigateur sanguinaire :<\/span><\/p>\n<p style=\"margin-left: 28pt;\"><span style=\"color: #c00000; font-family: Arial;\">\u00ab&nbsp;La majorit\u00e9 des villes majeures aux Etats-Unis poss\u00e8de une statue du c\u00e9l\u00e8bre explorateur. [\u2026] des critiques virulentes sont port\u00e9es sur le personnage historique, accus\u00e9 notamment d&rsquo;avoir perp\u00e9tr\u00e9 des massacres de natifs am\u00e9ricains et initi\u00e9 le commerce triangulaire. Ce mois-ci, les statues de Houston, Baltimore ou encore New York ont \u00e9t\u00e9 vandalis\u00e9es. Au Columbus Triangle Park de New York, le message \u00ab\u00a0Tear it down. Don&rsquo;t honor genocide\u00a0\u00bb y a \u00e9t\u00e9 tagu\u00e9, litt\u00e9ralement \u00ab\u00a0D\u00e9truisez-la. Ne c\u00e9l\u00e9brez pas le g\u00e9nocide&nbsp;\u00bb<br \/>\n<\/span><\/p>\n<p><span style=\"color: #777777; font-family: Arial;\">Dans la m\u00eame philosophie le \u00ab&nbsp;Columbus day&nbsp;\u00bb est remis en cause. Il est de plus en plus souvent remplac\u00e9 par \u00ab&nbsp;<strong>une Journ\u00e9e des peuples indig\u00e8nes&nbsp;<\/strong>\u00bb.<br \/>\n<\/span><\/p>\n<p><span style=\"color: #777777; font-family: Arial;\">Les inrocks ont publi\u00e9 un article <a href=\"https:\/\/www.lesinrocks.com\/2017\/10\/10\/actualite\/monde\/pourquoi-la-fete-de-christophe-colomb-fracture-lamerique\/\">\u00ab<span style=\"color: #0000ff;\">&nbsp;La f\u00eate de Christophe Colomb fracture l&rsquo;Am\u00e9rique&nbsp;\u00bb<\/span><\/a><span style=\"color: #0000ff;\">&nbsp;:<\/span><br \/>\n<\/span><\/p>\n<p style=\"margin-left: 28pt;\"><span style=\"color: #c00000; font-family: Arial;\">\u00ab&nbsp; Un n\u00e9ophyte qui jetterait un \u0153il aux festivit\u00e9s n&rsquo;y verrait que la c\u00e9l\u00e9bration bon enfant de la d\u00e9couverte de l&rsquo;Am\u00e9rique par Christophe Colomb (en 1492). Parmi les nombreuses r\u00e9jouissances pr\u00e9vues: exaltation du patriotisme, parades g\u00e9antes, exposition de reliques du XVe si\u00e8cle.<br \/>\n<\/span><\/p>\n<p style=\"margin-left: 28pt;\"><span style=\"color: #c00000; font-family: Arial;\">Mais ce succ\u00e9dan\u00e9 de 4 Juillet, la f\u00eate nationale, ne fait plus recette. C\u00e9l\u00e9brer l&rsquo;arriv\u00e9e des colons espagnols, et avec elle son cort\u00e8ge g\u00e9nocidaire, fait mauvais genre. A tel point que certains \u00c9tats refusent purement et simplement de c\u00e9l\u00e9brer cette journ\u00e9e. [\u2026]<br \/>\n<\/span><\/p>\n<p style=\"margin-left: 28pt;\"><span style=\"color: #c00000; font-family: Arial;\">Austin, Las Vegas et une cinquantaine d&rsquo;autres villes ont fait le choix de rebaptiser le jour f\u00e9ri\u00e9 en \u00ab\u00a0Journ\u00e9e des peuples indig\u00e8nes\u00a0\u00bb (Indigenous People Day). La f\u00eate se veut ainsi plus respectueuse. \u00bb<br \/>\n<\/span><\/p>\n<p><span style=\"color: #0000ff;\"><a style=\"color: #0000ff;\" href=\"http:\/\/www.rfi.fr\/ameriques\/20170831-etats-unis-christophe-colomb-perd-son-aura-colombus-day-indigenes\"><span style=\"font-family: Arial;\">\u00ab&nbsp;RFI&nbsp;\u00bb<\/span><\/a><\/span><span style=\"font-family: Arial;\"> <span style=\"color: #777777;\">pr\u00e9cise&nbsp;:<br \/>\n<\/span><\/span><\/p>\n<p style=\"margin-left: 28pt;\"><span style=\"color: #c00000; font-family: Arial;\">\u00ab&nbsp;Certains Am\u00e9rindiens \u00e9taient venus plaider leur cause en tenue traditionnelle devant le Conseil municipal de Los Angeles. Par 14 voix contre une, il a finalement \u00e9t\u00e9 d\u00e9cid\u00e9 de cr\u00e9er une Journ\u00e9e des peuples indig\u00e8nes en remplacement de Colombus Day, jour f\u00e9ri\u00e9 national c\u00e9l\u00e9brant Christophe Colomb depuis 1937.<br \/>\n<\/span><\/p>\n<p style=\"margin-left: 28pt;\"><span style=\"color: #c00000; font-family: Arial;\">Apr\u00e8s Phoenix, Seattle, Denver, Portland, et d&rsquo;autres, c&rsquo;est une nouvelle victoire pour les peuples originels des Etats-Unis et tous ceux qui consid\u00e8rent que l&rsquo;explorateur italien est l&rsquo;un des responsables du massacre de millions de personnes. \u00ab Ce n&rsquo;est encore qu&rsquo;un tout petit pas pour r\u00e9parer les dommages qui ont \u00e9t\u00e9 caus\u00e9s \u00bb, a expliqu\u00e9 un \u00e9lu de Los Angeles. \u00ab Il faut surtout changer l&rsquo;enseignement qui est fait sur cette question \u00e0 l&rsquo;\u00e9cole \u00bb, a rappel\u00e9 le conseiller municipal d&rsquo;une ville du Maine, qui a pris la m\u00eame d\u00e9cision \u00e0 l&rsquo;extr\u00eame oppos\u00e9 du pays.&nbsp;\u00bb<br \/>\n<\/span><\/p>\n<p><span style=\"color: #777777; font-family: Arial;\">Mais qu&rsquo;en est-il de ce h\u00e9ros de nos livres d&rsquo;Histoire&nbsp;?<br \/>\n<\/span><\/p>\n<p><span style=\"color: #777777; font-family: Arial;\">Le site Agoravox pr\u00e9tend nous donner <a href=\"https:\/\/www.agoravox.fr\/actualites\/religions\/article\/la-verite-sur-christophe-colomb-147690\"><span style=\"color: #0000ff;\">&lt;la v\u00e9rit\u00e9 sur Christophe Colomb&gt;<\/span><\/a>&nbsp;:<br \/>\n<\/span><\/p>\n<p style=\"margin-left: 28pt;\"><span style=\"color: #c00000; font-family: Arial;\">\u00ab&nbsp;D&rsquo;apr\u00e8s des r\u00e9cits retrouv\u00e9s, issus de son propre carnet de route, puis d&rsquo;autres, \u00e9crits de la main de son propre fils, Fernando Colomb ou&nbsp;d&rsquo;un pr\u00eatre et Historien accompagnateur&nbsp;: Bartolom\u00e9 De Las Casas, le navigateur \u00e9tait un sanguinaire sans morale.<br \/>\n<\/span><\/p>\n<p style=\"margin-left: 28pt;\"><span style=\"color: #c00000; font-family: Arial;\">Les Arawak (indiens) l&rsquo;ont accueilli de fa\u00e7on pacifique. Il les a d&rsquo;ailleurs qualifi\u00e9s dans son journal de bord, d&rsquo;hommes gentils \u00ab qui ne portaient pas d&rsquo;armes, ils ne savent pas ce qu&rsquo;est une \u00e9p\u00e9e et lorsqu&rsquo;ils l&rsquo;ont touch\u00e9e, ils l&rsquo;ont prise par la lame et se sont coup\u00e9s. Ce sont des gens gentils, les meilleurs du monde, qui ne connaissent rien du mal, ils ne tuent pas, ne volent pas.. Ils aiment leurs voisins comme eux-m\u00eames, ils parlent de fa\u00e7on douce et rient sans cesse \u00bb. Si ses \u00e9crits s&rsquo;\u00e9taient arr\u00eat\u00e9s l\u00e0, Colomb m\u00e9riterait sans nulle doute, cette place dans l&rsquo;Histoire. Mais il poursuit pourtant en indiquant \u00ab qu&rsquo;ils feraient de bons serviteurs, ils sont tr\u00e8s simples. Avec 50 hommes, nous pourrions tous les subjuguer et faire d&rsquo;eux, ce que nous voulons \u00bb. Et le mal prenant le pas sur le bien, Christophe Colomb n&rsquo;a pas h\u00e9sit\u00e9 une seconde a mettre \u00e0 profit ses mauvaises pens\u00e9es afin d&rsquo;obtenir des richesses et surtout, de convertir les natifs au Christianisme.<br \/>\n<\/span><\/p>\n<p style=\"margin-left: 28pt;\"><span style=\"color: #c00000; font-family: Arial;\">Couper des mains aux Indiens ne lui ramenant pas assez d&rsquo;or, couper des oreilles ou des nez \u00e0 ceux qui refusaient de suivre ses ordres et lois, couper des jambes aux enfants Indiens, cherchant \u00e0 s&rsquo;\u00e9chapper et ce, afin de tester les lames des \u00e9p\u00e9es, telles \u00e9taient les sanctions pratiqu\u00e9es par Christophe Colomb. Bien d\u00e9cid\u00e9 \u00e0 s&rsquo;approprier les Am\u00e9riques ainsi que les Antilles, il ne laissa aucune chance aux autochtones d\u00e9j\u00e0 en place. Apr\u00e8s avoir tu\u00e9 pr\u00e8s de 10&nbsp;000 Ha\u00eftiens en leur coupant des membres et en les laissant se vider de leur sang, il s&rsquo;est attaqu\u00e9 \u00e0 l&rsquo;actuelle R\u00e9publique Dominicaine, laissant derri\u00e8re lui, une mare de sang.<br \/>\n<\/span><\/p>\n<p style=\"margin-left: 28pt;\"><span style=\"color: #c00000; font-family: Arial;\">Les consignes qu&rsquo;il avait re\u00e7ues \u00e9taient pourtant claires&nbsp;: \u00ab&nbsp;s&rsquo;efforcer de gagner la confiance des habitants en s&rsquo;abstenant du moindre mal&nbsp;\u00bb mais \u00e0 l&rsquo;autre bout du monde, avec un grand sentiment d&rsquo;impunit\u00e9, les actes \u00e9taient tout autres.<br \/>\n<\/span><\/p>\n<p style=\"margin-left: 28pt;\"><span style=\"color: #c00000; font-family: Arial;\">Ce n&rsquo;\u00e9tait pas la guerre, mais bien pire encore Samuel Eliot Morison, historien, utilise m\u00eame le terme de \u00ab&nbsp;g\u00e9nocide&nbsp;\u00bb pour d\u00e9crire les atrocit\u00e9s des colons..<br \/>\n<\/span><\/p>\n<p style=\"margin-left: 28pt;\"><span style=\"color: #c00000; font-family: Arial;\">Des enfants finissaient r\u00f4tis \u00e0 la broche avant d&rsquo;\u00eatre d\u00e9coup\u00e9s en morceaux, des jeux-d\u00e9fis \u00e9taient lanc\u00e9s entre Europ\u00e9ens afin de savoir qui des deux dualistes pourraient couper d&rsquo;un seul coup, la t\u00eate de sujets Indiens. La bestialit\u00e9 des soldats occidentaux les poussaient \u00e0 d\u00e9capiter sans raison aucune, les enfants qu&rsquo;ils croisaient et pire encore, lorsque les chiens de meute de l&rsquo;\u00e9quipage \u00e9taient \u00e0 cours de viande, ce sont des b\u00e9b\u00e9s Arawak qui \u00e9taient tu\u00e9s ou parfois donn\u00e9s vifs en guise de repas. Des actes de barbarie de la sorte, les Indiens les ont endur\u00e9s jour et nuit, et ce, pendant des ann\u00e9es. Leur docilit\u00e9 a m\u00eame donn\u00e9 l&rsquo;id\u00e9e \u00e0 Christophe Colomb, de les ramener en Europe afin qu&rsquo;ils soient exploit\u00e9s comme esclaves. Pendant les travers\u00e9es, les femmes et les jeunes filles \u00e9taient viol\u00e9es puis battues \u00e0 mort. [&#8230;]<br \/>\n<\/span><\/p>\n<p style=\"margin-left: 28pt;\"><span style=\"color: #c00000; font-family: Arial;\">Les viols \u00e9taient r\u00e9currents et ce, d\u00e8s que les fillettes&nbsp;atteignaient 9 ans. Le Professeur d&rsquo;Histoire et sociologue de l&rsquo;Universit\u00e9 du Vermont&nbsp;: James Loewen, a soulign\u00e9 que \u00ab&nbsp;D\u00e8s 1493, le navigateur r\u00e9compensait ses lieutenants avec des <img loading=\"lazy\" decoding=\"async\" class=\"alignleft\" src=\"https:\/\/lemotdujour.fr\/wp-content\/uploads\/2019\/09\/093019_2119_Mardi1octob1.jpg\" alt=\"\" width=\"261\" height=\"300\" align=\"left\">femmes Indiennes&nbsp;\u00bb. Bien b\u00eates sont ceux qui pensaient que des hommes pouvaient rester des mois et des mois en contenant leurs app\u00e9tits sexuels&nbsp;!<br \/>\n<\/span><\/p>\n<p style=\"margin-left: 28pt;\"><span style=\"color: #c00000; font-family: Arial;\">Les chiffres parlent d&rsquo;eux-m\u00eames, en 1493, les Arawak comptaient huit millions d&rsquo;habitants \u00e9tendus dans les Cara\u00efbes (surtout en Ha\u00efti et R\u00e9publique Dominicaine). A son d\u00e9part, en 1504, il ne restait que 100 000 individus. \u00bb<br \/>\n<\/span><\/p>\n<p><span style=\"color: #777777; font-family: Arial;\">Et ce texte est en effet confirm\u00e9 par l&rsquo;exemplaire pr\u00eatre dominicain &lt;<span style=\"color: #0000ff;\"><a style=\"color: #0000ff;\" href=\"https:\/\/fr.wikipedia.org\/wiki\/Bartolom%C3%A9_de_las_Casas\">Bartolom\u00e9 de las Casas<\/a><\/span>&gt; qui d\u00e9non\u00e7a ces crimes et fut le d\u00e9fenseur des peuples indig\u00e8nes.<br \/>\n<\/span><\/p>\n<p><span style=\"color: #777777; font-family: Arial;\">Dans ce &lt;<a href=\"https:\/\/clio-texte.clionautes.org\/las-casas-defend-les-indiens-et-proteste-contre-leur-exploitation.html\"><span style=\"color: #0000ff;\">r\u00e9cit historique<\/span><\/a>&gt; il d\u00e9nonce&nbsp;:<br \/>\n<\/span><\/p>\n<p style=\"margin-left: 28pt;\"><span style=\"color: #c00000; font-family: Arial;\">\u00ab&nbsp;Des chr\u00e9tiens rencontr\u00e8rent une Indienne, qui portait dans ses bras un enfant qu&rsquo;elle \u00e9tait en train d&rsquo;allaiter&nbsp;; et comme le chien qui les accompagnait avait faim, ils arrach\u00e8rent l&rsquo;enfant des bras de la m\u00e8re, et tout vivant le jet\u00e8rent au chien, qui se mit \u00e0 le d\u00e9pecer sous les yeux m\u00eames de la m\u00e8re (\u2026).&nbsp;\u00bb<br \/>\n<\/span><\/p>\n<p><span style=\"color: #777777; font-family: Arial;\">Vous trouverez aussi sur cette page, l&rsquo;extrait suivant :<br \/>\n<\/span><\/p>\n<p style=\"margin-left: 28pt;\"><span style=\"color: #c00000; font-family: Arial;\">\u00ab&nbsp;C&rsquo;est parmi ces douces brebis, ainsi dot\u00e9es par le Cr\u00e9ateur des qualit\u00e9s que j&rsquo;ai dites, que s&rsquo;install\u00e8rent les Espagnols. D\u00e8s qu&rsquo;ils les connurent, ceux-ci se comport\u00e8rent comme des loups, et des tigres et des lions, qu&rsquo;on aurait dit affam\u00e9s depuis des jours. Et ils n&rsquo;ont rien fait depuis quarante ans et plus qu&rsquo;ils sont l\u00e0, sinon les tuer, les faire souffrir, les affliger, les tourmenter par des m\u00e9thodes cruelles extraordinaires, nouvelles et vari\u00e9es, qu&rsquo;on n&rsquo;avait jamais vues ni entendu parler. [\u2026]<br \/>\n<\/span><\/p>\n<p style=\"margin-left: 28pt;\"><span style=\"color: #c00000; font-family: Arial;\">Il y a eu deux fa\u00e7ons principales pour ces gens qu&rsquo;on appelle chr\u00e9tiens, d&rsquo;extirper et rayer ainsi de la terre ces malheureuses nations: la premi\u00e8re ce furent les guerres cruelles, sanglantes, tyranniques; la seconde fut, apr\u00e8s la mort de tous ceux qui pouvaient aspirer \u00e0 la libert\u00e9 et combattre pour elle \u2013 car tous les chefs et les hommes Indiens sont courageux \u2013 <strong>une oppression, une servitude si dure, si horrible que jamais des b\u00eates n&rsquo;y ont \u00e9t\u00e9 soumises<\/strong>. La raison pour laquelle les chr\u00e9tiens ont d\u00e9truit une si grande quantit\u00e9 d&rsquo;\u00eatres humains, a \u00e9t\u00e9 seulement le d\u00e9sir insatiable de l&rsquo;or, l&rsquo;envie de s&#8217;emplir de richesses dans le d\u00e9lai le plus rapide possible, afin de s&rsquo;\u00e9lever \u00e0 des niveaux sociaux qui n&rsquo;\u00e9taient pas dignes de leur personne. \u00bb<br \/>\n<\/span><\/p>\n<p style=\"margin-left: 28pt;\"><span style=\"color: #c00000; font-family: Arial;\"><em>Extrait tir\u00e9 de : Bartolom\u00e9 De Las Casas (1542), Brevisima Relacion de la destruccion de las Indias (= Tr\u00e8s br\u00e8ve relation de la destruction des Indes).<br \/>\n<\/em><\/span><\/p>\n<p><span style=\"color: #777777; font-family: Arial;\">Jacques Chirac avait raison en parlant de \u00ab&nbsp;<strong>cet assassin<\/strong>&nbsp;\u00bb.<br \/>\n<\/span><\/p>\n<p><span style=\"color: #777777; font-family: Arial;\">Les monstres qui se comportaient ainsi, se pr\u00e9tendaient chr\u00e9tiens. Christophe Colomb \u00e9tait tr\u00e8s croyant. Et dire que cette ethnie arrogante, les europ\u00e9ens chr\u00e9tiens, pr\u00e9tendaient apporter la civilisation au monde. Nous, en tout cas moi je pensais qu&rsquo;ils avaient \u00e9t\u00e9 cruels parce qu&rsquo;ils voulaient s&rsquo;enrichir, gagner des terres et \u00e9tendre leur pouvoir. La r\u00e9alit\u00e9 est pire, ils \u00e9taient pervers et cruels par go\u00fbt morbide.<br \/>\n<\/span><\/p>\n<p><span style=\"color: #800000;\">&lt;1280&gt;<\/span><\/p>\n","protected":false},"excerpt":{"rendered":"<p>\u00ab Une oppression, une servitude si dure, si horrible que jamais des b\u00eates n\u2019y ont \u00e9t\u00e9 soumises \u00bb Bartolom\u00e9 de las Casas , Brevisima Relacion de la destruccion de las Indias Depuis longtemps on nous raconte le beau r\u00e9cit de<\/p>\n","protected":false},"author":1,"featured_media":0,"comment_status":"open","ping_status":"closed","sticky":false,"template":"","format":"standard","meta":{"footnotes":""},"categories":[1],"tags":[65,50,17],"class_list":["post-7234","post","type-post","status-publish","format-standard","hentry","category-motdujour","tag-etats-unis","tag-europe","tag-histoire"],"_links":{"self":[{"href":"https:\/\/lemotdujour.fr\/index.php?rest_route=\/wp\/v2\/posts\/7234","targetHints":{"allow":["GET"]}}],"collection":[{"href":"https:\/\/lemotdujour.fr\/index.php?rest_route=\/wp\/v2\/posts"}],"about":[{"href":"https:\/\/lemotdujour.fr\/index.php?rest_route=\/wp\/v2\/types\/post"}],"author":[{"embeddable":true,"href":"https:\/\/lemotdujour.fr\/index.php?rest_route=\/wp\/v2\/users\/1"}],"replies":[{"embeddable":true,"href":"https:\/\/lemotdujour.fr\/index.php?rest_route=%2Fwp%2Fv2%2Fcomments&post=7234"}],"version-history":[{"count":4,"href":"https:\/\/lemotdujour.fr\/index.php?rest_route=\/wp\/v2\/posts\/7234\/revisions"}],"predecessor-version":[{"id":9246,"href":"https:\/\/lemotdujour.fr\/index.php?rest_route=\/wp\/v2\/posts\/7234\/revisions\/9246"}],"wp:attachment":[{"href":"https:\/\/lemotdujour.fr\/index.php?rest_route=%2Fwp%2Fv2%2Fmedia&parent=7234"}],"wp:term":[{"taxonomy":"category","embeddable":true,"href":"https:\/\/lemotdujour.fr\/index.php?rest_route=%2Fwp%2Fv2%2Fcategories&post=7234"},{"taxonomy":"post_tag","embeddable":true,"href":"https:\/\/lemotdujour.fr\/index.php?rest_route=%2Fwp%2Fv2%2Ftags&post=7234"}],"curies":[{"name":"wp","href":"https:\/\/api.w.org\/{rel}","templated":true}]}}