{"id":7223,"date":"2019-09-30T00:08:35","date_gmt":"2019-09-29T22:08:35","guid":{"rendered":"http:\/\/lemotdujour.fr\/?p=7223"},"modified":"2020-06-12T19:27:32","modified_gmt":"2020-06-12T17:27:32","slug":"lundi-29-septembre-2019","status":"publish","type":"post","link":"https:\/\/lemotdujour.fr\/?p=7223","title":{"rendered":"Lundi 30 septembre 2019"},"content":{"rendered":"<div class=\"mdjTexte\">\u00ab Nous n\u2019allons pas c\u00e9l\u00e9brer le 500\u00e8me anniversaire de la d\u00e9couverte de l\u2019Am\u00e9rique, mais rendre hommage aux peuples pr\u00e9 colombiens, en particulier aux peuples des cara\u00efbes les tainos arawaks \u00bb<\/div>\n<div class=\"mdjAuteur\">Jacques Chirac<\/div>\n<p><span style=\"color: #777777; font-family: Arial;\">Ce lundi nous sommes donc en deuil national. Notre ancien Pr\u00e9sident de la R\u00e9publique, Jacques Chirac, est d\u00e9c\u00e9d\u00e9.<br \/>\n<\/span><\/p>\n<p><span style=\"color: #777777; font-family: Arial;\">Selon un sondage r\u00e9cent \u00ab<span style=\"color: #0000ff;\">&nbsp;<\/span><a href=\"https:\/\/www.ouest-france.fr\/politique\/jacques-chirac\/sondages-jacques-chirac-considere-meilleur-president-de-la-ve-republique-avec-de-gaulle-6541507\"><span style=\"color: #0000ff;\">Jacques Chirac&nbsp;serait le meilleur pr\u00e9sident de la V\u00e8me R\u00e9publique<\/span>&nbsp;<\/a>\u00bb avec Charles de Gaulle quand m\u00eame.<br \/>\n<\/span><\/p>\n<p><span style=\"color: #777777; font-family: Arial;\">Et il est, toujours <span style=\"color: #0000ff;\"><a style=\"color: #0000ff;\" href=\"https:\/\/www.lci.fr\/politique\/mort-de-jacques-chirac-pour-huit-francais-sur-dix-l-ancien-chef-d-etat-etait-un-bon-president-sondage-2133338.html\">selon les sondages<\/a><\/span>, extraordinairement populaire et a laiss\u00e9 une image \u00ab&nbsp;sympathique&nbsp;\u00bb&nbsp;: 87% le consid\u00e8rent comme \u00ab\u00a0proche des gens\u00a0\u00bb et \u00ab\u00a0incarnant bien la France\u00a0\u00bb. Sa personnalit\u00e9 est consid\u00e9r\u00e9e comme \u00ab\u00a0charismatique\u00a0\u00bb par 83% des sond\u00e9s, et \u00ab\u00a0dynamique\u00a0\u00bb pour 75%.<br \/>\n<\/span><\/p>\n<p><span style=\"color: #777777; font-family: Arial;\">C&rsquo;est tr\u00e8s \u00e9tonnant\u2026<br \/>\n<\/span><\/p>\n<p><a href=\"https:\/\/www.europe1.fr\/emissions\/Mediapolis\/olivier-duhamel-280919-3922206\"><span style=\"font-family: Arial;\"><span style=\"color: #0000ff;\">&lt;Il faut \u00e9couter Mediapolis d&rsquo;Olivier Duhamel&gt;<\/span><\/span><\/a><span style=\"color: #777777; font-family: Arial;\"> pour savoir que les \u00e9missions sp\u00e9ciales qu&rsquo;ont diffus\u00e9es les chaines de t\u00e9l\u00e9vision ont fait de mauvais score. Ainsi quand France 2 a d\u00e9cid\u00e9 de se mettre en \u00e9mission sp\u00e9ciale et TF1 a d\u00e9cid\u00e9 de ne pas le faire, il y a eu un transfert \u00e9norme de t\u00e9l\u00e9spectateurs de France 2 vers TF1. Et si les journaux du lendemain ont fait de meilleures ventes qu&rsquo;un jour normal, il n&rsquo;y a aucune comparaison possible avec la mort de Johny Halliday.<br \/>\n<\/span><\/p>\n<p><span style=\"color: #777777; font-family: Arial;\">Parce que quand m\u00eame si on reprend des chiffres s\u00e9rieux des \u00e9lections pr\u00e9sidentielles depuis 1974 et qu&rsquo;on compare le r\u00e9sultat au premier tour de chaque pr\u00e9sident \u00e9lu, l\u00e0 o\u00f9 se r\u00e9v\u00e8le les vrais sympathisants et les plus ou moins convaincus, on constate que<br \/>\n<\/span><\/p>\n<ul>\n<li><span style=\"color: #777777; font-family: Arial;\">Chirac a obtenu en 1995, 20,84% (<em>il est vrai que c&rsquo;\u00e9tait un miracle puisque tout le monde pensait que Balladur serait \u00e9lu<\/em>) mais en 2002, alors qu&rsquo;il \u00e9tait pr\u00e9sident sortant sans adversaire s\u00e9rieux dans son camp il a obtenu 19,88 %<br \/>\n<\/span><\/li>\n<li><span style=\"color: #777777; font-family: Arial;\">Giscard en 1974 a eu 32,60 %<br \/>\n<\/span><\/li>\n<li><span style=\"color: #777777; font-family: Arial;\">Mitterrand en 1981, 25,85 % et 34,10 % en 1988<br \/>\n<\/span><\/li>\n<li><span style=\"color: #777777; font-family: Arial;\">Sarkozy en 2007, 31,18%<br \/>\n<\/span><\/li>\n<li><span style=\"color: #777777; font-family: Arial;\">Hollande en 2012, 28,63%<br \/>\n<\/span><\/li>\n<li><span style=\"color: #777777; font-family: Arial;\">Macron en 2017, 24,01 %<br \/>\n<\/span><\/li>\n<\/ul>\n<p><span style=\"color: #777777; font-family: Arial;\">C&rsquo;est le pr\u00e9sident le plus mal \u00e9lu de tous les pr\u00e9sidents.<br \/>\n<\/span><\/p>\n<p><img loading=\"lazy\" decoding=\"async\" class=\"alignleft\" src=\"https:\/\/lemotdujour.fr\/wp-content\/uploads\/2019\/09\/092919_2201_Lundi29sept1.jpg\" alt=\"\" width=\"318\" height=\"481\" align=\"left\"><span style=\"color: #777777; font-family: Arial;\">Jean-Louis Boulanges dans &lt;<a href=\"https:\/\/www.lenouvelespritpublic.fr\/podcasts\/174\/\"><span style=\"color: #0000ff;\">le nouvel esprit public<\/span><\/a><span style=\"color: #0000ff;\">&gt;<\/span> de ce dimanche a probablement r\u00e9v\u00e9l\u00e9 une part de v\u00e9rit\u00e9&nbsp;:<br \/>\n<\/span><\/p>\n<p style=\"margin-left: 28pt;\"><span style=\"color: #c00000; font-family: Arial;\">\u00ab&nbsp;Que Chirac soit appr\u00e9ci\u00e9 de tous n&rsquo;est pas \u00e9tonnant, puisqu&rsquo;il n&rsquo;a cess\u00e9 de dire tout et son contraire sa vie politique durant. Ainsi, tout le monde a un morceau de Jacques Chirac dont il peut se r\u00e9clamer.&nbsp;\u00bb<br \/>\n<\/span><\/p>\n<p><a href=\"https:\/\/www.franceinter.fr\/emissions\/le-face-a-face-polony-glucksmann\"><span style=\"font-family: Arial;\"><span style=\"color: #0000ff;\">&lt;Sur France Inter&gt;<\/span><\/span><\/a><span style=\"color: #777777; font-family: Arial;\"> Gilles Finkelstein a dit la m\u00eame chose&nbsp;:<br \/>\n<\/span><\/p>\n<p style=\"margin-left: 28pt;\"><span style=\"color: #c00000; font-family: Arial;\">\u00ab&nbsp;Il a \u00e9t\u00e9 l\u00e0 si longtemps et il a \u00e9t\u00e9 si changeant que, comme l&rsquo;a dit Johny, on a tous quelque chose de Jacques Chirac. \u00c7a a fini d&rsquo;\u00eatre vrai, il y a au moins un moment, un discours, un acte o\u00f9 nous avons pu nous reconna\u00eetre en lui.&nbsp;\u00bb<br \/>\n<\/span><\/p>\n<p><span style=\"color: #777777; font-family: Arial;\">Pour ma part, je ne crois pas qu&rsquo;il fut un bon pr\u00e9sident de la r\u00e9publique et je n&rsquo;avais pas particuli\u00e8rement d&rsquo;affection pour lui.<br \/>\n<\/span><\/p>\n<p><span style=\"color: #777777; font-family: Arial;\">Comme l&rsquo;ont dit Jean-Louis Bourlanges et Gilles Finkelstein c&rsquo;\u00e9tait un d\u00e9magogue, une sorte d&rsquo;arch\u00e9type de d\u00e9magogue&nbsp;!<br \/>\n<\/span><\/p>\n<p><span style=\"color: #777777; font-family: Arial;\">Il en \u00e9tait pleinement conscient. Plusieurs journaux dont <span style=\"color: #0000ff;\"><a style=\"color: #0000ff;\" href=\"https:\/\/www.liberation.fr\/politiques\/2019\/09\/26\/mort-de-jacques-chirac-le-cameleon-de-la-republique_981038\">Lib\u00e9<\/a><\/span> rapportent qu&rsquo;il avait lanc\u00e9 \u00e0 son \u00e9quipe de campagne pr\u00e9sidentielle de 1995.<br \/>\n<\/span><\/p>\n<p style=\"margin-left: 28pt;\"><span style=\"color: #c00000; font-family: Arial;\"><em>\u00ab<\/em>Je vous surprendrai par ma d\u00e9magogie<em>\u00bb<\/em><br \/>\n<\/span><\/p>\n<p><span style=\"color: #777777; font-family: Arial;\">Un jour qu&rsquo;on l&rsquo;interrogeait sur ses convictions de droite ou de gauche, il avait eu cette r\u00e9ponse :<br \/>\n<\/span><\/p>\n<p style=\"margin-left: 28pt;\"><span style=\"color: #c00000; font-family: Arial;\">\u00abVous voulez le fond de ma pens\u00e9e&nbsp;\u200a? Vous voulez vraiment&nbsp;\u200a? Eh bien franchement, je n&rsquo;en sais rien.\u00bb<br \/>\n<\/span><\/p>\n<p><span style=\"color: #777777; font-family: Arial;\">C&rsquo;est le m\u00eame article de Lib\u00e9 qui rapporte cette r\u00e9ponse.<br \/>\n<\/span><\/p>\n<p><span style=\"color: #777777; font-family: Arial;\">Il a v\u00e9cu sa vie politique sur des trahisons multiples&nbsp;:<br \/>\n<\/span><\/p>\n<ul>\n<li><span style=\"color: #777777; font-family: Arial;\">En 1974, membre de l&rsquo;UDR, il trahit Chaban-Delmas candidat de l&rsquo;UDR pour rallier Giscard d&rsquo;Estaing. Ce dernier lui offrira pour le prix de trahison le poste de premier ministre.<br \/>\n<\/span><\/li>\n<li><span style=\"color: #777777; font-family: Arial;\">Deux ans plus tard il d\u00e9missionne et s&rsquo;oppose \u00e0 Giscard d&rsquo;Estaing, pourquoi pas. Mais aujourd&rsquo;hui, il est document\u00e9 qu&rsquo;en 1981 les responsables du RPR donnaient comme consigne oral \u00e0 leurs militants et sympathisants qu&rsquo;il fallait voter Mitterrand contre Giscard au second tour.<br \/>\n<\/span><\/li>\n<li><span style=\"color: #777777; font-family: Arial;\">En 1995, il fut lui-m\u00eame trahi par Balladur, Sarkozy et Pasqua.<br \/>\n<\/span><\/li>\n<\/ul>\n<p><span style=\"color: #777777; font-family: Arial;\">Il s&rsquo;en suivit une campagne, o\u00f9 comme il l&rsquo;a donc pr\u00e9dit lui-m\u00eame, d&rsquo;une d\u00e9magogie inimaginable. Il prit pour slogan \u00ab&nbsp;la fracture sociale&nbsp;\u00bb. Gilles Finkelstein analyse tr\u00e8s justement que pour \u00eatre \u00e9lu dans une \u00e9lection pr\u00e9sidentielle il faut parvenir \u00e0 imposer le th\u00e8me principal puis faire croire qu&rsquo;on est la solution. C&rsquo;est ce qu&rsquo;il est parvenu \u00e0 faire contre Balladur, mais il n&rsquo;avait pas le d\u00e9but de l&rsquo;esquisse d&rsquo;une solution. D&rsquo;ailleurs, une fois au pouvoir, tr\u00e8s rapidement ce th\u00e8me n&rsquo;\u00e9tait plus du tout prioritaire.<br \/>\n<\/span><\/p>\n<p><span style=\"color: #777777; font-family: Arial;\">En 2002, il fit de m\u00eame avec Jospin et parvint \u00e0 imposer le th\u00e8me de l&rsquo;ins\u00e9curit\u00e9.<br \/>\n<\/span><\/p>\n<p><span style=\"color: #777777; font-family: Arial;\">Ce fut un animal politique qui sut m\u00e9thodiquement d\u00e9truire toute concurrence dans son camp et tout homme ou femme qui s&rsquo;opposait \u00e0 lui. A la fin, il fut quand m\u00eame \u00e9cart\u00e9 par Sarkozy qui le traita de \u00ab&nbsp;roi fain\u00e9ant&nbsp;\u00bb. Sa haine \u00e0 l&rsquo;\u00e9gard de Nicolas Sarkozy n&rsquo;eut pas de r\u00e9pit. Probablement que dans sa popularit\u00e9, il y a une part de cette aversion anti sarkozienne qui plut beaucoup \u00e0 tous ceux que Sarkozy indisposait.<br \/>\n<\/span><\/p>\n<p><span style=\"color: #777777; font-family: Arial;\">Alors, il \u00e9tait sympathique avec tous ceux qui n&rsquo;\u00e9taient pas des concurrents politiques. Il \u00e9tait capable d&rsquo;aller vers les gens avec empathie et visiblement aimait cela.<br \/>\n<\/span><\/p>\n<p><span style=\"color: #777777; font-family: Arial;\">Tout n&rsquo;a pas \u00e9t\u00e9 n\u00e9gatif.<br \/>\n<\/span><\/p>\n<ul>\n<li><span style=\"color: #777777; font-family: Arial;\">Il a su s&rsquo;opposer \u00e0 cette guerre imb\u00e9cile que Bush fils a d\u00e9clench\u00e9 en Irak, <\/span><\/li>\n<li><span style=\"color: #777777; font-family: Arial;\">Il a mis fin au r\u00e9cit gaulliste mensonger sur une France sans t\u00e2che pendant la guerre, lors de son remarquable discours du Vel d&rsquo;Hiv,<\/span><\/li>\n<li><span style=\"color: #777777; font-family: Arial;\">Il a mis fin \u00e0 la conscription, de cette obligation pour les jeunes gar\u00e7ons de passer une ann\u00e9e voire plus dans l&rsquo;arm\u00e9e.<br \/>\n<\/span><\/li>\n<li><span style=\"color: #777777; font-family: Arial;\">Il a \u00e9t\u00e9 un des hommes de droite qui a vot\u00e9 l&rsquo;abolition de la peine de mort.<br \/>\n<\/span><\/li>\n<li><span style=\"color: #777777; font-family: Arial;\">Il a lanc\u00e9 des plans qui ont eu un impact positif&nbsp;: le plan cancer, le plan s\u00e9curit\u00e9 routi\u00e8re et aussi la charte de l&rsquo;environnement.<br \/>\n<\/span><\/li>\n<\/ul>\n<p><span style=\"color: #777777; font-family: Arial;\">Vous trouverez des pr\u00e9cisions dans<span style=\"color: #0000ff;\"> <a style=\"color: #0000ff;\" href=\"https:\/\/www.sciencesetavenir.fr\/politique\/sciences-et-sante-lheritage-de-jacques-chirac_107209\">cet article<\/a><\/span> de Sciences et Avenir<br \/>\n<\/span><\/p>\n<p><span style=\"color: #777777; font-family: Arial;\">On sait moins qu&rsquo;il participa \u00e0 la cr\u00e9ation de l&rsquo;ANPE.<br \/>\n<\/span><\/p>\n<p><span style=\"color: #777777; font-family: Arial;\">La cr\u00e9ation de l&rsquo;Agence nationale pour l&#8217;emploi date du <a href=\"https:\/\/lexpansion.lexpress.fr\/actualite-economique\/il-y-a-trente-ans-le-jeune-chirac-inventait-l-anpe_1353176.html\"><span style=\"color: #0000ff;\">13 juillet 1967<\/span><\/a>. A l&rsquo;\u00e9poque, le pays ne compte gu\u00e8re \u00e0 l&rsquo;\u00e9poque que 430 000 ch\u00f4meurs, soit 2,1 % de la population active. L&rsquo;ordonnance cr\u00e9ant l&rsquo;ANPE est sign\u00e9e, entre autres, par le secr\u00e9taire d&rsquo;Etat aux Affaires sociales charg\u00e9 des probl\u00e8mes de l&#8217;emploi&nbsp;: Jacques Chirac.<br \/>\n<\/span><\/p>\n<p><span style=\"color: #777777; font-family: Arial;\">Mais si on creuse un peu plus, on pourra trouver quand m\u00eame un point o\u00f9 Jacques Chirac fut grand et visionnaire.<br \/>\n<\/span><\/p>\n<p><span style=\"color: #777777; font-family: Arial;\">Car la bienveillance s&rsquo;efforce toujours de trouver, au milieu des d\u00e9fauts, les qualit\u00e9s.<br \/>\n<\/span><\/p>\n<p><span style=\"color: #777777; font-family: Arial;\">Fran\u00e7oise Giroud avait r\u00e9v\u00e9l\u00e9 une part de son jardin secret&nbsp;:<br \/>\n<\/span><\/p>\n<p style=\"margin-left: 28pt;\"><span style=\"color: #c00000; font-family: Arial;\">\u00ab D&rsquo;habitude, les hommes lisent Playboy ou Lui cach\u00e9s derri\u00e8re un ouvrage de po\u00e9sie. Chirac, lui, lit un livre de po\u00e9sie cach\u00e9 derri\u00e8re un Playboy \u00bb,.<br \/>\n<\/span><\/p>\n<p><img decoding=\"async\" class=\"alignleft\" src=\"https:\/\/lemotdujour.fr\/wp-content\/uploads\/2019\/09\/092919_2201_Lundi29sept2.png\" alt=\"\" align=\"left\"><span style=\"color: #777777; font-family: Arial;\"><strong>Il eut la passion des autres cultures, c&rsquo;est-\u00e0-dire des cultures non europ\u00e9ennes.<br \/>\n<\/strong><\/span><\/p>\n<p><span style=\"color: #777777; font-family: Arial;\">Il fut le chantre des \u00ab&nbsp;<strong>arts premiers<\/strong>&nbsp;\u00bb terme qu&rsquo;il parvint \u00e0 imposer \u00e0 \u00ab&nbsp;art primitif&nbsp;\u00bb qui sous-tend une hi\u00e9rarchie qu&rsquo;il r\u00e9cusait.<br \/>\n<\/span><\/p>\n<p><span style=\"color: #777777; font-family: Arial;\">Le mus\u00e9e du quai Branly, qui a pris le nom de \u00ab&nbsp;Jacques Chirac&nbsp;\u00bb fut la concr\u00e9tisation de ce beau combat.<br \/>\n<\/span><\/p>\n<p><span style=\"color: #777777; font-family: Arial;\">L&rsquo;ann\u00e9e m\u00eame o\u00f9 il refuse la guerre en Irak, il annonce <span style=\"color: #0000ff;\"><a style=\"color: #0000ff;\" href=\"https:\/\/www.lemonde.fr\/m-actu\/article\/2016\/10\/14\/jacques-chirac-et-les-arts-premiers-une-passion-longtemps-cachee_5013486_4497186.html\">la cr\u00e9ation d&rsquo;un d\u00e9partement des arts de l&rsquo;Islam<\/a><\/span> au Louvre.<br \/>\n<\/span><\/p>\n<p><span style=\"color: #777777; font-family: Arial;\">Mais il \u00e9tait aussi passionn\u00e9 des arts et de l&rsquo;Histoire de la Chine, de l&rsquo;Inde et du Japon. Jamais, il n&rsquo;\u00e9tala cette immense culture de l&rsquo;ailleurs publiquement.<br \/>\n<\/span><\/p>\n<p><span style=\"color: #777777; font-family: Arial;\">Jean-Jacques Aillagon qui le connaissait bien explique&nbsp;:<br \/>\n<\/span><\/p>\n<p style=\"margin-left: 28pt;\"><span style=\"color: #c00000; font-family: Arial;\">\u00ab&nbsp;Chirac avait une vision de la France ouverte, g\u00e9n\u00e9reuse, faite de collages et de synth\u00e8ses. Il \u00e9tait contre le choc des civilisations. C&rsquo;est un enfant de la premi\u00e8re moiti\u00e9 du XXe si\u00e8cle, de la n\u00e9gritude, du mus\u00e9e imaginaire d&rsquo;Andr\u00e9 Malraux et de l&rsquo;appel de Stockholm. \u00bb<br \/>\n<\/span><\/p>\n<p><span style=\"color: #777777; font-family: Arial;\">On sait maintenant que lyc\u00e9en il s\u00e9chait des cours pour des visites r\u00e9p\u00e9t\u00e9es au Mus\u00e9e Guimet, \u00e0 Paris, mus\u00e9e des arts asiatiques.<br \/>\n<\/span><\/p>\n<p><span style=\"color: #777777; font-family: Arial;\">On pourrait croire que ce sont des r\u00e9cits qui revisitent l&rsquo;histoire de Jacques Chirac pour y mettre un grain d&rsquo;\u00e9l\u00e9vation.<br \/>\n<\/span><\/p>\n<p><span style=\"color: #777777; font-family: Arial;\">Rien ne serait plus faux, aujourd&rsquo;hui les t\u00e9moignages se multiplient pour d\u00e9montrer que cette culture n&rsquo;\u00e9tait pas feinte, mais profonde et pr\u00e9cise.<br \/>\n<\/span><\/p>\n<p><span style=\"color: #777777; font-family: Arial;\">Ainsi, <a href=\"https:\/\/www.lemonde.fr\/m-actu\/article\/2016\/10\/14\/jacques-chirac-et-les-arts-premiers-une-passion-longtemps-cachee_5013486_4497186.html\"><span style=\"color: #0000ff;\">un voyage officiel \u00e0 Shangha\u00ef<\/span><\/a> manque de tourner \u00e0 l&rsquo;incident diplomatique lors de la visite du Mus\u00e9e de la ville. <em>\u00ab&nbsp;<\/em><span style=\"color: #c00000;\">Ils ont voulu nous tester en sortant une silhouette en bronze d&rsquo;un cochon et en pr\u00e9tendant qu&rsquo;il s&rsquo;agissait d&rsquo;un objet du VIIe&nbsp;si\u00e8cle avant J.-C. Chirac dit&nbsp;: \u00ab\u00a0Ils sont fous, c&rsquo;est du Xe&nbsp;si\u00e8cle avant J.-C.<span style=\"color: #777777;\"><em>&nbsp;\u00bb, <\/em>raconte Christian Deydier. Petite passe d&rsquo;armes, les esprits s&rsquo;\u00e9chauffent de part et d&rsquo;autre, avant que lesdits sp\u00e9cialistes chinois n&rsquo;admettent leur erreur\u2026<br \/>\n<\/span><\/span><\/span><\/p>\n<p><span style=\"color: #777777; font-family: Arial;\">Et lors <a href=\"http:\/\/www.chinatoday.com.cn\/french\/zhuanti\/2013-12\/31\/content_598050.htm\"><span style=\"color: #0000ff;\">d&rsquo;un voyage les 21 et 22 octobre 2000<\/span><\/a>, en Chine il se rendit \u00e0 Yangzhou, ville natale du pr\u00e9sident chinois de l&rsquo;\u00e9poque, Jiang Zemin, pour admirer les beaux paysages ainsi que la culture de cette ville ancienne.<br \/>\n<\/span><\/p>\n<p><span style=\"color: #777777; font-family: Arial;\">Accompagn\u00e9 de Jiang Zemin, Jacques Chirac visita le mus\u00e9e de Yangzhou et les tombeaux de la dynastie des Han. \u00c0 la fin de sa visite, M. Chirac a demand\u00e9 \u00e0 aller voir le Grand Canal creus\u00e9 d\u00e8s la dynastie des Sui. Ce canal relie Hangzhou, au Sud de la Chine, \u00e0 Beijing, via les provinces du Jiangsu, du Shandong, du Hebei et la ville de Tianjin. Ce d\u00e9sir particulier initia une conversation sur l&rsquo;ascension et la chute des Sui. \u00c0 propos du nombre d&#8217;empereurs de la dynastie des Sui, un Chinois a affirm\u00e9 sans r\u00e9fl\u00e9chir : \u00ab <span style=\"color: #c00000;\">Deux, les empereurs Wendi et Yangdi des Sui<span style=\"color: #777777;\"> \u00bb. \u00ab <span style=\"color: #c00000;\">Mais non, l&rsquo;a imm\u00e9diatement corrig\u00e9 Jacques Chirac. Ils \u00e9taient trois. Le dernier est l&#8217;empereur Gongdi, qui r\u00e9gna de l&rsquo;an 607 \u00e0 608 ; Li Yuan \u00e9tait le prince r\u00e9gent. <span style=\"color: #777777;\">\u00bb<br \/>\n<\/span><\/span><\/span><\/span><\/span><\/p>\n<p><span style=\"color: #777777; font-family: Arial;\">Le matin du 22 octobre, alors que le pr\u00e9sident Jiang prenait le petit-d\u00e9jeuner avec le pr\u00e9sident Chirac, il dit \u00e0 ce dernier&nbsp;:<br \/>\n<\/span><\/p>\n<p style=\"margin-left: 28pt;\"><span style=\"color: #c00000; font-family: Arial;\">\u00ab&nbsp;J&rsquo;ai v\u00e9rifi\u00e9 hier soir et vous aviez raison, la dynastie des Sui a bien eu trois empereurs. Le troisi\u00e8me fut l&#8217;empereur Gongdi&nbsp;\u00bb.<br \/>\n<\/span><\/p>\n<p><a href=\"https:\/\/www.franceculture.fr\/emissions\/linvite-des-matins\/disparition-de-jacques-chirac-la-fin-dune-epoque\"><span style=\"font-family: Arial;\">&lt;<span style=\"color: #0000ff;\">France Culture a invit\u00e9 Jean-Jacques Aillagon<\/span>&gt;<\/span><\/a><span style=\"color: #777777; font-family: Arial;\"> ancien ministre de la Culture, sous la pr\u00e9sidence de la R\u00e9publique, qui a narr\u00e9 l&rsquo;histoire suivante&nbsp;:<br \/>\n<\/span><\/p>\n<p><span style=\"color: #777777; font-family: Arial;\">En 1991, Jean-Jacques Aillagon \u00e9tait directeur des affaires culturelles de la Mairie de Paris. Et se souvenant qu&rsquo;en 1492, l&rsquo;Europe d\u00e9couvrit l&rsquo;Am\u00e9rique, il envoya plusieurs fiches \u00e0 Jacques Chirac pour lui proposer de cr\u00e9er un \u00e9v\u00e8nement culturel \u00e0 Paris pour c\u00e9l\u00e9brer ce 500<sup>\u00e8me<\/sup> anniversaire. Le maire de Paris ne lui r\u00e9pondit pas, mais lui demanda de passer le voir&nbsp;:<br \/>\n<\/span><\/p>\n<p style=\"margin-left: 28pt;\"><span style=\"color: #c00000; font-family: Arial;\">\u00ab&nbsp;Ecoutez Aillagon, on ne va quand m\u00eame pas c\u00e9l\u00e9brer le 500<sup>\u00e8me<\/sup> anniversaire de la d\u00e9couverte de l&rsquo;Am\u00e9rique.<br \/>\n<\/span><\/p>\n<p style=\"margin-left: 28pt;\"><span style=\"color: #c00000; font-family: Arial;\">Nous autres europ\u00e9ens, nous nous sommes comport\u00e9s de fa\u00e7on ignoble.<br \/>\n<\/span><\/p>\n<p style=\"margin-left: 28pt;\"><span style=\"color: #c00000; font-family: Arial;\">Nous avons d\u00e9truits des civilisations. Nous avons an\u00e9antis des peuples.<br \/>\n<\/span><\/p>\n<p style=\"margin-left: 28pt;\"><span style=\"color: #c00000; font-family: Arial;\">Nous avons import\u00e9 nos maladies.<br \/>\n<\/span><\/p>\n<p style=\"margin-left: 28pt;\"><span style=\"color: #c00000; font-family: Arial;\">Nous avons fait croire que notre religion \u00e9tait meilleure que celle des peuples soumis.<br \/>\n<\/span><\/p>\n<p style=\"margin-left: 28pt;\"><span style=\"color: #c00000; font-family: Arial;\">Nous n&rsquo;allons pas c\u00e9l\u00e9brer le 500<sup>\u00e8me<\/sup> anniversaire de la d\u00e9couverte de l&rsquo;Am\u00e9rique, mais rendre hommage aux peuples pr\u00e9 colombiens, en particulier aux peuples des cara\u00efbes les tainos arawaks.<br \/>\n<\/span><\/p>\n<p style=\"margin-left: 28pt;\"><span style=\"color: #c00000; font-family: Arial;\">Vous savez bien sur tout sur la civilisation des tainos arawaks.&nbsp;?<br \/>\n<\/span><\/p>\n<p style=\"margin-left: 28pt;\"><span style=\"color: #c00000; font-family: Arial;\"><em>Ma culture sur la civilisation des tainos et des arawaks \u00e9tait \u00e0 l&rsquo;\u00e9poque tr\u00e8s sommaire et je r\u00e9ponds \u00ab bien s\u00fbr \u00bb Monsieur le Maire<br \/>\n<\/em><\/span><\/p>\n<p style=\"margin-left: 28pt;\"><span style=\"color: #c00000; font-family: Arial;\">Si vous n&rsquo;en savez pas assez, allez voir Jacques Kerchache et vous pourriez peut-\u00eatre, lui confier le commissariat de cette exposition qui pourrait se d\u00e9rouler au Petit Palais.\u00bb<br \/>\n<\/span><\/p>\n<p><span style=\"color: #777777; font-family: Arial;\">Et cette &lt;<span style=\"color: #0000ff;\"><a style=\"color: #0000ff;\" href=\"https:\/\/www.franceculture.fr\/politique\/jacques-chirac-la-spatule-vomitive-et-les-indiens-tainos\">exposition<\/a><\/span>&gt; eu lieu au Petit Palais en 1992. Si vous suivez le lien que je vous donne vous entendrez m\u00eame Jacques Chirac montrer son \u00e9rudition et pr\u00e9senter des pi\u00e8ces de l&rsquo;exposition.<br \/>\n<\/span><\/p>\n<p><span style=\"color: #777777; font-family: Arial;\">Ce qu&rsquo;il y a de grand dans ce \u00ab&nbsp;jardin secret&nbsp;\u00bb de Jacques Chirac, c&rsquo;est son ouverture au monde et sa compr\u00e9hension que l&rsquo;Europe n&rsquo;est ni seule, ni au centre du monde mais qu&rsquo;il y avait d&rsquo;autres civilisations tout aussi respectables, qu&rsquo;il a \u00e9tudi\u00e9 et qu&rsquo;il s&rsquo;est efforc\u00e9 de conna\u00eetre et d&rsquo;approfondir.<br \/>\n<\/span><\/p>\n<p><span style=\"color: #777777; font-family: Arial;\">Cela explique aussi peut-\u00eatre, au-del\u00e0 des contingences politiques, pourquoi il s&rsquo;est oppos\u00e9 de suivre la \u00ab&nbsp;petite civilisation am\u00e9ricaine&nbsp;\u00bb (<em>en terme de profondeur historique<\/em>) dans sa guerre \u00e0 l&rsquo;Irak, lieu de la M\u00e9sopotamie et de la civilisation islamique de Bagdad.<br \/>\n<\/span><\/p>\n<p><span style=\"color: #777777; font-family: Arial;\">Jacques Chirac un antidote au choc des civilisations !<br \/>\n<\/span><\/p>\n<p><span style=\"color: #c00000; font-family: Arial;\">&lt;1279&gt;<span style=\"color: #777777;\"><br \/>\n<\/span><\/span><\/p>\n","protected":false},"excerpt":{"rendered":"<p>\u00ab Nous n\u2019allons pas c\u00e9l\u00e9brer le 500\u00e8me anniversaire de la d\u00e9couverte de l\u2019Am\u00e9rique, mais rendre hommage aux peuples pr\u00e9 colombiens, en particulier aux peuples des cara\u00efbes les tainos arawaks \u00bb Jacques Chirac Ce lundi nous sommes donc en deuil national.<\/p>\n","protected":false},"author":1,"featured_media":0,"comment_status":"open","ping_status":"closed","sticky":false,"template":"","format":"standard","meta":{"footnotes":""},"categories":[1],"tags":[46,15,29],"class_list":["post-7223","post","type-post","status-publish","format-standard","hentry","category-motdujour","tag-art","tag-france","tag-hommage"],"_links":{"self":[{"href":"https:\/\/lemotdujour.fr\/index.php?rest_route=\/wp\/v2\/posts\/7223","targetHints":{"allow":["GET"]}}],"collection":[{"href":"https:\/\/lemotdujour.fr\/index.php?rest_route=\/wp\/v2\/posts"}],"about":[{"href":"https:\/\/lemotdujour.fr\/index.php?rest_route=\/wp\/v2\/types\/post"}],"author":[{"embeddable":true,"href":"https:\/\/lemotdujour.fr\/index.php?rest_route=\/wp\/v2\/users\/1"}],"replies":[{"embeddable":true,"href":"https:\/\/lemotdujour.fr\/index.php?rest_route=%2Fwp%2Fv2%2Fcomments&post=7223"}],"version-history":[{"count":10,"href":"https:\/\/lemotdujour.fr\/index.php?rest_route=\/wp\/v2\/posts\/7223\/revisions"}],"predecessor-version":[{"id":9247,"href":"https:\/\/lemotdujour.fr\/index.php?rest_route=\/wp\/v2\/posts\/7223\/revisions\/9247"}],"wp:attachment":[{"href":"https:\/\/lemotdujour.fr\/index.php?rest_route=%2Fwp%2Fv2%2Fmedia&parent=7223"}],"wp:term":[{"taxonomy":"category","embeddable":true,"href":"https:\/\/lemotdujour.fr\/index.php?rest_route=%2Fwp%2Fv2%2Fcategories&post=7223"},{"taxonomy":"post_tag","embeddable":true,"href":"https:\/\/lemotdujour.fr\/index.php?rest_route=%2Fwp%2Fv2%2Ftags&post=7223"}],"curies":[{"name":"wp","href":"https:\/\/api.w.org\/{rel}","templated":true}]}}