{"id":722,"date":"2014-06-04T02:00:00","date_gmt":"2014-06-03T22:00:00","guid":{"rendered":"http:\/\/lemotdujour.fr\/?p=722"},"modified":"2017-05-08T13:22:08","modified_gmt":"2017-05-08T11:22:08","slug":"mercredi-04062014","status":"publish","type":"post","link":"https:\/\/lemotdujour.fr\/?p=722","title":{"rendered":"Mercredi 04\/06\/2014"},"content":{"rendered":"<div class=\"mdjDate\">Mercredi 04\/06\/2014<\/div>\n<div class=\"mdjTexte\">\u00abLe soleil a cinquante ans, <br \/>Mais il est n\u00e9 bien avant. \u00ab<\/div>\n<div class=\"mdjAuteur\">Fran\u00e7ois Morel<\/div>\n<div class=\"mdjComplements\">Ce sont les premiers mots du billet de Fran\u00e7ois Morel dans son hommage au 50 ans du <a href=\"http:\/\/www.theatre-du-soleil.fr\/thsol\/index.php\">&lt;Th\u00e9\u00e2tre du Soleil d&rsquo;Ariane Mnouchkine&gt;<\/a><\/div>\n<div class=\"mdjComplements\">Dire que j&rsquo;ai habit\u00e9 10 ans \u00e0 Montreuil, \u00e0 moins de 20 mn (11mn sans circulation selon Google Maps) de ce lieu d&rsquo;humanisme et de culture et que je ne suis all\u00e9 qu&rsquo;\u00e0 un seul spectacle.<\/div>\n<div class=\"mdjComplements\">C&rsquo;\u00e9tait le cercle de craie caucasien de Bertold Brecht.<\/div>\n<div class=\"mdjComplements\">Mais je m&rsquo;en souviens encore.<\/div>\n<div class=\"mdjComplements\">A l&rsquo;entracte nous mangions la soupe dont avions senti le parfum de la pr\u00e9paration pendant le premier acte.<\/div>\n<div class=\"mdjComplements\">C&rsquo;est un lieu magique que la Cartoucherie de Vincennes o\u00f9 se trouve le th\u00e9\u00e2tre du soleil mais aussi d&rsquo;autres th\u00e9\u00e2tres.<\/div>\n<div class=\"mdjComplements\">Dans ce lieu destin\u00e9 d&rsquo;abord aux armes, \u00e0 la poudre et \u00e0 la guerre, quelques esprits libres ont cr\u00e9\u00e9 un lieu de lumi\u00e8re et d&rsquo;art.<\/div>\n<div class=\"mdjComplements\">Et au sein de ce lieu il y a une grande \u00e2me : Ariane Mnouchkine.<\/div>\n<div class=\"mdjComplements\">Et Fran\u00e7ois Morel dont le billet sait parfois se transformer en pure po\u00e9sie a rendu hommage \u00e0 ce lieu et \u00e0 cette Dame de la Culture :<\/div>\n<div class=\"mdjCiter\">\u00abLe soleil a cinquante ans.<\/div>\n<div class=\"mdjCiter\">Mais il est n\u00e9 bien avant.<\/div>\n<div class=\"mdjCiter\">Il brille depuis Aristophane, Sophocle ou Euripide.<\/div>\n<div class=\"mdjCiter\">Sur les collines d&rsquo;Ath\u00e8nes, une petite gardienne de troupeau se raconte des histoires,<\/div>\n<div class=\"mdjCiter\">Elle s&rsquo;appelle Ariane&#8230;\u00bb<\/div>\n<div class=\"mdjComplements\"><a href=\"http:\/\/www.franceinter.fr\/emission-le-billet-de-francois-morel-le-soleil-a-cinquante-ans\">&lt;Et pour la suite c&rsquo;est ici&gt;<\/a><\/div>\n","protected":false},"excerpt":{"rendered":"<p>Mercredi 04\/06\/2014 \u00abLe soleil a cinquante ans, Mais il est n\u00e9 bien avant. \u00ab Fran\u00e7ois Morel Ce sont les premiers mots du billet de Fran\u00e7ois Morel dans son hommage au 50 ans du &lt;Th\u00e9\u00e2tre du Soleil d&rsquo;Ariane Mnouchkine&gt; Dire que<\/p>\n","protected":false},"author":1,"featured_media":0,"comment_status":"closed","ping_status":"closed","sticky":false,"template":"","format":"standard","meta":{"footnotes":""},"categories":[1],"tags":[],"class_list":["post-722","post","type-post","status-publish","format-standard","hentry","category-motdujour"],"_links":{"self":[{"href":"https:\/\/lemotdujour.fr\/index.php?rest_route=\/wp\/v2\/posts\/722","targetHints":{"allow":["GET"]}}],"collection":[{"href":"https:\/\/lemotdujour.fr\/index.php?rest_route=\/wp\/v2\/posts"}],"about":[{"href":"https:\/\/lemotdujour.fr\/index.php?rest_route=\/wp\/v2\/types\/post"}],"author":[{"embeddable":true,"href":"https:\/\/lemotdujour.fr\/index.php?rest_route=\/wp\/v2\/users\/1"}],"replies":[{"embeddable":true,"href":"https:\/\/lemotdujour.fr\/index.php?rest_route=%2Fwp%2Fv2%2Fcomments&post=722"}],"version-history":[{"count":1,"href":"https:\/\/lemotdujour.fr\/index.php?rest_route=\/wp\/v2\/posts\/722\/revisions"}],"predecessor-version":[{"id":723,"href":"https:\/\/lemotdujour.fr\/index.php?rest_route=\/wp\/v2\/posts\/722\/revisions\/723"}],"wp:attachment":[{"href":"https:\/\/lemotdujour.fr\/index.php?rest_route=%2Fwp%2Fv2%2Fmedia&parent=722"}],"wp:term":[{"taxonomy":"category","embeddable":true,"href":"https:\/\/lemotdujour.fr\/index.php?rest_route=%2Fwp%2Fv2%2Fcategories&post=722"},{"taxonomy":"post_tag","embeddable":true,"href":"https:\/\/lemotdujour.fr\/index.php?rest_route=%2Fwp%2Fv2%2Ftags&post=722"}],"curies":[{"name":"wp","href":"https:\/\/api.w.org\/{rel}","templated":true}]}}