{"id":7205,"date":"2019-09-26T00:30:22","date_gmt":"2019-09-25T22:30:22","guid":{"rendered":"http:\/\/lemotdujour.fr\/?p=7205"},"modified":"2020-06-12T19:29:11","modified_gmt":"2020-06-12T17:29:11","slug":"jeudi-26-septembre-2019","status":"publish","type":"post","link":"https:\/\/lemotdujour.fr\/?p=7205","title":{"rendered":"Jeudi 26 septembre 2019"},"content":{"rendered":"<div class=\"mdjTexte\">\u00ab Puissance de la douceur \u00bb<\/div>\n<div class=\"mdjAuteur\">Anne Dufourmantelle<\/div>\n<p><span style=\"color: #777777; font-family: Arial;\">J&rsquo;avais pr\u00e9vu de consacrer le mot d&rsquo;aujourd&rsquo;hui au livre de Pierre-Henri Castel \u00ab&nbsp;<a href=\"https:\/\/www.editionsducerf.fr\/librairie\/livre\/18507\/le-mal-qui-vient\"><span style=\"color: #0000ff;\">Le mal qui vient&nbsp;<\/span><\/a>\u00bb que j&rsquo;ai lu pendant ces vacances.<br \/>\n<\/span><\/p>\n<p><span style=\"color: #777777; font-family: Arial;\">J&rsquo;ai essay\u00e9, mais je n&rsquo;y arrive pas. Alors j&rsquo;en parlerai plus tard, ou pas.<br \/>\n<\/span><\/p>\n<p><span style=\"color: #777777; font-family: Arial;\">Alors je vais partager une petite vid\u00e9o (5 mn) que j&rsquo;ai trouv\u00e9e par hasard pendant ces vacances&nbsp;: &lt;<span style=\"color: #0000ff;\"><a style=\"color: #0000ff;\" href=\"https:\/\/www.youtube.com\/watch?v=jYjGzKAlU2s\">Anne Dufourmantelle &#8211; Puissance de la douceur<\/a><\/span>&gt;<br \/>\n<\/span><\/p>\n<p><img decoding=\"async\" class=\"alignleft\" src=\"https:\/\/lemotdujour.fr\/wp-content\/uploads\/2019\/09\/092419_2203_Jeudi26sept1.jpg\" alt=\"\" align=\"left\"><span style=\"color: #777777; font-family: Arial;\">\u00ab&nbsp;<a href=\"https:\/\/www.payot-rivages.fr\/payot\/livre\/puissance-de-la-douceur-9782228909648\"><span style=\"color: #0000ff;\">La puissance de la douceur&nbsp;<\/span><\/a>\u00bb est un livre qu&rsquo;Anne Dufourmantelle a \u00e9crit et publi\u00e9 en juin 2013<br \/>\n<\/span><\/p>\n<p><span style=\"color: #777777; font-family: Arial;\">Apr\u00e8s avoir partag\u00e9 la vid\u00e9o avec Annie, elle a imm\u00e9diatement souhait\u00e9 l&rsquo;acheter et a commenc\u00e9 \u00e0 le lire depuis peu.<br \/>\n<\/span><\/p>\n<p><span style=\"color: #777777; font-family: Arial;\">J&rsquo;avais entendu parler de cette psychanalyste et philosophe, en raison des circonstances de son d\u00e9c\u00e8s, mais je ne l&rsquo;avais pas encore approch\u00e9.<br \/>\n<\/span><\/p>\n<p><span style=\"color: #777777; font-family: Arial;\">Tous les m\u00e9dias avaient, en effet, parl\u00e9 de sa mort tragique, le 21 juillet 2017, sur la plage de Pampelonne, pr\u00e8s de Ramatuelle (Var), en portant secours \u00e0 deux enfants <span style=\"color: #0000ff;\"><a style=\"color: #0000ff;\" href=\"https:\/\/bibliobs.nouvelobs.com\/l-humeur-de-jerome-garcin\/20180717.OBS9830\/la-journee-tragique-ou-anne-dufourmantelle-a-sauve-le-fils-de-jean-philippe-domecq.html\">dont le fils d&rsquo;un de ses amis \u00e2g\u00e9 de 13 ans<\/a><\/span>, qui \u00e9tait en train de se noyer. Ces enfants \u00e9taient all\u00e9s se baigner alors qu&rsquo;il y avait un tr\u00e8s fort vent et des vagues, avec drapeau orange puis rouge. Au cours de ce sauvetage, elle a succomb\u00e9 \u00e0 un arr\u00eat cardiaque car elle souffrait d&rsquo;une faiblesse cardiaque. Son action n&rsquo;avait pas \u00e9t\u00e9 vaine parce que des sauveteurs sont intervenus et ont sauv\u00e9 les deux enfants.<br \/>\n<\/span><\/p>\n<p><span style=\"color: #777777; font-family: Arial;\">Anne Dufourmantelle avait 53 ans.<br \/>\n<\/span><\/p>\n<p><span style=\"color: #777777; font-family: Arial;\">Elle \u00e9tait aussi chroniqueuse \u00e0 Lib\u00e9ration. Lib\u00e9ration lui avait rendu hommage dans son &lt;<a href=\"https:\/\/www.liberation.fr\/debats\/2017\/07\/23\/mort-d-anne-dufourmantelle-philosophe-et-psychanalyste-en-liberte_1585674\"><span style=\"color: #0000ff;\">num\u00e9ro du 23 juillet 2017<\/span><\/a>&gt;&nbsp;:<br \/>\n<\/span><\/p>\n<p style=\"margin-left: 28pt;\"><span style=\"color: #c00000; font-family: Arial;\">\u00ab Douceur, c&rsquo;est le premier mot qui vient \u00e0 l&rsquo;esprit quand on pense \u00e0 Anne Dufourmantelle, philosophe et psychanalyste, d\u00e9c\u00e9d\u00e9e tragiquement ce 21 juillet apr\u00e8s-midi [\u2026] \u00abQuand il y a r\u00e9ellement un danger auquel il faut faire face [\u2026], il y a une incitation \u00e0 l&rsquo;action tr\u00e8s forte, au d\u00e9vouement, au surpassement de soi\u00bb, nous confiait en 2015 celle qui faisait <strong>l\u2019\u00c9loge<\/strong> du risque. [\u2026]<br \/>\n<\/span><\/p>\n<p style=\"margin-left: 28pt;\"><span style=\"color: #c00000; font-family: Arial;\">Notre peine est immense car Anne Dufourmantelle \u00e9tait chroniqueuse \u00e0 Lib\u00e9ration, mais c&rsquo;\u00e9tait surtout une amie. On se souvient de la douceur de sa voix, inqui\u00e8te, quand elle nous appelait chaque mois pour savoir si sa chronique \u00e9tait \u00e0 la hauteur de nos attentes. Et elle l&rsquo;\u00e9tait. Depuis deux ans dans nos colonnes, comme dans l&rsquo;ensemble de son travail, Anne Dufourmantelle, spinoziste, questionnait le rapport entre la fatalit\u00e9 et la libert\u00e9, ce qui fait qu&rsquo;une vie s&rsquo;ouvre \u00e0 la libert\u00e9 malgr\u00e9 les conditionnements, les fid\u00e9lit\u00e9s, les ob\u00e9issances. [\u2026] Ses mots, son intelligence, sa douceur nous manqueront, parce qu&rsquo;ils nous aidaient \u00e0 prendre le risque de s&rsquo;ouvrir \u00e0 l&rsquo;autre et au monde.&nbsp;\u00bb<br \/>\n<\/span><\/p>\n<p><span style=\"color: #0000ff;\"><a style=\"color: #0000ff;\" href=\"https:\/\/www.lemonde.fr\/disparitions\/article\/2017\/07\/23\/la-philosophe-et-psychanalyste-anne-dufourmantelle-se-noie-en-secourant-des-enfants_5164061_3382.html\"><span style=\"font-family: Arial;\">&lt;Le Monde&gt;<\/span><\/a><\/span><span style=\"color: #777777; font-family: Arial;\"> rapportait<br \/>\n<\/span><\/p>\n<p style=\"margin-left: 28pt;\"><span style=\"color: #c00000; font-family: Arial;\">\u00ab&nbsp;A la question \u00ab&nbsp;Peut-on vivre sans prendre de risque ?&nbsp;\u00bb, elle avait r\u00e9pondu : <em>\u00ab&nbsp; La vie tout enti\u00e8re est risque. Vivre sans prendre de risque n&rsquo;est pas vraiment vivre. C&rsquo;est \u00eatre \u00e0 demi-vivant, sous anesth\u00e9sie spirituelle.<\/em> (&#8230;) <em>Le risque commence dans les plus petits d\u00e9tails et gestes de la vie. Sortir de ses gonds, de ses habitudes, c&rsquo;est d\u00e9j\u00e0 un risque. C&rsquo;est se laisser alt\u00e9rer, c&rsquo;est rencontrer l&rsquo;alt\u00e9rit\u00e9 dans chaque \u00e9v\u00e9nement.&nbsp;\u00bb&nbsp;\u00bb<\/em><br \/>\n<\/span><\/p>\n<p><span style=\"color: #777777; font-family: Arial;\">Elle avait consacr\u00e9 un ouvrage au risque \u00ab <a href=\"https:\/\/www.payot.ch\/Detail\/eloge_du_risque-dufourmantelle_anne-9782743629120\"><span style=\"color: #0000ff;\">\u00c9loge du risque<\/span>&nbsp;<\/a>\u00bb<br \/>\n<\/span><\/p>\n<p><span style=\"color: #777777; font-family: Arial;\">Et <span style=\"color: #0000ff;\"><a style=\"color: #0000ff;\" href=\"https:\/\/bibliobs.nouvelobs.com\/actualites\/20170724.OBS2480\/anne-dufourmantelle-philosophe-du-risque-et-de-la-douceur.html\">l&rsquo;Obs<\/a><\/span> ajoutait&nbsp;:<br \/>\n<\/span><\/p>\n<p style=\"margin-left: 28pt;\"><span style=\"color: #c00000; font-family: Arial;\">\u00ab&nbsp;Dans \u00ab<a href=\"http:\/\/www.denoel.fr\/Catalogue\/DENOEL\/Mediations\/La-Femme-et-le-Sacrifice\"><span style=\"color: #0000ff;\">La Femme et le sacrifice<\/span><\/a>\u00bb, elle montrait en quoi \u00ab<em>la f\u00e9minit\u00e9 a partie li\u00e9e depuis tr\u00e8s longtemps avec le sacrifice<\/em>\u00bb \u00e0 travers le r\u00e9cit des vies d&rsquo;h\u00e9ro\u00efnes mythologiques comme Antigone ou Iphig\u00e9nie, mais aussi \u00e0 travers des existences de femmes anonymes, les femmes \u00abd&rsquo;\u00e0 c\u00f4t\u00e9\u00bb.<br \/>\n<\/span><\/p>\n<p style=\"margin-left: 28pt;\"><span style=\"color: #c00000; font-family: Arial;\">Interrog\u00e9e au sujet cette notion de sacrifice sur <a href=\"https:\/\/www.franceculture.fr\/philosophie\/anne-dufourmantelle-le-mouvement-du-sacrifice-est-aussi-un-aller-vers-la-vie\" target=\"_blank\" rel=\"noopener noreferrer\"><span style=\"color: #0000ff;\">France Culture<\/span><\/a>, elle expliquait notamment que \u00ab<em>le mouvement du sacrifice est aussi un aller vers la vie<\/em>\u00bb. En 2011, elle publiait \u00ab\u00c9loge du risque\u00bb, livre dans lequel on pouvait lire ces mots: \u00ab<strong><em>Risquer sa vie est l&rsquo;une des plus belles expressions de la langue fran\u00e7aise.<\/em><\/strong>\u00bb&nbsp;\u00ab<br \/>\n<\/span><\/p>\n<p><span style=\"color: #777777; font-family: Arial;\">La revue Psychologies lui avait \u00e9galement consacr\u00e9 un bel hommage&nbsp;: &lt;<span style=\"color: #0000ff;\"><a style=\"color: #0000ff;\" href=\"https:\/\/www.psychologies.com\/Therapies\/Toutes-les-therapies\/Therapeutes\/Articles-et-Dossiers\/Anne-Dufourmantelle-une-lumiere-s-eteint\">Anne Dufourmantelle, une lumi\u00e8re s&rsquo;\u00e9teint<\/a>&gt;<\/span><br \/>\n<\/span><\/p>\n<p><img decoding=\"async\" class=\"alignleft\" src=\"https:\/\/lemotdujour.fr\/wp-content\/uploads\/2019\/09\/092419_2203_Jeudi26sept2.jpg\" alt=\"\" align=\"left\"><span style=\"color: #777777; font-family: Arial;\">Mais revenons \u00e0 \u00ab&nbsp;<strong>la puissance de la douceur<\/strong>&nbsp;\u00bb.<br \/>\n<\/span><\/p>\n<p><span style=\"color: #777777; font-family: Arial;\">Dans le monde de la comp\u00e9tition et de la performance la douceur est souvent assimil\u00e9e \u00e0 de la faiblesse ou de la mi\u00e8vrerie. On pr\u00e9conise m\u00eame l&rsquo;agressivit\u00e9 dans l&rsquo;action. La douceur suppose la reconnaissance de la vuln\u00e9rabilit\u00e9 de ce qui est approch\u00e9, touch\u00e9, caress\u00e9. Pour Anne Dufourmantelle la douceur est une puissance !<br \/>\n<\/span><\/p>\n<p><span style=\"color: #777777; font-family: Arial;\">La \u00ab&nbsp;Puissance de la douceur&nbsp;\u00bb d\u00e9bute ainsi&nbsp;:<br \/>\n<\/span><\/p>\n<p style=\"margin-left: 28pt;\"><span style=\"color: #c00000; font-family: Arial;\">\u00ab&nbsp;La douceur est une \u00e9nigme. Incluse dans un double mouvement d&rsquo;accueil et de don, elle appara\u00eet \u00e0 la lisi\u00e8re des passages que naissance et mort signent. Parce qu&rsquo;elle a ses degr\u00e9s d&rsquo;intensit\u00e9, parce qu&rsquo;elle a une force symbolique et un pouvoir de transformation sur les \u00eatres et les choses, elle est une puissance.<br \/>\n<\/span><\/p>\n<p style=\"margin-left: 28pt;\"><span style=\"color: #c00000; font-family: Arial;\">Une personne, une pierre, une pens\u00e9e, un geste, une couleur\u2026 peuvent faire preuve de douceur. Comment en approcher la singularit\u00e9&nbsp;? Son approche est risqu\u00e9e pour qui d\u00e9sire la cerner. A bien des \u00e9gards elle a la noblesse farouche d&rsquo;une b\u00eate sauvage. Il semble qu&rsquo;il en aille ainsi de quelques autres esp\u00e8ces rares. L&rsquo;innocence, le courage, l&rsquo;\u00e9merveillement, la vuln\u00e9rabilit\u00e9, en marge des concepts arraisonn\u00e9s par la grande histoire de la pens\u00e9e sont eux aussi regard\u00e9s d&rsquo;un \u0153il inquiet par la philosophie&nbsp;\u00bb<br \/>\n<\/span><\/p>\n<p><span style=\"color: #777777; font-family: Arial;\">L&rsquo;auteure a mis en exergue de son livre cette phrase de l&#8217;empereur sto\u00efcien Marc Aur\u00e8le<br \/>\n<\/span><\/p>\n<p style=\"margin-left: 28pt;\"><span style=\"color: #c00000; font-family: Arial;\">\u00ab La douceur est invincible \u00bb.<br \/>\n<\/span><\/p>\n<p><span style=\"color: #777777; font-family: Arial;\">La Revue &lt;<span style=\"color: #0000ff;\"><a style=\"color: #0000ff;\" href=\"https:\/\/www.franceculture.fr\/emissions\/lessai-et-la-revue-du-jour-14-15\/puissance-de-la-douceur-revue-muze\">Muze<\/a><\/span>&gt; explique&nbsp;: .<br \/>\n<\/span><\/p>\n<p style=\"margin-left: 28pt;\"><span style=\"color: #c00000; font-family: Arial;\">\u00ab&nbsp;Car si l&rsquo;on y r\u00e9fl\u00e9chit bien, et si l&rsquo;on se reporte un instant \u00e0 ses souvenirs d&rsquo;enfance, on retrouvera cette force insaisissable, ce pouvoir de persuasion et d&rsquo;enchantement, ce mouvement d&rsquo;accueil et de don \u00e0 la fois, cette langue intime qui s&rsquo;adresse tout autant \u00e0 l&rsquo;esprit et au corps. La douceur tisse autour de l&rsquo;enfant un halo de sens informul\u00e9 mais p\u00e9n\u00e9trant, dans une constante r\u00e9ciprocit\u00e9 qu&rsquo;illustre au mieux l&rsquo;image du petit endormi, qui nous renvoie nous-m\u00eames \u00e0 cet abandon initial dont nous provenons. De cet \u00e9change muet, nous conservons \u00e0 jamais la trace, celle de toutes les m\u00e9tamorphoses, dans les moments de fragile incertitude o\u00f9 nous d\u00e9veloppons nos potentialit\u00e9s.<br \/>\n<\/span><\/p>\n<p style=\"margin-left: 28pt;\"><span style=\"color: #c00000; font-family: Arial;\">\u00ab Si la douceur \u00e9tait un geste, elle serait caresse \u00bb imagine l&rsquo;auteure&nbsp;\u00bb<br \/>\n<\/span><\/p>\n<p><span style=\"color: #777777; font-family: Arial;\">La douceur anime une collection de sentiments o\u00f9 gravitent mansu\u00e9tude et amour, indulgence et pardon, harmonie ou piti\u00e9, soin et souci de l&rsquo;autre \u2013 ce que les anglo-saxons ont nomm\u00e9 le \u00ab care \u00bb comme l&rsquo;a rapport\u00e9 Nancy Fraser que j&rsquo;ai cit\u00e9e ce mardi.<br \/>\n<\/span><\/p>\n<p><span style=\"color: #777777; font-family: Arial;\">Le soin a toujours \u00e9t\u00e9 associ\u00e9 \u00e0 la douceur, qui m\u00eame si elle ne suffit pas \u00e0 gu\u00e9rir, si elle ne s&rsquo;autorise d&rsquo;aucun pouvoir ni savoir, ajoute au soin une relation de compassion qui revient \u00e0 souffrir avec l&rsquo;autre, \u00e0 reconna\u00eetre par l\u00e0-m\u00eame sa propre vuln\u00e9rabilit\u00e9, mais \u00e0 \u00e9prouver la souffrance d&rsquo;autrui en se gardant d&rsquo;y c\u00e9der, de mani\u00e8re \u00e0 porter secours.<br \/>\n<\/span><\/p>\n<p><span style=\"color: #777777; font-family: Arial;\">Sans avoir fini l&rsquo;ouvrage, Annie est enchant\u00e9e de ce qu&rsquo;elle lit.<br \/>\n<\/span><\/p>\n<p><span style=\"color: #c00000; font-family: Arial;\">&lt;1277&gt;<\/span><\/p>\n","protected":false},"excerpt":{"rendered":"<p>\u00ab Puissance de la douceur \u00bb Anne Dufourmantelle J&rsquo;avais pr\u00e9vu de consacrer le mot d&rsquo;aujourd&rsquo;hui au livre de Pierre-Henri Castel \u00ab&nbsp;Le mal qui vient&nbsp;\u00bb que j&rsquo;ai lu pendant ces vacances. J&rsquo;ai essay\u00e9, mais je n&rsquo;y arrive pas. Alors j&rsquo;en parlerai<\/p>\n","protected":false},"author":1,"featured_media":0,"comment_status":"open","ping_status":"closed","sticky":false,"template":"","format":"standard","meta":{"footnotes":""},"categories":[1],"tags":[54,6,14],"class_list":["post-7205","post","type-post","status-publish","format-standard","hentry","category-motdujour","tag-humanisme","tag-philosophie","tag-recit"],"_links":{"self":[{"href":"https:\/\/lemotdujour.fr\/index.php?rest_route=\/wp\/v2\/posts\/7205","targetHints":{"allow":["GET"]}}],"collection":[{"href":"https:\/\/lemotdujour.fr\/index.php?rest_route=\/wp\/v2\/posts"}],"about":[{"href":"https:\/\/lemotdujour.fr\/index.php?rest_route=\/wp\/v2\/types\/post"}],"author":[{"embeddable":true,"href":"https:\/\/lemotdujour.fr\/index.php?rest_route=\/wp\/v2\/users\/1"}],"replies":[{"embeddable":true,"href":"https:\/\/lemotdujour.fr\/index.php?rest_route=%2Fwp%2Fv2%2Fcomments&post=7205"}],"version-history":[{"count":4,"href":"https:\/\/lemotdujour.fr\/index.php?rest_route=\/wp\/v2\/posts\/7205\/revisions"}],"predecessor-version":[{"id":9249,"href":"https:\/\/lemotdujour.fr\/index.php?rest_route=\/wp\/v2\/posts\/7205\/revisions\/9249"}],"wp:attachment":[{"href":"https:\/\/lemotdujour.fr\/index.php?rest_route=%2Fwp%2Fv2%2Fmedia&parent=7205"}],"wp:term":[{"taxonomy":"category","embeddable":true,"href":"https:\/\/lemotdujour.fr\/index.php?rest_route=%2Fwp%2Fv2%2Fcategories&post=7205"},{"taxonomy":"post_tag","embeddable":true,"href":"https:\/\/lemotdujour.fr\/index.php?rest_route=%2Fwp%2Fv2%2Ftags&post=7205"}],"curies":[{"name":"wp","href":"https:\/\/api.w.org\/{rel}","templated":true}]}}