{"id":7199,"date":"2019-09-25T02:44:36","date_gmt":"2019-09-25T00:44:36","guid":{"rendered":"http:\/\/lemotdujour.fr\/?p=7199"},"modified":"2025-05-17T11:34:11","modified_gmt":"2025-05-17T09:34:11","slug":"mercredi-25-septembre-2019","status":"publish","type":"post","link":"https:\/\/lemotdujour.fr\/?p=7199","title":{"rendered":"Mercredi 25 septembre 2019"},"content":{"rendered":"<div class=\"mdjTexte\">\u00ab C\u00e9cile \u00bb<\/div>\n<div class=\"mdjAuteur\">Je ne savais pas quel autre mot du jour \u00e9crire aujourd\u2019hui<\/div>\n<p><span style=\"color: #777777; font-family: Arial;\">J&rsquo;aime beaucoup le pr\u00e9nom de C\u00e9cile, c&rsquo;est la sainte patronne des musiciens.<br \/>\n<\/span><\/p>\n<p><span style=\"color: #777777; font-family: Arial;\">Selon le r\u00e9cit chr\u00e9tien, il s&rsquo;agissait d&rsquo;une martyre du II\u00e8me si\u00e8cle de notre \u00e8re et en allant au martyre, elle entendit la musique de Dieu et se mit \u00e0 interpr\u00e9ter des chants m\u00e9lodieux. <\/span><span style=\"color: #777777; font-family: Arial;\">C&rsquo;est pourquoi Sainte C\u00e9cile qui est f\u00eat\u00e9e le 22 novembre est la patronne des musiciens.<br \/>\n<\/span><\/p>\n<p><a href=\"https:\/\/paroissecathedralemaurienne.com\/Sainte-Cecile-patronne-des\"><span style=\"font-family: Arial;\"><span style=\"color: #0000ff;\">&lt;Si vous voulez en savoir plus&gt;<\/span><\/span><\/a><span style=\"color: #777777; font-family: Arial;\"> sur la patronne des musiciens.<br \/>\n<\/span><\/p>\n<p><span style=\"color: #777777; font-family: Arial;\">Les compositeurs de l&rsquo;\u00e9poque baroque et aussi classique ont compos\u00e9 plusieurs odes \u00e0 Sainte C\u00e9cile.<br \/>\n<\/span><\/p>\n<p><span style=\"color: #777777; font-family: Arial;\">Dans ce concert &lt;<a href=\"https:\/\/www.youtube.com\/watch?v=0hMzZEdxKC0\"><span style=\"color: #0000ff;\">diffus\u00e9 par Arte<\/span><\/a>&gt; il y a trois \u0153uvres d\u00e9di\u00e9es \u00e0 Sainte C\u00e9cile de Purcell, de Haendel et de Haydn.<br \/>\n<\/span><\/p>\n<p><span style=\"color: #777777; font-family: Arial;\">Plus r\u00e9cemment le domaine des chansons a aussi c\u00e9l\u00e9br\u00e9 C\u00e9cile.<br \/>\n<\/span><\/p>\n<p><span style=\"color: #777777; font-family: Arial;\"><span style=\"color: #0000ff;\">&lt;<a style=\"color: #0000ff;\" href=\"https:\/\/www.youtube.com\/watch?v=CVgi-KUttik\">C\u00e9cile, ma fille<\/a>&gt;<\/span> de Nougaro, <span style=\"color: #0000ff;\">&lt;<a style=\"color: #0000ff;\" href=\"https:\/\/www.youtube.com\/watch?v=H6Eg4jcXC1o\">Cecilia<\/a>&gt;<\/span> de Simon and Garfunkel, reprise en version fran\u00e7aise par <span style=\"color: #0000ff;\"><a style=\"color: #0000ff;\" href=\"https:\/\/www.youtube.com\/watch?v=L4-6-HsLSWY\">Joe Dassin<\/a>, <a style=\"color: #0000ff;\" href=\"https:\/\/www.youtube.com\/watch?v=qycwKM98xQM\">&lt;C\u00e9cile&gt;<\/a><\/span> de Julien Clerc.<br \/>\n<\/span><\/p>\n<p><span style=\"color: #777777; font-family: Arial;\">Dans les ann\u00e9es 1970, les parents aimaient donner ce pr\u00e9nom \u00e0 leurs filles.<br \/>\n<\/span><\/p>\n<p><span style=\"color: #777777; font-family: Arial;\">C\u00e9cile \u00e9tait le pr\u00e9nom d&rsquo;une de nos ch\u00e8res coll\u00e8gues.<br \/>\n<\/span><\/p>\n<p><span style=\"color: #777777; font-family: Arial;\"><img loading=\"lazy\" decoding=\"async\" class=\"size-full wp-image-16434 alignleft\" src=\"https:\/\/lemotdujour.fr\/wp-content\/uploads\/2019\/09\/IMG_1427.jpg\" alt=\"\" width=\"302\" height=\"302\" srcset=\"https:\/\/lemotdujour.fr\/wp-content\/uploads\/2019\/09\/IMG_1427.jpg 302w, https:\/\/lemotdujour.fr\/wp-content\/uploads\/2019\/09\/IMG_1427-300x300.jpg 300w, https:\/\/lemotdujour.fr\/wp-content\/uploads\/2019\/09\/IMG_1427-150x150.jpg 150w, https:\/\/lemotdujour.fr\/wp-content\/uploads\/2019\/09\/IMG_1427-230x230.jpg 230w\" sizes=\"auto, (max-width: 302px) 100vw, 302px\" \/>Une jeune femme p\u00e9tillante qui semblait irradier la joie de vivre. Pleine d&#8217;empathie pour les autres, c&rsquo;\u00e9tait un bonheur de travailler avec elle.<br \/>\n<\/span><\/p>\n<p><span style=\"color: #777777; font-family: Arial;\">Le mot du jour est n\u00e9 dans une structure professionnelle par une suggestion de Betty.<br \/>\n<\/span><\/p>\n<p><span style=\"color: #777777; font-family: Arial;\">Le premier fut \u00e9crit et envoy\u00e9 le 9 octobre 2012 par courriel \u00e0 6 destinataires\u00a0:<br \/>\n<\/span><\/p>\n<p><span style=\"color: #777777; font-family: Arial;\">Betty, Fabien, Pierre, J\u00e9r\u00f4me, Anne-Laure et C\u00e9cile.<br \/>\n<\/span><\/p>\n<p><span style=\"color: #777777; font-family: Arial;\">Apr\u00e8s avoir longtemps travaill\u00e9 dans la m\u00eame structure, je fus appel\u00e9 \u00e0 d&rsquo;autres fonctions, sur ma demande, le 2 janvier 2014. Ce m\u00eame jour, la premi\u00e8re \u00e0 m&rsquo;\u00e9crire un message fut C\u00e9cile :<br \/>\n<\/span><\/p>\n<p style=\"margin-left: 28pt;\"><span style=\"color: #c00000; font-family: Arial;\">\u00abBonjour Alain,<br \/>\nQuelle tristesse \u00e0 mon arriv\u00e9e au bureau de voir que tu n&rsquo;\u00e9tais plus l\u00e0 ! Le bureau semble vide&#8230;<\/span><\/p>\n<p style=\"margin-left: 28pt;\"><span style=\"color: #c00000; font-family: Arial;\">Et Thierry m&rsquo;a dit que tu avais pris tes nouvelles fonctions&#8230;&#8230;SNIF&#8230;&#8230;Tu vas nous manquer (enfin \u00e0 moi c&rsquo;est s\u00fbr) !<br \/>\n<\/span><\/p>\n<p style=\"margin-left: 28pt;\"><span style=\"color: #c00000; font-family: Arial;\">Mais heureusement que tu n&rsquo;es pas loin et je sais tr\u00e8s bien que tu es heureux de ce changement donc me voil\u00e0 rassur\u00e9e !<br \/>\nPour toi l&rsquo;ann\u00e9e 2014 est donc l&rsquo;ann\u00e9e du changement ! Je te souhaite une belle et heureuse ann\u00e9e remplie d&rsquo;amour, de joie, de bonheur et une excellente sant\u00e9 bien s\u00fbr.<\/span><\/p>\n<p style=\"margin-left: 28pt;\"><span style=\"color: #c00000; font-family: Arial;\">Je suis certaine que tu vas t&rsquo;\u00e9panouir dans ce nouveau poste.<\/span><\/p>\n<p style=\"margin-left: 28pt;\"><span style=\"color: #c00000; font-family: Arial;\">Les agents de ton service ne savent pas encore la chance qu&rsquo;ils ont d&rsquo;avoir un chef comme toi, mais je pense qu&rsquo;ils vont vite s&rsquo;en apercevoir !<\/span><\/p>\n<p style=\"margin-left: 28pt;\"><span style=\"color: #c00000; font-family: Arial;\">Bises<br \/>\nC\u00e9cile\u00bb<\/span><\/p>\n<p><span style=\"color: #777777; font-family: Arial;\">C\u00e9cile est enti\u00e8rement dans ce message\u00a0; enthousiaste, bienveillante, g\u00e9n\u00e9reuse et attentionn\u00e9e.<br \/>\n<\/span><\/p>\n<p><span style=\"color: #777777; font-family: Arial;\">C\u00e9cile est partie de la communaut\u00e9 des vivants, elle n&rsquo;avait pas cinquante ans.<br \/>\n<\/span><\/p>\n<p><span style=\"color: #777777; font-family: Arial;\">La c\u00e9r\u00e9monie des adieux a eu lieu hier.<br \/>\n<\/span><\/p>\n<p><span style=\"color: #777777; font-family: Arial;\">Notre univers de relations qui nous construit, qui nous inspire, qui nourrit notre quotidien comprend toutes celles et tous ceux que nous avons rencontr\u00e9s et avec qui nous avons pu construire des \u00e9changes qui nous ont fait du bien.<br \/>\n<\/span><\/p>\n<p><span style=\"color: #777777; font-family: Arial;\">Cette communaut\u00e9 de relations comprend des vivants et aussi ceux qui sont partis. Tant il est vrai que \u00ab <strong>Le vrai tombeau des morts, c&rsquo;est le c\u0153ur des vivants.<\/strong> \u00bb.<br \/>\n<\/span><\/p>\n<p><span style=\"color: #777777; font-family: Arial;\">Mais quand le d\u00e9part est aussi brutal, incompr\u00e9hensible surtout pour les plus proches il est n\u00e9cessaire de revenir \u00e0 cette recommandation d&rsquo;<\/span><span style=\"font-family: Arial; color: #0000ff;\"><a style=\"color: #0000ff;\" href=\"https:\/\/lemotdujour.fr\/?p=1530\">Anton Tchekov<\/a><\/span><span style=\"color: #777777; font-family: Arial;\"> \u00ab <strong>Enterrer les morts et r\u00e9parer les vivants<\/strong>. \u00bb<br \/>\n<\/span><\/p>\n<p><span style=\"color: #777777; font-family: Arial;\">R\u00e9parer les vivants, parce que les vivants doivent continuer leur route.<br \/>\n<\/span><\/p>\n<p><a href=\"https:\/\/lemotdujour.fr\/?p=6736\"><span style=\"font-family: Arial;\"><span style=\"color: #0000ff;\">Alain Damasio<\/span><\/span><\/a><span style=\"color: #777777; font-family: Arial;\"> \u00e9crivait\u00a0:<br \/>\n<\/span><\/p>\n<p style=\"margin-left: 28pt;\"><span style=\"color: #c00000; font-family: Arial;\">\u00ab\u00a0Le vivant n&rsquo;est pas une propri\u00e9t\u00e9, un bien qu&rsquo;on pourrait acqu\u00e9rir ou prot\u00e9ger.<br \/>\nC&rsquo;est un milieu, c&rsquo;est un chant qui nous traverse dans lequel nous sommes immerg\u00e9s, fondus ou \u00e9lectris\u00e9s.<br \/>\nSi bien que s&rsquo;il existe une \u00e9thique en tant qu&rsquo;\u00eatre humain.<br \/>\nC&rsquo;est d&rsquo;\u00eatre digne de ce don sublime d&rsquo;\u00eatre vivant.<br \/>\nEt d&rsquo;en incarner, d&rsquo;en d\u00e9ployer autant que faire se peut les puissances.<br \/>\nQu&rsquo;est-ce qu&rsquo;une puissance ?<br \/>\nUne puissance de vie\u00a0!<br \/>\nC&rsquo;est le volume de liens, de relations qu&rsquo;un \u00eatre est capable de tisser et d&rsquo;entrelacer sans se porter atteinte.<br \/>\nOu encore c&rsquo;est la gamme chromatique des affects dont nous sommes capables<br \/>\nVivre revient alors \u00e0 accroitre notre capacit\u00e9 \u00e0 \u00eatre affect\u00e9.<br \/>\nDonc notre spectre ou notre amplitude \u00e0 \u00eatre touch\u00e9, chang\u00e9, \u00e9mu.<br \/>\nContracter une sensation, contempler, habiter un instant ou un lieu.<br \/>\nCe sont des liens \u00e9lus.\u00a0\u00bb<br \/>\n<\/span><\/p>\n<p><span style=\"color: #777777; font-family: Arial;\">Une puissance de vie ! C&rsquo;est le volume de liens, de relations qu&rsquo;un \u00eatre est capable de tisser et d&rsquo;entrelacer sans se porter atteinte. <\/span><\/p>\n<p><span style=\"color: #777777; font-family: Arial;\">Et pour cl\u00f4turer cet article selon le conseil de Jean-Philippe, finissons par la cath\u00e9drale Sainte C\u00e9cile d&rsquo;Albi que les hommes ont \u00e9rig\u00e9e pour s&rsquo;inscrire dans la dur\u00e9e.<br \/>\n<\/span><\/p>\n<p><img loading=\"lazy\" decoding=\"async\" class=\"alignnone size-full wp-image-7217\" src=\"https:\/\/lemotdujour.fr\/wp-content\/uploads\/2019\/09\/Cathedrale-dAlbi.jpg\" alt=\"\" width=\"1920\" height=\"1280\" srcset=\"https:\/\/lemotdujour.fr\/wp-content\/uploads\/2019\/09\/Cathedrale-dAlbi.jpg 1920w, https:\/\/lemotdujour.fr\/wp-content\/uploads\/2019\/09\/Cathedrale-dAlbi-300x200.jpg 300w, https:\/\/lemotdujour.fr\/wp-content\/uploads\/2019\/09\/Cathedrale-dAlbi-768x512.jpg 768w, https:\/\/lemotdujour.fr\/wp-content\/uploads\/2019\/09\/Cathedrale-dAlbi-1024x683.jpg 1024w\" sizes=\"auto, (max-width: 1920px) 100vw, 1920px\" \/><\/p>\n<p><span style=\"color: maroon; font-family: Arial;\">&lt;1276&gt;<\/span><\/p>\n","protected":false},"excerpt":{"rendered":"<p>\u00ab C\u00e9cile \u00bb Je ne savais pas quel autre mot du jour \u00e9crire aujourd\u2019hui J&rsquo;aime beaucoup le pr\u00e9nom de C\u00e9cile, c&rsquo;est la sainte patronne des musiciens. Selon le r\u00e9cit chr\u00e9tien, il s&rsquo;agissait d&rsquo;une martyre du II\u00e8me si\u00e8cle de notre \u00e8re<\/p>\n","protected":false},"author":1,"featured_media":0,"comment_status":"open","ping_status":"closed","sticky":false,"template":"","format":"standard","meta":{"footnotes":""},"categories":[1],"tags":[53,29,19],"class_list":["post-7199","post","type-post","status-publish","format-standard","hentry","category-motdujour","tag-affect","tag-hommage","tag-personnel"],"_links":{"self":[{"href":"https:\/\/lemotdujour.fr\/index.php?rest_route=\/wp\/v2\/posts\/7199","targetHints":{"allow":["GET"]}}],"collection":[{"href":"https:\/\/lemotdujour.fr\/index.php?rest_route=\/wp\/v2\/posts"}],"about":[{"href":"https:\/\/lemotdujour.fr\/index.php?rest_route=\/wp\/v2\/types\/post"}],"author":[{"embeddable":true,"href":"https:\/\/lemotdujour.fr\/index.php?rest_route=\/wp\/v2\/users\/1"}],"replies":[{"embeddable":true,"href":"https:\/\/lemotdujour.fr\/index.php?rest_route=%2Fwp%2Fv2%2Fcomments&post=7199"}],"version-history":[{"count":6,"href":"https:\/\/lemotdujour.fr\/index.php?rest_route=\/wp\/v2\/posts\/7199\/revisions"}],"predecessor-version":[{"id":16435,"href":"https:\/\/lemotdujour.fr\/index.php?rest_route=\/wp\/v2\/posts\/7199\/revisions\/16435"}],"wp:attachment":[{"href":"https:\/\/lemotdujour.fr\/index.php?rest_route=%2Fwp%2Fv2%2Fmedia&parent=7199"}],"wp:term":[{"taxonomy":"category","embeddable":true,"href":"https:\/\/lemotdujour.fr\/index.php?rest_route=%2Fwp%2Fv2%2Fcategories&post=7199"},{"taxonomy":"post_tag","embeddable":true,"href":"https:\/\/lemotdujour.fr\/index.php?rest_route=%2Fwp%2Fv2%2Ftags&post=7199"}],"curies":[{"name":"wp","href":"https:\/\/api.w.org\/{rel}","templated":true}]}}