{"id":7176,"date":"2019-09-23T01:45:33","date_gmt":"2019-09-22T23:45:33","guid":{"rendered":"http:\/\/lemotdujour.fr\/?p=7176"},"modified":"2019-12-20T12:29:53","modified_gmt":"2019-12-20T11:29:53","slug":"lundi-23-septembre-2019","status":"publish","type":"post","link":"https:\/\/lemotdujour.fr\/?p=7176","title":{"rendered":"Lundi 23 septembre 2019"},"content":{"rendered":"<div class=\"mdjTexte\">\u00ab&nbsp;J\u2019ai eu l\u2019impression d\u2019assister en direct \u00e0 la chute de la classe ouvri\u00e8re&nbsp;\u00bb<\/div>\n<div class=\"mdjAuteur\">Nicolas Matthieu<\/div>\n<p><span style=\"color: #777777; font-family: Arial;\">Les vacances constituent un moment privil\u00e9gi\u00e9 pour lire des livres, c&rsquo;est ce que j&rsquo;ai fait.<br \/>\n<\/span><\/p>\n<p><span style=\"color: #777777; font-family: Arial;\">Je ne lis quasi jamais le prix Goncourt de l&rsquo;ann\u00e9e, tant il est vrai que cette r\u00e9compense me parait, avant tout, une op\u00e9ration marketing dans laquelle les man\u0153uvres des maisons d&rsquo;\u00e9dition dans les salons parisiens constituent le principal moteur.<br \/>\n<\/span><\/p>\n<p><span style=\"color: #777777; font-family: Arial;\">Je n&rsquo;ai fait que deux exceptions.<br \/>\n<\/span><\/p>\n<p><span style=\"color: #777777; font-family: Arial;\">La premi\u00e8re fut, lors de ma longue hospitalisation en 2011, \u00ab&nbsp;<a href=\"https:\/\/www.babelio.com\/livres\/Jenni-LArt-Francais-de-la-Guerre\/280646\"><span style=\"color: #0000ff;\">L&rsquo;Art fran\u00e7ais de la guerre<\/span>&nbsp;<\/a>\u00bb d&rsquo;Alexis Jenni. Il y avait des circonstances particuli\u00e8res. Parmi celles-ci il y avait le fait que j&rsquo;ai rencontr\u00e9 Alexis Jenni \u00e0 plusieurs reprises parce qu&rsquo;il \u00e9tait le professeur de biologie de mon fils Alexis au Lyc\u00e9e Saint Marc de Lyon. Une autre raison \u00ab&nbsp;plus intellectuelle&nbsp;\u00bb \u00e9tait que le sujet abord\u00e9 m&rsquo;int\u00e9ressait particuli\u00e8rement, \u00e0 savoir les traumatismes fran\u00e7ais des guerres coloniales perdues en Indochine et en Alg\u00e9rie ainsi que les cons\u00e9quences dans la soci\u00e9t\u00e9 fran\u00e7aise, de ces \u00e9v\u00e8nements.<br \/>\n<\/span><\/p>\n<p><span style=\"color: #777777; font-family: Arial;\">La seconde a eu lieu lors de ces vacances, j&rsquo;ai lu le prix Goncourt 2018. \u00ab<span style=\"color: #0000ff;\">&nbsp;<\/span><a href=\"https:\/\/www.actes-sud.fr\/catalogue\/litterature\/leurs-enfants-apres-eux\"><span style=\"color: #0000ff;\">Leurs enfants apr\u00e8s eux<\/span>&nbsp;<\/a>\u00bb de Nicolas Matthieu.<br \/>\n<\/span><\/p>\n<p><img decoding=\"async\" class=\"alignleft\" src=\"https:\/\/lemotdujour.fr\/wp-content\/uploads\/2019\/09\/092219_1445_Lundi23sept1.jpg\" alt=\"\" align=\"left\"><span style=\"color: #777777; font-family: Arial;\">Ce roman est encore un r\u00e9cit des cons\u00e9quences sur la soci\u00e9t\u00e9 fran\u00e7aise d&rsquo;un traumatisme : la d\u00e9sindustrialisation de r\u00e9gions fran\u00e7aises dans lesquelles la soci\u00e9t\u00e9 s&rsquo;\u00e9tait construite dans ses valeurs, dans son organisation, dans sa socialisation, autour de ces industries.<br \/>\n<\/span><\/p>\n<p><span style=\"color: #777777; font-family: Arial;\">Nicolas Matthieu est n\u00e9 en 1978 en Lorraine, dans le d\u00e9partement des Vosges, \u00e0 \u00c9pinal.<br \/>\n<\/span><\/p>\n<p><span style=\"color: #777777; font-family: Arial;\">Il a commenc\u00e9 \u00e0 faire des \u00e9tudes d&rsquo;histoire et de cin\u00e9ma puis a exerc\u00e9 une multitude de m\u00e9tiers&nbsp;: sc\u00e9nariste, stagiaire dans l&rsquo;audiovisuel, r\u00e9dacteur dans une soci\u00e9t\u00e9 de reporting, professeur \u00e0 domicile, contractuel \u00e0 la Mairie de Paris\u2026.<br \/>\n<\/span><\/p>\n<p><span style=\"color: #777777; font-family: Arial;\">Et puis, il a commenc\u00e9 \u00e0 \u00e9crire.<br \/>\n<\/span><\/p>\n<p><span style=\"color: #777777; font-family: Arial;\">En 2014, il a publi\u00e9 son premier roman, \u00ab&nbsp;<a href=\"https:\/\/www.actes-sud.fr\/catalogue\/romans-policiers\/aux-animaux-la-guerre\"><span style=\"color: #0000ff;\">Aux animaux la guerre<\/span>&nbsp;<\/a>\u00bb qui avait d\u00e9j\u00e0 re\u00e7u un certain nombre de prix litt\u00e9raire, moins prestigieux que le Prix Goncourt.<br \/>\n<\/span><\/p>\n<p><span style=\"color: #777777; font-family: Arial;\">Ce premier roman se passait d\u00e9j\u00e0 dans sa r\u00e9gion natale et concernait les cons\u00e9quences sur les salari\u00e9s et leurs familles de la fermeture d&rsquo;une usine, dans un lieu sinistr\u00e9 \u00e9conomiquement.<br \/>\n<\/span><\/p>\n<p><span style=\"color: #777777; font-family: Arial;\">Ce roman a \u00e9t\u00e9 adapt\u00e9 dans une s\u00e9rie t\u00e9l\u00e9vis\u00e9e fran\u00e7aise en six \u00e9pisodes de 52 minutes, diffus\u00e9e du 15 au 29 novembre 2018 sur France 3. Nicolas Mathieu avait particip\u00e9 \u00e0 l&rsquo;adaptation de son roman pour cette s\u00e9rie ayant un titre homonyme&nbsp;: \u00ab<span style=\"color: #0000ff;\">&nbsp;<a style=\"color: #0000ff;\" href=\"https:\/\/www.telerama.fr\/series-tv\/aux-animaux-la-guerre-la-casse-ouvriere,-mise-en-scene-par-alain-tasma,n5879319.php\">Aux animaux la guerre&nbsp;<\/a><\/span>\u00bb.<br \/>\n<\/span><\/p>\n<p><span style=\"color: #777777; font-family: Arial;\">Mon premier contact avec cet auteur et le livre qui fait l&rsquo;objet du mot du jour, a \u00e9t\u00e9 lors de son entretien sur France Inter le 8 novembre 2018 : \u00ab <a href=\"https:\/\/www.franceinter.fr\/emissions\/l-invite-de-7h50\/l-invite-de-7h50-08-novembre-2018\"><span style=\"color: #0000ff;\">J&rsquo;ai eu l&rsquo;impression d&rsquo;assister en direct \u00e0 la chute de la classe ouvri\u00e8re<\/span>&nbsp;<\/a>\u00bb<br \/>\n<\/span><\/p>\n<p><span style=\"color: #777777; font-family: Arial;\">Il parlait d&rsquo;un monde que je connaissais et qui m&rsquo;\u00e9tait familier&nbsp;: celui de familles qui ont v\u00e9cu (mal v\u00e9cu) la fin du monde industriel dans lequel ils connaissaient les r\u00e8gles, leur place, leur environnement et ma\u00eetrisaient les liens sociaux.<br \/>\n<\/span><\/p>\n<p><span style=\"color: #777777; font-family: Arial;\">Dans cet entretien, il dit&nbsp;:<br \/>\n<\/span><\/p>\n<p style=\"margin-left: 28pt;\"><span style=\"color: #c00000; font-family: Arial;\">\u00ab&nbsp;Je suis n\u00e9 dans ces r\u00e9gions-l\u00e0. Mon p\u00e8re \u00e9tait ouvrier. J&rsquo;ai assist\u00e9 aux plans sociaux. <strong>J&rsquo;ai eu l&rsquo;impression d&rsquo;assister en direct \u00e0 la chute de la classe ouvri\u00e8re.<\/strong>&nbsp;\u00bb<br \/>\n<\/span><\/p>\n<p><span style=\"color: #777777; font-family: Arial;\">Mais son livre s&rsquo;int\u00e9resse surtout aux enfants des ouvriers qui ont connu cette rupture.<br \/>\n<\/span><\/p>\n<p><span style=\"color: #777777; font-family: Arial;\">Le lendemain, il a \u00e9t\u00e9 l&rsquo;invit\u00e9 d&rsquo;Olivia Gesbert dans \u00ab&nbsp;<a href=\"https:\/\/www.franceculture.fr\/emissions\/la-grande-table-1ere-partie\/la-grande-table-culture-1ere-partie-du-vendredi-09-novembre-2018\"><span style=\"color: #0000ff;\">la Grande Table du 9 novembre&nbsp;<\/span><\/a>\u00bb. Il a eu cette autre r\u00e9flexion&nbsp;:<br \/>\n<\/span><\/p>\n<p style=\"margin-left: 28pt;\"><span style=\"color: #c00000; font-family: Arial;\">\u00ab&nbsp;Ce qui est d\u00e9crit dans le roman, c&rsquo;est une petite vall\u00e9e o\u00f9 un monde est en train de s&rsquo;achever. [&#8230;] [Mais] ce n&rsquo;est jamais la fin du monde \u00e0 la fin d&rsquo;un monde, c&rsquo;est toujours l&rsquo;\u00e9mergence de quelque chose de nouveau. &nbsp;\u00bb<br \/>\n<\/span><\/p>\n<p><span style=\"color: #777777; font-family: Arial;\">Apr\u00e8s ces deux \u00e9missions, j&rsquo;ai d\u00e9cid\u00e9 d&rsquo;acheter et de lire ce Prix Goncourt l\u00e0.<br \/>\n<\/span><\/p>\n<p><span style=\"color: #777777; font-family: Arial;\">Son roman se passe dans une vall\u00e9e perdue quelque part dans une ville de l&rsquo;Est avec des hauts-fourneaux qui ne br\u00fblent plus, de rouille, de ch\u00f4mage et dans laquelle se trouve un lac.<br \/>\n<\/span><\/p>\n<p><span style=\"color: #777777; font-family: Arial;\">Il donne un nom imaginaire \u00e0 cette ville&nbsp;: \u00ab&nbsp;<strong>Heillange<\/strong>&nbsp;\u00bb dans la \u00ab vall\u00e9e de la Hennenote \u00bb en Moselle. Mais tout le monde reconnait dans cette ville imaginaire la ville r\u00e9elle de Hayange et la vall\u00e9e de la Fensch.<br \/>\n<\/span><\/p>\n<p><img decoding=\"async\" src=\"https:\/\/lemotdujour.fr\/wp-content\/uploads\/2019\/09\/092219_1445_Lundi23sept2.jpg\" alt=\"\" align=\"left\"><span style=\"color: #777777; font-family: Arial;\">Dans ma Lorraine et Moselle natale, il y avait deux bassins d&#8217;emplois miniers&nbsp;: celui du charbon autour des villes de Forbach et de Freyming-Merlebach et celui du fer dont parle Nicolas Matthieu et dont Hayange est un exemple. Ces deux bassins industriels ont \u00e9t\u00e9 touch\u00e9s de la m\u00eame mani\u00e8re par la fermeture brutale des usines qui structuraient la vie sociale, \u00e9conomique et simplement la vie des gens qui y demeuraient.<br \/>\n<\/span><\/p>\n<p><span style=\"color: #777777; font-family: Arial;\">Le titre est tir\u00e9 d&rsquo;une citation que l&rsquo;auteur a mise en exergue du roman&nbsp;:<br \/>\n<\/span><\/p>\n<p style=\"margin-left: 28pt;\"><span style=\"color: #c00000; font-family: Arial;\">\u00ab Il en est dont il n&rsquo;y a plus de souvenir,<br \/>\nIls ont p\u00e9ri comme s&rsquo;ils n&rsquo;avaient jamais exist\u00e9 ;<br \/>\nIls sont devenus comme s&rsquo;ils n&rsquo;\u00e9taient jamais n\u00e9s,<br \/>\n<strong>Et, de m\u00eame, leurs enfants apr\u00e8s eux.<\/strong> \u00bb<br \/>\n<\/span><\/p>\n<p><span style=\"color: #777777; font-family: Arial;\">Et il donne la source de la citation&nbsp;: Siracide ; 44,9.<br \/>\n<\/span><\/p>\n<p><span style=\"color: #777777; font-family: Arial;\">Il s&rsquo;agit, en fait, d&rsquo;un livre apocryphe de l&rsquo;Ancien Testament, \u00ab <a href=\"https:\/\/fr.wikipedia.org\/wiki\/Ben_Sira\"><strong><span style=\"color: #0000ff;\">le livre de J\u00e9sus, fils de Sirach<\/span><\/strong>&nbsp;<\/a>\u00bb qu&rsquo;on nomme aussi \u00ab&nbsp;Siracide&nbsp;\u00bb, \u00ab&nbsp;l&rsquo;Eccl\u00e9siastique&nbsp;\u00bb ou encore \u00ab&nbsp;La Sagesse de Ben Sira,&nbsp;\u00bb<br \/>\n<\/span><\/p>\n<p><span style=\"color: #777777; font-family: Arial;\">Comme le d\u00e9crit cet exergue, ces gens ont v\u00e9cu ce traumatisme comme une n\u00e9gation de leur existence, touch\u00e9s dans leur chair et leur esprit avec ce sentiment qu&rsquo;ils ne servaient \u00e0 rien.<br \/>\n<\/span><\/p>\n<p><span style=\"color: #777777; font-family: Arial;\">Comme je l&rsquo;ai \u00e9crit et le titre le sugg\u00e8re, le roman parle surtout des enfants de ces gens.<br \/>\n<\/span><\/p>\n<p><span style=\"color: #777777; font-family: Arial;\">Le livre s&rsquo;articule en quatre moments chronologiques&nbsp;: 1992, 1994, 1996, 1998<br \/>\n<\/span><\/p>\n<p><span style=\"color: #777777; font-family: Arial;\">Il est question d&rsquo;adolescents : Anthony, \u00ab\u00a0son cousin\u00a0\u00bb qui ne sera jamais d\u00e9sign\u00e9 autrement et Hacine qui habite un autre quartier de la ville et qui est d&rsquo;origine maghr\u00e9bine. On apprendra plus tard que les p\u00e8res d&rsquo;Anthony et Hacine travaillaient ensemble \u00e0 l&rsquo;usine.<br \/>\n<\/span><\/p>\n<p><span style=\"color: #777777; font-family: Arial;\">Les gar\u00e7ons sont attir\u00e9s par les filles et par l&rsquo;appel de la libido. Deux filles joueront aussi un grand r\u00f4le dans le roman&nbsp;: Steph et sa copine Clem qui elles aussi sont dans le d\u00e9sir et la d\u00e9couverte des relations sexuelles mais issues d&rsquo;un milieu social plus \u00e9lev\u00e9. Il y a d&rsquo;autres personnages qui tissent des liens d&rsquo;attirance, de domination, de m\u00e9fiance et d&rsquo;affrontement. Il est aussi beaucoup question d&rsquo;ennui.<br \/>\n<\/span><\/p>\n<p><span style=\"color: #777777; font-family: Arial;\">Au c\u0153ur de l&rsquo;histoire, il y a l&rsquo;affrontement d&rsquo;Anthony et d&rsquo;Hacine et de leurs familles autour d&rsquo;une histoire de moto vol\u00e9 puis d\u00e9truite.<br \/>\n<\/span><\/p>\n<p><span style=\"color: #777777; font-family: Arial;\">Mais c&rsquo;est bien la situation sociale provoqu\u00e9e par la fermeture des hauts fourneaux qui trace le ressort du d\u00e9s\u0153uvrement, de l&rsquo;amertume et des frustrations des personnages qui cohabitent, s&rsquo;affrontent et se d\u00e9truisent.<br \/>\n<\/span><\/p>\n<p><span style=\"color: #777777; font-family: Arial;\">C&rsquo;est un roman fort et qui permet de percevoir ce que produit ce moment de rupture quand le travail \u00e0 l&rsquo;usine s&rsquo;est arr\u00eat\u00e9.<br \/>\n<\/span><\/p>\n<p><span style=\"color: #777777; font-family: Arial;\">C&rsquo;est un roman \u00e0 lire, pour comprendre au-del\u00e0 des chiffres et des statistiques la r\u00e9alit\u00e9 de la vie et des ressentis des gens touch\u00e9s par ces \u00e9v\u00e8nements.<br \/>\n<\/span><\/p>\n<p><span style=\"color: #777777; font-family: Arial;\">&lt;<span style=\"color: #0000ff;\"><a style=\"color: #0000ff;\" href=\"https:\/\/www.franceinter.fr\/livres\/un-livre-sur-l-ennui-ecrit-comme-un-polar-leurs-enfants-apres-eux-de-nicolas-mathieu-prix-goncourt-2018\">Le Masque et la Plume<\/a><\/span>&gt; l&rsquo;avait aussi chaudement recommand\u00e9.<br \/>\n<\/span><\/p>\n<p><span style=\"color: #777777; font-family: Arial;\">Toutefois, dans cette \u00e9mission Patricia Martin a cette r\u00e9serve&nbsp;:<br \/>\n<\/span><\/p>\n<p style=\"margin-left: 28pt;\"><span style=\"color: #c00000; font-family: Arial;\">\u00ab&nbsp;On se retrouve face \u00e0 des adolescents d&rsquo;un autre si\u00e8cle car c&rsquo;\u00e9tait avant le portable&#8230;<br \/>\n<\/span><\/p>\n<p style=\"margin-left: 28pt;\"><span style=\"color: #c00000; font-family: Arial;\">Ce livre, \u00e0 la fois montre l&rsquo;explosion de l&rsquo;adolescence et il est en m\u00eame temps une restitution tr\u00e8s pr\u00e9cise d&rsquo;un monde.<br \/>\n<\/span><\/p>\n<p style=\"margin-left: 28pt;\"><span style=\"color: #c00000; font-family: Arial;\">Le seul b\u00e9mol c&rsquo;est que selon moi un roman doit avoir un effet hypnotique, ce doit \u00eatre un lieu de plaisir, une niche&#8230; l\u00e0 j&rsquo;ai eu du mal \u00e0 d\u00e9passer les 70 premi\u00e8res pages. Il y a vraiment des longueurs&#8230;<br \/>\n<\/span><\/p>\n<p style=\"margin-left: 28pt;\"><span style=\"color: #c00000; font-family: Arial;\">Je dirais aussi que les dialogues entre les adolescents ne m&rsquo;ont pas du tout emball\u00e9, \u00e7a ne fonctionne pas du tout selon moi.&nbsp;\u00bb<br \/>\n<\/span><\/p>\n<p><span style=\"color: #777777; font-family: Arial;\">Je la cite parce que j&rsquo;ai aussi eu le sentiment que la langue et l&rsquo;\u00e9criture n&rsquo;\u00e9tait pas le point fort de cet ouvrage.<br \/>\n<\/span><\/p>\n<p><span style=\"color: #777777; font-family: Arial;\">Je n&rsquo;ai pas \u00e9t\u00e9 subjugu\u00e9 comme par exemple lors de la lecture du livre d&rsquo;Arundhati Roy <a href=\"https:\/\/lemotdujour.fr\/?p=5378\"><span style=\"color: #0000ff;\">\u00ab Le Dieu des Petits Riens<\/span><\/a><span style=\"color: #0000ff;\"> \u00bb<\/span><br \/>\n<\/span><\/p>\n<p><img decoding=\"async\" class=\"alignleft\" src=\"https:\/\/lemotdujour.fr\/wp-content\/uploads\/2019\/09\/092219_1445_Lundi23sept3.jpg\" alt=\"\" align=\"left\"><span style=\"color: #777777; font-family: Arial;\">Nicolas Matthieu \u00e9crit et dit cependant des choses tr\u00e8s int\u00e9ressantes comme lors de cette \u00e9mission de &lt;<a href=\"https:\/\/www.franceculture.fr\/emissions\/repliques\/nicolas-mathieu-et-maria-pourchet\"><span style=\"color: #0000ff;\">R\u00e9pliques<\/span><\/a>&gt; dans laquelle il \u00e9tait invit\u00e9 avec Maria Pourchet auteure de \u00ab&nbsp;<a href=\"https:\/\/www.telerama.fr\/livres\/toutes-les-femmes-sauf-une,n5832568.php\"><span style=\"color: #0000ff;\">Toutes les femmes sauf une<\/span>&nbsp;<\/a>\u00bb qui raconte le combat des femmes, de g\u00e9n\u00e9ration en g\u00e9n\u00e9ration, dans un monde qui les respecte peu et o\u00f9 elles sont assign\u00e9es \u00e0 la maternit\u00e9.<br \/>\n<\/span><\/p>\n<p><span style=\"color: maroon; font-family: Arial;\">&lt;1274&gt;<\/span><\/p>\n","protected":false},"excerpt":{"rendered":"<p>\u00ab&nbsp;J\u2019ai eu l\u2019impression d\u2019assister en direct \u00e0 la chute de la classe ouvri\u00e8re&nbsp;\u00bb Nicolas Matthieu Les vacances constituent un moment privil\u00e9gi\u00e9 pour lire des livres, c&rsquo;est ce que j&rsquo;ai fait. Je ne lis quasi jamais le prix Goncourt de l&rsquo;ann\u00e9e,<\/p>\n","protected":false},"author":1,"featured_media":0,"comment_status":"open","ping_status":"closed","sticky":false,"template":"","format":"standard","meta":{"footnotes":""},"categories":[1],"tags":[9,152,7],"class_list":["post-7176","post","type-post","status-publish","format-standard","hentry","category-motdujour","tag-litterature","tag-lorraine","tag-societe"],"_links":{"self":[{"href":"https:\/\/lemotdujour.fr\/index.php?rest_route=\/wp\/v2\/posts\/7176","targetHints":{"allow":["GET"]}}],"collection":[{"href":"https:\/\/lemotdujour.fr\/index.php?rest_route=\/wp\/v2\/posts"}],"about":[{"href":"https:\/\/lemotdujour.fr\/index.php?rest_route=\/wp\/v2\/types\/post"}],"author":[{"embeddable":true,"href":"https:\/\/lemotdujour.fr\/index.php?rest_route=\/wp\/v2\/users\/1"}],"replies":[{"embeddable":true,"href":"https:\/\/lemotdujour.fr\/index.php?rest_route=%2Fwp%2Fv2%2Fcomments&post=7176"}],"version-history":[{"count":6,"href":"https:\/\/lemotdujour.fr\/index.php?rest_route=\/wp\/v2\/posts\/7176\/revisions"}],"predecessor-version":[{"id":7709,"href":"https:\/\/lemotdujour.fr\/index.php?rest_route=\/wp\/v2\/posts\/7176\/revisions\/7709"}],"wp:attachment":[{"href":"https:\/\/lemotdujour.fr\/index.php?rest_route=%2Fwp%2Fv2%2Fmedia&parent=7176"}],"wp:term":[{"taxonomy":"category","embeddable":true,"href":"https:\/\/lemotdujour.fr\/index.php?rest_route=%2Fwp%2Fv2%2Fcategories&post=7176"},{"taxonomy":"post_tag","embeddable":true,"href":"https:\/\/lemotdujour.fr\/index.php?rest_route=%2Fwp%2Fv2%2Ftags&post=7176"}],"curies":[{"name":"wp","href":"https:\/\/api.w.org\/{rel}","templated":true}]}}