{"id":7146,"date":"2019-09-19T01:30:51","date_gmt":"2019-09-18T23:30:51","guid":{"rendered":"http:\/\/lemotdujour.fr\/?p=7146"},"modified":"2020-06-12T19:35:29","modified_gmt":"2020-06-12T17:35:29","slug":"jeudi-19-septembre-2019","status":"publish","type":"post","link":"https:\/\/lemotdujour.fr\/?p=7146","title":{"rendered":"Jeudi 19 septembre 2019"},"content":{"rendered":"<div class=\"mdjTexte\">\u00ab Apprenez le tricot aux enfants, plut\u00f4t que les laisser devant un \u00e9cran\u00bb<\/div>\n<div class=\"mdjAuteur\">Philosophie d\u2019une \u00e9cole californienne dans laquelle certains cadres de la silicon valley envoient leurs enfants<\/div>\n<p><span style=\"color: #777777; font-family: Arial;\">Michel Desmurget est docteur en neurosciences et directeur de recherche \u00e0 l&rsquo;Inserm. Il vient de publier \u00ab&nbsp;<a href=\"http:\/\/www.seuil.com\/ouvrage\/la-fabrique-du-cretin-digital-michel-desmurget\/9782021423310\"><span style=\"color: #0000ff;\">La Fabrique du cr\u00e9tin digital&nbsp;<\/span><\/a>\u00bb avec pour sous titre&nbsp;: \u00ab&nbsp;Les dangers des \u00e9crans pour nos enfants&nbsp;\u00bb<br \/>\n<\/span><\/p>\n<p><img decoding=\"async\" class=\"alignleft\" src=\"https:\/\/lemotdujour.fr\/wp-content\/uploads\/2019\/09\/091719_2203_Jeudi19sept1.jpg\" alt=\"\" align=\"left\"><span style=\"color: #777777; font-family: Arial;\">Il semble que les nouvelles g\u00e9n\u00e9rations passent beaucoup trop de temps devant des \u00e9crans&nbsp;: smartphones, tablettes, t\u00e9l\u00e9vision. Selon les informations donn\u00e9es par Michel Desmurges, d\u00e8s 2 ans, les enfants des pays occidentaux cumulent chaque jour presque 3 heures d&rsquo;\u00e9cran. Entre 8 et 12 ans, ils passent \u00e0 pr\u00e8s de 4 h 45. Entre 13 et 18 ans, ils fr\u00f4lent les 6 h 45. En cumuls annuels, ces usages repr\u00e9sentent autour de 1 000 heures pour un \u00e9l\u00e8ve de maternelle (soit davantage que le volume horaire d&rsquo;une ann\u00e9e scolaire), 1 700 heures pour un \u00e9colier de cours moyen (2 ann\u00e9es scolaires) et 2 400 heures pour un lyc\u00e9en du secondaire (2,5 ann\u00e9es scolaires).<br \/>\n<\/span><\/p>\n<p><span style=\"color: #777777; font-family: Arial;\">Selon Michel Desmurget le temps pass\u00e9 devant les \u00e9crans par les enfants d\u00e8s leur plus jeune \u00e2ge a des cons\u00e9quences n\u00e9gatives sur la sant\u00e9 (ob\u00e9sit\u00e9, d\u00e9veloppement cardio-vasculaire, esp\u00e9rance de vie r\u00e9duite\u2026), sur le comportement (agressivit\u00e9, d\u00e9pression, conduites \u00e0 risques\u2026) et sur les capacit\u00e9s intellectuelles (langage, concentration, m\u00e9morisation\u2026).<br \/>\n<\/span><\/p>\n<p><span style=\"color: #777777; font-family: Arial;\">Il affirme&nbsp;:<br \/>\n<\/span><\/p>\n<p style=\"margin-left: 28pt;\"><span style=\"color: #c00000; font-family: Arial;\">\u00ab Ce que nous faisons subir \u00e0 nos enfants est inexcusable. Jamais sans doute, dans l&rsquo;histoire de l&rsquo;humanit\u00e9, une telle exp\u00e9rience de d\u00e9c\u00e9r\u00e9bration n&rsquo;avait \u00e9t\u00e9 conduite \u00e0 aussi grande \u00e9chelle \u00bb. <\/span><\/p>\n<p><span style=\"color: #777777; font-family: Arial;\">C&rsquo;est en s&rsquo;appuyant sur cette analyse que Telerama vient de publier un article : \u00ab <a href=\"https:\/\/www.telerama.fr\/enfants\/eloignez-les-enfants-des-ecrans,n6407845.php\"><span style=\"color: #0000ff;\">\u00c9loignez les enfants des \u00e9crans !<\/span>&nbsp;<\/a>\u00bb.<br \/>\n<\/span><\/p>\n<p><span style=\"color: #777777; font-family: Arial;\">Cet article est aussi cit\u00e9 par &lt;<span style=\"color: #0000ff;\"><a style=\"color: #0000ff;\" href=\"https:\/\/www.franceinter.fr\/emissions\/la-revue-de-presse-du-week-end\/la-revue-de-presse-du-week-end-15-septembre-2019\">la revue de presse de Fr\u00e9d\u00e9ric Pommier du 15 septembre 2019<\/a><\/span>&gt;&nbsp;:<br \/>\n<\/span><\/p>\n<p style=\"margin-left: 28pt;\"><span style=\"color: #c00000; font-family: Arial;\">\u00ab&nbsp;Et l&rsquo;hebdo s&rsquo;int\u00e9resse \u00e0 <strong>une \u00e9cole californienne, qui bannit les ordinateurs jusqu&rsquo;\u00e0 la classe de quatri\u00e8me<\/strong>. Une \u00e9cole qui voit affluer de tr\u00e8s nombreux enfants de cadres de la Silicon Valley. L&rsquo;ing\u00e9nieur qui dirige l&rsquo;\u00e9tablissement explique que les machines, d\u00e9sormais super intuitives, emp\u00eachent les enfants de mobiliser tous leurs sens. Elles n&rsquo;\u00e9duquent pas le cerveau \u00e0 fonctionner au maximum de ses capacit\u00e9s. Et il prend un exemple&nbsp;: dans son \u00e9cole, <strong>au CP, tous les \u00e9l\u00e8ves apprennent \u00e0 tricoter<\/strong>\u2026 Les comp\u00e9tences requises sont bien plus nombreuses que s&rsquo;ils restaient devant un \u00e9cran. Lorsque vous tricotez, vous suivez un algorithme. Ensuite, vous comprenez plus facilement son fonctionnement\u2026<br \/>\n<\/span><\/p>\n<p style=\"margin-left: 28pt;\"><span style=\"color: #c00000; font-family: Arial;\">Pour faire de bons matheux, une solution, donc&nbsp;: le tricot !&nbsp;\u00ab<br \/>\n<\/span><\/p>\n<p><span style=\"color: #777777; font-family: Arial;\">Mais Louise Tourret, journaliste de France Culture, relativisait, sur le site de Slate, ces propos dans un article de mai 2018 : \u00ab<span style=\"color: #0000ff;\">&nbsp;<\/span><a href=\"http:\/\/www.slate.fr\/story\/161440\/education-enfants-ecrans-parents-interdiction-smartphones-tablettes-ecole-activites-pedagogiques\"><span style=\"color: #0000ff;\">\u00c9crans et \u00e9ducation, c&rsquo;est compliqu\u00e9<\/span>&nbsp;<\/a>\u00bb&nbsp;:<br \/>\n<\/span><\/p>\n<p style=\"margin-left: 28pt;\"><span style=\"color: #c00000; font-family: Arial;\"> \u00ab&nbsp;Alimenter l&rsquo;inqui\u00e9tude, la culpabilit\u00e9 et l&rsquo;angoisse \u00e9ducative a toujours \u00e9t\u00e9 un ressort efficace pour toucher le large public des parents. Pointer les dangers de l&rsquo;\u00e9poque pour les enfants est un vieux filon \u00e9ditorial: vous pouvez tr\u00e8s bien remplacer \u00ab\u00e9crans\u00bb par \u00absucre\u00bb, \u00abt\u00e9l\u00e9vision\u00bb ou \u00abrock&rsquo;n&rsquo;roll\u00bb, suivant le moment et le lieu.<br \/>\n<\/span><\/p>\n<p style=\"margin-left: 28pt;\"><span style=\"color: #c00000; font-family: Arial;\">Il ne s&rsquo;agit pas de tout relativiser: nourrir son enfant de sucreries et\/ou passer sa vie devant la t\u00e9l\u00e9vision n&rsquo;est s\u00fbrement pas une bonne id\u00e9e. Mais les critiques et les avertissements sont si excessifs que l&rsquo;on peut questionner leur bien-fond\u00e9, leur efficacit\u00e9 et leur bonne foi.&nbsp;\u00bb<br \/>\n<\/span><\/p>\n<p><span style=\"color: #777777; font-family: Arial;\">Elle remet aussi en cause l&rsquo;exemple toujours cit\u00e9 des cadres de la Silicon Valley&nbsp;:<br \/>\n<\/span><\/p>\n<p style=\"margin-left: 28pt;\"><span style=\"color: #c00000; font-family: Arial;\">\u00ab&nbsp;Dans presque chaque d\u00e9bat sur les enfants et les \u00e9crans, on entend l&rsquo;argument selon lequel les cadres de la Silicon Valley eux-m\u00eames interdisent les \u00e9crans \u00e0 leurs enfants \u2013Steve Jobs le premier\u2013 et les envoient dans des \u00e9coles o\u00f9 appareils \u00e9lectroniques et objets num\u00e9riques sont bannis.<br \/>\n<\/span><\/p>\n<p style=\"margin-left: 28pt;\"><span style=\"color: #c00000; font-family: Arial;\">En France, la journaliste Guillemette Faure, qui a longtemps v\u00e9cu aux \u00c9tats-Unis, en a fait le sujet d&rsquo;un article publi\u00e9 en 2012 dans le suppl\u00e9ment M du Monde, \u00ab<span style=\"color: #0000ff;\"><a style=\"color: #0000ff;\" href=\"https:\/\/www.lemonde.fr\/archives\/article\/2012\/04\/28\/ces-branches-qui-debranchent_4326223_1819218.html\">Ces branch\u00e9s qui d\u00e9branchent\u00bb<\/a><\/span>.<br \/>\n<\/span><\/p>\n<p style=\"margin-left: 28pt;\"><span style=\"color: #c00000; font-family: Arial;\">Je lui ai demand\u00e9 ce qu&rsquo;elle pensait du succ\u00e8s de l&rsquo;argument, et du fait qu&rsquo;elle soit si souvent cit\u00e9e: \u00abJe suis tellement contente que l&rsquo;on me pose cette question ! Cet article parlait d&rsquo;une \u00e9cole, et d&rsquo;une seule, de la Silicon Valley [<strong>la Waldorf School of the Peninsula]<\/strong>. Je soulignais qu&rsquo;il s&rsquo;agissait d&rsquo;une exception.[&#8230;]<br \/>\n<\/span><\/p>\n<p style=\"margin-left: 28pt;\"><span style=\"color: #c00000; font-family: Arial;\">M\u00eame si elle est souvent mont\u00e9e en \u00e9pingle, l&rsquo;id\u00e9e d&rsquo;une enfance \u00abz\u00e9ro \u00e9cran\u00bb n&rsquo;est pas repr\u00e9sentative des m\u00e9thodes \u00e9ducatives de tous les cadres de la tech de Palo Alto. \u00abLes familles ont des attitudes tr\u00e8s vari\u00e9es. En Californie, certains parents envoient leurs enfants \u00e0 des cours de code propos\u00e9s pendant l&rsquo;\u00e9t\u00e9\u00bb, poursuit Guillemette Faure. Comme quoi tous les professionnels du num\u00e9rique ne diabolisent pas les \u00e9crans aupr\u00e8s de leur prog\u00e9niture.&nbsp;\u00bb<br \/>\n<\/span><\/p>\n<p><span style=\"color: #777777; font-family: Arial;\">Pourtant vous trouvez bien dans <a href=\"https:\/\/www.courrierinternational.com\/article\/2015\/01\/01\/les-enfants-de-la-silicon-valley-pionniers-malgre-eux\"><span style=\"color: #0000ff;\">cet article de Courrier International<\/span><\/a> qui reprend un article du New York Times de 2014, dans lequel il est question du cofondateur mythique d&rsquo;Apple&nbsp;:<br \/>\n<\/span><\/p>\n<p style=\"margin-left: 28pt;\"><span style=\"color: #c00000; font-family: Arial;\">\u00ab&nbsp;<em>\u00ab\u00a0Vos enfants doivent adorer l&rsquo;iPad \u00ab\u00a0<\/em> avais-je lanc\u00e9 \u00e0 Steve Jobs, en essayant de changer de sujet. La premi\u00e8re tablette d&rsquo;Apple venait d&rsquo;\u00eatre lanc\u00e9e sur le march\u00e9. <em>\u00ab\u00a0Ils ne s&rsquo;en sont pas servis,<\/em> m&rsquo;a-t-il r\u00e9pondu. <em>Nous limitons l&rsquo;utilisation de la technologie par les enfants \u00e0 la maison.\u00a0\u00bb<\/em> J&rsquo;ai r\u00e9agi avec un silence stup\u00e9fait.&nbsp;\u00bb<br \/>\n<\/span><\/p>\n<p><span style=\"color: #777777; font-family: Arial;\">Le journaliste Nick Bilton continuait&nbsp;:<br \/>\n<\/span><\/p>\n<p style=\"margin-left: 28pt;\"><span style=\"color: #c00000; font-family: Arial;\">\u00ab&nbsp;Depuis lors, j&rsquo;ai rencontr\u00e9 un certain nombre de PDG de la Silicon Valley qui m&rsquo;ont tenu le m\u00eame discours. Ils limitent strictement le temps d&rsquo;\u00e9cran de leurs enfants, interdisant souvent les gadgets \u00e9lectroniques les veilles d&rsquo;\u00e9cole et fixant des limites tr\u00e8s strictes les week-ends.&nbsp;\u00bb<br \/>\n<\/span><\/p>\n<p><span style=\"color: #0000ff;\"><a style=\"color: #0000ff;\" href=\"https:\/\/www.francetvinfo.fr\/sciences\/high-tech\/bill-gates-steve-jobs-quand-les-patrons-de-la-silicon-valley-interdisent-les-portables-et-les-reseaux-a-leurs-enfants_2514445.html\"><span style=\"font-family: Arial;\">Bill Gates<\/span><\/a>,<\/span><span style=\"color: #777777; font-family: Arial;\"> le fondateur Microsoft est sur cette m\u00eame longueur d&rsquo;onde :<br \/>\n<\/span><\/p>\n<p style=\"margin-left: 28pt;\"><span style=\"color: #c00000; font-family: Arial;\">\u00ab&nbsp;Il faut toujours chercher dans quels cas les \u00e9crans peuvent \u00eatre utilis\u00e9s d&rsquo;une bonne mani\u00e8re \u2013 les devoirs, ou rester en contact avec ses amis \u2013 et dans quels cas cela devient excessif, d\u00e9taille Bill Gates dans une interview au Mirror*. Nous n&rsquo;avons pas de t\u00e9l\u00e9phone \u00e0 table lorsque nous prenons nos repas, nous n&rsquo;avons pas donn\u00e9 de portable \u00e0 nos enfants avant leurs 14 ans, m\u00eame quand ils se plaignaient que des camarades en aient d\u00e9j\u00e0.<\/span><span style=\"color: #c00000; font-family: Arial;\">\u00bb<br \/>\n<\/span><\/p>\n<p><span style=\"color: #777777; font-family: Arial;\">Alors <\/span><span style=\"font-family: Arial;\"><a href=\"https:\/\/www.franceculture.fr\/emissions\/la-vie-numerique\/debogage-dun-mythe-sur-le-numerique-lecole\"><span style=\"color: #0000ff;\">Xavier de la Porte a beau \u00eatre agac\u00e9 par cette injonction<\/span><\/a><\/span><span style=\"font-family: Arial;\">&nbsp;<\/span><span style=\"color: #777777; font-family: Arial;\">: \u00ab&nbsp;faites comme les cadres de la silicon valley, restreignez drastiquement le temps d&rsquo;\u00e9cran des enfants&nbsp;!\u00bb, qu&rsquo;il pr\u00e9tend d&rsquo;ailleurs largement surfaite, il n&rsquo;en reste pas moins que le temps pass\u00e9 devant les \u00e9crans par les jeunes enfants est probl\u00e9matique.<br \/>\n<\/span><\/p>\n<p><span style=\"color: #777777; font-family: Arial;\">Dans l&rsquo;article de Slate pr\u00e9cit\u00e9, V\u00e9ronique Decker, directrice d&rsquo;\u00e9cole \u00e9l\u00e9mentaire \u00e0 Bobigny observe&nbsp;:<br \/>\n<\/span><\/p>\n<p style=\"margin-left: 28pt;\"><span style=\"color: #c00000; font-family: Arial;\">\u00abLes enfants ont l&rsquo;air sages, mais ils sont hypnotis\u00e9s. Les parents regardent leur smartphone, les enfants jouent avec leur tablette; chacun regarde sa propre t\u00e9l\u00e9, et les gens vivent c\u00f4te \u00e0 c\u00f4te au lieu de vivre ensemble. Le plus inqui\u00e9tant, c&rsquo;est que le temps d&rsquo;interaction avec les humains se r\u00e9duit\u00bb.<br \/>\n<\/span><\/p>\n<p><span style=\"color: #777777; font-family: Arial;\">Et elle ajoute<br \/>\n<\/span><\/p>\n<p style=\"margin-left: 28pt;\"><span style=\"color: #c00000; font-family: Arial;\">\u00ab&nbsp;Les \u00e9l\u00e8ves acc\u00e8dent trop jeunes \u00e0 des ressources, sans aucun contr\u00f4le ni accompagnement de leurs parents.&nbsp;\u00bb<br \/>\n<\/span><\/p>\n<p><span style=\"color: #777777; font-family: Arial;\">Voil\u00e0 donc la solution&nbsp;: faire faire du tricot \u00e0 l&rsquo;enfant et lui expliquer qu&rsquo;il r\u00e9alise un algorithme .dans son cerveau&nbsp;!<br \/>\n<\/span><\/p>\n<p><span style=\"color: maroon; font-family: Arial;\">&lt;1272&gt;<\/span><\/p>\n","protected":false},"excerpt":{"rendered":"<p>\u00ab Apprenez le tricot aux enfants, plut\u00f4t que les laisser devant un \u00e9cran\u00bb Philosophie d\u2019une \u00e9cole californienne dans laquelle certains cadres de la silicon valley envoient leurs enfants Michel Desmurget est docteur en neurosciences et directeur de recherche \u00e0 l&rsquo;Inserm.<\/p>\n","protected":false},"author":1,"featured_media":0,"comment_status":"open","ping_status":"closed","sticky":false,"template":"","format":"standard","meta":{"footnotes":""},"categories":[1],"tags":[38,32,11],"class_list":["post-7146","post","type-post","status-publish","format-standard","hentry","category-motdujour","tag-education","tag-numerique","tag-sociologie"],"_links":{"self":[{"href":"https:\/\/lemotdujour.fr\/index.php?rest_route=\/wp\/v2\/posts\/7146","targetHints":{"allow":["GET"]}}],"collection":[{"href":"https:\/\/lemotdujour.fr\/index.php?rest_route=\/wp\/v2\/posts"}],"about":[{"href":"https:\/\/lemotdujour.fr\/index.php?rest_route=\/wp\/v2\/types\/post"}],"author":[{"embeddable":true,"href":"https:\/\/lemotdujour.fr\/index.php?rest_route=\/wp\/v2\/users\/1"}],"replies":[{"embeddable":true,"href":"https:\/\/lemotdujour.fr\/index.php?rest_route=%2Fwp%2Fv2%2Fcomments&post=7146"}],"version-history":[{"count":7,"href":"https:\/\/lemotdujour.fr\/index.php?rest_route=\/wp\/v2\/posts\/7146\/revisions"}],"predecessor-version":[{"id":9252,"href":"https:\/\/lemotdujour.fr\/index.php?rest_route=\/wp\/v2\/posts\/7146\/revisions\/9252"}],"wp:attachment":[{"href":"https:\/\/lemotdujour.fr\/index.php?rest_route=%2Fwp%2Fv2%2Fmedia&parent=7146"}],"wp:term":[{"taxonomy":"category","embeddable":true,"href":"https:\/\/lemotdujour.fr\/index.php?rest_route=%2Fwp%2Fv2%2Fcategories&post=7146"},{"taxonomy":"post_tag","embeddable":true,"href":"https:\/\/lemotdujour.fr\/index.php?rest_route=%2Fwp%2Fv2%2Ftags&post=7146"}],"curies":[{"name":"wp","href":"https:\/\/api.w.org\/{rel}","templated":true}]}}