{"id":7140,"date":"2019-09-18T02:56:17","date_gmt":"2019-09-18T00:56:17","guid":{"rendered":"http:\/\/lemotdujour.fr\/?p=7140"},"modified":"2020-06-12T19:36:12","modified_gmt":"2020-06-12T17:36:12","slug":"mercredi-18-septembre-2019","status":"publish","type":"post","link":"https:\/\/lemotdujour.fr\/?p=7140","title":{"rendered":"Mercredi 18 septembre 2019"},"content":{"rendered":"<div class=\"mdjTexte\">\u00ab Horreurs bor\u00e9ales en Bretagne \u00bb<\/div>\n<div class=\"mdjAuteur\">Charl\u00e8ne Flor\u00e8s<\/div>\n<p><span style=\"color: #777777; font-family: Arial;\">Charl\u00e8ne Flor\u00e8s est bretonne et photographe.<br \/>\n<\/span><\/p>\n<p><span style=\"color: #777777; font-family: Arial;\">Elle a fait son m\u00e9tier, elle a fait des photos.<br \/>\n<\/span><\/p>\n<p><span style=\"color: #777777; font-family: Arial;\">Elle les a faites pr\u00e8s de Rennes, \u00e0 La Chapelle-des-Fougeretz.<br \/>\n<\/span><\/p>\n<p><span style=\"color: #777777; font-family: Arial;\">C&rsquo;est la <a href=\"https:\/\/www.franceinter.fr\/emissions\/la-revue-de-presse\/la-revue-de-presse-12-septembre-2019\"><span style=\"color: #0000ff;\">revue de presse du jeudi 12 septembre 2019<\/span><\/a> de Claude Askolovitch qui a attir\u00e9 mon attention <a href=\"https:\/\/www.nouvelobs.com\/planete\/20190914.OBS18435\/horreurs-boreales-en-bretagne.html\"><span style=\"color: #0000ff;\">sur l&rsquo;article de l&rsquo;Obs<\/span><\/a> qui lui a \u00e9t\u00e9 consacr\u00e9.<br \/>\n<\/span><\/p>\n<p><span style=\"color: #777777; font-family: Arial;\">Et j&rsquo;ai constat\u00e9 que <a href=\"https:\/\/www.liberation.fr\/france\/2019\/06\/02\/les-nocives-aurores-boreales-de-l-agriculture_1730627\"><span style=\"color: #0000ff;\">LIBE<\/span><\/a> en avait fait de m\u00eame, avec plus de photos et moins de textes. <\/span><\/p>\n<p><span style=\"color: #777777; font-family: Arial;\">Charl\u00e8ne Flor\u00e8s pr\u00e9cise&nbsp;:<br \/>\n<\/span><\/p>\n<p style=\"margin-left: 28pt;\"><span style=\"color: #c00000; font-family: Arial;\">\u00ab Mes photos n&rsquo;ont fait l&rsquo;objet d&rsquo;aucune retouche couleur et aucune n&rsquo;a de filtre. \u00bb<br \/>\n<\/span><\/p>\n<p><span style=\"color: #777777; font-family: Arial;\">A la Chapelle-des-Fougeretz, il y a des serres. Dans ces serres, on produit des tomates toute l&rsquo;ann\u00e9e. Et pour ce faire, les mara\u00eechers qui s&rsquo;attellent \u00e0 cette t\u00e2che ont recours aux \u00e9clairages LED pour faire pousser, plus vite et \u00e0 moindre co\u00fbt, leurs tomates cultiv\u00e9es sous serre.<br \/>\n<\/span><\/p>\n<p><span style=\"color: #777777; font-family: Arial;\">Charl\u00e8ne Flor\u00e8s explique&nbsp;:<br \/>\n<\/span><\/p>\n<p style=\"margin-left: 28pt;\"><span style=\"color: #c00000; font-family: Arial;\">\u00ab Pour produire des tomates toute l&rsquo;ann\u00e9e, on les chauffe, on leur diffuse du CO2 et on offre un compl\u00e9ment d&rsquo;\u00e9clairage \u00bb<br \/>\n<\/span><\/p>\n<p><img decoding=\"async\" src=\"https:\/\/lemotdujour.fr\/wp-content\/uploads\/2019\/09\/091619_2056_Mercredi18s1.png\" alt=\"\"><\/p>\n<p><span style=\"color: #777777; font-family: Arial;\">Le journaliste de l&rsquo;Obs, Arnaud Gonzague d\u00e9crit&nbsp;:<br \/>\n<\/span><\/p>\n<p style=\"margin-left: 28pt;\"><span style=\"color: #c00000; font-family: Arial;\">\u00ab&nbsp;Aux portes de Rennes, d&rsquo;\u00e9tranges d\u00e9grad\u00e9s fuchsia et or illuminent le ciel. Ils proviennent des \u00e9clairages artificiels \u00e9manant de grandes serres \u00e0 tomates voisines. Une pollution lumineuse qui d\u00e9boussole les campagnes alentour, comme le r\u00e9v\u00e8lent les photos de Charl\u00e8ne Flor\u00e8s.&nbsp;\u00bb<br \/>\n<\/span><\/p>\n<p><span style=\"color: #777777; font-family: Arial;\">Vous avez donc compris qu&rsquo;en plus de la pollution lumineuse des leds toute la nuit<strong>, on ajoute du CO2<\/strong>&nbsp;!<br \/>\n<\/span><\/p>\n<p><span style=\"color: #777777; font-family: Arial;\">Et l&rsquo;article de Lib\u00e9ration donne la parole \u00e0 Vincent Truffault, chercheur au Centre technique interprofessionnel des fruits et l\u00e9gumes<br \/>\n<\/span><\/p>\n<p style=\"margin-left: 28pt;\"><span style=\"color: #c00000; font-family: Arial;\">\u00ab&nbsp;Les plantes n&rsquo;absorbent pas tout et on a donc d&rsquo;importants rejets dans l&rsquo;atmosph\u00e8re.\u00bb<br \/>\n<\/span><\/p>\n<p><img decoding=\"async\" src=\"https:\/\/lemotdujour.fr\/wp-content\/uploads\/2019\/09\/091619_2056_Mercredi18s2.jpg\" alt=\"\" align=\"left\"><span style=\"color: #777777; font-family: Arial;\">Mais revenons \u00e0 la pollution lumineuse.<br \/>\n<\/span><\/p>\n<p><span style=\"color: #777777; font-family: Arial;\">Une mara\u00eech\u00e8re dit&nbsp;:<br \/>\n<\/span><\/p>\n<p style=\"margin-left: 28pt;\"><span style=\"color: #c00000; font-family: Arial;\">\u00ab Certaines nuits d&rsquo;hiver, on voit le halo rose des serres jusque chez moi, \u00e0 30 kilom\u00e8tres. \u00bb<br \/>\n<\/span><\/p>\n<p><span style=\"color: #777777; font-family: Arial;\">Les villages alentours sont baign\u00e9s d&rsquo;une lumi\u00e8re fuchsia toute la nuit<br \/>\n<\/span><\/p>\n<p><span style=\"color: #777777; font-family: Arial;\">Les vaches, qui sont dans des \u00e9tables non ferm\u00e9es, sont expos\u00e9es \u00e0 la pollution lumineuse toute la nuit.<br \/>\n<\/span><\/p>\n<p><span style=\"color: #777777; font-family: Arial;\">Tout ceci n&rsquo;est \u00e9videmment pas sans cons\u00e9quence. <\/span><span style=\"color: #777777; font-family: Arial;\">Charl\u00e8ne Flor\u00e8s rapporte&nbsp;:<br \/>\n<\/span><\/p>\n<p style=\"margin-left: 28pt;\"><span style=\"color: #c00000; font-family: Arial;\">\u00ab Un astrophysicien m&rsquo;a expliqu\u00e9 que ces serres ont, \u00e0 elles seules, une radiance [\u00ab brillance \u00bb, NDLR] soixante fois plus intense que celle de la ville de Rennes, toute proche, qui compte pourtant 250 000 habitants ! \u00bb<br \/>\n<\/span><\/p>\n<p><span style=\"color: #777777; font-family: Arial;\">C&rsquo;est \u00e9videmment d\u00e9l\u00e9t\u00e8re pour l&rsquo;horloge biologique de la flore et de la faune.<br \/>\n<\/span><\/p>\n<p><span style=\"color: #777777; font-family: Arial;\">Et pour les humains ce n&rsquo;est pas mieux&nbsp;:<br \/>\n<\/span><\/p>\n<p style=\"margin-left: 28pt;\"><span style=\"color: #c00000; font-family: Arial;\">\u00ab Et des travaux scientifiques d\u00e9montrent que chez l&rsquo;humain, la pollution lumineuse est suspect\u00e9e de contribuer \u00e0 l&rsquo;augmentation des cancers hormono-d\u00e9pendants [seins et prostate, NDLR. Mais aussi de la d\u00e9pression et du diab\u00e8te.&nbsp;\u00bb<br \/>\n<\/span><\/p>\n<p><span style=\"color: #777777; font-family: Arial;\">Le journaliste de l&rsquo;Obs s&rsquo;offusque&nbsp;:<br \/>\n<\/span><\/p>\n<p style=\"margin-left: 28pt;\"><span style=\"color: #c00000; font-family: Arial;\">\u00ab&nbsp;Des tomates en hiver : le concept a d\u00e9j\u00e0 de quoi \u00e9nerver les citoyens qui n&rsquo;ont pas perdu tout bon sens.&nbsp; [\u2026] Difficile de ne pas faire de ces aurores bor\u00e9ales \u00ab fa\u00e7on LED \u00bb une parfaite m\u00e9taphore de notre soci\u00e9t\u00e9 de consommation : chatoyante, scintillante, s\u00e9duisante\u2026 mais criminelle pour la plan\u00e8te.\u00bb<br \/>\n<\/span><\/p>\n<p><span style=\"color: #777777; font-family: Arial;\">Dans l&rsquo;article de Lib\u00e9ration, avec d&rsquo;autres mots, la m\u00eame r\u00e9alit\u00e9 est \u00e9nonc\u00e9e<br \/>\n<\/span><\/p>\n<p style=\"margin-left: 28pt;\"><span style=\"color: #c00000; font-family: Arial;\">\u00ab&nbsp;La recherche scientifique indique que cette pollution lumineuse a de s\u00e9rieuses cons\u00e9quences sur l&rsquo;\u00e9cosyst\u00e8me local expos\u00e9 \u00e0 ce rayonnement qui fait imploser le rythme des saisons, du jour et de la nuit : animaux d\u00e9sorient\u00e9s, oiseaux chantant toute la nuit, baisse de la pollinisation nocturne, dormance des v\u00e9g\u00e9taux inhib\u00e9e et exposition accrue aux pollutions et stress hydriques\u2026&nbsp;\u00bb<br \/>\n<\/span><\/p>\n<p><span style=\"color: #777777; font-family: Arial;\">Mes chers amis, il faut vraiment arr\u00eater de consommer des tomates en hiver.<br \/>\n<\/span><\/p>\n<p><span style=\"color: #777777; font-family: Arial;\">Car pour qu&rsquo;on ne les produise plus, il suffit simplement de ne plus les acheter&nbsp;!<br \/>\n<\/span><\/p>\n<p><img decoding=\"async\" src=\"https:\/\/lemotdujour.fr\/wp-content\/uploads\/2019\/09\/091619_2056_Mercredi18s3.png\" alt=\"\"><span style=\"color: #777777; font-family: Arial;\"><br \/>\n<\/span><\/p>\n<p><span style=\"color: maroon; font-family: Arial;\">&lt;1271&gt;<\/span><\/p>\n","protected":false},"excerpt":{"rendered":"<p>\u00ab Horreurs bor\u00e9ales en Bretagne \u00bb Charl\u00e8ne Flor\u00e8s Charl\u00e8ne Flor\u00e8s est bretonne et photographe. Elle a fait son m\u00e9tier, elle a fait des photos. Elle les a faites pr\u00e8s de Rennes, \u00e0 La Chapelle-des-Fougeretz. C&rsquo;est la revue de presse du<\/p>\n","protected":false},"author":1,"featured_media":0,"comment_status":"open","ping_status":"closed","sticky":false,"template":"","format":"standard","meta":{"footnotes":""},"categories":[1],"tags":[145,43,48],"class_list":["post-7140","post","type-post","status-publish","format-standard","hentry","category-motdujour","tag-agriculture","tag-ecologie","tag-nature"],"_links":{"self":[{"href":"https:\/\/lemotdujour.fr\/index.php?rest_route=\/wp\/v2\/posts\/7140","targetHints":{"allow":["GET"]}}],"collection":[{"href":"https:\/\/lemotdujour.fr\/index.php?rest_route=\/wp\/v2\/posts"}],"about":[{"href":"https:\/\/lemotdujour.fr\/index.php?rest_route=\/wp\/v2\/types\/post"}],"author":[{"embeddable":true,"href":"https:\/\/lemotdujour.fr\/index.php?rest_route=\/wp\/v2\/users\/1"}],"replies":[{"embeddable":true,"href":"https:\/\/lemotdujour.fr\/index.php?rest_route=%2Fwp%2Fv2%2Fcomments&post=7140"}],"version-history":[{"count":5,"href":"https:\/\/lemotdujour.fr\/index.php?rest_route=\/wp\/v2\/posts\/7140\/revisions"}],"predecessor-version":[{"id":9253,"href":"https:\/\/lemotdujour.fr\/index.php?rest_route=\/wp\/v2\/posts\/7140\/revisions\/9253"}],"wp:attachment":[{"href":"https:\/\/lemotdujour.fr\/index.php?rest_route=%2Fwp%2Fv2%2Fmedia&parent=7140"}],"wp:term":[{"taxonomy":"category","embeddable":true,"href":"https:\/\/lemotdujour.fr\/index.php?rest_route=%2Fwp%2Fv2%2Fcategories&post=7140"},{"taxonomy":"post_tag","embeddable":true,"href":"https:\/\/lemotdujour.fr\/index.php?rest_route=%2Fwp%2Fv2%2Ftags&post=7140"}],"curies":[{"name":"wp","href":"https:\/\/api.w.org\/{rel}","templated":true}]}}