{"id":714,"date":"2014-05-27T02:00:00","date_gmt":"2014-05-26T22:00:00","guid":{"rendered":"http:\/\/lemotdujour.fr\/?p=714"},"modified":"2017-05-08T13:21:58","modified_gmt":"2017-05-08T11:21:58","slug":"mardi-27052014","status":"publish","type":"post","link":"https:\/\/lemotdujour.fr\/?p=714","title":{"rendered":"Mardi 27\/05\/2014"},"content":{"rendered":"<div class=\"mdjDate\">Mardi 27\/05\/2014<\/div>\n<div class=\"mdjTexte\">\u00ab Si, d\u2019aventure, \u00e0 l\u2019occasion de cette v\u00e9rification d\u00e9mocratique, une crise profonde se produisait ou des \u00e9lections l\u00e9gislatives intervenaient, contredisant l\u2019\u00e9lection pr\u00e9sidentielle, nous en tirerions toutes les cons\u00e9quences en quittant la pr\u00e9sidence.\u00bb<\/div>\n<div class=\"mdjAuteur\">Fran\u00e7ois Hollande<\/div>\n<div class=\"mdjComplements\">C&rsquo;est un petit extrait\u00a0<a href=\"http:\/\/livre.fnac.com\/a1816316\/Francois-Hollande-Devoirs-de-verite\">&lt;de Devoirs de v\u00e9rit\u00e9&gt;<\/a> un livre d&rsquo;entretien de Fran\u00e7ois Hollande avec Edwy Plenel en 2006, alors directeur de la r\u00e9daction du Monde.<\/div>\n<div class=\"mdjComplements\">Fran\u00e7ois Hollande disait alors :<\/div>\n<div class=\"mdjCiter\">\u00ab\u00a0Je ne crois plus \u00e0 la possibilit\u00e9 de venir au pouvoir sur un programme pour 5 ans dont il n\u2019y aurait rien \u00e0 changer au cours de la mandature. Je pense qu\u2019il y a forc\u00e9ment <strong>un exercice de v\u00e9rification d\u00e9mocratique<\/strong> au milieu de la l\u00e9gislature. Le devoir de v\u00e9rit\u00e9, c\u2019est d\u2019\u00eatre capable de dire : \u00ab\u00a0Nous revenons devant la majorit\u00e9, peut-\u00eatre m\u00eame <strong>devant le corps \u00e9lectoral<\/strong> afin de retrouver un rapport de confiance\u00a0\u00bb.<\/div>\n<div class=\"mdjComplements\">Et il ajoutait :<\/div>\n<div class=\"mdjCiter\">\u00ab Si, d\u2019aventure, \u00e0 l\u2019occasion de cette v\u00e9rification d\u00e9mocratique, une crise profonde se produisait ou des \u00e9lections l\u00e9gislatives intervenaient, contredisant l\u2019\u00e9lection pr\u00e9sidentielle, <strong>nous en tirerions toutes les cons\u00e9quences en quittant la pr\u00e9sidence.<\/strong> Le quinquennat est un exercice de coh\u00e9rence. La cohabitation a sa part dans la d\u00e9saffection civique; <strong>elle n\u2019a plus de raison d\u2019\u00eatre\u00a0\u00bb.<\/strong><\/div>\n<div class=\"mdjComplements\">Edwy Plenel r\u00e9pliquait alors \u00abVous faites le pari que, demain, un pr\u00e9sident de gauche saura renoncer au pouvoir avant terme en cas de crise de confiance avec le pays. Reconnaissez que c&rsquo;est une garantie d\u00e9mocratique bien fragile!\u00bb<\/div>\n<div class=\"mdjComplements\"><a href=\"http:\/\/www.slate.fr\/story\/85425\/hollande-demission-lui-meme-le-dit\"><em>&lt;Ici un article de slate.fr qui rappelle ce livre&gt;<\/em><\/a><\/div>\n","protected":false},"excerpt":{"rendered":"<p>Mardi 27\/05\/2014 \u00ab Si, d\u2019aventure, \u00e0 l\u2019occasion de cette v\u00e9rification d\u00e9mocratique, une crise profonde se produisait ou des \u00e9lections l\u00e9gislatives intervenaient, contredisant l\u2019\u00e9lection pr\u00e9sidentielle, nous en tirerions toutes les cons\u00e9quences en quittant la pr\u00e9sidence.\u00bb Fran\u00e7ois Hollande C&rsquo;est un petit extrait\u00a0&lt;de<\/p>\n","protected":false},"author":1,"featured_media":0,"comment_status":"closed","ping_status":"closed","sticky":false,"template":"","format":"standard","meta":{"footnotes":""},"categories":[1],"tags":[],"class_list":["post-714","post","type-post","status-publish","format-standard","hentry","category-motdujour"],"_links":{"self":[{"href":"https:\/\/lemotdujour.fr\/index.php?rest_route=\/wp\/v2\/posts\/714","targetHints":{"allow":["GET"]}}],"collection":[{"href":"https:\/\/lemotdujour.fr\/index.php?rest_route=\/wp\/v2\/posts"}],"about":[{"href":"https:\/\/lemotdujour.fr\/index.php?rest_route=\/wp\/v2\/types\/post"}],"author":[{"embeddable":true,"href":"https:\/\/lemotdujour.fr\/index.php?rest_route=\/wp\/v2\/users\/1"}],"replies":[{"embeddable":true,"href":"https:\/\/lemotdujour.fr\/index.php?rest_route=%2Fwp%2Fv2%2Fcomments&post=714"}],"version-history":[{"count":1,"href":"https:\/\/lemotdujour.fr\/index.php?rest_route=\/wp\/v2\/posts\/714\/revisions"}],"predecessor-version":[{"id":715,"href":"https:\/\/lemotdujour.fr\/index.php?rest_route=\/wp\/v2\/posts\/714\/revisions\/715"}],"wp:attachment":[{"href":"https:\/\/lemotdujour.fr\/index.php?rest_route=%2Fwp%2Fv2%2Fmedia&parent=714"}],"wp:term":[{"taxonomy":"category","embeddable":true,"href":"https:\/\/lemotdujour.fr\/index.php?rest_route=%2Fwp%2Fv2%2Fcategories&post=714"},{"taxonomy":"post_tag","embeddable":true,"href":"https:\/\/lemotdujour.fr\/index.php?rest_route=%2Fwp%2Fv2%2Ftags&post=714"}],"curies":[{"name":"wp","href":"https:\/\/api.w.org\/{rel}","templated":true}]}}