{"id":7128,"date":"2019-09-17T02:51:40","date_gmt":"2019-09-17T00:51:40","guid":{"rendered":"http:\/\/lemotdujour.fr\/?p=7128"},"modified":"2020-06-12T19:37:19","modified_gmt":"2020-06-12T17:37:19","slug":"mardi-17-septembre-2019","status":"publish","type":"post","link":"https:\/\/lemotdujour.fr\/?p=7128","title":{"rendered":"Mardi 17 septembre 2019"},"content":{"rendered":"<div class=\"mdjTexte\">\u00abLes humains \u00e9mettent du CO2, le CO2 est un gaz \u00e0 effet de serre, l\u2019effet de serre r\u00e9chauffe la plan\u00e8te \u00bb<\/div>\n<div class=\"mdjAuteur\">David Louapre<\/div>\n<p><span style=\"color: #777777; font-family: Arial;\">J&rsquo;entends dire certains qu&rsquo;il y en a assez de parler du r\u00e9chauffement climatique et de l&rsquo;effet de serre.<br \/>\n<\/span><\/p>\n<p><span style=\"color: #777777; font-family: Arial;\">Et il est vrai que d&rsquo;autres d\u00e9fis se dressent devant nous, les besoins en eau potable, le recul dramatique de la biodiversit\u00e9, l&rsquo;augmentation d\u00e9mographique humaine qui n&rsquo;a pas encore atteint son apog\u00e9e, la pollution et les d\u00e9chets etc.<br \/>\n<\/span><\/p>\n<p><span style=\"color: #777777; font-family: Arial;\">Mais les autres d\u00e9fis ne signifient en aucun cas que le probl\u00e8me du r\u00e9chauffement climatique ne constitue pas un d\u00e9fi majeur pour l&rsquo;humanit\u00e9.<br \/>\n<\/span><\/p>\n<p><span style=\"color: #777777; font-family: Arial;\">Alors, il reste que des journalistes comme Pascal Praud continue \u00e0 remettre en cause le ph\u00e9nom\u00e8ne. Il en est m\u00eame qui utilise le concept de \u00ab&nbsp;pseudo r\u00e9chauffement climatique&nbsp;\u00bb.<br \/>\n<\/span><\/p>\n<p><span style=\"color: #777777; font-family: Arial;\">Et puis il y a un \u00ab&nbsp;pseudo scientifique&nbsp;\u00bb du nom de Fran\u00e7ois Gervais qui fait des conf\u00e9rences dans lesquelles il d\u00e9clare&nbsp;:\u00ab<span style=\"color: #0000ff;\">&nbsp;<a style=\"color: #0000ff;\" href=\"https:\/\/www.youtube.com\/watch?v=iK3G8wqqp_k&amp;feature=youtu.be\">L&rsquo;urgence climatique est un leurre&nbsp;<\/a><\/span>\u00bb<br \/>\n<\/span><\/p>\n<p><span style=\"color: #777777; font-family: Arial;\"><strong>Fran\u00e7ois-Marie Br\u00e9on<\/strong>, chercheur au Laboratoire des Sciences du Climat et de l&rsquo;Environnement, r\u00e9fute les arguments de Fran\u00e7ois Gervais dans cet article de &lt;<a href=\"http:\/\/www.francesoir.fr\/societe-science-tech\/le-rechauffement-climatique-un-leurre-escroquerie-climatosceptique-de-francois-gervais\"><span style=\"color: #0000ff;\">France soir<\/span><\/a>&gt;.<br \/>\n<\/span><\/p>\n<p><span style=\"color: #777777; font-family: Arial;\">A ce stade-l\u00e0, il faut rappeler ce qu&rsquo;est la science, la connaissance scientifique.<br \/>\n<\/span><\/p>\n<p><span style=\"color: #777777; font-family: Arial;\">Comme l&rsquo;\u00e9crit si justement Rachid Benzine, le contraire de la connaissance, n&rsquo;est pas l&rsquo;ignorance mais les certitudes.<br \/>\n<\/span><\/p>\n<p><span style=\"color: #777777; font-family: Arial;\">Les certitudes c&rsquo;est pour le domaine de la croyance, pas pour le domaine scientifique.<br \/>\n<\/span><\/p>\n<p><span style=\"color: #777777; font-family: Arial;\">En science, il existe des mod\u00e8les qui font l&rsquo;objet d&rsquo;un large consensus scientifique, parce qu&rsquo;ils sont vraisemblables, argument\u00e9es et qu&rsquo;aucune exp\u00e9rience ou observation n&rsquo;a pour l&rsquo;instant pu les r\u00e9futer.<br \/>\n<\/span><\/p>\n<p><span style=\"color: #777777; font-family: Arial;\">Je vous renvoie vers ce mot du jour de 2015&nbsp;: \u00ab&nbsp;<a href=\"https:\/\/lemotdujour.fr\/?p=1054\"><span style=\"color: #0000ff;\">Une th\u00e9orie qui n&rsquo;est r\u00e9futable par aucun \u00e9v\u00e9nement qui se puisse concevoir est d\u00e9pourvue de caract\u00e8re<\/span> <\/a><\/span><span style=\"font-family: Arial;\"><a href=\"https:\/\/lemotdujour.fr\/?p=1054\"><span style=\"color: #0000ff;\">scientifique<\/span><\/a><\/span><span style=\"font-family: Arial;\">.<\/span><span style=\"color: #777777; font-family: Arial;\">&nbsp;\u00bb. Cette phrase de Karl Popper constitue la base de la d\u00e9marche scientifique qui se fonde sur le caract\u00e8re r\u00e9futable d&rsquo;une th\u00e9orie.<br \/>\n<\/span><\/p>\n<p><span style=\"color: #777777; font-family: Arial;\">Ce qui peut donc \u00eatre dit, c&rsquo;est que dans l&rsquo;\u00e9tat actuel de nos connaissances la terre subit un r\u00e9chauffement climatique d\u00fb \u00e0 l&rsquo;accumulation dans l&rsquo;atmosph\u00e8re de gaz \u00e0 effet de serre produit par l&rsquo;activit\u00e9 humaine. C&rsquo;est l&rsquo;hypoth\u00e8se la plus vraisemblable. Et il n&rsquo;y a pas d&rsquo;observations suffisamment explicit\u00e9es et argument\u00e9es qui ont \u00e9t\u00e9 en mesure de r\u00e9futer cette th\u00e9orie.<br \/>\n<\/span><\/p>\n<p><span style=\"color: #777777; font-family: Arial;\">J&rsquo;ai d\u00e9j\u00e0 \u00e9voqu\u00e9 la chaine Youtube &lt;<a href=\"https:\/\/www.youtube.com\/channel\/UCaNlbnghtwlsGF-KzAFThqA\"><span style=\"color: #0000ff;\">Science \u00e9tonnante<\/span><\/a>&gt;, c&rsquo;\u00e9tait <a href=\"https:\/\/lemotdujour.fr\/?p=3055\">l<span style=\"color: #0000ff;\">e mot du 29 septembre 2017<\/span><\/a>. L&rsquo;animateur de cette cha\u00eene est David Louapre<br \/>\n<\/span><\/p>\n<p><span style=\"color: #777777; font-family: Arial;\">Je trouve ce jeune scientifique tr\u00e8s p\u00e9dagogue et il essaye avec simplicit\u00e9 de r\u00e9pondre \u00e0 cette question&nbsp;: \u00ab&nbsp;<span style=\"color: #0000ff;\"><a style=\"color: #0000ff;\" href=\"https:\/\/www.youtube.com\/watch?v=R6eywXdssMw\">Faut-il croire au r\u00e9chauffement climatique&nbsp;?&nbsp;<\/a><\/span>\u00bb<br \/>\n<\/span><\/p>\n<p><span style=\"color: #777777; font-family: Arial;\">Je trouve son approche remarquable et c&rsquo;est pourquoi je la partage.<br \/>\n<\/span><\/p>\n<p><span style=\"color: #777777; font-family: Arial;\">Il donne notamment ce sch\u00e9ma qui montre l&rsquo;\u00e9volution de la concentration de CO2 dans l&rsquo;atmosph\u00e8re&nbsp;:<br \/>\n<\/span><\/p>\n<p><img decoding=\"async\" src=\"https:\/\/lemotdujour.fr\/wp-content\/uploads\/2019\/09\/091519_2151_Mardi17sept1.png\" alt=\"\"><span style=\"color: #777777; font-family: Arial;\"><br \/>\n<\/span><\/p>\n<p><span style=\"color: #777777; font-family: Arial;\">On peut remonter \u00e0 l&rsquo;an 1000 parce qu&rsquo;on sait mesurer la concentration dans les bulles d&rsquo;air qu&rsquo;on trouve dans les glaces des p\u00f4les.<br \/>\n<\/span><\/p>\n<p><span style=\"color: #777777; font-family: Arial;\">On utilise la mesure ppm qui signifie 1 \/ 1000 000. Actuellement la concentration est de 400 ppm, c&rsquo;est-\u00e0-dire de 0,04 %.<br \/>\n<\/span><\/p>\n<p><span style=\"color: #777777; font-family: Arial;\">On constate une augmentation s\u00e9v\u00e8re depuis l&rsquo;apparition de la r\u00e9volution industrielle<br \/>\n<\/span><\/p>\n<p><span style=\"color: #777777; font-family: Arial;\">Je ne vais pas transcrire sa d\u00e9monstration, mais j&rsquo;ai appris quelque chose d&rsquo;inqui\u00e9tant. C&rsquo;est que la vapeur d&rsquo;eau est \u00e9galement un gaz \u00e0 effet de serre. Mais la concentration de vapeur d&rsquo;eau dans l&rsquo;atmosph\u00e8re n&rsquo;\u00e9volue pas, en principe, parce qu&rsquo;elle est r\u00e9gul\u00e9e par l&rsquo;eau des oc\u00e9ans. Mais la concentration de vapeur d&rsquo;eau d\u00e9pend directement de la chaleur de l&rsquo;atmosph\u00e8re. Et si l&rsquo;atmosph\u00e8re se r\u00e9chauffe, la concentration de vapeur d&rsquo;eau augmentera ce qui aura pour effet d&rsquo;augmenter encore la temp\u00e9rature dans un processus r\u00e9flexif.<br \/>\n<\/span><\/p>\n<p><span style=\"color: #777777; font-family: Arial;\">Il rappelle aussi cette \u00e9vidence que la plan\u00e8te Mercure est beaucoup plus proche du soleil que V\u00e9nus. Mais la temp\u00e9rature moyenne de V\u00e9nus est de 462\u00b0C alors que celle de Mercure n&rsquo;est (sic) que de 167\u00b0C. Et ceci s&rsquo;explique probablement par le fait de la concentration de CO2 dans l&rsquo;atmosph\u00e8re de V\u00e9nus qui a cr\u00e9\u00e9 un effet de serre terrible.<br \/>\n<\/span><\/p>\n<p><span style=\"color: #777777; font-family: Arial;\">David Louapre a \u00e9crit des informations compl\u00e9mentaires sur son &lt;<span style=\"color: #0000ff;\"><a style=\"color: #0000ff;\" href=\"https:\/\/sciencetonnante.wordpress.com\/2015\/11\/27\/faut-il-croire-au-rechauffement-climatique-video\/\">blog<\/a><\/span>&gt;<br \/>\n<\/span><\/p>\n<p><span style=\"color: maroon; font-family: Arial;\">&lt;1270&gt;<span style=\"color: #777777;\"><br \/>\n<\/span><\/span><\/p>\n<p><span style=\"color: #777777; font-family: Arial;\">&nbsp;<\/span><\/p>\n","protected":false},"excerpt":{"rendered":"<p>\u00abLes humains \u00e9mettent du CO2, le CO2 est un gaz \u00e0 effet de serre, l\u2019effet de serre r\u00e9chauffe la plan\u00e8te \u00bb David Louapre J&rsquo;entends dire certains qu&rsquo;il y en a assez de parler du r\u00e9chauffement climatique et de l&rsquo;effet de<\/p>\n","protected":false},"author":1,"featured_media":0,"comment_status":"open","ping_status":"closed","sticky":false,"template":"","format":"standard","meta":{"footnotes":""},"categories":[1],"tags":[122,44,35],"class_list":["post-7128","post","type-post","status-publish","format-standard","hentry","category-motdujour","tag-pedagogie","tag-rechauffement","tag-sciences"],"_links":{"self":[{"href":"https:\/\/lemotdujour.fr\/index.php?rest_route=\/wp\/v2\/posts\/7128","targetHints":{"allow":["GET"]}}],"collection":[{"href":"https:\/\/lemotdujour.fr\/index.php?rest_route=\/wp\/v2\/posts"}],"about":[{"href":"https:\/\/lemotdujour.fr\/index.php?rest_route=\/wp\/v2\/types\/post"}],"author":[{"embeddable":true,"href":"https:\/\/lemotdujour.fr\/index.php?rest_route=\/wp\/v2\/users\/1"}],"replies":[{"embeddable":true,"href":"https:\/\/lemotdujour.fr\/index.php?rest_route=%2Fwp%2Fv2%2Fcomments&post=7128"}],"version-history":[{"count":5,"href":"https:\/\/lemotdujour.fr\/index.php?rest_route=\/wp\/v2\/posts\/7128\/revisions"}],"predecessor-version":[{"id":9254,"href":"https:\/\/lemotdujour.fr\/index.php?rest_route=\/wp\/v2\/posts\/7128\/revisions\/9254"}],"wp:attachment":[{"href":"https:\/\/lemotdujour.fr\/index.php?rest_route=%2Fwp%2Fv2%2Fmedia&parent=7128"}],"wp:term":[{"taxonomy":"category","embeddable":true,"href":"https:\/\/lemotdujour.fr\/index.php?rest_route=%2Fwp%2Fv2%2Fcategories&post=7128"},{"taxonomy":"post_tag","embeddable":true,"href":"https:\/\/lemotdujour.fr\/index.php?rest_route=%2Fwp%2Fv2%2Ftags&post=7128"}],"curies":[{"name":"wp","href":"https:\/\/api.w.org\/{rel}","templated":true}]}}