{"id":712,"date":"2014-05-26T02:00:00","date_gmt":"2014-05-25T22:00:00","guid":{"rendered":"http:\/\/lemotdujour.fr\/?p=712"},"modified":"2017-05-08T13:21:57","modified_gmt":"2017-05-08T11:21:57","slug":"lundi-26052014","status":"publish","type":"post","link":"https:\/\/lemotdujour.fr\/?p=712","title":{"rendered":"Lundi 26\/05\/2014"},"content":{"rendered":"<div class=\"mdjDate\">Lundi 26\/05\/2014<\/div>\n<div class=\"mdjTexte\">\u00ab\u00a0J\u2019ai \u00e9t\u00e9 tr\u00e8s marqu\u00e9 par une chose que je n\u2019avais pas trouv\u00e9e en France\u00a0: la peur de l\u2019avenir et de la guerre.<br \/>\u00a0Surtout dans les pays de l\u2019ancien Pacte de Varsovie, plus touch\u00e9s que nous par les \u00e9v\u00e9nements en Ukraine.\u00a0\u00bb<\/div>\n<div class=\"mdjAuteur\">Jean Lassalle<\/div>\n<div class=\"mdjComplements\">Jean Lassalle est ce d\u00e9put\u00e9 singulier, d\u00e9put\u00e9 centriste des Pyr\u00e9n\u00e9es-Atlantiques qui avaient quitt\u00e9 les ors du Palais Bourbon pendant 8 mois pour marcher \u00e0 la rencontre des gens. Il s&rsquo;est appel\u00e9 lui-m\u00eame : le d\u00e9put\u00e9 qui marche.<\/div>\n<div class=\"mdjComplements\">\u00a0<a href=\"http:\/\/www.jeanlassalle.fr\/index.php\/nous-pouvons-vaincre-la-resignation-la-marche-rapport-de-jean-lassalle\/\">&lt;Il en a tir\u00e9 un rapport remis au Pr\u00e9sident de la R\u00e9publique que vous trouverez Ici&gt;<\/a><\/div>\n<div class=\"mdjComplements\">Il aussi cr\u00e9\u00e9 <a href=\"http:\/\/www.ledeputequimarche.fr\/blog\/\">&lt;Un blog&gt;<\/a> o\u00f9 il a mis en exergue cette invitation : \u00abJ&rsquo;invite chacun \u00e0 faire ce qu&rsquo;il pourra, ce qu&rsquo;il osera, pour m&rsquo;aider \u00e0 vaincre l&rsquo;indiff\u00e9rence du monde qui nous entoure.\u00bb<\/div>\n<div class=\"mdjComplements\">Il a repris son b\u00e2ton de p\u00e8lerin pour sortir des fronti\u00e8res hexagonales \u00e0 la rencontre d&rsquo;europ\u00e9ens.<\/div>\n<div class=\"mdjComplements\">Marianne l&rsquo;a interrog\u00e9 et dans cet article il dit ce que j&rsquo;ai choisi comme mot du jour, au lendemain d&rsquo;\u00e9lections europ\u00e9ennes, o\u00f9 m\u00eame si en France les r\u00e9sultats \u00e9taient attendus, ils restent d\u00e9stabilisants<\/div>\n<div class=\"mdjComplements\">Voici cette article : <a href=\"http:\/\/www.marianne.net\/Jean-Lassalle-a-voulu-voir-l-Europe-en-face-et-elle-va-mal_a238941.html\">&lt;Marianne : Jean Lassalle a voulu voir l&rsquo;Europe en face et elle va mal.&gt;<\/a><\/div>\n<div class=\"mdjComplements\">\u00ab\u00a0Vaincre l&rsquo;indiff\u00e9rence du monde qui nous entoure\u00a0\u00bb, voici encore un beau programme<\/div>\n","protected":false},"excerpt":{"rendered":"<p>Lundi 26\/05\/2014 \u00ab\u00a0J\u2019ai \u00e9t\u00e9 tr\u00e8s marqu\u00e9 par une chose que je n\u2019avais pas trouv\u00e9e en France\u00a0: la peur de l\u2019avenir et de la guerre.\u00a0Surtout dans les pays de l\u2019ancien Pacte de Varsovie, plus touch\u00e9s que nous par les \u00e9v\u00e9nements en<\/p>\n","protected":false},"author":1,"featured_media":0,"comment_status":"closed","ping_status":"closed","sticky":false,"template":"","format":"standard","meta":{"footnotes":""},"categories":[1],"tags":[],"class_list":["post-712","post","type-post","status-publish","format-standard","hentry","category-motdujour"],"_links":{"self":[{"href":"https:\/\/lemotdujour.fr\/index.php?rest_route=\/wp\/v2\/posts\/712","targetHints":{"allow":["GET"]}}],"collection":[{"href":"https:\/\/lemotdujour.fr\/index.php?rest_route=\/wp\/v2\/posts"}],"about":[{"href":"https:\/\/lemotdujour.fr\/index.php?rest_route=\/wp\/v2\/types\/post"}],"author":[{"embeddable":true,"href":"https:\/\/lemotdujour.fr\/index.php?rest_route=\/wp\/v2\/users\/1"}],"replies":[{"embeddable":true,"href":"https:\/\/lemotdujour.fr\/index.php?rest_route=%2Fwp%2Fv2%2Fcomments&post=712"}],"version-history":[{"count":1,"href":"https:\/\/lemotdujour.fr\/index.php?rest_route=\/wp\/v2\/posts\/712\/revisions"}],"predecessor-version":[{"id":713,"href":"https:\/\/lemotdujour.fr\/index.php?rest_route=\/wp\/v2\/posts\/712\/revisions\/713"}],"wp:attachment":[{"href":"https:\/\/lemotdujour.fr\/index.php?rest_route=%2Fwp%2Fv2%2Fmedia&parent=712"}],"wp:term":[{"taxonomy":"category","embeddable":true,"href":"https:\/\/lemotdujour.fr\/index.php?rest_route=%2Fwp%2Fv2%2Fcategories&post=712"},{"taxonomy":"post_tag","embeddable":true,"href":"https:\/\/lemotdujour.fr\/index.php?rest_route=%2Fwp%2Fv2%2Ftags&post=712"}],"curies":[{"name":"wp","href":"https:\/\/api.w.org\/{rel}","templated":true}]}}