{"id":7116,"date":"2019-09-16T00:05:56","date_gmt":"2019-09-15T22:05:56","guid":{"rendered":"http:\/\/lemotdujour.fr\/?p=7116"},"modified":"2019-12-20T12:28:49","modified_gmt":"2019-12-20T11:28:49","slug":"lundi-16-septembre-2019","status":"publish","type":"post","link":"https:\/\/lemotdujour.fr\/?p=7116","title":{"rendered":"Lundi 16 septembre 2019"},"content":{"rendered":"<div class=\"mdjTexte\">\u00ab&nbsp;Homo sapiens&nbsp;2019&nbsp;\u00bb<\/div>\n<div class=\"mdjAuteur\">R\u00e9flexions sur les voies qu\u2019emprunte notre esp\u00e8ce humaine actuellement<\/div>\n<p><span style=\"color: #777777; font-family: Arial;\">Le mot du jour s&rsquo;est mis en pause le 12 juillet 2019 en honorant les h\u00e9ros humanistes contemporains qui sauvent des vies humaines en m\u00e9diterran\u00e9e. Particuli\u00e8rement trois d&rsquo;entre eux, 2 femmes et un homme, tous les trois allemands&nbsp;:<br \/>\n<\/span><\/p>\n<ul>\n<li><span style=\"color: #777777; font-family: Arial;\">Carola Rackete<strong><br \/>\n<\/strong><\/span><\/li>\n<li><span style=\"color: #777777; font-family: Arial;\">Pia Klemp<strong><br \/>\n<\/strong><\/span><\/li>\n<li><span style=\"color: #777777; font-family: Arial;\">Klaus Vogel<strong><br \/>\n<\/strong><\/span><\/li>\n<\/ul>\n<p><img decoding=\"async\" class=\"alignleft\" src=\"https:\/\/lemotdujour.fr\/wp-content\/uploads\/2019\/09\/091419_2254_Lundi16sept1-1.jpg\" alt=\"\" align=\"left\"><span style=\"color: #777777; font-family: Arial;\">Depuis lors Pia Klemp a publi\u00e9 un livre sur ces sauvetages. Un livre sous forme de roman, r\u00e9dig\u00e9 en allemand et non encore traduit en fran\u00e7ais&nbsp;: \u00ab&nbsp; <strong>Lass uns mit den Toten tanzen<\/strong>&nbsp;\u00bb. Titre qu&rsquo;on peut traduire par \u00ab&nbsp;Laissez-nous danser avec les morts&nbsp;\u00bb. <a href=\"https:\/\/www.arte.tv\/fr\/videos\/092309-000-A\/pia-klemp-la-pirate-du-coeur\/\"><span style=\"color: #3366ff;\"><span style=\"color: #0000ff;\">ARTE<\/span><\/span><\/a> l&rsquo;a \u00e9voqu\u00e9. <a href=\"https:\/\/www.huffingtonpost.fr\/entry\/pia-klemp-capitaine-du-sea-watch-refuse-detre-decoree-par-paris_fr_5d5c7b58e4b05f62fbd6bf25\"><span style=\"color: #0000ff;\">Elle a aussi refus\u00e9 le 20 ao\u00fbt 2019<\/span><\/a> une d\u00e9coration que voulait lui donner la maire de Paris Anne Hidalgo parce qu&rsquo;elle n&rsquo;est pas d&rsquo;accord avec la politique migratoire de la capitale fran\u00e7aises.<br \/>\n<\/span><\/p>\n<p><span style=\"color: #777777; font-family: Arial;\">Quand \u00e0 Carola Rackete elle a publi\u00e9 une tribune dans <a href=\"https:\/\/www.theguardian.com\/commentisfree\/2019\/sep\/04\/climate-breakdown-mediterranean-migrant-crisis-sea-watch\"><span style=\"color: #0000ff;\">le Guardian le 4 septembre 2019<\/span><\/a> o\u00f9 elle fait le lien entre les migrations et la crise climatique&nbsp;:<br \/>\n<\/span><\/p>\n<p style=\"margin-left: 28pt;\"><span style=\"color: #c00000; font-family: Arial;\">\u00ab&nbsp;Dans des situations dans lesquelles les gens luttent d\u00e9j\u00e0 pour survivre, la crise climatique intensifie la pression, que ce soit par la mont\u00e9e du niveau de la mer, les p\u00e9nuries d&rsquo;eau, les d\u00e9g\u00e2ts des temp\u00eates ou les mauvaises r\u00e9coltes.&nbsp;\u00bb<br \/>\n<\/span><\/p>\n<p><span style=\"color: #777777; font-family: Arial;\">Que s&rsquo;est-il donc pass\u00e9 depuis le 12 juillet 2019 de fondamental&nbsp;?<br \/>\n<\/span><\/p>\n<p><span style=\"color: #777777; font-family: Arial;\">Bien que notre Pr\u00e9sident de la R\u00e9publique s&rsquo;y soit manifest\u00e9 particuli\u00e8rement \u00e0 son avantage, personne ne peut raisonnablement affirmer que \u00ab&nbsp;<a href=\"https:\/\/www.lemonde.fr\/international\/article\/2019\/08\/26\/a-biarritz-emmanuel-macron-reussit-son-g7_5503036_3210.html\"><span style=\"color: #0000ff;\">Le G7 de Biarritz<\/span>&nbsp;<\/a>\u00bb entre dans la cat\u00e9gorie des choses fondamentales.<br \/>\n<\/span><\/p>\n<p><span style=\"color: #777777; font-family: Arial;\">Peut-\u00eatre que <a href=\"https:\/\/www.huffingtonpost.fr\/entry\/hong-kong-bagarres-affrontements-democratie_fr_5d7ce0e3e4b00d6905997b5d\"><span style=\"color: #0000ff;\">la r\u00e9volte de Hong Kong<\/span><\/a> qui continue bien que nos grands m\u00e9dia en parlent moins. R\u00e9volte contre la mise au pas de plus en plus autoritaire du pouvoir central de P\u00e9kin.<br \/>\n<\/span><\/p>\n<p><span style=\"color: #777777; font-family: Arial;\">Si ce combat de David contre Goliath parait plus important que le G7, il n&rsquo;est toujours pas fondamental au regard de notre esp\u00e8ce.<br \/>\n<\/span><\/p>\n<p><span style=\"color: #777777; font-family: Arial;\">D&rsquo;autres \u00e9v\u00e8nements politiques se sont d\u00e9roul\u00e9s&nbsp;:<br \/>\n<\/span><\/p>\n<ul>\n<li><span style=\"color: #777777; font-family: Arial;\">Matteo Salvini a provoqu\u00e9, d\u00e9but ao\u00fbt, une crise gouvernementale en Italie en r\u00e9clamant des l\u00e9gislatives anticip\u00e9es et r\u00e9clamant les \u00ab&nbsp;pleins pouvoirs&nbsp;\u00bb comme jadis Mussolini. Pour l&rsquo;instant, une coalition h\u00e9t\u00e9roclite a pu freiner momentan\u00e9ment ses ambitions.<br \/>\n<\/span><\/li>\n<li><span style=\"color: #777777; font-family: Arial;\">Boris Johnson a \u00e9t\u00e9 \u00e9lu \u00e0 la t\u00eate du Parti conservateur le 23 juillet 2019 et est devenu par voie de cons\u00e9quence Premier Ministre britannique. Il a apport\u00e9 avec lui encore plus de confusion sur le Brexit et a abim\u00e9 par ses outrances encore un peu plus l&rsquo;image de la d\u00e9mocratie, comme le fait l&rsquo;homme d&rsquo;affaires et animateur de t\u00e9l\u00e9vision path\u00e9tique que les am\u00e9ricains ont mis \u00e0 leur t\u00eate. Le second dit d&rsquo;ailleurs beaucoup de bien, pour l&rsquo;instant, du premier.<br \/>\n<\/span><\/li>\n<li><span style=\"color: #777777; font-family: Arial;\">En France, Emmanuel Macron continue \u00e0 tenter de r\u00e9former la France, notamment par une ambitieuse r\u00e9forme des retraites.<br \/>\n<\/span><\/li>\n<\/ul>\n<p><span style=\"color: #777777; font-family: Arial;\">Mais tous ces \u00e9v\u00e8nements qui nous impactent tous \u00e0 court terme ne sont pas fondamentaux au regard du temps long et de notre esp\u00e8ce&nbsp;: homo sapiens.<br \/>\n<\/span><\/p>\n<p><a href=\"https:\/\/www.lemonde.fr\/pixels\/article\/2019\/07\/17\/elon-musk-et-neuralink-presentent-leur-prototype-d-implants-cerebraux_5490344_4408996.html?fbclid=IwAR2CBM_N9BCJnTg5_aaKWWZowDhWqudVb2t6zdO-qUO6Cjwld-Zlqtyl4hY\"><span style=\"font-family: Arial;\"><span style=\"color: #0000ff;\">Un article du Monde<\/span><\/span><\/a><span style=\"color: #777777; font-family: Arial;\"> nous apprend que le patron de Tesla Elon Musk et Neuralink ont pr\u00e9sent\u00e9 leur prototype d&rsquo;implants c\u00e9r\u00e9braux pour aider \u00e0 communiquer avec des machines le mardi 16 juillet 2019. C&rsquo;est <strong>la promesse de l&rsquo;homme augment\u00e9.<br \/>\n<\/strong><\/span><\/p>\n<p><span style=\"color: #777777; font-family: Arial;\">Je cite&nbsp;:<br \/>\n<\/span><\/p>\n<p style=\"margin-left: 28pt;\"><span style=\"color: #c00000; font-family: Arial;\">\u00ab&nbsp;Un implant discret et indolore, permettant au cerveau de communiquer directement avec des machines ou des interfaces num\u00e9riques : c&rsquo;est le projet, en partie concr\u00e9tis\u00e9, qu&rsquo;a pr\u00e9sent\u00e9 mardi 16 juillet Neuralink, la soci\u00e9t\u00e9 financ\u00e9e \u00e0 hauteur de 100 millions de dollars par Elon Musk (Tesla, SpaceX).<br \/>\n<\/span><\/p>\n<p style=\"margin-left: 28pt;\"><span style=\"color: #c00000; font-family: Arial;\">L&rsquo;entreprise a d\u00e9taill\u00e9 pour la premi\u00e8re fois, lors d&rsquo;une conf\u00e9rence de presse diffus\u00e9e en direct sur Youtube, le fonctionnement de son prototype d&rsquo;interface se branchant directement sur le cerveau. Il devrait prendre, \u00e0 terme, la forme d&rsquo;un petit bo\u00eetier connect\u00e9 sans fil directement au cerveau.<br \/>\n<\/span><\/p>\n<p style=\"margin-left: 28pt;\"><span style=\"color: #c00000; font-family: Arial;\">L&rsquo;une des possibilit\u00e9s offertes par ces technologies et discut\u00e9es pendant la conf\u00e9rence Neuralink qui s&rsquo;est d\u00e9roul\u00e9e \u00e0 San Francisco : la possibilit\u00e9, pour des personnes paralys\u00e9es, auxquelles on aurait r\u00e9ussi \u00e0 implanter ce dispositif en creusant des trous dans leur cr\u00e2ne, de pouvoir contr\u00f4ler par la pens\u00e9e leur smartphone ou leur ordinateur. A terme, Neuralink esp\u00e8re que des millions de personnes pourront disposer d&rsquo;un cerveau augment\u00e9, selon un article de Bloomberg, qui reprend l&rsquo;une des d\u00e9clarations d&rsquo;Elon Musk lors de la conf\u00e9rence : \u00ab au bout du compte, nous parviendrons \u00e0 une symbiose entre le cerveau et l&rsquo;intelligence artificielle. \u00bb<br \/>\n<\/span><\/p>\n<p style=\"margin-left: 28pt;\"><span style=\"color: #c00000; font-family: Arial;\">Mais les prototypes pr\u00e9sent\u00e9s le 16 juillet, qui semblent sortis de classiques de la science-fiction (et ont \u00e9t\u00e9 compar\u00e9s par certains internautes \u00e0 un \u00e9pisode de la s\u00e9rie Black Mirror), sont encore loin d&rsquo;\u00eatre aboutis. Ils n&rsquo;ont ainsi pas encore pass\u00e9 le stade des tests humains, mais seulement celui de premiers tests effectu\u00e9s sur des rats. Elon Musk a \u00e9galement laiss\u00e9 entendre, lors de sa conf\u00e9rence, que des tests avaient \u00e9t\u00e9 effectu\u00e9s sur des singes avec succ\u00e8s.<br \/>\n<\/span><\/p>\n<p style=\"margin-left: 28pt;\"><span style=\"color: #c00000; font-family: Arial;\">[\u2026]<br \/>\n<\/span><\/p>\n<p style=\"margin-left: 28pt;\"><span style=\"color: #c00000; font-family: Arial;\">Neuralink esp\u00e8re pouvoir d\u00e9buter des tests sur des humains d&rsquo;ici \u00e0 la fin de 2020. Mais Neuralink a reconnu n&rsquo;avoir pas encore d\u00e9marr\u00e9 les d\u00e9marches aupr\u00e8s de la Food and Drugs Administration (FDA), comp\u00e9tente aux Etats-Unis pour la r\u00e9gulation des dispositifs m\u00e9dicaux. Le processus pour obtenir un agr\u00e9ment pour ce type de dispositifs est \u00ab long et compliqu\u00e9 \u00bb, a reconnu la soci\u00e9t\u00e9.&nbsp;\u00bb<br \/>\n<\/span><\/p>\n<p><span style=\"color: #777777; font-family: Arial;\">C&rsquo;est toujours la promesse d&rsquo;am\u00e9liorer la sant\u00e9 et les handicaps des humains touch\u00e9s par le malheur qui sert \u00e0 justifier ces recherches et inventions, mais quel monde nous pr\u00e9pare cette promesse de l&rsquo;homme augment\u00e9, l&rsquo;homme reli\u00e9 \u00e0 la machine&nbsp;?<br \/>\n<\/span><\/p>\n<p><span style=\"color: #777777; font-family: Arial;\">Il en va de m\u00eame pour la perspective de cr\u00e9er des \u00ab&nbsp;<strong>chim\u00e8res<\/strong>&nbsp;\u00bb, c&rsquo;est-\u00e0-dire <strong>des animaux qui portent des cellules humaines<\/strong>.<br \/>\n<\/span><\/p>\n<p><span style=\"color: #777777; font-family: Arial;\">Cette fois c&rsquo;est <a href=\"http:\/\/sante.lefigaro.fr\/article\/le-japon-autorise-la-creation-d-embryons-mi-homme-mi-animal\/\"><span style=\"color: #0000ff;\">le Figaro<\/span><\/a> qui nous apprend que&nbsp;:<br \/>\n<\/span><\/p>\n<p style=\"margin-left: 28pt;\"><span style=\"color: #c00000; font-family: Arial;\">\u00ab&nbsp;Le 24 juillet, le gouvernement japonais a approuv\u00e9 un projet de recherche visant \u00e0 cr\u00e9er des chim\u00e8res homme-animal puis \u00e0 les implanter dans l&rsquo;ut\u00e9rus d&rsquo;animaux de laboratoire. Une premi\u00e8re au Japon. Ces travaux, dirig\u00e9s par le Pr Hiromitsu Nakauchi, chercheur \u00e0 l&rsquo;universit\u00e9 de Tokyo et \u00e0 l&rsquo;universit\u00e9 de Stanford (\u00c9tats-Unis), ont pour objectif de fabriquer des organes humains dans des animaux en vue de r\u00e9aliser des greffes.&nbsp;\u00bb<br \/>\n<\/span><\/p>\n<p><span style=\"color: #777777; font-family: Arial;\"><img loading=\"lazy\" decoding=\"async\" class=\"wp-image-7123 alignleft\" src=\"https:\/\/lemotdujour.fr\/wp-content\/uploads\/2019\/09\/Nicole-Le-Douarin-secrets-de-la-vie.jpg\" alt=\"\" width=\"145\" height=\"217\" srcset=\"https:\/\/lemotdujour.fr\/wp-content\/uploads\/2019\/09\/Nicole-Le-Douarin-secrets-de-la-vie.jpg 600w, https:\/\/lemotdujour.fr\/wp-content\/uploads\/2019\/09\/Nicole-Le-Douarin-secrets-de-la-vie-200x300.jpg 200w\" sizes=\"auto, (max-width: 145px) 100vw, 145px\" \/>On apprend d&rsquo;ailleurs que ces exp\u00e9riences qui sont pour l&rsquo;instant au stade des recherches fondamentales existent d\u00e9j\u00e0 dans d&rsquo;autres pays, comme la France d&rsquo;ailleurs. Une de nos grandes chercheuses en biologie qui travaille au CNRS, <strong>Nicole Le Douarin<\/strong> vient de publier un livre : \u00ab<span style=\"color: #0000ff;\"><a style=\"color: #0000ff;\" href=\"https:\/\/www.cnrseditions.fr\/catalogue\/biologie-et-sante\/les-secrets-de-la-vie\/\">les secrets de la vie<\/a><\/span>\u00bb. Elle a \u00e9t\u00e9 invit\u00e9e \u00e0 l&rsquo;\u00e9mission de &lt;<a href=\"https:\/\/www.franceculture.fr\/emissions\/la-grande-table-idees\/les-derniers-mots-danna-karenine\"><span style=\"color: #0000ff;\">la Grande Table du 12\/09\/2019<\/span><\/a>&gt;. Pour elle, ces recherches restent f\u00e9condes et \u00e9thiquement soutenables. Elle s&rsquo;inqui\u00e8te au contraire de la :<\/span><\/p>\n<p style=\"margin-left: 28pt;\"><span style=\"color: #c00000; font-family: Arial;\">\u00abpanique g\u00e9n\u00e9rale qui s&rsquo;exerce, [&#8230;] une esp\u00e8ce de doute vis-\u00e0-vis des scientifiques, vis-a-vis de l&rsquo;avanc\u00e9e des sciences.\u00bb<br \/>\n<\/span><\/p>\n<p><span style=\"color: #777777; font-family: Arial;\">Mais on comprend bien qu&rsquo;on attaque l\u00e0 quelque chose de fondamental qui touche l&rsquo;\u00e9thique et que homo sapiens continue \u00e0 penser que l&rsquo;animal est un simple objet dont la fonction principale est d&rsquo;\u00eatre utilis\u00e9e par lui pour son plaisir, ses besoins et ses fantasmes.<br \/>\n<\/span><\/p>\n<p><span style=\"color: #777777; font-family: Arial;\">Elon Musk veut fonder une <strong>colonie humaine sur Mars<\/strong>. Il croit la th\u00e9orie de l&rsquo;effondrement de la civilisation humaine possible, sinon certaine. C&rsquo;est pourquoi il envisage et travaille dans ce sens avec son entreprise Space X pour cr\u00e9er une colonie d&rsquo;humains sur mars. Une petite \u00e9lite d&rsquo;humain pourra ainsi \u00eatre sauv\u00e9e. Il a tweet\u00e9 <span style=\"color: #0000ff;\"><a style=\"color: #0000ff;\" href=\"https:\/\/www.businessinsider.fr\/pourquoi-elon-musk-veut-envoyer-une-bombe-atomique-sur-mars\/\">le 16 ao\u00fbt 2019<\/a><\/span> son id\u00e9e de <strong>faire exploser des bombes atomiques sur mars<\/strong>. Cette id\u00e9e il l&rsquo;avait d\u00e9j\u00e0 d\u00e9velopp\u00e9e<span style=\"color: #0000ff;\"> <a style=\"color: #0000ff;\" href=\"https:\/\/www.sciencesetavenir.fr\/espace\/exploration\/la-nouvelle-idee-d-elon-musk-des-bombes-atomiques-pour-rechauffer-mars_101949\">en 2015<\/a>,<\/span> mais on croyait qu&rsquo;il y avait renonc\u00e9. Il pense \u00eatre capable de cr\u00e9er un effet de serre susceptible de faire r\u00e9chauffer la temp\u00e9rature de mars qui en moyenne est de -63\u00b0C.<br \/>\n<\/span><\/p>\n<p><span style=\"color: #777777; font-family: Arial;\">L&rsquo;effet de serre est bien r\u00e9el sur terre. Cet \u00e9t\u00e9, la France a battu son record absolu de chaleur. C&rsquo;est 46 degr\u00e9s Celsius qui ont \u00e9t\u00e9 atteints le 28 juin \u00e0 V\u00e9rargues (H\u00e9rault), lors de la premi\u00e8re vague de canicule . La seconde vague a vu Paris battre son record de chaleur, en atteignant 42,6\u00b0C.<br \/>\n<\/span><\/p>\n<p><span style=\"color: #777777; font-family: Arial;\">Il n&rsquo;est pas encore scientifiquement prouv\u00e9 que l&rsquo;augmentation des fr\u00e9quences et de la force des ouragans soit directement li\u00e9e au r\u00e9chauffement climatique, certains l&rsquo;affirment cependant.<br \/>\n<\/span><\/p>\n<p><span style=\"color: #777777; font-family: Arial;\">Le secr\u00e9taire g\u00e9n\u00e9ral de l&rsquo;ONU <a href=\"https:\/\/www.franceinter.fr\/monde\/bahamas-si-nous-ne-la-respectons-pas-la-nature-nous-frappe-violemment-dit-le-secretaire-general-de-l-onu\"><span style=\"color: #0000ff;\">Antonio Guterres qui s&rsquo;est rendu aux Bahamas<\/span><\/a><span style=\"color: #0000ff;\">,<\/span> durement touch\u00e9s par l&rsquo;ouragan Dorian semble adh\u00e9rer \u00e0 cette th\u00e8se.<br \/>\n<\/span><\/p>\n<p><span style=\"color: #777777; font-family: Arial;\">Les destructions ont \u00e9t\u00e9 d&rsquo;une telle ampleur que pour deux des \u00eeles&nbsp;: Grand Bahama et surtout Abaco, les survivants ont d\u00fb quitter leur \u00eele.<br \/>\n<\/span><\/p>\n<p><span style=\"color: #777777; font-family: Arial;\">Le secr\u00e9taire g\u00e9n\u00e9ral de l&rsquo;ONU a ainsi visit\u00e9 des \u00eeles quasiment d\u00e9sertes. Il a d\u00e9clar\u00e9 \u00e0 des journalistes de France Inter&nbsp;:<br \/>\n<\/span><\/p>\n<p style=\"margin-left: 28pt;\"><span style=\"color: #c00000; font-family: Arial;\">\u00ab&nbsp;J&rsquo;ai vu de nombreuses inondations, tremblements de terre, des ouragans et leurs cons\u00e9quences un peu partout dans le monde, et je dois dire que le niveau de destruction ici, c&rsquo;est du jamais vu.&nbsp;\u00bb<br \/>\n<\/span><\/p>\n<p><span style=\"color: #777777; font-family: Arial;\">Et il a ajout\u00e9&nbsp;:<br \/>\n<\/span><\/p>\n<p style=\"margin-left: 28pt;\"><span style=\"color: #c00000; font-family: Arial;\">\u00ab&nbsp;Si nous ne la respectons pas, la Nature nous frappe violemment&nbsp;\u00bb.<br \/>\n<\/span><\/p>\n<p><span style=\"color: #0000ff;\"><a style=\"color: #0000ff;\" href=\"https:\/\/www.bbc.com\/news\/in-pictures-49576850\"><span style=\"font-family: Arial;\">La BBC a publi\u00e9 sur son site des images de l&rsquo;\u00eele d&rsquo;Abaco.<\/span><\/a><\/span><span style=\"color: #777777; font-family: Arial;\"><br \/>\n<\/span><\/p>\n<p><img decoding=\"async\" src=\"https:\/\/lemotdujour.fr\/wp-content\/uploads\/2019\/09\/091419_2254_Lundi16sept2-1.jpg\" alt=\"\"><\/p>\n<p><span style=\"color: #777777; font-family: Arial;\">Voici certains projets, id\u00e9es et cons\u00e9quences des actes d&rsquo;homo sapiens en 2019.<br \/>\n<\/span><\/p>\n<p><span style=\"color: maroon; font-family: Arial;\">&lt;1269&gt;<\/span><\/p>\n","protected":false},"excerpt":{"rendered":"<p>\u00ab&nbsp;Homo sapiens&nbsp;2019&nbsp;\u00bb R\u00e9flexions sur les voies qu\u2019emprunte notre esp\u00e8ce humaine actuellement Le mot du jour s&rsquo;est mis en pause le 12 juillet 2019 en honorant les h\u00e9ros humanistes contemporains qui sauvent des vies humaines en m\u00e9diterran\u00e9e. Particuli\u00e8rement trois d&rsquo;entre eux,<\/p>\n","protected":false},"author":1,"featured_media":0,"comment_status":"open","ping_status":"closed","sticky":false,"template":"","format":"standard","meta":{"footnotes":""},"categories":[1],"tags":[49,54,48],"class_list":["post-7116","post","type-post","status-publish","format-standard","hentry","category-motdujour","tag-futur","tag-humanisme","tag-nature"],"_links":{"self":[{"href":"https:\/\/lemotdujour.fr\/index.php?rest_route=\/wp\/v2\/posts\/7116","targetHints":{"allow":["GET"]}}],"collection":[{"href":"https:\/\/lemotdujour.fr\/index.php?rest_route=\/wp\/v2\/posts"}],"about":[{"href":"https:\/\/lemotdujour.fr\/index.php?rest_route=\/wp\/v2\/types\/post"}],"author":[{"embeddable":true,"href":"https:\/\/lemotdujour.fr\/index.php?rest_route=\/wp\/v2\/users\/1"}],"replies":[{"embeddable":true,"href":"https:\/\/lemotdujour.fr\/index.php?rest_route=%2Fwp%2Fv2%2Fcomments&post=7116"}],"version-history":[{"count":7,"href":"https:\/\/lemotdujour.fr\/index.php?rest_route=\/wp\/v2\/posts\/7116\/revisions"}],"predecessor-version":[{"id":7708,"href":"https:\/\/lemotdujour.fr\/index.php?rest_route=\/wp\/v2\/posts\/7116\/revisions\/7708"}],"wp:attachment":[{"href":"https:\/\/lemotdujour.fr\/index.php?rest_route=%2Fwp%2Fv2%2Fmedia&parent=7116"}],"wp:term":[{"taxonomy":"category","embeddable":true,"href":"https:\/\/lemotdujour.fr\/index.php?rest_route=%2Fwp%2Fv2%2Fcategories&post=7116"},{"taxonomy":"post_tag","embeddable":true,"href":"https:\/\/lemotdujour.fr\/index.php?rest_route=%2Fwp%2Fv2%2Ftags&post=7116"}],"curies":[{"name":"wp","href":"https:\/\/api.w.org\/{rel}","templated":true}]}}