{"id":710,"date":"2014-05-23T02:00:00","date_gmt":"2014-05-22T22:00:00","guid":{"rendered":"http:\/\/lemotdujour.fr\/?p=710"},"modified":"2018-11-07T16:35:36","modified_gmt":"2018-11-07T15:35:36","slug":"vendredi-23052014","status":"publish","type":"post","link":"https:\/\/lemotdujour.fr\/?p=710","title":{"rendered":"Vendredi 23\/05\/2014"},"content":{"rendered":"<div class=\"mdjDate\">Vendredi 23\/05\/2014<\/div>\n<div class=\"mdjTexte\">\u00abPourquoi ont-ils tu\u00e9 Jaur\u00e8s ?\u00bb<\/div>\n<div class=\"mdjAuteur\">Jacques Brel<\/div>\n<div class=\"mdjComplements\">Dans la continuit\u00e9 du mot du jour d&rsquo;hier, ce po\u00e8me de Brel. Seule la po\u00e9sie et la musique peuvent nous aider \u00e0 supporter le tragique et l&rsquo;injustice de l&rsquo;Histoire.<\/div>\n<table>\n<tbody>\n<tr>\n<td>\n<div class=\"mdjCiter\">Ils \u00e9taient us\u00e9s \u00e0 quinze ans<\/div>\n<div class=\"mdjCiter\">Ils finissaient en d\u00e9butant<\/div>\n<div class=\"mdjCiter\">Les douze mois s&rsquo;appelaient d\u00e9cembre<\/div>\n<div class=\"mdjCiter\">Quelle vie ont eu nos grands-parents<\/div>\n<div class=\"mdjCiter\">Entre l&rsquo;absinthe et les grand-messes<\/div>\n<div class=\"mdjCiter\">Ils \u00e9taient vieux avant que d&rsquo;\u00eatre<\/div>\n<div class=\"mdjCiter\">Quinze heures par jour le corps en laisse<\/div>\n<div class=\"mdjCiter\">Laisse au visage un teint de cendre<\/div>\n<div class=\"mdjCiter\">Oui, not&rsquo; Monsieur oui not&rsquo; bon Ma\u00eetre<\/div>\n<div class=\"mdjCiter\">Pourquoi ont-ils tu\u00e9 Jaur\u00e8s ?<\/div>\n<div class=\"mdjCiter\">On ne peut pas dire qu&rsquo;ils furent esclaves<\/div>\n<div class=\"mdjCiter\">De l\u00e0 \u00e0 dire qu&rsquo;ils ont v\u00e9cu<\/div>\n<div class=\"mdjCiter\">Lorsque l&rsquo;on part aussi vaincu<\/div>\n<div class=\"mdjCiter\">C&rsquo;est dur de sortir de l&rsquo;enclave<\/div>\n<div class=\"mdjCiter\">Et pourtant l&rsquo;espoir fleurissait<\/div>\n<div class=\"mdjCiter\">Dans les r\u00eaves qui montaient aux yeux<\/div>\n<div class=\"mdjCiter\">Des quelques ceux qui refusaient<\/div>\n<div class=\"mdjCiter\">De ramper jusqu&rsquo;\u00e0 la vieillesse<\/div>\n<div class=\"mdjCiter\">Oui not&rsquo; bon Ma\u00eetre oui not&rsquo; Monsieur<\/div>\n<div class=\"mdjCiter\">Pourquoi ont-ils tu\u00e9 Jaur\u00e8s ?<\/div>\n<\/td>\n<td>\n<div class=\"mdjCiter\">Si par malheur ils survivaient<\/div>\n<div class=\"mdjCiter\">C&rsquo;\u00e9tait pour partir \u00e0 la guerre<\/div>\n<div class=\"mdjCiter\">C&rsquo;\u00e9tait pour finir \u00e0 la guerre<\/div>\n<div class=\"mdjCiter\">Aux ordres de quelques sabreurs<\/div>\n<div class=\"mdjCiter\">Qui exigeaient du bout des l\u00e8vres<\/div>\n<div class=\"mdjCiter\">Qu&rsquo;ils aillent ouvrir au champ d&rsquo;horreur<\/div>\n<div class=\"mdjCiter\">Leurs vingt ans qui n&rsquo;avaient pu na\u00eetre<\/div>\n<div class=\"mdjCiter\">Et ils mouraient \u00e0 pleine peur<\/div>\n<div class=\"mdjCiter\">Tout mis\u00e9reux oui not&rsquo; bon Ma\u00eetre<\/div>\n<div class=\"mdjCiter\">Couvert de pr\u00eatres oui not&rsquo; Monsieur<\/div>\n<div class=\"mdjCiter\">Demandez-vous belle jeunesse<\/div>\n<div class=\"mdjCiter\">Le temps de l&rsquo;ombre d&rsquo;un souvenir<\/div>\n<div class=\"mdjCiter\">Le temps du souffle d&rsquo;un soupir<\/div>\n<div class=\"mdjCiter\">Pourquoi ont-ils tu\u00e9 Jaur\u00e8s ?<\/div>\n<div class=\"mdjCiter\">Pourquoi ont-ils tu\u00e9 Jaur\u00e8s?<\/div>\n<div class=\"mdjCiter\"><em>Jacques Brel<\/em><\/div>\n<div class=\"mdjCiter\"><a href=\"https:\/\/www.youtube.com\/watch?v=EUoxRR5aRlI\">&lt;Bien s\u00fbr Brel est insurpassable, mais j&rsquo;ai trouv\u00e9 cette interpr\u00e9tation par Zebda bien \u00e9mouvante&gt;<\/a><\/div>\n<div><\/div>\n<div><span style=\"color: #800000;\">&lt;292&gt;<\/span><\/div>\n<\/td>\n<\/tr>\n<\/tbody>\n<\/table>\n","protected":false},"excerpt":{"rendered":"<p>Vendredi 23\/05\/2014 \u00abPourquoi ont-ils tu\u00e9 Jaur\u00e8s ?\u00bb Jacques Brel Dans la continuit\u00e9 du mot du jour d&rsquo;hier, ce po\u00e8me de Brel. Seule la po\u00e9sie et la musique peuvent nous aider \u00e0 supporter le tragique et l&rsquo;injustice de l&rsquo;Histoire. Ils \u00e9taient<\/p>\n","protected":false},"author":1,"featured_media":0,"comment_status":"closed","ping_status":"closed","sticky":false,"template":"","format":"standard","meta":{"footnotes":""},"categories":[1],"tags":[118,46,15],"class_list":["post-710","post","type-post","status-publish","format-standard","hentry","category-motdujour","tag-14-18","tag-art","tag-france"],"_links":{"self":[{"href":"https:\/\/lemotdujour.fr\/index.php?rest_route=\/wp\/v2\/posts\/710","targetHints":{"allow":["GET"]}}],"collection":[{"href":"https:\/\/lemotdujour.fr\/index.php?rest_route=\/wp\/v2\/posts"}],"about":[{"href":"https:\/\/lemotdujour.fr\/index.php?rest_route=\/wp\/v2\/types\/post"}],"author":[{"embeddable":true,"href":"https:\/\/lemotdujour.fr\/index.php?rest_route=\/wp\/v2\/users\/1"}],"replies":[{"embeddable":true,"href":"https:\/\/lemotdujour.fr\/index.php?rest_route=%2Fwp%2Fv2%2Fcomments&post=710"}],"version-history":[{"count":3,"href":"https:\/\/lemotdujour.fr\/index.php?rest_route=\/wp\/v2\/posts\/710\/revisions"}],"predecessor-version":[{"id":5660,"href":"https:\/\/lemotdujour.fr\/index.php?rest_route=\/wp\/v2\/posts\/710\/revisions\/5660"}],"wp:attachment":[{"href":"https:\/\/lemotdujour.fr\/index.php?rest_route=%2Fwp%2Fv2%2Fmedia&parent=710"}],"wp:term":[{"taxonomy":"category","embeddable":true,"href":"https:\/\/lemotdujour.fr\/index.php?rest_route=%2Fwp%2Fv2%2Fcategories&post=710"},{"taxonomy":"post_tag","embeddable":true,"href":"https:\/\/lemotdujour.fr\/index.php?rest_route=%2Fwp%2Fv2%2Ftags&post=710"}],"curies":[{"name":"wp","href":"https:\/\/api.w.org\/{rel}","templated":true}]}}