{"id":7060,"date":"2019-07-11T00:44:18","date_gmt":"2019-07-10T22:44:18","guid":{"rendered":"http:\/\/lemotdujour.fr\/?p=7060"},"modified":"2020-06-12T19:39:22","modified_gmt":"2020-06-12T17:39:22","slug":"jeudi-11-juillet-2019","status":"publish","type":"post","link":"https:\/\/lemotdujour.fr\/?p=7060","title":{"rendered":"Jeudi 11 juillet 2019"},"content":{"rendered":"<div class=\"mdjTexte\">\u00ab Seul le meilleur est acceptable \u00bb<\/div>\n<div class=\"mdjAuteur\">Herbert von Karajan (5 avril 1908 \u2013 16 juillet 1989)<\/div>\n<p><span style=\"color: #777777; font-family: Arial;\">Karajan est n\u00e9 dans une famille autrichienne et il avait aussi un anc\u00eatre paternel originaire de Gr\u00e8ce comme Sappho de Mytil\u00e8ne.<br \/>\n<\/span><\/p>\n<p><img decoding=\"async\" class=\"alignright\" src=\"https:\/\/lemotdujour.fr\/wp-content\/uploads\/2019\/07\/071019_2237_Jeudi11juil1.jpg\" alt=\"\" align=\"left\"><span style=\"color: #777777; font-family: Arial;\">Il est n\u00e9 \u00e0 Salzbourg, la ville o\u00f9 est n\u00e9 Mozart<br \/>\n<\/span><\/p>\n<p><span style=\"color: #777777; font-family: Arial;\">Le 16 juillet 2019, cela fera 30 ans qu&rsquo;il a quitt\u00e9 la communaut\u00e9 des vivants.<br \/>\n<\/span><\/p>\n<p><span style=\"color: #777777; font-family: Arial;\">Il y a 30 ans j&rsquo;\u00e9tais plus jeune et je crois que j&rsquo;\u00e9tais tr\u00e8s injuste dans mon appr\u00e9ciation sur ses qualit\u00e9s et son importance dans la musique.<br \/>\n<\/span><\/p>\n<p><span style=\"color: #777777; font-family: Arial;\">Je me souviens de discussions passionn\u00e9es avec mon ami Bertrand G. qui consid\u00e9rait que c&rsquo;\u00e9tait le plus grand.<br \/>\n<\/span><\/p>\n<p><span style=\"color: #777777; font-family: Arial;\">Moi je ne voyais que la part d&rsquo;ombre<br \/>\n<\/span><\/p>\n<p><span style=\"color: #777777; font-family: Arial;\">Le fait qu&rsquo;il avait par deux fois adh\u00e9r\u00e9 au parti nazi, pour sa tranquillit\u00e9 et pouvoir continuer \u00e0 exercer son m\u00e9tier. <\/span><span style=\"color: #777777; font-family: Arial;\">Il n&rsquo;\u00e9tait cependant pas dans les gr\u00e2ces d&rsquo;Hitler qui le traitait de \u00ab&nbsp;freluquet autrichien&nbsp;\u00bb.<br \/>\n<\/span><\/p>\n<p><span style=\"color: #777777; font-family: Arial;\">Je n&rsquo;aimais pas, \u00e0 l&rsquo;\u00e9poque, son c\u00f4t\u00e9 autocrate, je disais \u00ab&nbsp;dictatorial&nbsp;\u00bb.<br \/>\n<\/span><\/p>\n<p><span style=\"color: #777777; font-family: Arial;\">Je n&rsquo;aimais pas ses interpr\u00e9tations et pr\u00e9f\u00e9raient toujours d&rsquo;autres interpr\u00e9tations.<br \/>\n<\/span><\/p>\n<p><span style=\"color: #777777; font-family: Arial;\">Chaque fois qu&rsquo;il y avait une histoire dr\u00f4le \u00e0 ses d\u00e9pens je m&rsquo;en d\u00e9lectais.<br \/>\n<\/span><\/p>\n<p><span style=\"color: #777777; font-family: Arial;\">Comme celle qui mettait en sc\u00e8ne 3 grands chefs de l&rsquo;\u00e9poque qui se disputait pour savoir qui est le plus grand.<br \/>\n<\/span><\/p>\n<p style=\"margin-left: 28pt;\"><span style=\"color: #c00000; font-family: Arial;\">\u00ab&nbsp;C&rsquo;\u00e9tait d&rsquo;abord Bernstein qui disait&nbsp;: c&rsquo;est moi le plus grand parce que je suis aussi compositeur et que j&rsquo;ai compos\u00e9 West Side Story,<br \/>\n<\/span><\/p>\n<p style=\"margin-left: 28pt;\"><span style=\"color: #c00000; font-family: Arial;\">Solti s&rsquo;approchait alors en disant&nbsp;: Dieu m&rsquo;a dit\u2026<br \/>\n<\/span><\/p>\n<p style=\"margin-left: 28pt;\"><span style=\"color: #c00000; font-family: Arial;\">Imm\u00e9diatement interrompu par Karajan r\u00e9pliquant&nbsp;: comment \u00e7a je ne t&rsquo;ai rien dit.&nbsp;\u00bb<br \/>\n<\/span><\/p>\n<p><img loading=\"lazy\" decoding=\"async\" class=\"alignleft\" src=\"https:\/\/lemotdujour.fr\/wp-content\/uploads\/2019\/07\/071019_2237_Jeudi11juil2.jpg\" alt=\"\" width=\"321\" height=\"251\" align=\"left\"><span style=\"color: #777777; font-family: Arial;\">Mon fr\u00e8re m&rsquo;a rapport\u00e9 que lorsque l&rsquo;Octuor de Paris dont il \u00e9tait membre, \u00e9tait all\u00e9 \u00e0 Berlin pour un concert \u00e0 la Philharmonie, lui et ses coll\u00e8gues avaient demand\u00e9 au chauffeur de taxi de les emmener \u00e0 la Philharmonie. Le chauffeur de taxi avait conclu&nbsp;:<br \/>\n<\/span><\/p>\n<p style=\"margin-left: 28pt;\"><span style=\"color: #c00000; font-family: Arial;\">\u00ab&nbsp;Ah oui au Karajan Circus&nbsp;\u00bb<br \/>\n<\/span><\/p>\n<p><span style=\"color: #777777; font-family: Arial;\">Ou cette autre histoire&nbsp;:<br \/>\n<\/span><\/p>\n<p><span style=\"color: #777777; font-family: Arial;\">C&rsquo;est Karajan qui prend un taxi \u00e0 Berlin. Le chauffeur lui demande : \u00ab O\u00f9 dois-je vous emmener Maestro ? \u00bb. Et la r\u00e9ponse de Karajan : \u00ab N&rsquo;importe o\u00f9, partout on a besoin de moi ! \u00bb.<br \/>\n<\/span><\/p>\n<p><span style=\"color: #777777; font-family: Arial;\">Et cette manie de diriger les yeux ferm\u00e9s dans les ann\u00e9es 1970&nbsp;!<br \/>\n<\/span><\/p>\n<p><span style=\"color: #777777; font-family: Arial;\">Simon Rattle dit aujourd&rsquo;hui&nbsp;:<br \/>\n<\/span><\/p>\n<p style=\"margin-left: 28pt;\"><span style=\"color: #c00000; font-family: Arial;\">\u00ab Les derni\u00e8res ann\u00e9es lorsque Karajan se mit \u00e0 diriger les yeux ouverts. [\u2026]. <\/span><span style=\"color: #c00000; font-family: Arial;\">Ce contact visuel \u00e9tabli sur le tard avec ses musiciens, apr\u00e8s des ann\u00e9es o\u00f9 il sembla commander \u00e0 des escadrons fanatis\u00e9s, est comme une r\u00e9demption.&nbsp;\u00bb<br \/>\n<\/span><\/p>\n<p><span style=\"color: #777777; font-family: Arial;\">Et il est vrai qu&rsquo;\u00e0 la fin de sa vie, Karajan est tomb\u00e9 gravement malade et il ne pouvait plus garder les yeux ferm\u00e9s pour une question d&rsquo;\u00e9quilibre.<br \/>\n<\/span><\/p>\n<p><span style=\"color: #777777; font-family: Arial;\">Et je me souviens que Yehudi Menuhin disait&nbsp;: \u00ab&nbsp;Il est tomb\u00e9 malade et a gagn\u00e9 \u00e9norm\u00e9ment en humanit\u00e9.\u00bb<br \/>\n<\/span><\/p>\n<p><span style=\"color: #777777; font-family: Arial;\">Mais ce n&rsquo;\u00e9tait que l&rsquo;\u00e9cume des choses&nbsp;!<br \/>\n<\/span><\/p>\n<p><span style=\"color: #777777; font-family: Arial;\">J&rsquo;ai beaucoup appris depuis et notamment \u00e0 travers les propos de Christophe Andr\u00e9 sur \u00ab&nbsp;<\/span><span style=\"color: #0000ff;\"><span style=\"font-family: Arial;\"><a style=\"color: #0000ff;\" href=\"https:\/\/www.franceculture.fr\/emissions\/la-vie-interieure\/ladmiration\">l&rsquo;admiration<\/a><\/span><span style=\"font-family: Arial;\">&nbsp;\u00bb<\/span><\/span><span style=\"color: #777777; font-family: Arial;\"><br \/>\n<\/span><\/p>\n<p style=\"margin-left: 28pt;\"><span style=\"color: #c00000; font-family: Arial;\">\u00ab&nbsp;L&rsquo;admiration, c&rsquo;est la volont\u00e9 de porter son regard sur ce qui rend le monde meilleur. [&#8230;]<br \/>\n<\/span><\/p>\n<p style=\"margin-left: 28pt;\"><span style=\"color: #c00000; font-family: Arial;\">Admirer quelqu&rsquo;un alors qu&rsquo;on connait bien ses travers !<br \/>\n<\/span><\/p>\n<p style=\"margin-left: 28pt;\"><span style=\"color: #c00000; font-family: Arial;\">L&rsquo;admiration est un contraire de la mesquinerie qui va chercher les d\u00e9fauts derri\u00e8re les qualit\u00e9s.<br \/>\n<\/span><\/p>\n<p style=\"margin-left: 28pt;\"><span style=\"color: #c00000; font-family: Arial;\">Plusieurs travaux de psychologie positive ont mesur\u00e9 en laboratoire les cons\u00e9quences de diff\u00e9rentes formes d&rsquo;admiration [&#8230;] ont confirm\u00e9 qu&rsquo;admirer nous rend meilleur, plus proche des autres, plus altruiste, plus motiv\u00e9 \u00e0 progresser&nbsp;\u00bb<br \/>\n<\/span><\/p>\n<p><span style=\"color: #777777; font-family: Arial;\">Et maintenant 30 ans apr\u00e8s, je vois surtout son extraordinaire capacit\u00e9 d&rsquo;aller vers la plus grande qualit\u00e9 d&rsquo;interpr\u00e9tation, l&rsquo;approfondissement.<br \/>\n<\/span><\/p>\n<p><img loading=\"lazy\" decoding=\"async\" class=\"alignleft\" src=\"https:\/\/lemotdujour.fr\/wp-content\/uploads\/2019\/07\/071019_2237_Jeudi11juil3.jpg\" alt=\"\" width=\"213\" height=\"208\" align=\"left\"><span style=\"color: #777777; font-family: Arial;\">Dans des propos rapport\u00e9s par le Figaro Magazine du 22 juillet 1989, il disait&nbsp;:<br \/>\n<\/span><\/p>\n<p style=\"margin-left: 28pt;\"><span style=\"color: #c00000; font-family: Arial;\">\u00ab&nbsp;Seul le meilleur est acceptable&nbsp;!<br \/>\n<\/span><\/p>\n<p style=\"margin-left: 28pt;\"><span style=\"color: #c00000; font-family: Arial;\">La maladie affolante de notre soci\u00e9t\u00e9 c&rsquo;est de ne pas demander le meilleur possible&nbsp;\u00bb<br \/>\n<\/span><\/p>\n<p><span style=\"color: #777777; font-family: Arial;\">Contrairement \u00e0 d&rsquo;autres grands chefs, et \u00e0 ceux d&rsquo;aujourd&rsquo;hui qui fol\u00e2trent d&rsquo;un orchestre vers l&rsquo;autre et qui ont la responsabilit\u00e9 de deux voire trois orchestre, lui a \u00e9t\u00e9 le chef d&rsquo;un seul orchestre : l&rsquo;Orchestre Philharmonique de Berlin. Parfois il allait diriger l&rsquo;Orchestre Philharmonique de Vienne mais revenait toujours \u00e0 son orchestre, dans un travail en profondeur pour obtenir une pate orchestrale et une qualit\u00e9 unique et ph\u00e9nom\u00e9nale.<br \/>\n<\/span><\/p>\n<p><span style=\"color: #777777; font-family: Arial;\">Et que dire lorsqu&rsquo;on sait qu&rsquo;alors il \u00e9tait tout \u00e0 la fin de sa longue carri\u00e8re et qu&rsquo;il entendit Evgeny Kissin 16 ans alors, jouer du piano il fut \u00e9mu aux larmes.<br \/>\n<\/span><\/p>\n<p><span style=\"color: #777777; font-family: Arial;\">Son \u00e9pouse Eliette Mouret raconta comment malgr\u00e9 ses tentatives r\u00e9p\u00e9t\u00e9es de lui faire rencontrer Pablo Picasso, elle n&rsquo;arriva jamais \u00e0 l&rsquo;organiser, Karajan parvint toujours \u00e0 se d\u00e9filer.<br \/>\n<\/span><\/p>\n<p><span style=\"color: #777777; font-family: Arial;\">Apr\u00e8s la mort du peintre, son \u00e9pouse lui demanda si \u00e7a ne l&rsquo;aurait pas int\u00e9ress\u00e9 de le conna\u00eetre. Il r\u00e9pondit :<br \/>\n<\/span><\/p>\n<p style=\"margin-left: 28pt;\"><span style=\"color: #c00000; font-family: Arial;\">\u00ab&nbsp;Si bien s\u00fbr, beaucoup, mais je ne pouvais pas m&rsquo;imaginer que ce serait int\u00e9ressant pour lui de me rencontrer&nbsp;\u00bb<br \/>\n<\/span><\/p>\n<p><span style=\"color: #777777; font-family: Arial;\">Il \u00e9tait aussi visionnaire et a pleinement particip\u00e9 \u00e0 l&rsquo;essor des nouvelles technologies audio.<br \/>\n<\/span><\/p>\n<p><a href=\"https:\/\/www.francemusique.fr\/actualite-musicale\/sony-philips-et-herbert-von-karajan-le-trio-qui-cree-le-cd-1362\"><span style=\"font-family: Arial;\"><span style=\"color: #0000ff;\">&lt;Il joua un r\u00f4le \u00e9minent dans l&rsquo;\u00e9mergence du CD&gt;<\/span><\/span><\/a><span style=\"color: #777777; font-family: Arial;\"><br \/>\n<\/span><\/p>\n<p><span style=\"color: #777777; font-family: Arial;\">Evidemment, 30 ans apr\u00e8s c&rsquo;est devenu un support du pass\u00e9.<br \/>\n<\/span><\/p>\n<p><span style=\"color: #777777; font-family: Arial;\">Jamais Karajan ne fit de concessions \u00e0 l&rsquo;exigence musicale.<br \/>\n<\/span><\/p>\n<p><span style=\"color: #777777; font-family: Arial;\">Ce fut un des plus grands musiciens interpr\u00e8tes du XX\u00e8me si\u00e8cle.<br \/>\n<\/span><\/p>\n<p><span style=\"color: #777777; font-family: Arial;\">Je me d\u00e9lecte aujourd&rsquo;hui \u00e0 \u00e9couter les enregistrements qu&rsquo;il a laiss\u00e9s \u00e0 l&rsquo;Histoire.<br \/>\n<\/span><\/p>\n<p><span style=\"color: #777777; font-family: Arial;\">Et si je dois en choisir qu&rsquo;un petit nombre je prendrai :<br \/>\n<\/span><\/p>\n<p><strong><span style=\"color: #777777; font-family: Arial;\">Le P\u00e9ll\u00e9as et M\u00e9lisande de Debussy<br \/>\n<\/span><\/strong><\/p>\n<p><strong><img decoding=\"async\" src=\"https:\/\/lemotdujour.fr\/wp-content\/uploads\/2019\/07\/071019_2237_Jeudi11juil4.jpg\" alt=\"\"><\/strong><span style=\"color: #777777; font-family: Arial;\"><br \/>\n<\/span><\/p>\n<p><span style=\"color: #777777; font-family: Arial;\"><strong>Le Parsifal de Wagner<\/strong><br \/>\n<\/span><\/p>\n<p><img loading=\"lazy\" decoding=\"async\" class=\"\" src=\"https:\/\/lemotdujour.fr\/wp-content\/uploads\/2019\/07\/071019_2237_Jeudi11juil5.jpg\" alt=\"\" width=\"282\" height=\"282\"><span style=\"color: #777777; font-family: Arial;\"><br \/>\n<\/span><\/p>\n<p><span style=\"color: #777777; font-family: Arial;\"><strong>Et son anthologie des \u0153uvres de Berg, Webern et Schoenberg<\/strong><br \/>\n<\/span><\/p>\n<p><img loading=\"lazy\" decoding=\"async\" class=\"\" src=\"https:\/\/lemotdujour.fr\/wp-content\/uploads\/2019\/07\/071019_2237_Jeudi11juil6.jpg\" alt=\"\" width=\"296\" height=\"296\"><span style=\"color: #777777; font-family: Arial;\"><br \/>\n<\/span><\/p>\n<p><span style=\"color: #777777; font-family: Arial;\">Et une madeleine de Proust&nbsp;: Les pr\u00e9ludes de Liszt<br \/>\n<\/span><\/p>\n<p><img loading=\"lazy\" decoding=\"async\" class=\"\" src=\"https:\/\/lemotdujour.fr\/wp-content\/uploads\/2019\/07\/071019_2237_Jeudi11juil7.jpg\" alt=\"\" width=\"333\" height=\"333\"><span style=\"color: #777777; font-family: Arial;\"><br \/>\n<\/span><\/p>\n<p><span style=\"color: maroon; font-family: Arial;\">&lt;1267&gt;<\/span><\/p>\n","protected":false},"excerpt":{"rendered":"<p>\u00ab Seul le meilleur est acceptable \u00bb Herbert von Karajan (5 avril 1908 \u2013 16 juillet 1989) Karajan est n\u00e9 dans une famille autrichienne et il avait aussi un anc\u00eatre paternel originaire de Gr\u00e8ce comme Sappho de Mytil\u00e8ne. Il est<\/p>\n","protected":false},"author":1,"featured_media":0,"comment_status":"open","ping_status":"closed","sticky":false,"template":"","format":"standard","meta":{"footnotes":""},"categories":[1],"tags":[46,29,20],"class_list":["post-7060","post","type-post","status-publish","format-standard","hentry","category-motdujour","tag-art","tag-hommage","tag-musique"],"_links":{"self":[{"href":"https:\/\/lemotdujour.fr\/index.php?rest_route=\/wp\/v2\/posts\/7060","targetHints":{"allow":["GET"]}}],"collection":[{"href":"https:\/\/lemotdujour.fr\/index.php?rest_route=\/wp\/v2\/posts"}],"about":[{"href":"https:\/\/lemotdujour.fr\/index.php?rest_route=\/wp\/v2\/types\/post"}],"author":[{"embeddable":true,"href":"https:\/\/lemotdujour.fr\/index.php?rest_route=\/wp\/v2\/users\/1"}],"replies":[{"embeddable":true,"href":"https:\/\/lemotdujour.fr\/index.php?rest_route=%2Fwp%2Fv2%2Fcomments&post=7060"}],"version-history":[{"count":5,"href":"https:\/\/lemotdujour.fr\/index.php?rest_route=\/wp\/v2\/posts\/7060\/revisions"}],"predecessor-version":[{"id":9256,"href":"https:\/\/lemotdujour.fr\/index.php?rest_route=\/wp\/v2\/posts\/7060\/revisions\/9256"}],"wp:attachment":[{"href":"https:\/\/lemotdujour.fr\/index.php?rest_route=%2Fwp%2Fv2%2Fmedia&parent=7060"}],"wp:term":[{"taxonomy":"category","embeddable":true,"href":"https:\/\/lemotdujour.fr\/index.php?rest_route=%2Fwp%2Fv2%2Fcategories&post=7060"},{"taxonomy":"post_tag","embeddable":true,"href":"https:\/\/lemotdujour.fr\/index.php?rest_route=%2Fwp%2Fv2%2Ftags&post=7060"}],"curies":[{"name":"wp","href":"https:\/\/api.w.org\/{rel}","templated":true}]}}