{"id":706,"date":"2014-05-21T02:00:00","date_gmt":"2014-05-20T22:00:00","guid":{"rendered":"http:\/\/lemotdujour.fr\/?p=706"},"modified":"2017-05-08T13:21:54","modified_gmt":"2017-05-08T11:21:54","slug":"mercredi-21052014","status":"publish","type":"post","link":"https:\/\/lemotdujour.fr\/?p=706","title":{"rendered":"Mercredi 21\/05\/2014"},"content":{"rendered":"<div class=\"mdjDate\">Mercredi 21\/05\/2014<\/div>\n<div class=\"mdjTexte\">\u00ab\u00a0L&rsquo;Allemagne est un pays que je n&rsquo;aimerai pas avoir pour voisin\u00a0\u00bb<\/div>\n<div class=\"mdjAuteur\">Konrad Adenauer<\/div>\n<div class=\"mdjComplements\">Cit\u00e9 par Philippe Meyer lors<a href=\"http:\/\/www.franceculture.fr\/emission-la-chronique-de-philippe-meyer-chronique-de-philippe-meyer-2014-05-13\"> de sa chronique du 13 mai 2014.<\/a><\/div>\n<div class=\"mdjComplements\">Il y pr\u00e9sentait le livre que vient de publier Fran\u00e7ois Roche \u00ab\u00a0Voyage en Allemagne\u00a0\u00bb.<\/div>\n<div class=\"mdjComplements\">Il a aussi cit\u00e9 une d\u00e9put\u00e9 fran\u00e7aise qui a eu ce mot qui aurait pu \u00eatre du jour : \u00a0\u00bb La France a peur du risque, l&rsquo;Allemagne a peur de l&rsquo;avenir\u00a0\u00bb. C&rsquo;est ce que dit aussi Fran\u00e7ois Roche dans une interview que vous trouverez <a href=\"http:\/\/www.20minutes.fr\/economie\/1341009-l-allemagne-se-projette-dans-le-monde-bien-plus-que-nous-ne-le-faisons\">&lt;Ici&gt;<\/a><\/div>\n<div class=\"mdjComplements\">Il dit en effet : \u00ab\u00a0[J&rsquo;ai \u00e9t\u00e9 surpris de] la fa\u00e7on dont l\u2019Allemagne se concentre sur les nouvelles technologies. Elle porte un effort consid\u00e9rable aux universit\u00e9s technologiques, aux entreprises et aux instituts de recherche, car elle a la volont\u00e9 farouche d\u2019\u00eatre \u00e0 la pointe des industries techniques, notamment en mati\u00e8re d\u2019usine du futur et de robotique.<\/div>\n<div class=\"mdjComplements\">J\u2019ai \u00e9galement \u00e9t\u00e9 frapp\u00e9 par l\u2019ouverture internationale de l\u2019Allemagne, qui se projette dans le monde d\u2019aujourd\u2019hui bien plus que nous ne le faisons. Mais j\u2019ai aussi d\u00e9couvert l\u2019inqui\u00e9tude profonde de ce pays quant \u00e0 son avenir. L\u2019Allemagne, qui a une faible natalit\u00e9, se demande vraiment comment elle peut int\u00e9grer davantage d\u2019\u00e9trangers tout en pr\u00e9servant sur le long terme la p\u00e9rennit\u00e9 de son mod\u00e8le. \u00ab\u00a0<\/div>\n<div class=\"mdjComplements\">Mais j&rsquo;ai trouv\u00e9 que mettre en exergue ce propos du vieux chancelier allemand qui connaissait si bien son pays et qui lui a permis, apr\u00e8s l&rsquo;abime cr\u00e9\u00e9 par les nazis, de redevenir un pays prosp\u00e8re, ne pouvait que nous interpeller.<\/div>\n<div class=\"mdjComplements\">Si Adenauer le dit, c&rsquo;est que ce doit \u00eatre vrai. Le malheur, c&rsquo;est que nous sommes voisin de cette Allemagne.<\/div>\n<div class=\"mdjComplements\">Que le ciel vous tienne en joie et vous rassure : L&rsquo;Allemagne sera bient\u00f4t vieille, alors que la France aura encore toutes ses dents.<\/div>\n","protected":false},"excerpt":{"rendered":"<p>Mercredi 21\/05\/2014 \u00ab\u00a0L&rsquo;Allemagne est un pays que je n&rsquo;aimerai pas avoir pour voisin\u00a0\u00bb Konrad Adenauer Cit\u00e9 par Philippe Meyer lors de sa chronique du 13 mai 2014. Il y pr\u00e9sentait le livre que vient de publier Fran\u00e7ois Roche \u00ab\u00a0Voyage en<\/p>\n","protected":false},"author":1,"featured_media":0,"comment_status":"closed","ping_status":"closed","sticky":false,"template":"","format":"standard","meta":{"footnotes":""},"categories":[1],"tags":[],"class_list":["post-706","post","type-post","status-publish","format-standard","hentry","category-motdujour"],"_links":{"self":[{"href":"https:\/\/lemotdujour.fr\/index.php?rest_route=\/wp\/v2\/posts\/706","targetHints":{"allow":["GET"]}}],"collection":[{"href":"https:\/\/lemotdujour.fr\/index.php?rest_route=\/wp\/v2\/posts"}],"about":[{"href":"https:\/\/lemotdujour.fr\/index.php?rest_route=\/wp\/v2\/types\/post"}],"author":[{"embeddable":true,"href":"https:\/\/lemotdujour.fr\/index.php?rest_route=\/wp\/v2\/users\/1"}],"replies":[{"embeddable":true,"href":"https:\/\/lemotdujour.fr\/index.php?rest_route=%2Fwp%2Fv2%2Fcomments&post=706"}],"version-history":[{"count":1,"href":"https:\/\/lemotdujour.fr\/index.php?rest_route=\/wp\/v2\/posts\/706\/revisions"}],"predecessor-version":[{"id":707,"href":"https:\/\/lemotdujour.fr\/index.php?rest_route=\/wp\/v2\/posts\/706\/revisions\/707"}],"wp:attachment":[{"href":"https:\/\/lemotdujour.fr\/index.php?rest_route=%2Fwp%2Fv2%2Fmedia&parent=706"}],"wp:term":[{"taxonomy":"category","embeddable":true,"href":"https:\/\/lemotdujour.fr\/index.php?rest_route=%2Fwp%2Fv2%2Fcategories&post=706"},{"taxonomy":"post_tag","embeddable":true,"href":"https:\/\/lemotdujour.fr\/index.php?rest_route=%2Fwp%2Fv2%2Ftags&post=706"}],"curies":[{"name":"wp","href":"https:\/\/api.w.org\/{rel}","templated":true}]}}