{"id":7043,"date":"2019-07-10T00:35:48","date_gmt":"2019-07-09T22:35:48","guid":{"rendered":"http:\/\/lemotdujour.fr\/?p=7043"},"modified":"2020-06-12T19:40:26","modified_gmt":"2020-06-12T17:40:26","slug":"mercredi-10-juillet-2019","status":"publish","type":"post","link":"https:\/\/lemotdujour.fr\/?p=7043","title":{"rendered":"Mercredi 10 juillet 2019"},"content":{"rendered":"<div class=\"mdjTexte\">\u00ab Anthe Amerghissan<br \/>\n(J\u2019ai vu cueillant des fleurs) \u00bb<\/div>\n<div class=\"mdjAuteur\">Po\u00e8me de Sappho de Mytil\u00e8ne mis en musique et chant\u00e9 par Ang\u00e9lique Ionatos<\/div>\n<p><span style=\"color: #777777; font-family: Arial;\">Il \u00e9tait t\u00f4t le matin, ce lundi. J&rsquo;ai allum\u00e9 la radio, \u00e9videmment France Culture. C&rsquo;\u00e9tait la fin de l&rsquo;\u00e9mission \u00ab&nbsp;<a href=\"https:\/\/www.franceculture.fr\/emissions\/les-nuits-de-france-culture\/emmanuel-guibert-je-jongle-avec-pas-mal-de-trucs-tres-differents\"><span style=\"color: #0000ff;\">Les nuits de France Culture<\/span>&nbsp;<\/a>\u00bb<br \/>\n<\/span><\/p>\n<p><span style=\"color: #777777; font-family: Arial;\">L&rsquo;invit\u00e9 \u00e9tait Emmanuel Guibert.<br \/>\n<\/span><\/p>\n<p><a href=\"https:\/\/www.bedetheque.com\/auteur-1685-BD-Guibert-Emmanuel.html\"><span style=\"font-family: Arial;\"><span style=\"color: #0000ff;\">Emmanuel Guibert<\/span><\/span><\/a><span style=\"color: #777777; font-family: Arial;\"> est un dessinateur et sc\u00e9nariste de bande dessin\u00e9e. Il parlait de son \u0153uvre.<br \/>\n<\/span><\/p>\n<p><span style=\"color: #777777; font-family: Arial;\">Et puis pour terminer l&rsquo;\u00e9mission, la journaliste lui avait demand\u00e9 de choisir une \u0153uvre de musique.<br \/>\n<\/span><\/p>\n<p><span style=\"color: #777777; font-family: Arial;\">Et il a choisi une chanson parce que <strong>\u00ab&nbsp;c&rsquo;est tout simplement magnifique&nbsp;\u00bb.<\/strong><br \/>\n<\/span><\/p>\n<p><span style=\"color: #777777; font-family: Arial;\">Et c&rsquo;est ainsi que j&rsquo;ai d\u00e9couvert \u00ab&nbsp;<strong>Ang\u00e9lique Ionatos<\/strong>&nbsp;\u00bb \u00ab&nbsp;et \u00ab&nbsp;<strong>Sappho de Mytilene<\/strong>&nbsp;\u00bb.<br \/>\n<\/span><\/p>\n<p><img decoding=\"async\" class=\"alignleft\" src=\"https:\/\/lemotdujour.fr\/wp-content\/uploads\/2019\/07\/070919_2225_Mercredi10j1.jpg\" alt=\"\" align=\"left\"><span style=\"color: #777777; font-family: Arial;\">Nous connaissons <a href=\"https:\/\/www.panoramadelart.com\/portrait-de-jeune-femme-sappho-pompei\"><span style=\"color: #0000ff;\">cette fresque<\/span><\/a><span style=\"color: #0000ff;\">,<\/span> maintes fois repr\u00e9sent\u00e9e dans les livres d&rsquo;Histoire et de l&rsquo;Art.<br \/>\n<\/span><\/p>\n<p><span style=\"color: #777777; font-family: Arial;\">Elle a \u00e9t\u00e9 d\u00e9couverte dans une villa \u00e0 Pomp\u00e9i et repr\u00e9sente un buste de femme avec un stylet et une tablette dans chaque main.<br \/>\n<\/span><\/p>\n<p><span style=\"color: #777777; font-family: Arial;\">La tradition et la l\u00e9gende pr\u00e9tendent qu&rsquo;il s&rsquo;agit de Sappho de Mytilene.<br \/>\n<\/span><\/p>\n<p><span style=\"color: #777777; font-family: Arial;\">Il n&rsquo;y a quasi aucune chance qu&rsquo;il y ait une quelconque ressemblance avec la grande po\u00e9tesse grecque.<br \/>\n<\/span><\/p>\n<p><span style=\"color: #777777; font-family: Arial;\">Cette fresque a \u00e9t\u00e9 r\u00e9alis\u00e9e au I si\u00e8cle apr\u00e8s J.C.<br \/>\n<\/span><\/p>\n<p><span style=\"color: #777777; font-family: Arial;\"><strong>Sappho <\/strong>a v\u00e9cu aux VIIe si\u00e8cle et VIe si\u00e8cle av. J.-C., \u00e0 Mytil\u00e8ne sur l&rsquo;\u00eele de Lesbos.<br \/>\n<\/span><\/p>\n<p><span style=\"color: #777777; font-family: Arial;\">Elle fut tr\u00e8s c\u00e9l\u00e8bre durant l&rsquo;Antiquit\u00e9, mais son \u0153uvre po\u00e9tique ne subsiste plus qu&rsquo;\u00e0 l&rsquo;\u00e9tat de fragment.<br \/>\n<\/span><\/p>\n<p><span style=\"color: #777777; font-family: Arial;\">De nombreux po\u00e8tes et auteurs anciens parlent d&rsquo;elle, ne laissant aucun doute quant \u00e0 son existence r\u00e9elle et son talent.<br \/>\n<\/span><\/p>\n<p><a href=\"https:\/\/fr.wikipedia.org\/wiki\/Solon\"><span style=\"font-family: Arial;\"><span style=\"color: #0000ff;\">Solon<\/span><\/span><\/a><span style=\"color: #777777; font-family: Arial;\"> le c\u00e9l\u00e8bre l\u00e9gislateur et homme d&rsquo;\u00c9tat de la d\u00e9mocratie ath\u00e9nienne \u00e9tait son contemporain. Il aurait dit, apr\u00e8s avoir entendu la lecture d&rsquo;un de ses po\u00e8mes&nbsp; :<br \/>\n<\/span><\/p>\n<p style=\"margin-left: 28pt;\"><span style=\"color: #c00000; font-family: Arial;\">\u00ab Mon d\u00e9sir est de l&rsquo;apprendre et de mourir ensuite \u00bb<br \/>\n<\/span><\/p>\n<p><span style=\"color: #777777; font-family: Arial;\">Selon Wikipedia quand dans le monde antique on disait \u00ab <strong>le po\u00e8te<\/strong> \u00bb il s&rsquo;agissait d&rsquo;<strong>Hom\u00e8re<\/strong>, de m\u00eame si l&rsquo;on parlait de \u00ab <strong>la po\u00e9tesse<\/strong> \u00bb c&rsquo;\u00e9tait <strong>Sappho<\/strong>.<br \/>\n<\/span><\/p>\n<p><span style=\"color: #777777; font-family: Arial;\">On lui doit la cr\u00e9ation d&rsquo;une forme m\u00e9trique particuli\u00e8re, la \u00ab <a href=\"https:\/\/fr.wikipedia.org\/wiki\/Strophe_sapphique\"><span style=\"color: #0000ff;\">strophe sapphique<\/span><\/a> \u00bb.<br \/>\n<\/span><\/p>\n<p><span style=\"color: #777777; font-family: Arial;\">C&rsquo;\u00e9tait une femme libre qui est aussi connue pour avoir exprim\u00e9 dans ses \u00e9crits son attirance pour les jeunes filles d&rsquo;o\u00f9 le terme \u00ab&nbsp;<a href=\"https:\/\/www.larousse.fr\/dictionnaires\/francais\/saphisme\/70936\"><span style=\"color: #0000ff;\">saphisme<\/span><\/a>&nbsp;\u00bb pour d\u00e9signer l&rsquo;homosexualit\u00e9 f\u00e9minine tandis que le terme \u00ab&nbsp;<strong>lesbienne&nbsp;<\/strong>\u00bbest d\u00e9riv\u00e9 de <strong>Lesbos<\/strong>, l&rsquo;\u00eele o\u00f9 elle a v\u00e9cu.<br \/>\n<\/span><\/p>\n<p><span style=\"color: #777777; font-family: Arial;\">Mais si vous voulez en savoir plus &lt;<a href=\"https:\/\/fr.wikipedia.org\/wiki\/Sappho\"><span style=\"color: #0000ff;\">Wikipedia<\/span>&gt;<\/a> consacre un tr\u00e8s long article \u00e0 Sappho de Mytilene et fait un point tr\u00e8s complet de ce que l&rsquo;on sait d&rsquo;elle et aussi les diff\u00e9rentes hypoth\u00e8ses qui ont \u00e9t\u00e9 d\u00e9velopp\u00e9es sur sa vie et son \u0153uvre.<br \/>\n<\/span><\/p>\n<p><img loading=\"lazy\" decoding=\"async\" class=\"alignleft\" src=\"https:\/\/lemotdujour.fr\/wp-content\/uploads\/2019\/07\/070919_2225_Mercredi10j2.jpg\" alt=\"\" width=\"220\" height=\"293\" align=\"left\"><span style=\"color: #777777; font-family: Arial;\">&lt;<a href=\"https:\/\/angelique-ionatos.com\/\"><span style=\"color: #0000ff;\">Ang\u00e9lique Ionatos<\/span>&nbsp;<\/a>\u00bb est compositrice, guitariste, chanteuse grecque, mais elle vit en France.<br \/>\n<\/span><\/p>\n<p><span style=\"color: #777777; font-family: Arial;\">Elle a compos\u00e9 sur des vers d&rsquo;il y a 2500 ans, des vers \u00e9crits par Sappho de Mytil\u00e8ne.<br \/>\n<\/span><\/p>\n<p><span style=\"color: #777777; font-family: Arial;\">Et comme le dit Emmanuel Guibert \u00ab <strong>C&rsquo;est tout simplement magnifique<\/strong> \u00bb.<br \/>\n<\/span><\/p>\n<p><span style=\"color: #777777; font-family: Arial;\">\u00ab&nbsp;<a href=\"https:\/\/www.youtube.com\/watch?v=BloRXDm85DE\"><span style=\"color: #0000ff;\">Anthe Amerghissan<\/span>&nbsp;<\/a>\u00bb une autre chanteuse intervient Nena Venetsanou.<br \/>\n<\/span><\/p>\n<p><img loading=\"lazy\" decoding=\"async\" class=\"wp-image-7047 alignleft\" src=\"https:\/\/lemotdujour.fr\/wp-content\/uploads\/2019\/07\/070919_2225_Mercredi10j3.jpg\" alt=\"\" width=\"253\" height=\"422\" srcset=\"https:\/\/lemotdujour.fr\/wp-content\/uploads\/2019\/07\/070919_2225_Mercredi10j3.jpg 328w, https:\/\/lemotdujour.fr\/wp-content\/uploads\/2019\/07\/070919_2225_Mercredi10j3-180x300.jpg 180w\" sizes=\"auto, (max-width: 253px) 100vw, 253px\" \/><\/p>\n<p style=\"margin-left: 28pt;\">\n<p><span style=\"color: #777777; font-family: Arial;\">Le soir j&rsquo;ai achet\u00e9 sur \u00ab <a href=\"https:\/\/www.qobuz.com\/fr-fr\/album\/sappho-de-mytilene-angelique-ionatos-nena-venetsanou\/3298499000022\"><span style=\"color: #0000ff;\">Qobuz<\/span><\/a>&nbsp;\u00bb l&rsquo;album qui contenait cette chanson, mais sans livret.<br \/>\n<\/span><\/p>\n<p><span style=\"color: #777777; font-family: Arial;\">Hier, j&rsquo;ai emprunt\u00e9 le disque \u00e0 la biblioth\u00e8que pour en avoir le livret et comprendre les paroles chant\u00e9es.<br \/>\n<\/span><\/p>\n<p><span style=\"color: #777777; font-family: Arial;\">Je suis donc en mesure de partager ce chant et ce texte parce que c&rsquo;est tout simplement magnifique.<br \/>\n<\/span><\/p>\n<p><span style=\"color: #777777; font-family: Arial;\">Ang\u00e9lique Ionatos chante aussi des po\u00e8mes du po\u00e8te grecque \u00ab&nbsp;<a href=\"https:\/\/angelique-ionatos.com\/odysseus-elytis\/\"><strong><span style=\"color: #0000ff;\">Odysseus Elytis<\/span><\/strong>&nbsp;<\/a>\u00bb n\u00e9 en Cr\u00e8te en 1911 et dont la famille est originaire de Mytil\u00e8ne (Lesbos). Il a re\u00e7u le prix Nobel de litt\u00e9rature en 1979 et il est mort en 1996.<br \/>\n<\/span><\/p>\n<p><span style=\"color: #777777; font-family: Arial;\">Il \u00e9crit dans le livret de ce disque qui porte pour titre simplement \u00ab&nbsp;<strong>Sappho de Mytil\u00e8ne<\/strong>&nbsp;\u00bb ce texte&nbsp;:<br \/>\n<\/span><\/p>\n<p style=\"margin-left: 28pt;\"><span style=\"color: #c00000; font-family: Arial;\">\u00ab&nbsp;La nature cr\u00e9e ses propres parent\u00e9s, quelquefois plus puissantes que celles forg\u00e9es par le sang.<br \/>\n<\/span><\/p>\n<p style=\"margin-left: 28pt;\"><span style=\"color: #c00000; font-family: Arial;\">2500 ans en arri\u00e8re, \u00e0 Mytil\u00e8ne, je crois voir Sappho comme une cousine lointaine avec qui je jouais dans les m\u00eames jardins, autour des m\u00eames grenadiers, au-dessus des m\u00eames puits.<br \/>\n<\/span><\/p>\n<p style=\"margin-left: 28pt;\"><span style=\"color: #c00000; font-family: Arial;\">A p\u00eaine plus \u00e2g\u00e9e que moi brune avec des fleurs dans les cheveux et un cahier secret plein de po\u00e8mes qu&rsquo;elle ne m&rsquo;a jamais permis de toucher.<br \/>\n<\/span><\/p>\n<p style=\"margin-left: 28pt;\"><span style=\"color: #c00000; font-family: Arial;\">Il est vrai que nous avons v\u00e9cu sur la m\u00eame \u00eele. [\u2026]<br \/>\n<\/span><\/p>\n<p style=\"margin-left: 28pt;\"><span style=\"color: #c00000; font-family: Arial;\">Mais avant tout, nous avons travaill\u00e9 \u2013 chacun \u00e0 sa mesure \u2013 sur les m\u00eames notions pour ne pas dire avec les m\u00eames mots&nbsp;: le ciel et la mer, le soleil et la lune, les v\u00e9g\u00e9taux, les filles, l&rsquo;amour.<br \/>\n<\/span><\/p>\n<p style=\"margin-left: 28pt;\"><span style=\"color: #c00000; font-family: Arial;\">Qu&rsquo;on ne me tienne pas rigueur, alors si je parle d&rsquo;elle comme d&rsquo;une contemporaine. Dans la po\u00e9sie, comme dans les r\u00eaves, personne ne vieillit.&nbsp;\u00bb<br \/>\n<\/span><\/p>\n<p style=\"margin-left: 28pt;\"><span style=\"color: #c00000; font-family: Arial;\"><em>Odysseus Elytis<br \/>\n<\/em><\/span><\/p>\n<p><span style=\"color: #777777; font-family: Arial;\">&lt;<a href=\"https:\/\/www.youtube.com\/watch?v=mx_ZDGEeTiU\"><span style=\"color: #0000ff;\">ICI<\/span><\/a>&gt; vous trouverez un autre po\u00e8me du disque chant\u00e9 par Ang\u00e9lique Ionatos, cette fois en vid\u00e9o.<br \/>\n<\/span><\/p>\n<p><span style=\"color: #777777; font-family: Arial;\">\u00ab&nbsp;<strong>De tous les astres le plus beau<\/strong>&nbsp;\u00bb<br \/>\n<\/span><\/p>\n<p><span style=\"color: #777777; font-family: Arial;\">Baudelaire a \u00e9voqu\u00e9 Sappho dans un des po\u00e8mes des \u00ab&nbsp;<strong>Fleurs du mal<\/strong>&nbsp;\u00bb&nbsp;: \u00ab&nbsp;<span style=\"color: #0000ff;\"><a style=\"color: #0000ff;\" href=\"https:\/\/poesie.webnet.fr\/lesgrandsclassiques\/Poemes\/charles_baudelaire\/lesbos\">Lesbos<\/a><\/span>&nbsp;\u00bb<br \/>\n<\/span><\/p>\n<p style=\"margin-left: 28pt;\"><span style=\"color: #c00000; font-family: Arial;\">\u00abDe la m\u00e2le Sapho, l&rsquo;amante et le po\u00e8te,<br \/>\nPlus belle que V\u00e9nus par ses mornes p\u00e2leurs !<br \/>\n&#8211; L&rsquo;oeil d&rsquo;azur est vaincu par l&rsquo;oeil noir que tach\u00e8te<br \/>\nLe cercle t\u00e9n\u00e9breux trac\u00e9 par les douleurs<br \/>\nDe la m\u00e2le Sapho, l&rsquo;amante et le po\u00e8te !\u00bb<\/span><\/p>\n<p><span style=\"color: #777777; font-family: Arial;\">Verlaine aussi a \u00e9crit un po\u00e8me sur la po\u00e9tesse&nbsp;: &lt;<a href=\"https:\/\/poesie.webnet.fr\/lesgrandsclassiques\/Poemes\/charles_baudelaire\/lesbos\"><span style=\"color: #0000ff;\">Sappho<\/span><\/a>&gt;<br \/>\n<\/span><\/p>\n<p><img loading=\"lazy\" decoding=\"async\" class=\"alignleft\" src=\"https:\/\/lemotdujour.fr\/wp-content\/uploads\/2019\/07\/070919_2225_Mercredi10j4.jpg\" alt=\"\" width=\"296\" height=\"296\" align=\"left\"><span style=\"color: #777777; font-family: Arial;\">Et je finirai par des vers de Sappho c&rsquo;est la premi\u00e8re chanson du disque&nbsp;: &lt;<a href=\"https:\/\/www.youtube.com\/watch?v=CHIy6b-MaEE\"><span style=\"color: #0000ff;\">A\u00e9rion \u00e9p\u00e9on<\/span><\/a>&gt;<br \/>\n<\/span><\/p>\n<p style=\"margin-left: 28pt;\"><span style=\"color: #c00000; font-family: Arial;\">\u00ab&nbsp;J&rsquo;\u00e9cris mes vers avec de l&rsquo;air<br \/>\n<\/span><span style=\"color: #c00000; font-family: Arial;\">Et on les aime.<br \/>\nJ&rsquo;ai servi la beaut\u00e9<br \/>\nEtait-il en effet pour moi<br \/>\nQuelque chose de plus grand ?<br \/>\nM\u00eame dans l&rsquo;avenir<br \/>\nJe le dis<br \/>\nOn gardera de moi le souvenir \u00bb<br \/>\n<\/span><\/p>\n<p><span style=\"color: #777777; font-family: Arial;\">J&rsquo;ai servi la beaut\u00e9\u2026<br \/>\n<\/span><\/p>\n<p><span style=\"color: #777777; font-family: Arial;\">Les anciens \u00e9gyptiens disaient qu&rsquo;un humain meurt deux fois.<br \/>\n<\/span><\/p>\n<p><span style=\"color: #777777; font-family: Arial;\">La premi\u00e8re fois quand le corps meurt.<br \/>\n<\/span><\/p>\n<p><span style=\"color: #777777; font-family: Arial;\">La seconde fois quand plus personne ne prononce son nom.<br \/>\n<\/span><\/p>\n<p><span style=\"color: #777777; font-family: Arial;\">Sappho de Mytil\u00e8ne n&rsquo;a pas connu cette seconde mort.<br \/>\n<\/span><\/p>\n<p><span style=\"color: maroon; font-family: Arial;\">&lt;1266&gt;<\/span><\/p>\n","protected":false},"excerpt":{"rendered":"<p>\u00ab Anthe Amerghissan (J\u2019ai vu cueillant des fleurs) \u00bb Po\u00e8me de Sappho de Mytil\u00e8ne mis en musique et chant\u00e9 par Ang\u00e9lique Ionatos Il \u00e9tait t\u00f4t le matin, ce lundi. J&rsquo;ai allum\u00e9 la radio, \u00e9videmment France Culture. C&rsquo;\u00e9tait la fin de<\/p>\n","protected":false},"author":1,"featured_media":0,"comment_status":"open","ping_status":"closed","sticky":false,"template":"","format":"standard","meta":{"footnotes":""},"categories":[1],"tags":[147,20,8],"class_list":["post-7043","post","type-post","status-publish","format-standard","hentry","category-motdujour","tag-grece","tag-musique","tag-poesie"],"_links":{"self":[{"href":"https:\/\/lemotdujour.fr\/index.php?rest_route=\/wp\/v2\/posts\/7043","targetHints":{"allow":["GET"]}}],"collection":[{"href":"https:\/\/lemotdujour.fr\/index.php?rest_route=\/wp\/v2\/posts"}],"about":[{"href":"https:\/\/lemotdujour.fr\/index.php?rest_route=\/wp\/v2\/types\/post"}],"author":[{"embeddable":true,"href":"https:\/\/lemotdujour.fr\/index.php?rest_route=\/wp\/v2\/users\/1"}],"replies":[{"embeddable":true,"href":"https:\/\/lemotdujour.fr\/index.php?rest_route=%2Fwp%2Fv2%2Fcomments&post=7043"}],"version-history":[{"count":7,"href":"https:\/\/lemotdujour.fr\/index.php?rest_route=\/wp\/v2\/posts\/7043\/revisions"}],"predecessor-version":[{"id":9258,"href":"https:\/\/lemotdujour.fr\/index.php?rest_route=\/wp\/v2\/posts\/7043\/revisions\/9258"}],"wp:attachment":[{"href":"https:\/\/lemotdujour.fr\/index.php?rest_route=%2Fwp%2Fv2%2Fmedia&parent=7043"}],"wp:term":[{"taxonomy":"category","embeddable":true,"href":"https:\/\/lemotdujour.fr\/index.php?rest_route=%2Fwp%2Fv2%2Fcategories&post=7043"},{"taxonomy":"post_tag","embeddable":true,"href":"https:\/\/lemotdujour.fr\/index.php?rest_route=%2Fwp%2Fv2%2Ftags&post=7043"}],"curies":[{"name":"wp","href":"https:\/\/api.w.org\/{rel}","templated":true}]}}