{"id":7015,"date":"2019-07-05T00:46:40","date_gmt":"2019-07-04T22:46:40","guid":{"rendered":"http:\/\/lemotdujour.fr\/?p=7015"},"modified":"2020-06-12T19:48:45","modified_gmt":"2020-06-12T17:48:45","slug":"vendredi-5-juillet-2019","status":"publish","type":"post","link":"https:\/\/lemotdujour.fr\/?p=7015","title":{"rendered":"Vendredi 5 juillet 2019"},"content":{"rendered":"<div class=\"mdjTexte\">\u00ab Je savais les rendre heureux ! \u00bb<\/div>\n<div class=\"mdjAuteur\">Une des derni\u00e8res paroles de Babette dans le festin de Babette, livre de Karen Blixen port\u00e9 au cin\u00e9ma par le danois Gabriel Axel<\/div>\n<p><span style=\"color: #777777; font-family: Arial;\">Le repas autour de la table cr\u00e9e et approfondit le lien social.<br \/>\n<\/span><\/p>\n<p><span style=\"color: #777777; font-family: Arial;\">On peut imaginer qu&rsquo;apr\u00e8s avoir invent\u00e9 le feu, les humains apr\u00e8s avoir fait cuire les aliments se regroupaient autour du feu pour partager la nourriture et converser autour de la chaleur du foyer.<br \/>\n<\/span><\/p>\n<p><span style=\"color: #777777; font-family: Arial;\">Michel Serres dit&nbsp;:<br \/>\n<\/span><\/p>\n<p style=\"margin-left: 28pt;\"><span style=\"color: #c00000; font-family: Arial;\">\u00ab&nbsp;Le repas, c&rsquo;est l&rsquo;invention de la table, on est en commun et cela cr\u00e9e le lien social fondamental&nbsp;\u00bb<br \/>\n<\/span><\/p>\n<p><span style=\"color: #777777; font-family: Arial;\">Manger en commun.<br \/>\n<\/span><\/p>\n<p><span style=\"color: #777777; font-family: Arial;\">Mais aussi prendre son temps pour manger et se laisser du temps.<br \/>\n<\/span><\/p>\n<p><span style=\"color: #777777; font-family: Arial;\">Cependant, il n&rsquo;en va pas de m\u00eame pour tous les pays du monde, certains n&rsquo;adoptent pas du tout cette philosophie de vie.<br \/>\n<\/span><\/p>\n<p><span style=\"color: #777777; font-family: Arial;\">Avant cette s\u00e9rie, j&rsquo;avais d\u00e9j\u00e0 \u00e9crit certains mots du jour sur l&rsquo;alimentation particuli\u00e8rement celui du &lt;<span style=\"color: #0000ff;\"><a style=\"color: #0000ff;\" href=\"https:\/\/lemotdujour.fr\/?p=484\">31 mars 2017<\/a><\/span>&gt;.<br \/>\n<\/span><\/p>\n<p><span style=\"color: #777777; font-family: Arial;\">Et c&rsquo;\u00e9tait Bruno Parmentier qui expliquait ces diff\u00e9rentes conceptions qui s&rsquo;affrontaient aussi dans l&rsquo;Union europ\u00e9enne&nbsp;:<br \/>\n<\/span><\/p>\n<p style=\"margin-left: 28pt;\"><span style=\"color: #c00000; font-family: Arial;\">\u00ab&nbsp;On est 28 en Europe c&rsquo;est tr\u00e8s compliqu\u00e9. Et il faut savoir que le rapport \u00e0 la nourriture est tr\u00e8s diff\u00e9rent selon les pays.<br \/>\n<\/span><\/p>\n<p style=\"margin-left: 28pt;\"><span style=\"color: #c00000; font-family: Arial;\">Dans l&rsquo;entreprise que je dirigeais, il y avait un r\u00e8glement int\u00e9rieur qui disait&nbsp;: pas moins de 45 minutes pour d\u00e9jeuner. Dans une entreprise en Angleterre, ce n&rsquo;est pas plus de 10 minutes pour d\u00e9jeuner. Et moyennant quoi, le rapport \u00e0 la nourriture est tr\u00e8s diff\u00e9rent. Dans un cas on mange un sandwich au pain de mie avec du jambon carr\u00e9 et du fromage carr\u00e9 et on s&rsquo;en fout du go\u00fbt puisqu&rsquo;on mange \u00e7a devant l&rsquo;ordinateur et de l&rsquo;autre c\u00f4t\u00e9 on a envie de bien manger.<br \/>\n<\/span><\/p>\n<p style=\"margin-left: 28pt;\"><span style=\"color: #c00000; font-family: Arial;\">Du c\u00f4t\u00e9 o\u00f9 on a envie de bien manger et o\u00f9 on veut une agriculture de qualit\u00e9 c&rsquo;est les pays latins&nbsp;: La Gr\u00e8ce, l&rsquo;Espagne, l&rsquo;Italie, la France, le Portugal. Mais on est tr\u00e8s minoritaire. On l&rsquo;a vu pendant la crise du porc, la majorit\u00e9 des europ\u00e9ens, ils veulent des tranches de jambon carr\u00e9 pas cher. Pour faire des tranches de jambon carr\u00e9 pas cher, on fait de l&rsquo;industrie [sans se soucier de la qualit\u00e9].<br \/>\n<\/span><\/p>\n<p style=\"margin-left: 28pt;\">\n<p style=\"margin-left: 28pt;\"><span style=\"color: #c00000; font-family: Arial;\">En Angleterre on utilise 9% de son salaire pour manger. En France c&rsquo;est 14%, aux Etats-Unis c&rsquo;est 7%. Mais en France c&rsquo;\u00e9tait encore 40%, il y a 30 ou 40 ans.<br \/>\n<\/span><\/p>\n<p style=\"margin-left: 28pt;\"><span style=\"color: #c00000; font-family: Arial;\">Les citoyens doivent aussi dire qu&rsquo;est-ce qu&rsquo;ils veulent.<br \/>\n<\/span><\/p>\n<p style=\"margin-left: 28pt;\"><span style=\"color: #c00000; font-family: Arial;\">Est-ce que la gastronomie anglaise et am\u00e9ricaine nous fait tellement envie&nbsp;qu&rsquo;on a encore envie de diviser par 2 notre co\u00fbt pour l&rsquo;alimentation ? et avoir des co\u00fbts de sant\u00e9 absolument fou parce qu&rsquo;on mange n&rsquo;importe quoi&nbsp;?<br \/>\n<\/span><\/p>\n<p style=\"margin-left: 28pt;\"><span style=\"color: #c00000; font-family: Arial;\">Ou est-ce qu&rsquo;on se dit&nbsp;: bien manger en France aujourd&rsquo;hui, c&rsquo;est consacrer un peu plus de temps et un peu plus d&rsquo;argent \u00e0 cette activit\u00e9 essentielle.<br \/>\n<\/span><\/p>\n<p style=\"margin-left: 28pt;\"><span style=\"color: #c00000; font-family: Arial;\">Cet argent nous permettra d&rsquo;\u00eatre en meilleur sant\u00e9 et d&rsquo;avoir plus de plaisir et de convivialit\u00e9.<br \/>\n<\/span><\/p>\n<p style=\"margin-left: 28pt;\"><span style=\"color: #c00000; font-family: Arial;\">Mais quand on n\u00e9gocie en Europe c&rsquo;est tr\u00e8s difficile d&rsquo;avoir une unanimit\u00e9, puisque la majorit\u00e9 des pays veulent du jambon carr\u00e9.<br \/>\n<\/span><\/p>\n<p style=\"margin-left: 28pt;\"><span style=\"color: #c00000; font-family: Arial;\">Et le jambon carr\u00e9, c&rsquo;est de l&rsquo;\u00e9levage de 2000 \u00e0 3000 porcs, compl\u00e8tement industriel, avec en Allemagne des bulgares pay\u00e9s au prix de la Bulgarie, des roumains pay\u00e9s au prix de la Roumanie et puis quand on est dans l&rsquo;industrie c&rsquo;est toujours les allemands qui gagnent pas les fran\u00e7ais.&nbsp;\u00bb<br \/>\n<\/span><\/p>\n<p><span style=\"color: #777777; font-family: Arial;\">C&rsquo;est en effet une mani\u00e8re anglo-saxonne et aussi germanique de consid\u00e9rer le repas comme une sorte de perte de temps qui perturbe et empi\u00e8te sur les autres activit\u00e9s de la vie.<br \/>\n<\/span><\/p>\n<p><span style=\"color: #777777; font-family: Arial;\">Cela vient aussi dans nos pays o\u00f9 une partie de la population importe les standards d&rsquo;outre atlantique.<br \/>\n<\/span><\/p>\n<p><span style=\"color: #777777; font-family: Arial;\"><strong>Dans une soci\u00e9t\u00e9 dans laquelle on est de plus en plus autonome, mais aussi de plus en plus seul.<br \/>\n<\/strong><\/span><\/p>\n<p><span style=\"color: #777777; font-family: Arial;\">Cette mani\u00e8re de faire n&rsquo;est pas bonne pour le lien social, elle n&rsquo;est pas non plus bonne pour la sant\u00e9.<br \/>\n<\/span><\/p>\n<p><span style=\"color: #777777; font-family: Arial;\">Pascal Picq lance cet appel&nbsp;:<br \/>\n<\/span><\/p>\n<p style=\"margin-left: 28pt;\"><span style=\"color: #c00000; font-family: Arial;\">\u00ab&nbsp;Aujourd&rsquo;hui c&rsquo;est dramatique, on le voit bien. Pardon de passer des chimpanz\u00e9s \u00e0 la p\u00e9riode actuelle.<br \/>\n<\/span><\/p>\n<p style=\"margin-left: 28pt;\"><span style=\"color: #c00000; font-family: Arial;\">Mais le fait d&rsquo;avoir d\u00e9structur\u00e9 les repas, avec les fast food, on mange chacun dans son coin, on mange rapidement.<br \/>\n<\/span><\/p>\n<p style=\"margin-left: 28pt;\"><span style=\"color: #c00000; font-family: Arial;\">C&rsquo;est de l&rsquo;ob\u00e9sit\u00e9, on n&rsquo;a pas d&rsquo;\u00e9changes avec les autres.<br \/>\n<\/span><\/p>\n<p style=\"margin-left: 28pt;\"><span style=\"color: #c00000; font-family: Arial;\">Et surtout, il n&rsquo;y a plus d&rsquo;interdit&nbsp;: quelle que soit la viande qui est dans cette nourriture, il n&rsquo;y a plus de repr\u00e9sentation que derri\u00e8re cette viande il y avait un animal qui a peut-\u00eatre souffert et qui avait une vie.<br \/>\n<\/span><\/p>\n<p style=\"margin-left: 28pt;\"><span style=\"color: #c00000; font-family: Arial;\">Nous vivons aujourd&rsquo;hui une d\u00e9structuration de ce qui fait l&rsquo;humanit\u00e9 depuis 1 millions d&rsquo;ann\u00e9es.<br \/>\n<\/span><\/p>\n<p style=\"margin-left: 28pt;\"><span style=\"color: #c00000; font-family: Arial;\">Ceci a des cons\u00e9quences extr\u00eamement importante en termes de sociabilit\u00e9, de sant\u00e9, de culture.<br \/>\n<\/span><\/p>\n<p style=\"margin-left: 28pt;\"><span style=\"color: #c00000; font-family: Arial;\">Nous payons extr\u00eamement cher cela.<br \/>\n<\/span><\/p>\n<p style=\"margin-left: 28pt;\"><span style=\"color: #c00000; font-family: Arial;\">Et nous pouvons d\u00e9terminer cela tr\u00e8s pr\u00e9cis\u00e9ment.<br \/>\n<\/span><\/p>\n<p style=\"margin-left: 28pt;\"><span style=\"color: #c00000; font-family: Arial;\">Les pays o\u00f9 il y a le moins d&rsquo;ob\u00e9sit\u00e9, o\u00f9 les hommes et les femmes sont les plus minces c&rsquo;est la France et l&rsquo;Italie et une partie de la suisse, parce que ce sont des pays dans lesquels on mange \u00e0 peu pr\u00e8s \u00e0 heure r\u00e9guli\u00e8re, avec les amis et la famille.<br \/>\n<\/span><\/p>\n<p style=\"margin-left: 28pt;\"><span style=\"color: #c00000; font-family: Arial;\">Nous prenons du temps \u00e0 table et nous avons des conversations&nbsp;\u00bb<br \/>\n<\/span><\/p>\n<p><img decoding=\"async\" src=\"https:\/\/lemotdujour.fr\/wp-content\/uploads\/2019\/07\/070419_2241_Vendredi5ju1.png\" alt=\"\" align=\"left\"><span style=\"color: #777777; font-family: Arial;\">Pascal Picq semble avoir partiellement raison.<br \/>\n<\/span><\/p>\n<p><span style=\"color: #777777; font-family: Arial;\">Selon &lt;<a href=\"http:\/\/www.oecd.org\/health\/obesity-update.htm\"><span style=\"color: #0000ff;\">cette \u00e9tude de l&rsquo;OCDE<\/span><\/a>&gt; sur l&rsquo;ob\u00e9sit\u00e9, l&rsquo;Italie est en effet tr\u00e8s bien plac\u00e9<br \/>\n<\/span><\/p>\n<p><span style=\"color: #777777; font-family: Arial;\">J&rsquo;ai extrait ce sch\u00e9ma en gardant les pays \u00ab&nbsp;ob\u00e8ses&nbsp;\u00bb les pays \u00ab&nbsp;sveltes&nbsp;\u00bb et aussi les moyens car c&rsquo;est dans cette partie que se trouve la France.<br \/>\n<\/span><\/p>\n<p><span style=\"color: #777777; font-family: Arial;\">Si vous voulez l&rsquo;int\u00e9gralit\u00e9 du sch\u00e9ma, il suffit d&rsquo;aller sur le site.<br \/>\n<\/span><\/p>\n<p><span style=\"color: #777777; font-family: Arial;\">Ce sch\u00e9ma qui date de 2018 porte sur une \u00e9tude faite courant 2016 et qui donne la proportion de personnes \u00ab ob\u00e8ses \u00bb (<em>pas simplement en surpoids<\/em>) dans la population d&rsquo;adultes en partant de 15 ans.<br \/>\n<\/span><\/p>\n<p><span style=\"color: #777777; font-family: Arial;\">La France ne tient pas son rang, elle comporte l\u00e9g\u00e8rement plus d&rsquo;ob\u00e8ses que l&rsquo;Espagne.<br \/>\n<\/span><\/p>\n<p><span style=\"color: #777777; font-family: Arial;\">L&rsquo;Italie et la Suisse sont bien class\u00e9es dans les pays sveltes, comme le pense pascal Picq.<br \/>\n<\/span><\/p>\n<p><span style=\"color: #777777; font-family: Arial;\">Mais le Japon et la Cor\u00e9e font encore mieux.<br \/>\n<\/span><\/p>\n<p><span style=\"color: #777777; font-family: Arial;\">Les vainqueurs de cette sordide comp\u00e9tition sont les am\u00e9ricains. Selon d&rsquo;autres \u00e9tudes le Mexique aurait d\u00e9pass\u00e9 les \u00c9tats-Unis, mais c&rsquo;\u00e9taient des \u00e9tudes plus anciennes et l&rsquo;OCDE est en principe une organisation tr\u00e8s s\u00e9rieuse.<br \/>\n<\/span><\/p>\n<p><span style=\"color: #777777; font-family: Arial;\">Et Michel Serres raconte que lorsqu&rsquo;il est arriv\u00e9 aux \u00c9tats-Unis, il avait \u00e9t\u00e9 tr\u00e8s surpris par l&rsquo;attitude des am\u00e9ricains qui l&rsquo;invitaient \u00e0 diner.<br \/>\n<\/span><\/p>\n<p><span style=\"color: #777777; font-family: Arial;\">En comprenant la situation de Michel Serres \u00e9minent philosophe qui vient enseigner dans des prestigieuses universit\u00e9s am\u00e9ricaines comme Stanford, on peut penser qu&rsquo;il ne s&rsquo;agissait pas d&rsquo;am\u00e9ricains moyens qui l&rsquo;invitaient mais plut\u00f4t des universitaires mondialis\u00e9es qui connaissaient la mani\u00e8re fran\u00e7aise de vivre et de manger.<br \/>\n<\/span><\/p>\n<p><span style=\"color: #777777; font-family: Arial;\">Voici ce que Michel Serres raconte&nbsp;:<br \/>\n<\/span><\/p>\n<p style=\"margin-left: 28pt;\"><span style=\"color: #c00000; font-family: Arial;\">\u00ab&nbsp;Quand je suis arriv\u00e9 en Am\u00e9rique, on m&rsquo;invitait \u00e0 diner et on me disait, \u00e9videmment il n&rsquo;y aura pas les enfants&nbsp;! On ne peut pas leur imposer cette obligation abominable de rester \u00e0 table avec nous&nbsp;\u00bb.<br \/>\n<\/span><\/p>\n<p><span style=\"color: #777777; font-family: Arial;\">Et il ajoute aussi cette mani\u00e8re d&rsquo;organiser l&rsquo;alimentation&nbsp;:<br \/>\n<\/span><\/p>\n<p style=\"margin-left: 28pt;\"><span style=\"color: #c00000; font-family: Arial;\">\u00ab&nbsp;Et j&rsquo;ai vu des familles en Am\u00e9rique o\u00f9 l&rsquo;ain\u00e9 venait d&rsquo;un long voyage et o\u00f9 la m\u00e8re le recevait avec beaucoup de joie.<br \/>\n<\/span><span style=\"color: #c00000; font-family: Arial;\">Au bout d&rsquo;une heure, elle lui disait&nbsp;: si tu veux manger prends les choses qu&rsquo;il y a dans le frigo, il est plein&nbsp;!<br \/>\n<\/span><span style=\"color: #c00000; font-family: Arial;\">Chez nous les pays europ\u00e9ens [plut\u00f4t latin] elle aurait fait une f\u00eate autour d&rsquo;un tr\u00e8s bon repas.<br \/>\n<\/span><\/p>\n<p style=\"margin-left: 28pt;\"><span style=\"color: #c00000; font-family: Arial;\">Il y a une sorte de perte de socialisation.<br \/>\n<\/span><\/p>\n<p style=\"margin-left: 28pt;\"><span style=\"color: #c00000; font-family: Arial;\">Il me semble quand un fran\u00e7ais ou un italien se met \u00e0 manger, il est content et \u00e7a se voit.[\u2026] <\/span><span style=\"color: #c00000; font-family: Arial;\">Ce n&rsquo;est pas le cas des am\u00e9ricains.&nbsp;\u00bb<br \/>\n<\/span><\/p>\n<p><span style=\"color: #777777; font-family: Arial;\">Et il conclut cette diff\u00e9rence entre la culture catholique des italiens et des fran\u00e7ais et la culture protestante des am\u00e9ricains.&nbsp;:<br \/>\n<\/span><\/p>\n<p style=\"margin-left: 28pt;\"><span style=\"color: #c00000; font-family: Arial;\">\u00ab&nbsp;Je crois que c&rsquo;est un peu puritain, le d\u00e9bordement du go\u00fbt est un peu interdit.&nbsp;\u00bb<br \/>\n<\/span><\/p>\n<p><span style=\"color: #777777; font-family: Arial;\">Et cette remarque m&rsquo;a fait irr\u00e9sistiblement penser \u00e0 un merveilleux film de 1987&nbsp;: <strong>\u00ab&nbsp;Le festin de Babette<\/strong>&nbsp;\u00bb qui se situe justement dans une communaut\u00e9 puritaine au Danemark.<br \/>\n<\/span><\/p>\n<p><span style=\"color: #777777; font-family: Arial;\">Je n&rsquo;ai pas lu la nouvelle de Karen Blixen mais vu le film dans lequel Babette \u00e9tait incarn\u00e9 par St\u00e9phane Audran.<br \/>\n<\/span><\/p>\n<p><span style=\"color: #777777; font-family: Arial;\">Cela se passe dans un petit village au Danemark, au XIXe si\u00e8cle, un pasteur luth\u00e9rien autoritaire et possessif a deux jolies filles, Martine et Filippa. Chacune d&rsquo;elles aura une histoire d&rsquo;amour naissante mais sans lendemain. Trente-cinq ans plus tard, les deux s\u0153urs sont toujours c\u00e9libataires et ont pris la suite de leur p\u00e8re \u00e0 la t\u00eate de la petite communaut\u00e9. Elles accueillent Babette comme servante qui a fui la France \u00e0 cause de la r\u00e9volte de la Commune. Babette sert humblement les deux s\u0153urs en s&rsquo;adaptant \u00e0 la cuisine locale.<br \/>\n<\/span><\/p>\n<p><span style=\"color: #777777; font-family: Arial;\">La communaut\u00e9 est rigoriste, sans chaleur et min\u00e9e par les conflits et rivalit\u00e9.<br \/>\n<\/span><\/p>\n<p><span style=\"color: #777777; font-family: Arial;\">Un jour elle apprend avoir gagn\u00e9 \u00e0 la loterie 10&nbsp;000 francs et elle va tout d\u00e9penser pour offrir un repas aux deux s\u0153urs et \u00e0 des membres de la communaut\u00e9 comme elle savait les faire \u00e0 Paris dans un grand restaurant gastronomique.<br \/>\n<\/span><\/p>\n<p><span style=\"color: #777777; font-family: Arial;\">Malgr\u00e9 leur r\u00e9ticence initiale, les convives appr\u00e9cient vite le repas et sont peu \u00e0 peu envahis de bien-\u00eatre, le m\u00e9lange des alcools aidant. Au moment du caf\u00e9, les tensions sont apais\u00e9es et chacun se r\u00e9concilie.<br \/>\n<\/span><\/p>\n<p><span style=\"color: #777777; font-family: Arial;\">Dans la sc\u00e8ne finale que vous trouverez derri\u00e8re &lt;<a href=\"https:\/\/www.youtube.com\/watch?v=uO6ulyXF_Fk\"><span style=\"color: #0000ff;\">ce lien<\/span><\/a>&gt; les deux s\u0153urs, m\u00e9tamorphos\u00e9es remercient Babette du fond du c\u0153ur. Et quand elles comprennent que Babette a d\u00e9pens\u00e9 tout l&rsquo;argent pour leur faire cet unique repas, elles lui disent&nbsp;: \u00ab&nbsp;mais tu vas rester pauvre toute ta vie&nbsp;\u00bb, Babette a cette r\u00e9ponse&nbsp;:<br \/>\n<\/span><\/p>\n<p style=\"margin-left: 28pt;\"><span style=\"color: #c00000; font-family: Arial;\">\u00ab&nbsp;Un artiste n&rsquo;est jamais pauvre&nbsp;\u00bb<br \/>\n<\/span><\/p>\n<p><span style=\"color: #777777; font-family: Arial;\">Et un peu plus loin, se rappelant de son m\u00e9tier \u00e0 Paris&nbsp;: elle a cette phrase&nbsp;:<br \/>\n<\/span><\/p>\n<p style=\"margin-left: 28pt;\"><span style=\"color: #c00000; font-family: Arial;\">\u00ab&nbsp;<strong>Je savais les rendre heureux<\/strong>&nbsp;\u00bb<br \/>\n<\/span><\/p>\n<p><a href=\"https:\/\/www.youtube.com\/watch?v=uO6ulyXF_Fk\"><img decoding=\"async\" src=\"https:\/\/lemotdujour.fr\/wp-content\/uploads\/2019\/07\/070419_2241_Vendredi5ju2.png\" alt=\"\" border=\"0\"><\/a><span style=\"color: #777777; font-family: Arial;\"><br \/>\n<\/span><\/p>\n<p><span style=\"color: #777777; font-family: Arial;\">J&rsquo;ai trouv\u00e9 que cette phrase et ce film \u00e9taient une merveilleuse mani\u00e8re de r\u00e9pondre \u00e0 celles et ceux qui consid\u00e8rent le fait de manger comme une contrainte, dont il fallait se d\u00e9barrasser, au plus vite, sans m\u00eame se donner le temps comme le conseille le talmudiste de \u00ab&nbsp;<strong>regarder ce que l&rsquo;on mange<\/strong>&nbsp;\u00bb.<br \/>\n<\/span><\/p>\n<p><span style=\"color: maroon; font-family: Arial;\">&lt;1263&gt;<\/span><\/p>\n","protected":false},"excerpt":{"rendered":"<p>\u00ab Je savais les rendre heureux ! \u00bb Une des derni\u00e8res paroles de Babette dans le festin de Babette, livre de Karen Blixen port\u00e9 au cin\u00e9ma par le danois Gabriel Axel Le repas autour de la table cr\u00e9e et approfondit<\/p>\n","protected":false},"author":1,"featured_media":0,"comment_status":"open","ping_status":"closed","sticky":false,"template":"","format":"standard","meta":{"footnotes":""},"categories":[1],"tags":[21,25,11],"class_list":["post-7015","post","type-post","status-publish","format-standard","hentry","category-motdujour","tag-alimentation","tag-cinema","tag-sociologie"],"_links":{"self":[{"href":"https:\/\/lemotdujour.fr\/index.php?rest_route=\/wp\/v2\/posts\/7015","targetHints":{"allow":["GET"]}}],"collection":[{"href":"https:\/\/lemotdujour.fr\/index.php?rest_route=\/wp\/v2\/posts"}],"about":[{"href":"https:\/\/lemotdujour.fr\/index.php?rest_route=\/wp\/v2\/types\/post"}],"author":[{"embeddable":true,"href":"https:\/\/lemotdujour.fr\/index.php?rest_route=\/wp\/v2\/users\/1"}],"replies":[{"embeddable":true,"href":"https:\/\/lemotdujour.fr\/index.php?rest_route=%2Fwp%2Fv2%2Fcomments&post=7015"}],"version-history":[{"count":6,"href":"https:\/\/lemotdujour.fr\/index.php?rest_route=\/wp\/v2\/posts\/7015\/revisions"}],"predecessor-version":[{"id":9264,"href":"https:\/\/lemotdujour.fr\/index.php?rest_route=\/wp\/v2\/posts\/7015\/revisions\/9264"}],"wp:attachment":[{"href":"https:\/\/lemotdujour.fr\/index.php?rest_route=%2Fwp%2Fv2%2Fmedia&parent=7015"}],"wp:term":[{"taxonomy":"category","embeddable":true,"href":"https:\/\/lemotdujour.fr\/index.php?rest_route=%2Fwp%2Fv2%2Fcategories&post=7015"},{"taxonomy":"post_tag","embeddable":true,"href":"https:\/\/lemotdujour.fr\/index.php?rest_route=%2Fwp%2Fv2%2Ftags&post=7015"}],"curies":[{"name":"wp","href":"https:\/\/api.w.org\/{rel}","templated":true}]}}