{"id":7006,"date":"2019-07-04T02:38:59","date_gmt":"2019-07-04T00:38:59","guid":{"rendered":"http:\/\/lemotdujour.fr\/?p=7006"},"modified":"2020-06-12T19:50:37","modified_gmt":"2020-06-12T17:50:37","slug":"jeudi-4-juillet-2019","status":"publish","type":"post","link":"https:\/\/lemotdujour.fr\/?p=7006","title":{"rendered":"Jeudi 4 juillet 2019"},"content":{"rendered":"<div class=\"mdjTexte\">\u00ab Le repas est une caract\u00e9ristique de l\u2019humanit\u00e9 depuis tr\u00e8s longtemps \u00bb<\/div>\n<div class=\"mdjAuteur\">Pascal Picq<\/div>\n<p><span style=\"color: #777777; font-family: Arial;\">Le Dieu d&rsquo;Abraham, d&rsquo;Isaac et de Jacob, le P\u00e8re du Messie des chr\u00e9tiens, J\u00e9sus de Nazareth, Allah le Dieu de l&rsquo;Islam, le Dieu monoth\u00e9iste qui est unique selon ces trois religions et toutes les chapelles qui sont \u00e0 l&rsquo;int\u00e9rieur de ces 3 religions, ce Dieu l\u00e0, il ne mange pas.<br \/>\n<\/span><\/p>\n<p><span style=\"color: #777777; font-family: Arial;\">Jacques Attali \u00e9crit dans son livre \u00ab&nbsp;Histoires de l&rsquo;Alimentation&nbsp;\u00bb page 56&nbsp;:<br \/>\n<\/span><\/p>\n<p style=\"margin-left: 28pt;\"><span style=\"color: #c00000; font-family: Arial;\">\u00ab&nbsp;A la diff\u00e9rence des divinit\u00e9s des religions pr\u00e9c\u00e9dentes, le Dieu des juifs, qui a cr\u00e9\u00e9 les hommes, ne mange pas&nbsp;: manger est, dans le juda\u00efsme, le propre des cr\u00e9atures de Dieu&nbsp;; c&rsquo;est m\u00eame ce qui Le distingue des hommes.&nbsp;\u00bb<br \/>\n<\/span><\/p>\n<p><img decoding=\"async\" class=\"alignleft\" src=\"https:\/\/lemotdujour.fr\/wp-content\/uploads\/2019\/07\/070319_2138_Jeudi4juill1.jpg\" alt=\"\" align=\"left\"><span style=\"color: #777777; font-family: Arial;\">Chez les dieux grecs dans l&rsquo;Olympe, on festoyait en mangeant et en buvant.<br \/>\n<\/span><\/p>\n<p><span style=\"color: #777777; font-family: Arial;\">Dans cette somme qu&rsquo;est \u00ab<span style=\"color: #0000ff;\">&nbsp;<\/span><a href=\"https:\/\/www.fayard.fr\/histoire\/histoire-de-lalimentation-9782213594576\"><span style=\"color: #0000ff;\">l&rsquo;Histoire de l&rsquo;Alimentation<\/span>&nbsp;<\/a>\u00bb de Jean-Louis Flandrin et Massimo Montanari&nbsp;:<br \/>\n<\/span><\/p>\n<p style=\"margin-left: 28pt;\"><span style=\"color: #c00000; font-family: Arial;\">\u00ab&nbsp;Dans l&rsquo;Olympe, le banquet est le passe-temps favori des dieux. \u00ab&nbsp;Toute la journ\u00e9e et jusqu&rsquo;au coucher du soleil, ils demeurent au festin et leur c\u0153ur n&rsquo;a pas \u00e0 se plaindre du repas o\u00f9 tous on leur part&nbsp;\u00bb raconte Hom\u00e8re. Ils mangent et boivent des nourritures d&rsquo;immortalit\u00e9, ambroisie et nectar.&nbsp;\u00bb (<em>page 154<\/em>)<br \/>\n<\/span><\/p>\n<p><span style=\"color: #777777; font-family: Arial;\">C&rsquo;est toujours int\u00e9ressant de s&rsquo;int\u00e9resser aux dieux, ou plut\u00f4t \u00e0 la mani\u00e8re dont les hommes d\u00e9crivent les dieux. Cela dit beaucoup des humains<br \/>\n<\/span><\/p>\n<p><span style=\"color: #777777; font-family: Arial;\">Le chapitre 2 de ce m\u00eame livre a pour titre&nbsp;: \u00ab&nbsp;<span style=\"color: #c00000;\">La fonction sociale du banquet dans les premi\u00e8res civilisation&nbsp;<span style=\"color: #777777;\">\u00bb et on y lit&nbsp;:<br \/>\n<\/span><\/span><\/span><\/p>\n<p style=\"margin-left: 28pt;\"><span style=\"color: #c00000; font-family: Arial;\">\u00ab&nbsp;Si la soci\u00e9t\u00e9 divine a vraiment reproduit, dans la conception que s&rsquo;en faisaient les M\u00e9sopotamiens, certaines caract\u00e9ristiques de la soci\u00e9t\u00e9 humaine, c&rsquo;est sans doute dans les descriptions des banquets auxquels participent les divinit\u00e9s que le parall\u00e8le est le mieux \u00e9tabli&nbsp;: l&rsquo;esprit comme la forme de ces r\u00e9unions illustrent, en effet, directement la fonction de ce type de r\u00e9jouissances \u00e0 Sumer, en Babylonie ou en Assyrie. [\u2026]<br \/>\n<\/span><\/p>\n<p style=\"margin-left: 28pt;\"><span style=\"color: #c00000; font-family: Arial;\">L&rsquo;assembl\u00e9e des grands dieux, au cours de laquelle sont prises des d\u00e9cisions importantes, se tient souvent lors d&rsquo;un banquet. Le banquet appara\u00eet comme une des principales marques de la solidarit\u00e9 qui unit ce groupe, en m\u00eame temps qu&rsquo;il illustre les agr\u00e9ments de la vie divine telle que la con\u00e7oivent les humains. Le banquet est normalement organis\u00e9 et les invitations faites par le dieu le plus \u00e2g\u00e9 ou le plus haut plac\u00e9. [\u2026]<br \/>\n<\/span><\/p>\n<p style=\"margin-left: 28pt;\"><span style=\"color: #c00000; font-family: Arial;\">De m\u00eame, dans le \u00ab&nbsp;cycle de Baal&nbsp;\u00bb de la<span style=\"color: #0000ff;\"> <a style=\"color: #0000ff;\" href=\"https:\/\/www.larousse.fr\/encyclopedie\/litterature\/ougaritique\/175802\">litt\u00e9rature ougaratique<\/a><\/span>, en Syrie occidentale, le dieu Baal inaugure le palais qu&rsquo;on vient de lui construire par un grand banquet. [\u2026].<br \/>\n<\/span><\/p>\n<p style=\"margin-left: 28pt;\"><span style=\"color: #c00000; font-family: Arial;\">[apr\u00e8s avoir cit\u00e9 un certain nombre d&rsquo;exemples les auteurs concluent ] Ces exemples [\u2026] nous livrent les caract\u00e9ristiques du banquet en M\u00e9sopotamie&nbsp;: rassemblement festif d&rsquo;une communaut\u00e9, moment important d&rsquo;une c\u00e9r\u00e9monie, r\u00e8gles de conduite. [\u2026]<br \/>\n<\/span><\/p>\n<p style=\"margin-left: 28pt;\"><span style=\"color: #c00000; font-family: Arial;\"><em>Le plaisir du repas pris en commun<br \/>\n<\/em><\/span><\/p>\n<p style=\"margin-left: 28pt;\"><span style=\"color: #c00000; font-family: Arial;\">Tout accord un peu solennel qui unit des individus et surtout des groupes familiaux se concr\u00e9tise par leur participation \u00e0 un repas pris en commun<em>&nbsp;<\/em>\u00bb (<em>page 47 et 48<\/em>)&nbsp;\u00bb<br \/>\n<\/span><\/p>\n<p><span style=\"color: #777777; font-family: Arial;\">La litt\u00e9rature et les \u00e9l\u00e9ments dont s&rsquo;inspire l&rsquo;historien qui \u00e9crit ces lignes date du III\u00e8me ou II\u00e8me mill\u00e9naire avant notre \u00e8re.<br \/>\n<\/span><\/p>\n<p><span style=\"color: #777777; font-family: Arial;\">Il est question d\u00e9j\u00e0 de banquet de repas pris en commun.<br \/>\n<\/span><\/p>\n<p><span style=\"color: #777777; font-family: Arial;\">Pascal Picq a expliqu\u00e9 que, chez les chasseurs cueilleurs, lorsqu&rsquo;une importante proie venait d&rsquo;\u00eatre chass\u00e9e, la viande qui en r\u00e9sultait faisait l&rsquo;objet d&rsquo;un partage, d&rsquo;une n\u00e9gociation autour d&rsquo;un repas commun.<br \/>\n<\/span><\/p>\n<p><span style=\"color: #777777; font-family: Arial;\">Pascal Picq explique que nous sommes des mangeurs sociaux depuis tr\u00e8s longtemps. Les chasseurs cueilleurs, semble-t-il, aimait grignoter&nbsp;:<br \/>\n<\/span><\/p>\n<p style=\"margin-left: 28pt;\"><span style=\"color: #c00000; font-family: Arial;\">\u00ab&nbsp;Quand il y a des baies succulentes pas en grande quantit\u00e9 on les consomme. Ce qui n&rsquo;est pas en grande quantit\u00e9 on peut picorer au passage.<br \/>\n<\/span><\/p>\n<p style=\"margin-left: 28pt;\"><span style=\"color: #c00000; font-family: Arial;\">Quand il y a des collectes importantes qui peuvent \u00eatre rapport\u00e9es dans des paniers ou autre, l\u00e0 par contre ils font l&rsquo;objet d&rsquo;\u00e9change.<br \/>\n<\/span><\/p>\n<p style=\"margin-left: 28pt;\"><span style=\"color: #c00000; font-family: Arial;\">Le repas est une caract\u00e9ristique de l&rsquo;humanit\u00e9 depuis tr\u00e8s longtemps.<br \/>\n<\/span><\/p>\n<p style=\"margin-left: 28pt;\"><span style=\"color: #c00000; font-family: Arial;\">En quoi ce que nous mangeons ensemble, en quoi c&rsquo;est un enjeu social et de solidarit\u00e9. On l&rsquo;a peut-\u00eatre oubli\u00e9.&nbsp;\u00bb<br \/>\n<\/span><\/p>\n<p><span style=\"color: #777777; font-family: Arial;\">Pascal Picq comme l&rsquo;histoire des dieux, non monoth\u00e9istes, nous montre que les humains ont adopt\u00e9 une attitude sociale du repas en commun&nbsp;: moment o\u00f9 on partage, o\u00f9 on discute, o\u00f9 on prend des d\u00e9cisions.<br \/>\n<\/span><\/p>\n<p><span style=\"color: #777777; font-family: Arial;\">Un grand nombre d&rsquo;animaux mange tout le temps, au fil de la journ\u00e9e. L&rsquo;homme prend des repas&nbsp;: il d\u00e9jeune. D\u00e9jeuner signifie sortir du je\u00fbne, ce qui conduit justement \u00e0 manger \u00e0 des moments pr\u00e9cis de la journ\u00e9e et de ne rien manger entre temps. Je sais bien, qu&rsquo;aujourd&rsquo;hui il en est qui grignote. Tout le monde le sait, ce n&rsquo;est pas bon de grignoter, de ne pas respecter le je\u00fbne entre deux repas.<br \/>\n<\/span><\/p>\n<p><span style=\"color: #777777; font-family: Arial;\">Il y a divers mots qui sont utilis\u00e9s pour d\u00e9signer les repas.<br \/>\n<\/span><\/p>\n<p><a href=\"https:\/\/rouleaum.wordpress.com\/2014\/06\/09\/dejeuner-diner-souper-1de-4\/\"><span style=\"font-family: Arial;\"><span style=\"color: #0000ff;\">&lt;Ce blog \u00e9rudit&gt;<\/span><\/span><\/a><span style=\"color: #777777; font-family: Arial;\"> nous informe que&nbsp;:<br \/>\n<\/span><\/p>\n<p style=\"margin-left: 28pt;\"><span style=\"color: #c00000; font-family: Arial;\">\u00ab&nbsp;En 1694, le Dictionnaire de l&rsquo;Acad\u00e9mie fran\u00e7aise (DAF, 1\u00e8re \u00e9d.) les d\u00e9finit de la fa\u00e7on suivante :<br \/>\n<\/span><\/p>\n<p style=\"margin-left: 28pt;\"><span style=\"color: #c00000; font-family: Arial;\"><strong>Desjeuner<\/strong> &nbsp;&nbsp;&nbsp;&nbsp;Repas qu&rsquo;on fait le matin avant le disner.<br \/>\n<\/span><\/p>\n<p style=\"margin-left: 28pt;\"><span style=\"color: #c00000; font-family: Arial;\"><strong>Disner<\/strong>&nbsp;&nbsp;&nbsp;&nbsp;Repas que l&rsquo;on fait ordinairement \u00e0 midy.<br \/>\n<\/span><\/p>\n<p style=\"margin-left: 28pt;\"><span style=\"color: #c00000; font-family: Arial;\"><strong>Souper<\/strong>&nbsp;&nbsp;&nbsp;&nbsp;Repas du soir.&nbsp;\u00bb<br \/>\n<\/span><\/p>\n<p style=\"margin-left: 28pt;\">\n<p style=\"margin-left: 28pt;\"><span style=\"color: #c00000; font-family: Arial;\">En 1935, l&rsquo;Acad\u00e9mie fran\u00e7aise (DAF, 8e \u00e9d.) ne d\u00e9finit plus ces termes exactement de la m\u00eame fa\u00e7on :<br \/>\n<\/span><\/p>\n<p style=\"margin-left: 28pt;\"><span style=\"color: #c00000; font-family: Arial;\"><strong>D\u00e9jeuner<\/strong>&nbsp;&nbsp;&nbsp;&nbsp;Repas du matin OU celui du milieu du jour.<br \/>\n<\/span><\/p>\n<p style=\"margin-left: 28pt;\"><span style=\"color: #c00000; font-family: Arial;\"><strong>D\u00eener<\/strong>&nbsp;&nbsp;&nbsp;&nbsp;Repas qu&rsquo;on fait le soir. [\u2026] Il se disait autrefois du Repas du milieu du jour. Il a gard\u00e9 cette acception dans quelques provinces.<br \/>\n<\/span><\/p>\n<p style=\"margin-left: 28pt;\"><span style=\"color: #c00000; font-family: Arial;\"><strong>Souper<\/strong> &nbsp;&nbsp;&nbsp;&nbsp;Repas du soir. On dit plut\u00f4t aujourd&rsquo;hui, en ce sens, D\u00eener. Il se dit particuli\u00e8rement d&rsquo;un Repas que l&rsquo;on prend \u00e0 quelque heure de la nuit.<br \/>\n<\/span><\/p>\n<p><span style=\"color: #777777; font-family: Arial;\">Aujourd&rsquo;hui nous disons plut\u00f4t petit d\u00e9jeuner, d\u00e9jeuner et diner. Si ce sujet vous int\u00e9resse le blog indiqu\u00e9 ci-avant est tr\u00e8s disert sur l&rsquo;\u00e9volution et les particularismes r\u00e9gionaux..<br \/>\n<\/span><\/p>\n<p><a href=\"https:\/\/forum.duolingo.com\/comment\/29881741\"><span style=\"font-family: Arial;\"><span style=\"color: #0000ff;\">&lt;selon ce site&gt;<\/span><\/span><\/a><span style=\"color: #777777; font-family: Arial;\"> nos cousins qu\u00e9b\u00e9cois continuent \u00e0 encha\u00eener d\u00e9jeuner, diner, souper.<br \/>\n<\/span><\/p>\n<p><span style=\"color: #777777; font-family: Arial;\">Du point de vue \u00e9tymologique Wikipedia nous apprend que \u00ab <strong>D\u00eener<\/strong> \u00bb et \u00ab <strong>d\u00e9jeuner<\/strong> \u00bb ont la m\u00eame origine puisqu&rsquo;ils sont tous deux d\u00e9riv\u00e9s du latin populaire <strong>disjunare<\/strong> signifiant \u00ab <strong>rompre le je\u00fbne<\/strong> \u00bb, et constituent donc un doublet lexical.<br \/>\n<\/span><\/p>\n<p><span style=\"color: #777777; font-family: Arial;\">Est-ce que seuls les humains prennent un repas en commun&nbsp;?<br \/>\n<\/span><\/p>\n<p><span style=\"color: #777777; font-family: Arial;\">On voit que les vaches broutent ensemble, les moutons aussi. Mais Michel Serres raconte une histoire qui lui a \u00e9t\u00e9 rapport\u00e9 par un forestier des landes qui est all\u00e9 exercer son beau m\u00e9tier au Gabon&nbsp;:<br \/>\n<\/span><\/p>\n<p style=\"margin-left: 28pt;\"><span style=\"color: #c00000; font-family: Arial;\">\u00ab&nbsp;C&rsquo;\u00e9tait dans une for\u00eat tropicale. A la fin de la journ\u00e9e, il avait l&rsquo;habitude de coucher l\u00e0. Et tout d&rsquo;un coup un gorille est arriv\u00e9 et l&rsquo;a regard\u00e9 longuement. Et le forestier qui \u00e9tait tout seul a regard\u00e9 aussi. Et puis le lendemain le gorille est revenu. Et il est revenu comme \u00e7a 8 soirs. Et le neuvi\u00e8me soir il est arriv\u00e9 avec sa guenon, tous les deux. Et la guenon avec un geste de la main, lui a fait un geste presque d&rsquo;invitation. Et avec un courage que j&rsquo;admire beaucoup, il les a suivis dans la for\u00eat. Et tout d&rsquo;un coup il s&rsquo;est trouv\u00e9 pr\u00e8s d&rsquo;un tronc d&rsquo;arbre sur lequel \u00e9tait pos\u00e9 des bananes et d&rsquo;autres fruits. Le gorille et sa guenon avait invit\u00e9 l&rsquo;humain a un repas commun.&nbsp;\u00bb<br \/>\n<\/span><\/p>\n<p><span style=\"color: #777777; font-family: Arial;\">C&rsquo;est tr\u00e8s \u00e9tonnant. Cette sociabilit\u00e9 pr\u00e9c\u00e8de peut-\u00eatre m\u00eame l&rsquo;esp\u00e8ce humaine.<br \/>\n<\/span><\/p>\n<p><span style=\"color: #777777; font-family: Arial;\">Le repas \u00e0 heure fixe est urbain. Michel Serres pr\u00e9cise qu&rsquo;\u00e0 la campagne l&rsquo;heure des repas d\u00e9pend des saisons, du rythme et des imp\u00e9ratifs des travaux agricoles.<br \/>\n<\/span><\/p>\n<p><span style=\"color: #777777; font-family: Arial;\">Pour les marins, que Michel Serres a aussi \u00e9t\u00e9, les repas d\u00e9pendent de l&rsquo;organisation des services de quart. J&rsquo;ai appris aussi que dans la marine nationale, un pavillon \u00e9tait lev\u00e9 pour indiquer que le capitaine du bateau \u00e9tait en train de manger. Dans une certaine tradition, l&rsquo;officier le plus jeune chantait le menu au capitaine.<br \/>\n<\/span><\/p>\n<p><span style=\"color: #777777; font-family: Arial;\">Bien que le Dieu monoth\u00e9iste ne mange pas, ses fid\u00e8les mangent et prient pendant le repas. La messe chr\u00e9tienne a \u00e9t\u00e9 organis\u00e9e par le r\u00e9cit de la derni\u00e8re c\u00e8ne du Christ o\u00f9 il a partag\u00e9 le pain et le vin, ce qui est toujours c\u00e9l\u00e9br\u00e9 lors des messes ou services divins d&rsquo;aujourd&rsquo;hui.<br \/>\n<\/span><\/p>\n<p><span style=\"color: #777777; font-family: Arial;\">Le shabbat juif est ponctu\u00e9 de repas succulent, la famille se r\u00e9unit, moment du partage du pain, de b\u00e9n\u00e9dictions et de paroles et d&rsquo;\u00e9changes.<br \/>\n<\/span><\/p>\n<p><span style=\"color: #777777; font-family: Arial;\">Les musulmans ont aussi une grande tradition de repas partag\u00e9. Nous connaissons un peu mieux les repas du soir apr\u00e8s le jeune du ramadan.<br \/>\n<\/span><\/p>\n<p><span style=\"color: #777777; font-family: Arial;\">Pour nous autres fran\u00e7ais, italiens et latins tout se passe autour de repas partag\u00e9. Quand on rencontre un ami qu&rsquo;on n&rsquo;a pas vu depuis longtemps, imm\u00e9diatement on l&rsquo;invite \u00e0 d\u00e9jeuner et on parle autour d&rsquo;un bon repas.<br \/>\n<\/span><\/p>\n<p><span style=\"color: #777777; font-family: Arial;\">M\u00eame dans les exercices de s\u00e9duction, souvent tout commence par un repas. Quand la famille \u00e9parpill\u00e9 se retrouve, quand un fils longtemps absent revient voir les parents, les retrouvailles se passent autour d&rsquo;un repas pris ensemble.<br \/>\n<\/span><\/p>\n<p><span style=\"color: #777777; font-family: Arial;\">Et Michel serres de nous faire remarquer que lorsqu&rsquo;on est au restaurant, on voit souvent la joie qui illumine le visage des convives quand le plat arrive \u00e0 table.<br \/>\n<\/span><\/p>\n<p><span style=\"color: #777777; font-family: Arial;\"><strong>Joie, partage, \u00e9change, sociabilit\u00e9 tout cela se joue autour de nos repas.<br \/>\n<\/strong><\/span><\/p>\n<p><span style=\"color: #777777; font-family: Arial;\">Mais tout le monde ne partage plus aujourd&rsquo;hui cet enthousiasme pour le repas pris en commun, mais nous essayerons de voir cela demain.<br \/>\n<\/span><\/p>\n<p><span style=\"color: #800000; font-family: Arial;\">&lt;1262&gt;<\/span><\/p>\n","protected":false},"excerpt":{"rendered":"<p>\u00ab Le repas est une caract\u00e9ristique de l\u2019humanit\u00e9 depuis tr\u00e8s longtemps \u00bb Pascal Picq Le Dieu d&rsquo;Abraham, d&rsquo;Isaac et de Jacob, le P\u00e8re du Messie des chr\u00e9tiens, J\u00e9sus de Nazareth, Allah le Dieu de l&rsquo;Islam, le Dieu monoth\u00e9iste qui est<\/p>\n","protected":false},"author":1,"featured_media":0,"comment_status":"open","ping_status":"closed","sticky":false,"template":"","format":"standard","meta":{"footnotes":""},"categories":[1],"tags":[21,34,11],"class_list":["post-7006","post","type-post","status-publish","format-standard","hentry","category-motdujour","tag-alimentation","tag-religion","tag-sociologie"],"_links":{"self":[{"href":"https:\/\/lemotdujour.fr\/index.php?rest_route=\/wp\/v2\/posts\/7006","targetHints":{"allow":["GET"]}}],"collection":[{"href":"https:\/\/lemotdujour.fr\/index.php?rest_route=\/wp\/v2\/posts"}],"about":[{"href":"https:\/\/lemotdujour.fr\/index.php?rest_route=\/wp\/v2\/types\/post"}],"author":[{"embeddable":true,"href":"https:\/\/lemotdujour.fr\/index.php?rest_route=\/wp\/v2\/users\/1"}],"replies":[{"embeddable":true,"href":"https:\/\/lemotdujour.fr\/index.php?rest_route=%2Fwp%2Fv2%2Fcomments&post=7006"}],"version-history":[{"count":6,"href":"https:\/\/lemotdujour.fr\/index.php?rest_route=\/wp\/v2\/posts\/7006\/revisions"}],"predecessor-version":[{"id":9265,"href":"https:\/\/lemotdujour.fr\/index.php?rest_route=\/wp\/v2\/posts\/7006\/revisions\/9265"}],"wp:attachment":[{"href":"https:\/\/lemotdujour.fr\/index.php?rest_route=%2Fwp%2Fv2%2Fmedia&parent=7006"}],"wp:term":[{"taxonomy":"category","embeddable":true,"href":"https:\/\/lemotdujour.fr\/index.php?rest_route=%2Fwp%2Fv2%2Fcategories&post=7006"},{"taxonomy":"post_tag","embeddable":true,"href":"https:\/\/lemotdujour.fr\/index.php?rest_route=%2Fwp%2Fv2%2Ftags&post=7006"}],"curies":[{"name":"wp","href":"https:\/\/api.w.org\/{rel}","templated":true}]}}