{"id":700,"date":"2014-05-16T02:00:00","date_gmt":"2014-05-15T22:00:00","guid":{"rendered":"http:\/\/lemotdujour.fr\/?p=700"},"modified":"2017-05-08T13:21:50","modified_gmt":"2017-05-08T11:21:50","slug":"vendredi-16052014","status":"publish","type":"post","link":"https:\/\/lemotdujour.fr\/?p=700","title":{"rendered":"Vendredi 16\/05\/2014"},"content":{"rendered":"<div class=\"mdjDate\">Vendredi 16\/05\/2014<\/div>\n<div class=\"mdjTexte\">&lt;Des \u00e9coles sans \u00e9cran&gt;<\/div>\n<div class=\"mdjAuteur\">Danielle Sallenave<\/div>\n<div class=\"mdjComplements\">C&rsquo;\u00e9tait le slogan de Danielle Sallenave, dans sa chronique du 09\/05, en se fondant sur un article d&rsquo;un blog de Mediapart qui raconte qu&rsquo;aux Etats Unis se sont ouvertes des \u00e9coles priv\u00e9es fort ch\u00e8res, <em>des \u00e9coles sans \u00e9crans<\/em>, sans ordinateurs et autres tablettes. L\u2019 \u00ab\u00a0\u00e9lite\u00a0\u00bb est pr\u00eate \u00e0 d\u00e9penser beaucoup pour avoir des enfants qui gr\u00e2ce au stylo et \u00e0 la feuille de papier seront capables d\u2019imagination, d\u2019abstraction, et d\u2019aisance dans le maniement des concepts, Une aisance qui est en train d\u2019\u00e9chapper aux nouvelles g\u00e9n\u00e9rations expos\u00e9es de plus en plus pr\u00e9cocement aux \u00e9crans.<\/div>\n<div class=\"mdjComplements\">Ce sera \u00e7a, la fracture num\u00e9rique\u00a0: une masse ab\u00eatie par la drogue num\u00e9rique, et une \u00e9lite ayant acc\u00e8s au raisonnement et \u00e0 la pens\u00e9e par l\u2019apprentissage m\u00e9thodique du langage au travers de la lecture et de l\u2019\u00e9criture manuelle. D&rsquo;ailleurs aux Etats Unis les \u00e9coles publiques font massivement appel aux outils informatiques.<\/div>\n<div class=\"mdjComplements\">Il semblerait m\u00eame que des patrons des start up num\u00e9riques de la Silicon Valley, fasse cette d\u00e9marche&#8230;<\/div>\n<div class=\"mdjComplements\"><a href=\"http:\/\/www.franceculture.fr\/emission-les-idees-claires-de-daniele-sallenave-des-ecoles-sans-ecran-2014-05-09\">&lt;Chronique de Daniele Sallenave du 09\/05\/2014&gt;<\/a><\/div>\n<div class=\"mdjComplements\">C&rsquo;\u00e9tait un mot du jour pol\u00e9mique, mais il faut certainement savoir se d\u00e9tacher de cette nouvelle drogue du peuple qu&rsquo;est d\u00e9sormais \u00ab\u00a0du pain et des \u00e9crans\u00a0\u00bb comme l&rsquo;\u00e9crit le r\u00e9dacteur du blog de m\u00e9diapart que cite Sallenave.<\/div>\n","protected":false},"excerpt":{"rendered":"<p>Vendredi 16\/05\/2014 &lt;Des \u00e9coles sans \u00e9cran&gt; Danielle Sallenave C&rsquo;\u00e9tait le slogan de Danielle Sallenave, dans sa chronique du 09\/05, en se fondant sur un article d&rsquo;un blog de Mediapart qui raconte qu&rsquo;aux Etats Unis se sont ouvertes des \u00e9coles priv\u00e9es<\/p>\n","protected":false},"author":1,"featured_media":0,"comment_status":"closed","ping_status":"closed","sticky":false,"template":"","format":"standard","meta":{"footnotes":""},"categories":[1],"tags":[],"class_list":["post-700","post","type-post","status-publish","format-standard","hentry","category-motdujour"],"_links":{"self":[{"href":"https:\/\/lemotdujour.fr\/index.php?rest_route=\/wp\/v2\/posts\/700","targetHints":{"allow":["GET"]}}],"collection":[{"href":"https:\/\/lemotdujour.fr\/index.php?rest_route=\/wp\/v2\/posts"}],"about":[{"href":"https:\/\/lemotdujour.fr\/index.php?rest_route=\/wp\/v2\/types\/post"}],"author":[{"embeddable":true,"href":"https:\/\/lemotdujour.fr\/index.php?rest_route=\/wp\/v2\/users\/1"}],"replies":[{"embeddable":true,"href":"https:\/\/lemotdujour.fr\/index.php?rest_route=%2Fwp%2Fv2%2Fcomments&post=700"}],"version-history":[{"count":1,"href":"https:\/\/lemotdujour.fr\/index.php?rest_route=\/wp\/v2\/posts\/700\/revisions"}],"predecessor-version":[{"id":701,"href":"https:\/\/lemotdujour.fr\/index.php?rest_route=\/wp\/v2\/posts\/700\/revisions\/701"}],"wp:attachment":[{"href":"https:\/\/lemotdujour.fr\/index.php?rest_route=%2Fwp%2Fv2%2Fmedia&parent=700"}],"wp:term":[{"taxonomy":"category","embeddable":true,"href":"https:\/\/lemotdujour.fr\/index.php?rest_route=%2Fwp%2Fv2%2Fcategories&post=700"},{"taxonomy":"post_tag","embeddable":true,"href":"https:\/\/lemotdujour.fr\/index.php?rest_route=%2Fwp%2Fv2%2Ftags&post=700"}],"curies":[{"name":"wp","href":"https:\/\/api.w.org\/{rel}","templated":true}]}}