{"id":6980,"date":"2019-07-01T04:59:23","date_gmt":"2019-07-01T02:59:23","guid":{"rendered":"http:\/\/lemotdujour.fr\/?p=6980"},"modified":"2020-06-12T20:12:09","modified_gmt":"2020-06-12T18:12:09","slug":"lundi-1-juillet-2019","status":"publish","type":"post","link":"https:\/\/lemotdujour.fr\/?p=6980","title":{"rendered":"Lundi 1 juillet 2019"},"content":{"rendered":"<div class=\"mdjTexte\">\u00ab Pause \u00bb<\/div>\n<div class=\"mdjAuteur\">En raison de la canicule<\/div>\n<p><span style=\"color: #777777; font-family: Arial;\">Le clavier \u00e9tait trop chaud.<br \/>\n<\/span><\/p>\n<p><img decoding=\"async\" src=\"https:\/\/lemotdujour.fr\/wp-content\/uploads\/2019\/06\/063019_1859_Lundi1juill1.jpg\" alt=\"\"><span style=\"color: #777777; font-family: Arial;\"><br \/>\n<\/span><\/p>\n<p><span style=\"color: #777777; font-family: Arial;\">En attendant la suite, la s\u00e9rie sur l&rsquo;alimentation compte pour l&rsquo;instant 8 articles&nbsp;:<br \/>\n<\/span><\/p>\n<ul>\n<li>\n<div><a href=\"https:\/\/lemotdujour.fr\/?p=6911\"><span style=\"color: blue; font-family: Arial; font-size: 10pt; text-decoration: underline;\">17 juin 2019 <\/span><\/a><span style=\"font-family: Arial; font-size: 10pt;\"><br \/>\n<\/span><\/div>\n<p style=\"margin-left: 14pt;\"><span style=\"color: navy; font-size: 10pt;\"><span style=\"font-family: Verdana;\"><strong>1-\u00ab&nbsp;Der Mensch ist, was er i\u00dft<br \/>\n<\/strong>L&rsquo;homme est ce qu&rsquo;il mange \u00bb<br \/>\n<\/span><span style=\"color: maroon; font-family: Arial;\">Ludwig Andreas Feuerbach<\/span><span style=\"font-family: Times New Roman;\"><br \/>\n<\/span><\/span><\/p>\n<\/li>\n<li>\n<div><a href=\"https:\/\/lemotdujour.fr\/?p=6921\"><span style=\"color: blue; font-family: Arial; font-size: 10pt; text-decoration: underline;\">18 juin 2019 <\/span><\/a><span style=\"font-family: Arial; font-size: 10pt;\"><br \/>\n<\/span><\/div>\n<p style=\"margin-left: 14pt;\"><span style=\"color: navy; font-size: 10pt;\"><span style=\"font-family: Verdana;\"><strong>2-\u00abL&rsquo;homme est omnivore comme ses cousins singes, mais il est seul \u00e0 cuire les aliments et c&rsquo;est une diff\u00e9rence fondamentale \u00bb<br \/>\n<\/strong><\/span><span style=\"color: maroon; font-family: Arial;\">Connaissance apport\u00e9e par la pal\u00e9oanthropologie<\/span><span style=\"font-family: Times New Roman;\"><br \/>\n<\/span><\/span><\/p>\n<\/li>\n<li>\n<div><a href=\"https:\/\/lemotdujour.fr\/?p=6928\"><span style=\"color: blue; font-family: Arial; font-size: 10pt; text-decoration: underline;\">19 juin 2019 <\/span><\/a><span style=\"font-family: Arial; font-size: 10pt;\"><br \/>\n<\/span><\/div>\n<p style=\"margin-left: 14pt;\"><span style=\"color: navy; font-size: 10pt;\"><span style=\"font-family: Verdana;\"><strong>3-\u00abOn ne mange pas son prochain comme cela, qu&rsquo;on soit n\u00e9andertalien ou sapiens.\u00bb<br \/>\n<\/strong><\/span><span style=\"color: maroon; font-family: Arial;\">Pascal Picq, le \u00ab&nbsp;sens des choses&nbsp;\u00bb 1<sup>\u00e8re<\/sup> \u00e9mission (16&nbsp;:30)<\/span><span style=\"font-family: Times New Roman;\"><br \/>\n<\/span><\/span><\/p>\n<\/li>\n<li>\n<div><a href=\"https:\/\/lemotdujour.fr\/?p=6949\"><span style=\"color: blue; font-family: Arial; font-size: 10pt; text-decoration: underline;\">24 juin 2019 <\/span><\/a><span style=\"font-family: Arial; font-size: 10pt;\"><br \/>\n<\/span><\/div>\n<p style=\"margin-left: 14pt;\"><span style=\"color: navy; font-size: 10pt;\"><span style=\"font-family: Verdana;\"><strong>4-\u00ab&nbsp;Le r\u00e9gime alimentaire des humains d&rsquo;aujourd&rsquo;hui est beaucoup plus restreint que celui des premiers chasseurs-cueilleurs&nbsp;\u00bb<br \/>\n<\/strong><\/span><span style=\"color: maroon; font-family: Arial;\">Naama Goren-Inbar arch\u00e9ologue et pal\u00e9oanthropologue isra\u00e9lienne<\/span><span style=\"font-family: Times New Roman;\"><br \/>\n<\/span><\/span><\/p>\n<\/li>\n<li>\n<div><a href=\"https:\/\/lemotdujour.fr\/?p=6954\"><span style=\"color: blue; font-family: Arial; font-size: 10pt; text-decoration: underline;\">25 juin 2019 <\/span><\/a><span style=\"font-family: Arial; font-size: 10pt;\"><br \/>\n<\/span><\/div>\n<p style=\"margin-left: 14pt;\"><span style=\"color: navy; font-size: 10pt;\"><span style=\"font-family: Verdana;\"><strong>5-\u00ab&nbsp;Il a bien fallu que quelqu&rsquo;un, un jour, fasse le geste de mettre un grain en terre !&nbsp;\u00bb<br \/>\n<\/strong><\/span><span style=\"color: maroon; font-family: Arial;\">Patricia Anderson &amp; George Willcox, chercheurs au CNRS \u00ab&nbsp;L&rsquo;Histoire&nbsp;\u00bb N\u00b0193 du novembre 1995<\/span><span style=\"font-family: Times New Roman;\"><br \/>\n<\/span><\/span><\/p>\n<\/li>\n<li>\n<div><a href=\"https:\/\/lemotdujour.fr\/?p=6959\"><span style=\"color: blue; font-family: Arial; font-size: 10pt; text-decoration: underline;\">26 juin 2019 <\/span><\/a><span style=\"font-family: Arial; font-size: 10pt;\"><br \/>\n<\/span><\/div>\n<p style=\"margin-left: 14pt;\"><span style=\"color: navy; font-size: 10pt;\"><span style=\"font-family: Verdana;\"><strong>6-\u00ab&nbsp;Je ne crois pas que l&rsquo;on puisse imaginer un monde sans agriculture&nbsp;\u00bb<br \/>\n<\/strong><\/span><span style=\"color: maroon; font-family: Arial;\">Michel Serres<\/span><span style=\"font-family: Times New Roman;\"><br \/>\n<\/span><\/span><\/p>\n<\/li>\n<li>\n<div><a href=\"https:\/\/lemotdujour.fr\/?p=6966\"><span style=\"color: blue; font-family: Arial; font-size: 10pt; text-decoration: underline;\">27 juin 2019 <\/span><\/a><span style=\"font-family: Arial; font-size: 10pt;\"><br \/>\n<\/span><\/div>\n<p style=\"margin-left: 14pt;\"><span style=\"color: navy; font-size: 10pt;\"><span style=\"font-family: Verdana;\"><strong>7-\u00ab&nbsp;Avons-nous eu tort d&rsquo;inventer l&rsquo;agriculture&nbsp;? &nbsp;\u00bb<br \/>\n<\/strong><\/span><span style=\"color: maroon; font-family: Arial;\">Question pos\u00e9e par Jared Diamond, James Scott et quelques autres<\/span><span style=\"font-family: Times New Roman;\"><br \/>\n<\/span><\/span><\/p>\n<\/li>\n<li>\n<div><a href=\"https:\/\/lemotdujour.fr\/?p=6974\"><span style=\"color: blue; font-family: Arial; font-size: 10pt; text-decoration: underline;\">28 juin 2019 <\/span><\/a><span style=\"font-family: Arial; font-size: 10pt;\"><br \/>\n<\/span><\/div>\n<p style=\"margin-left: 14pt;\"><span style=\"color: navy; font-size: 10pt;\"><span style=\"font-family: Verdana;\"><strong>8-\u00ab&nbsp;Au Japon la poterie, la complexit\u00e9 sociale et la s\u00e9dentarit\u00e9 ont pr\u00e9c\u00e9d\u00e9 l&rsquo;agriculture&nbsp;\u00bb<br \/>\n<\/strong><\/span><span style=\"color: maroon; font-family: Arial;\">Jean-Paul Demoule<\/span><span style=\"font-family: Times New Roman;\"><br \/>\n<\/span><\/span><\/p>\n<\/li>\n<\/ul>\n<p><span style=\"color: #800000; font-family: Arial;\">&lt;Article sans num\u00e9ro&gt;<\/span><\/p>\n","protected":false},"excerpt":{"rendered":"<p>\u00ab Pause \u00bb En raison de la canicule Le clavier \u00e9tait trop chaud. En attendant la suite, la s\u00e9rie sur l&rsquo;alimentation compte pour l&rsquo;instant 8 articles&nbsp;: 17 juin 2019 1-\u00ab&nbsp;Der Mensch ist, was er i\u00dft L&rsquo;homme est ce qu&rsquo;il mange<\/p>\n","protected":false},"author":1,"featured_media":0,"comment_status":"open","ping_status":"closed","sticky":false,"template":"","format":"standard","meta":{"footnotes":""},"categories":[1],"tags":[],"class_list":["post-6980","post","type-post","status-publish","format-standard","hentry","category-motdujour"],"_links":{"self":[{"href":"https:\/\/lemotdujour.fr\/index.php?rest_route=\/wp\/v2\/posts\/6980","targetHints":{"allow":["GET"]}}],"collection":[{"href":"https:\/\/lemotdujour.fr\/index.php?rest_route=\/wp\/v2\/posts"}],"about":[{"href":"https:\/\/lemotdujour.fr\/index.php?rest_route=\/wp\/v2\/types\/post"}],"author":[{"embeddable":true,"href":"https:\/\/lemotdujour.fr\/index.php?rest_route=\/wp\/v2\/users\/1"}],"replies":[{"embeddable":true,"href":"https:\/\/lemotdujour.fr\/index.php?rest_route=%2Fwp%2Fv2%2Fcomments&post=6980"}],"version-history":[{"count":3,"href":"https:\/\/lemotdujour.fr\/index.php?rest_route=\/wp\/v2\/posts\/6980\/revisions"}],"predecessor-version":[{"id":9268,"href":"https:\/\/lemotdujour.fr\/index.php?rest_route=\/wp\/v2\/posts\/6980\/revisions\/9268"}],"wp:attachment":[{"href":"https:\/\/lemotdujour.fr\/index.php?rest_route=%2Fwp%2Fv2%2Fmedia&parent=6980"}],"wp:term":[{"taxonomy":"category","embeddable":true,"href":"https:\/\/lemotdujour.fr\/index.php?rest_route=%2Fwp%2Fv2%2Fcategories&post=6980"},{"taxonomy":"post_tag","embeddable":true,"href":"https:\/\/lemotdujour.fr\/index.php?rest_route=%2Fwp%2Fv2%2Ftags&post=6980"}],"curies":[{"name":"wp","href":"https:\/\/api.w.org\/{rel}","templated":true}]}}