{"id":698,"date":"2014-05-14T02:00:00","date_gmt":"2014-05-13T22:00:00","guid":{"rendered":"http:\/\/lemotdujour.fr\/?p=698"},"modified":"2017-05-08T13:21:50","modified_gmt":"2017-05-08T11:21:50","slug":"mercredi-14052014","status":"publish","type":"post","link":"https:\/\/lemotdujour.fr\/?p=698","title":{"rendered":"Mercredi 14\/05\/2014"},"content":{"rendered":"<div class=\"mdjDate\">Mercredi 14\/05\/2014<\/div>\n<div class=\"mdjTexte\">\u00abLa grande braderie europ\u00e9enne.\u00bb<\/div>\n<div class=\"mdjAuteur\">Thomas Cluzel (journaliste de France Culture qui r\u00e9alise la chronique la revue de presse internationale<\/div>\n<div class=\"mdjComplements\">Bien entendu, il y a eu de la part des gouvernants et des peuples europ\u00e9ens des erreurs de gestion, d&rsquo;anticipation et de r\u00e9flexion sur les cons\u00e9quences de la globalisation sur nos syst\u00e8mes sociaux et publics.<\/div>\n<div class=\"mdjComplements\">Mais il faut quand m\u00eame en deux mots rappeler ce que la dette des Etats signifie. L&rsquo;Etat s&rsquo;est endett\u00e9 parce que pour faire face \u00e0 ses d\u00e9penses plut\u00f4t que d&rsquo;augmenter ses ressources par de l&rsquo;imp\u00f4t, il a fait appel \u00e0 l&#8217;emprunt. Et il a donc demand\u00e9 de l&rsquo;argent \u00e0 des gens qui en avaient et qui ne savaient pas quoi en faire ou du moins quoi de faire de mieux que de la pr\u00eater aux Etats.<\/div>\n<div class=\"mdjComplements\">Sur ce, est arriv\u00e9 la crise des subprimes dans lesquelles nos banques avides s&rsquo;\u00e9taient imprudemment aventur\u00e9es et qui ont eu besoin de renflouement des Etats qui ont ainsi encore augment\u00e9 leurs dettes.<\/div>\n<div class=\"mdjComplements\">Et maintenant il faut rembourser ces dettes.<\/div>\n<div class=\"mdjComplements\">Une partie de ce remboursement vient de l&rsquo;argent des contribuables. Grosso modo on demande aux classes moyennes et populaires de payer pour rembourser les riches pr\u00eateurs. C&rsquo;est du Robin des Bois \u00e0 l&rsquo;envers.<\/div>\n<div class=\"mdjComplements\">Mais il y a une second scandale, c&rsquo;est ce que Thomas Cluzel a appel\u00e9 la grande braderie europ\u00e9enne et dont vous trouverez ci-apr\u00e8s Trois exemples qu&rsquo;il a donn\u00e9 lors de sa chronique du 05\/05 plus un quatri\u00e8me que j&rsquo;ai trouv\u00e9 ailleurs.<\/div>\n<div class=\"mdjComplements\">1\u00b0 <strong>La Gr\u00e8ce<\/strong> a vendu 915 millions d&rsquo;euros \u00e0 un riche armateur domicili\u00e9 en Suisse l&rsquo;ancien a\u00e9roport d&rsquo;Ath\u00e8nes et ses 3.5 km de front de mer, alors que sa valeur approche les 20 milliards d&rsquo;euros.<\/div>\n<div class=\"mdjComplements\">Et de citer un journal grec : \u00a0\u00bb Une fois de plus, sous la pression de la tro\u00efka, l&rsquo;Etat grec a donc d\u00e9cid\u00e9 d&rsquo;acc\u00e9l\u00e9rer le processus de vente de ses actifs publics, destin\u00e9 \u00e0 rembourser ses dettes colossales. Sauf que la pr\u00e9cipitation avec laquelle ces biens sont vendus, sans la moindre strat\u00e9gie commune entre l&rsquo;Etat et les investisseurs quant \u00e0 leur mise \u00e0 prix, soul\u00e8ve aujourd&rsquo;hui de s\u00e9rieuses questions, \u00e0 commencer par celle-ci : comment ce joyau public a-t-il pu \u00eatre bazard\u00e9 par l&rsquo;\u00c9tat ? 915 millions d&rsquo;euros, alors m\u00eame, pr\u00e9cise le responsable politique d&rsquo;une commune avoisinante que sa valeur r\u00e9elle est estim\u00e9e entre 18 et 20 milliards d\u2019euros !<\/div>\n<div class=\"mdjComplements\">Un v\u00e9ritable scandale financier. Sans compter que les contribuables grecs vont devoir payer les frais de mise \u00e0 niveau des infrastructures du site, en eau, en \u00e9lectricit\u00e9, en voirie, d\u2019une valeur de plusieurs milliards d\u2019euros et sans cela sans pouvoir en b\u00e9n\u00e9ficier puisque la destin\u00e9e du terrain est d\u00e9j\u00e0 connue : ce sera un lieu touristique haut de gamme, avec marinas, h\u00f4tels, golfs, casinos, ou dit autrement un territoire de luxe, r\u00e9serv\u00e9 \u00e0 quelques nantis.\u00a0\u00bb<\/div>\n<div class=\"mdjComplements\">2\u00b0 <strong>L&rsquo;Espagne<\/strong> : L&rsquo;Etat a mis sur le march\u00e9 27% de son patrimoine : palaces, immeubles, propri\u00e9t\u00e9s terriennes et autres parcs naturels et&#8230; un a\u00e9roport, le gigantesque a\u00e9roport de Ciudad Real. Inaugur\u00e9 en grandes pompes il y a cinq ans, l&rsquo;infrastructure dot\u00e9e de la plus grande piste d&rsquo;atterrissage d&rsquo;Europe, avait co\u00fbt\u00e9 pr\u00e8s d&rsquo;un milliard d&rsquo;euros, peut-on lire sur le site de la RTBF. A pr\u00e9sent, symbole tout \u00e0 la fois de l&rsquo;\u00e9clatement de la bulle immobili\u00e8re mais aussi de tous les exc\u00e8s dans un pays qui compte aujourd&rsquo;hui 52 a\u00e9roports, soit deux fois plus qu&rsquo;en Allemagne, le site est brad\u00e9 \u00e0 100 millions d&rsquo;euros. Et puis autre projet, la vente au priv\u00e9 pour 85 millions d&rsquo;euros d&rsquo;un joyau de la nature, un domaine forestier andalou qui s&rsquo;\u00e9tend sur 14 000 hectares et o\u00f9 l&rsquo;on exploite entre autres la plus grande for\u00eat espagnole de ch\u00eanes-li\u00e8ges. Les acheteurs, pr\u00e9cise EL MUNDO, envisagent d&rsquo;y cr\u00e9er un h\u00f4tel de luxe 5 \u00e9toiles, avec deux terrains de golf et un a\u00e9rodrome. L\u2019opposition du coup crie au scandale et d\u00e9nonce la dilapidation des richesses du pays, sur l\u2019autel de l\u2019aust\u00e9rit\u00e9, car jamais, dit-elle, l\u2019Etat n\u2019aura ensuite les moyens \u00e9conomiques de r\u00e9cup\u00e9rer ces biens, dont certains sont historiques ou de grande valeur \u00e9cologique.<\/div>\n<div class=\"mdjComplements\">3\u00b0 <strong>L&rsquo;Italie<\/strong>, o\u00f9 l&rsquo;\u00eele de Poveglia, interdite d&rsquo;acc\u00e8s, abandonn\u00e9e depuis la fermeture de son h\u00f4pital psychiatrique, r\u00e9put\u00e9e pour \u00eatre l&rsquo;un des lieux les plus hant\u00e9s au monde, pourrait bient\u00f4t devenir un havre de paix r\u00e9serv\u00e9 aux touristes les plus fortun\u00e9s. Un horizon pour le moins inattendu, pr\u00e9cise le site BIG BROWSER, pour ce bout de terre situ\u00e9 dans la lagune v\u00e9nitienne \u00e0 quelques encablures de la place Saint Marc de Venise, mais qui servit surtout de lieu de quarantaine d\u00e8s le XVIIIe\u00a0si\u00e8cle, puis de cimeti\u00e8re pour les pestif\u00e9r\u00e9s lors des \u00e9pid\u00e9mies. Alors le projet\u00a0proc\u00e8de directement du gouvernement italien, lequel vient donc de mettre en vente l&rsquo;\u00eele, pr\u00e9cise le quotidien britannique THE TELEGRAPH.\u00a0Car en qu\u00eate de liquidit\u00e9s pour faire face \u00e0 une dette abyssale, l&rsquo;Etat italien s&rsquo;est lui aussi engag\u00e9 dans une politique de cession d&rsquo;une partie de son patrimoine. Et c&rsquo;est ainsi que l&rsquo;Etat\u00a0propose d\u00e9sormais sur une soixantaine de b\u00e2timents historiques, ch\u00e2teaux, palais, casernes, prisons, des baux allant de 50 \u00e0 99 ans, destin\u00e9s \u00e0 une exploitation touristique des lieux.<\/div>\n<div class=\"mdjComplements\">Et enfin un autre exemple que j&rsquo;ai trouv\u00e9 ailleurs<\/div>\n<div class=\"mdjComplements\">4\u00b0 <strong>Le Portugal<\/strong> qui met en vente chez Christie&rsquo;s 85 toiles de Miro estim\u00e9 \u00e0 la valeur globale de 36, 4 millions d&rsquo;euros par l&rsquo;institution britannique. Cette d\u00e9cision du gouvernement de vendre les 85 \u0153uvres de Miro pour renflouer les caisses de l&rsquo;Etat a mis en \u00e9moi les milieux culturels et l&rsquo;opposition socialiste portugaise.<\/div>\n<div class=\"mdjComplements\">Vous trouverez des compl\u00e9ments d&rsquo;information sur ces deux sites<\/div>\n<div class=\"mdjComplements\"><a href=\"http:\/\/www.franceculture.fr\/emission-revue-de-presse-internationale-la-grande-braderie-europeenne-2014-05-05\">&lt;La revue de presse internationale dont j&rsquo;ai extrait ces \u00e9l\u00e9ments 2014-05-05&gt;<\/a><\/div>\n<div class=\"mdjComplements\"><a href=\"http:\/\/www.lefigaro.fr\/flash-actu\/2014\/02\/20\/97001-20140220FILWWW00216-85-uvres-de-miro-remises-aux-encheres.php\">&lt;Le Portugal vend 85 Miro&gt;<\/a><\/div>\n<div class=\"mdjComplements\">Je ne peux que vous conseiller d&rsquo;aller rapidement visiter certains joyaux de notre patrimoine comme le ch\u00e2teau de Versailles avant qu&rsquo;il ne soit vendu par exemple au Quatar et qu&rsquo;il sera alors r\u00e9serv\u00e9 \u00e0 des personnes qui ont des revenus mensuels auxquels aucun de nous ne pourra pr\u00e9tendre pendant toute sa vie.<\/div>\n<div class=\"mdjComplements\">Demain pas de mot du jour, je vais encore rendre visite \u00e0 un repr\u00e9sentant de mes interlocuteurs favoris : les disciples d&rsquo;Esculape<\/div>\n","protected":false},"excerpt":{"rendered":"<p>Mercredi 14\/05\/2014 \u00abLa grande braderie europ\u00e9enne.\u00bb Thomas Cluzel (journaliste de France Culture qui r\u00e9alise la chronique la revue de presse internationale Bien entendu, il y a eu de la part des gouvernants et des peuples europ\u00e9ens des erreurs de gestion,<\/p>\n","protected":false},"author":1,"featured_media":0,"comment_status":"closed","ping_status":"closed","sticky":false,"template":"","format":"standard","meta":{"footnotes":""},"categories":[1],"tags":[],"class_list":["post-698","post","type-post","status-publish","format-standard","hentry","category-motdujour"],"_links":{"self":[{"href":"https:\/\/lemotdujour.fr\/index.php?rest_route=\/wp\/v2\/posts\/698","targetHints":{"allow":["GET"]}}],"collection":[{"href":"https:\/\/lemotdujour.fr\/index.php?rest_route=\/wp\/v2\/posts"}],"about":[{"href":"https:\/\/lemotdujour.fr\/index.php?rest_route=\/wp\/v2\/types\/post"}],"author":[{"embeddable":true,"href":"https:\/\/lemotdujour.fr\/index.php?rest_route=\/wp\/v2\/users\/1"}],"replies":[{"embeddable":true,"href":"https:\/\/lemotdujour.fr\/index.php?rest_route=%2Fwp%2Fv2%2Fcomments&post=698"}],"version-history":[{"count":1,"href":"https:\/\/lemotdujour.fr\/index.php?rest_route=\/wp\/v2\/posts\/698\/revisions"}],"predecessor-version":[{"id":699,"href":"https:\/\/lemotdujour.fr\/index.php?rest_route=\/wp\/v2\/posts\/698\/revisions\/699"}],"wp:attachment":[{"href":"https:\/\/lemotdujour.fr\/index.php?rest_route=%2Fwp%2Fv2%2Fmedia&parent=698"}],"wp:term":[{"taxonomy":"category","embeddable":true,"href":"https:\/\/lemotdujour.fr\/index.php?rest_route=%2Fwp%2Fv2%2Fcategories&post=698"},{"taxonomy":"post_tag","embeddable":true,"href":"https:\/\/lemotdujour.fr\/index.php?rest_route=%2Fwp%2Fv2%2Ftags&post=698"}],"curies":[{"name":"wp","href":"https:\/\/api.w.org\/{rel}","templated":true}]}}