{"id":696,"date":"2014-05-13T02:00:00","date_gmt":"2014-05-12T22:00:00","guid":{"rendered":"http:\/\/lemotdujour.fr\/?p=696"},"modified":"2022-03-25T10:00:37","modified_gmt":"2022-03-25T09:00:37","slug":"mardi-13052014","status":"publish","type":"post","link":"https:\/\/lemotdujour.fr\/?p=696","title":{"rendered":"Mardi 13 mai 2014"},"content":{"rendered":"<div class=\"mdjTexte\">\u00ab Anthropoc\u00e8ne \u00bb<\/div>\n<div class=\"mdjAuteur\">Paul Crutzen<\/div>\n<p><span style=\"color: #777777; font-family: Arial;\">Enfin un mot du jour qui est un <strong>\u00ab<\/strong>mot<strong>\u00bb<\/strong>.<br \/>\n<\/span><\/p>\n<p><span style=\"color: #777777; font-family: Arial;\">Peut-\u00eatre savez-vous ce qu&rsquo;il signifie, comme \u00e7a vous n&rsquo;aurez pas \u00e0 lire la suite.<br \/>\n<\/span><\/p>\n<p><span style=\"color: #777777; font-family: Arial;\">Mal nommer les choses est ajout\u00e9 du malheur au monde disait Camus (mot du jour du 22\/08\/2013). Donc nommons bien les choses : Anthropoc\u00e8ne est le nom de l&rsquo;\u00e8re dans laquelle vous et moi vivons.<br \/>\n<\/span><\/p>\n<p><span style=\"color: #777777; font-family: Arial;\"> \u00ab<span style=\"color: #0000ff;\"><a style=\"color: #0000ff;\" href=\"https:\/\/fr.wikipedia.org\/wiki\/Anthropoc%C3%A8ne\"><strong>Anthropoc\u00e8ne<\/strong><\/a><\/span>\u00bb est un terme propos\u00e9 par Paul Crutzen, chimiste et m\u00e9t\u00e9orologue n\u00e9erlandais nob\u00e9lis\u00e9 pour ses travaux sur la couche d&rsquo;ozone.<br \/>\n<\/span><\/p>\n<p><span style=\"color: #777777; font-family: Arial;\">Il signifie que l&rsquo;esp\u00e8ce humaine est devenue la principale force g\u00e9ophysique de la Terre, capable de modifier d\u00e9finitivement son environnement.<br \/>\n<\/span><\/p>\n<p><span style=\"color: #777777; font-family: Arial;\">L&rsquo;impact de ses activit\u00e9s l&#8217;emporte en effet, pour la premi\u00e8re fois dans l&rsquo;histoire de notre plan\u00e8te, sur toutes les autres, c&rsquo;est-\u00e0-dire l&rsquo;ensemble des facteurs naturels.<br \/>\n<\/span><\/p>\n<p><span style=\"color: #777777; font-family: Arial;\">Dans cet anthropoc\u00e8ne \u2013du grec <strong>anthropos<\/strong>, \u00eatre humain\u2013, l&rsquo;homme modifie le climat plan\u00e9taire ainsi que les grands \u00e9quilibres de la biosph\u00e8re, essentiellement par la masse de gaz polluants qu&rsquo;il produit.<br \/>\n<\/span><\/p>\n<p><span style=\"color: #777777; font-family: Arial;\">Nous voil\u00e0 donc pass\u00e9s de l&rsquo;\u00e8re de l&rsquo;<a href=\"https:\/\/fr.wikipedia.org\/wiki\/Holoc%C3%A8ne\"><span style=\"color: #0000ff;\">holoc\u00e8ne<\/span><\/a><span style=\"color: #0000ff;\">,<\/span> p\u00e9riode g\u00e9ologique d&rsquo;environ 10.000 ans, stable et relativement chaude, qui suit la derni\u00e8re \u00e8re glaciaire et permet notamment l&rsquo;agriculture et l&rsquo;expansion des civilisations, \u00e0 l&rsquo;\u00e8re de l&rsquo;anthropoc\u00e8ne, qui d\u00e9bute \u00e0 la fin du XVIII<sup>e<\/sup> si\u00e8cle avec les pr\u00e9mices de la r\u00e9volution industrielle.<br \/>\n<\/span><\/p>\n<p><span style=\"color: #777777; font-family: Arial;\">L&rsquo;usine remplace alors le travail agricole et artisanal. Le volume de la production industrielle et fumante s&rsquo;en trouve consid\u00e9rablement augment\u00e9 tandis que la r\u00e9volution des transports tend \u00e0 raccourcir les distances du march\u00e9 mondial, bien avant Internet. Suit alors, dans les ann\u00e9es 1950, ce que bon nombre de scientifiques appellent la \u00abgrande acc\u00e9l\u00e9ration\u00bb avec l&rsquo;av\u00e8nement de l&rsquo;actuelle soci\u00e9t\u00e9 de consommation au menu d\u00e9sormais bien connu: mondialisation, industrie, pub et tourisme.<br \/>\n<\/span><\/p>\n<p><span style=\"color: #777777; font-family: Arial;\">Nos colocataires? On s&rsquo;en fiche!<br \/>\n<\/span><\/p>\n<p><span style=\"color: #777777; font-family: Arial;\">Bon. A supposer que nous prenions conscience de l&rsquo;impact de nos faits et gestes industriels sur la nature qui, semble-t-il, n&rsquo;a rien demand\u00e9, cette nouvelle \u00e8re \u00e0 l&rsquo;\u00e9quilibre fragile nous expose \u00e0 un d\u00e9fi majeur. Les premiers effets \u00e9conomiques de notre esp\u00e8ce sur la plan\u00e8te Terre sont loin d&rsquo;\u00eatre globalement positifs. Le bilan commence m\u00eame \u00e0 s&rsquo;alourdir s\u00e9rieusement.<br \/>\n<\/span><\/p>\n<p><span style=\"color: #777777; font-family: Arial;\">Appauvrissement de la biodiversit\u00e9, flux d&rsquo;azote, pollution chimique, charge des a\u00e9rosols dans l&rsquo;atmosph\u00e8re, surconsommation d&rsquo;eau douce, diminution de la couche d&rsquo;ozone, flux de phosphore, exploitation de sols, acidification des oc\u00e9ans, changement climatique. Autant d&rsquo;\u00e9cueils caus\u00e9s par des activit\u00e9s humaines et reconnus par nombre de responsables scientifiques qui n&rsquo;ont aucun int\u00e9r\u00eat \u00e0 jouer les Cassandre (voir \u00e0 ce sujet le dernier rapport du Giec\u2026).<br \/>\n<\/span><\/p>\n<p><span style=\"color: #777777; font-family: Arial;\">Si voulez en savoir plus sur ce sujet voici un<a href=\"http:\/\/www.slate.fr\/monde\/85913\/anthropocene\"> &lt;<span style=\"color: #0000ff;\">Article de Slate sur l&rsquo;anthropocene<\/span>&gt;<\/a><br \/>\n<\/span><\/p>\n<p><span style=\"color: #777777; font-family: Arial;\">Pour les plus curieux un matin de France Culture consacr\u00e9 au m\u00eame th\u00e8me <a href=\"http:\/\/www.franceculture.fr\/emission-l-invite-des-matins-christophe-bonneuil-et-herve-le-treut-2013-11-14\">&lt;<span style=\"color: #0000ff;\">Les matins avec comme invit\u00e9 Christophe Bonneuil et Herve Le Treut 2013-11-14<\/span>&gt;<\/a><br \/>\n<\/span><\/p>\n<p><span style=\"color: #800000; font-family: Arial;\">&lt;285&gt;<\/span><\/p>\n","protected":false},"excerpt":{"rendered":"<p>\u00ab Anthropoc\u00e8ne \u00bb Paul Crutzen Enfin un mot du jour qui est un \u00abmot\u00bb. Peut-\u00eatre savez-vous ce qu&rsquo;il signifie, comme \u00e7a vous n&rsquo;aurez pas \u00e0 lire la suite. Mal nommer les choses est ajout\u00e9 du malheur au monde disait Camus<\/p>\n","protected":false},"author":1,"featured_media":0,"comment_status":"closed","ping_status":"closed","sticky":false,"template":"","format":"standard","meta":{"footnotes":""},"categories":[1],"tags":[43,106,44],"class_list":["post-696","post","type-post","status-publish","format-standard","hentry","category-motdujour","tag-ecologie","tag-geologie","tag-rechauffement"],"_links":{"self":[{"href":"https:\/\/lemotdujour.fr\/index.php?rest_route=\/wp\/v2\/posts\/696","targetHints":{"allow":["GET"]}}],"collection":[{"href":"https:\/\/lemotdujour.fr\/index.php?rest_route=\/wp\/v2\/posts"}],"about":[{"href":"https:\/\/lemotdujour.fr\/index.php?rest_route=\/wp\/v2\/types\/post"}],"author":[{"embeddable":true,"href":"https:\/\/lemotdujour.fr\/index.php?rest_route=\/wp\/v2\/users\/1"}],"replies":[{"embeddable":true,"href":"https:\/\/lemotdujour.fr\/index.php?rest_route=%2Fwp%2Fv2%2Fcomments&post=696"}],"version-history":[{"count":4,"href":"https:\/\/lemotdujour.fr\/index.php?rest_route=\/wp\/v2\/posts\/696\/revisions"}],"predecessor-version":[{"id":13453,"href":"https:\/\/lemotdujour.fr\/index.php?rest_route=\/wp\/v2\/posts\/696\/revisions\/13453"}],"wp:attachment":[{"href":"https:\/\/lemotdujour.fr\/index.php?rest_route=%2Fwp%2Fv2%2Fmedia&parent=696"}],"wp:term":[{"taxonomy":"category","embeddable":true,"href":"https:\/\/lemotdujour.fr\/index.php?rest_route=%2Fwp%2Fv2%2Fcategories&post=696"},{"taxonomy":"post_tag","embeddable":true,"href":"https:\/\/lemotdujour.fr\/index.php?rest_route=%2Fwp%2Fv2%2Ftags&post=696"}],"curies":[{"name":"wp","href":"https:\/\/api.w.org\/{rel}","templated":true}]}}