{"id":6959,"date":"2019-06-26T00:08:30","date_gmt":"2019-06-25T22:08:30","guid":{"rendered":"http:\/\/lemotdujour.fr\/?p=6959"},"modified":"2020-11-06T08:55:46","modified_gmt":"2020-11-06T07:55:46","slug":"mercredi-26-juin-2019","status":"publish","type":"post","link":"https:\/\/lemotdujour.fr\/?p=6959","title":{"rendered":"Mercredi 26 juin 2019"},"content":{"rendered":"<div class=\"mdjTexte\">\u00ab&nbsp;Je ne crois pas que l&rsquo;on puisse imaginer un monde sans agriculture.&nbsp;\u00bb<\/div>\n<div class=\"mdjAuteur\">Michel Serres<\/div>\n<p><span style=\"color: #777777; font-family: Arial;\">Hier nous avons vu les laboureurs l&#8217;emporter sur les chasseurs-cueilleurs dans la r\u00e9volution du n\u00e9olithique. Les s\u00e9dentaires ont remplac\u00e9 les nomades.<br \/>\n<\/span><\/p>\n<p><span style=\"color: #777777; font-family: Arial;\">Bien s\u00fbr ce n&rsquo;\u00e9tait pas aussi simple que cela, l&rsquo;Histoire et la vie sont complexit\u00e9s.<br \/>\n<\/span><\/p>\n<p><span style=\"color: #777777; font-family: Arial;\">Mais restons sur cette simplification.<br \/>\n<\/span><\/p>\n<p><span style=\"color: #777777; font-family: Arial;\">Aujourd&rsquo;hui on parle aussi des nomades et des s\u00e9dentaires.<br \/>\n<\/span><\/p>\n<p><span style=\"color: #777777; font-family: Arial;\">Les nomades sont les \u00e9lites mondialis\u00e9es qui partout sont chez eux. Enfin, ils sont davantage chez eux dans les m\u00e9tropoles que dans les territoires p\u00e9riph\u00e9riques<br \/>\n<\/span><\/p>\n<p><span style=\"color: #777777; font-family: Arial;\">Raphael Glucksmann reconnaissait dans &lt;<span style=\"color: #0000ff;\"><a style=\"color: #0000ff;\" href=\"https:\/\/www.youtube.com\/watch?v=QC9X5RSbHrI\">cette interview<\/a><\/span>&gt; se sentir culturellement plus chez lui \u00e0 New York et \u00e0 Berlin qu&rsquo;en Picardie. Il faut \u00eatre juste, il le regrettait et trouvait cela anormal.<br \/>\n<\/span><\/p>\n<p><span style=\"color: #777777; font-family: Arial;\">Les s\u00e9dentaires sont plut\u00f4t les perdants de la mondialisation.<br \/>\n<\/span><\/p>\n<p><span style=\"color: #777777; font-family: Arial;\">Beaucoup d&rsquo;agriculteurs qui sont les s\u00e9dentaires par excellence, sont les perdants de l&rsquo;\u00e9conomie moderne.<br \/>\n<\/span><\/p>\n<p><span style=\"color: #777777; font-family: Arial;\">Dans son livre \u00ab<strong>The Road to Somewhere<\/strong>\u00bb le britannique <strong>David Goodhart<\/strong> estime que la division gauche\/droite a perdu beaucoup de sa pertinence. Il propose un nouveau clivage entre ceux qu&rsquo;il appelle <strong>\u00ab les Gens de Partout \u00bb <\/strong>(anywhere)<strong> et \u00ab le Peuple de Quelque Part \u00bb <\/strong>(Somewhere). Les premiers, les Gens de Partout ont b\u00e9n\u00e9fici\u00e9 \u00e0 plein de la d\u00e9mocratisation de l&rsquo;enseignement sup\u00e9rieur. Ils sont bien dot\u00e9s en capital culturel et disposent d&rsquo;identit\u00e9s portables. Ils sont \u00e0 l&rsquo;aise partout, tr\u00e8s mobiles et de plain-pied avec toutes les nouveaut\u00e9s.<br \/>\n<\/span><\/p>\n<p><span style=\"color: #777777; font-family: Arial;\">Les membres du Peuple de Quelque Part sont plus enracin\u00e9s. Ils habitent souvent \u00e0 une faible distance de leurs parents, sur lesquels ils comptent pour garder leurs enfants. Ils sont assign\u00e9s \u00e0 une identit\u00e9 prescrite et \u00e0 un lieu pr\u00e9cis. Ils ont le sentiment que le changement qu&rsquo;on leur vante ne cesse de les marginaliser, qu&rsquo;il menace la stabilit\u00e9 de leur environnement social. Ils sont exasp\u00e9r\u00e9s qu&rsquo;on leur ait pr\u00e9sent\u00e9 la mondialisation et l&rsquo;immigration de masse comme des ph\u00e9nom\u00e8nes naturels, alors qu&rsquo;ils estiment que ce furent des choix politiques, effectu\u00e9s par des politiques et des responsables \u00e9conomiques appartenant aux Gens de Partout.<br \/>\n<\/span><\/p>\n<p><span style=\"color: #777777; font-family: Arial;\">Brice Couturier a d\u00e9velopp\u00e9 ces r\u00e9flexions dans sa chronique du &lt;<a href=\"https:\/\/www.franceculture.fr\/emissions\/des-suggestions-de-lectures-pour-le-president\/les-gens-de-partout-contre-le-peuple-de\"><span style=\"color: #0000ff;\">15 mai 2017<\/span><\/a>&gt; et je l&rsquo;avais \u00e9voqu\u00e9 lors du mot du jour consacr\u00e9 \u00e0 \u00ab&nbsp;<a href=\"https:\/\/lemotdujour.fr\/?p=6552\"><span style=\"color: #0000ff;\">Die Heimat<\/span>&nbsp;<\/a>\u00bb<br \/>\n<\/span><\/p>\n<p><img decoding=\"async\" class=\"alignleft\" src=\"https:\/\/lemotdujour.fr\/wp-content\/uploads\/2019\/06\/062519_2200_Mercredi26j1.jpg\" alt=\"\" align=\"left\"><span style=\"color: #777777; font-family: Arial;\">Le Mensuel \u00ab&nbsp;<a href=\"https:\/\/www.philomag.com\/les-idees\/michel-serres-la-revanche-dabel-15250\"><span style=\"color: #0000ff;\">Philosophie Magazine<\/span>&nbsp;<\/a>\u00bb, publi\u00e9 le 28\/04\/2016, a consacr\u00e9 un dossier sur le m\u00eame sujet : \u00ab <strong>Nomades contre s\u00e9dentaires, la nouvelle lutte des classes<\/strong><br \/>\n<\/span><\/p>\n<p><span style=\"color: #777777; font-family: Arial;\">Et un des articles de ce dossier a donn\u00e9 la parole au philosophe malicieux&nbsp;: Michel Serres.<br \/>\n<\/span><\/p>\n<p><span style=\"color: #777777; font-family: Arial;\">Et je ne peux m&#8217;emp\u00eacher de partager cet article dans lequel Michel Serres, dans une de ses itin\u00e9rances sp\u00e9culatives dont il avait le secret convoque le mythe de Ca\u00efn et Abel pour parler des nomades et des s\u00e9dentaires, des chasseurs-cueilleurs et des agriculteurs. Et bien s\u00fbr, il prend le parti de celui qui n&rsquo;a pas le beau r\u00f4le&nbsp;: Ca\u00efn, l&rsquo;agriculteur.<br \/>\n<\/span><\/p>\n<p><span style=\"color: #777777; font-family: Arial;\">Michel Serres narre d&rsquo;abord l&rsquo;histoire :<br \/>\n<\/span><\/p>\n<p style=\"margin-left: 28pt;\"><span style=\"color: #c00000; font-family: Arial;\">\u00ab&nbsp;Au d\u00e9part, l&rsquo;histoire est simple : Abel, le berger, offre \u00e0 J\u00e9hovah des agneaux, son fr\u00e8re Ca\u00efn, le cultivateur, des fruits et des l\u00e9gumes issus de son travail de la terre. J\u00e9hovah accepte les offrandes du premier mais pas celles du second, qui jalouse cette pr\u00e9f\u00e9rence.<br \/>\n<\/span><\/p>\n<p style=\"margin-left: 28pt;\"><span style=\"color: #c00000; font-family: Arial;\">Cependant, oublions Dieu et parlons d&rsquo;histoire : Ca\u00efn est n\u00e9 au N\u00e9olithique avec l&rsquo;agriculture ; Abel, tout \u00e9leveur qu&rsquo;il est, est demeur\u00e9 chasseur-cueilleur, errant au gr\u00e9 des n\u00e9cessit\u00e9s de sa subsistance. Abel est l&rsquo;homme ancien, n\u00e9 au Pal\u00e9olithique sup\u00e9rieur. Abel et Ca\u00efn rejouent en effet le conflit anthropologique entre le chasseur-cueilleur et l&rsquo;agriculteur, le nomade et le s\u00e9dentaire.&nbsp;\u00bb<br \/>\n<\/span><\/p>\n<p><span style=\"color: #777777; font-family: Arial;\">Conflit qui se termine par le meurtre&nbsp;:<br \/>\n<\/span><\/p>\n<p style=\"margin-left: 28pt;\"><span style=\"color: #c00000; font-family: Arial;\">\u00ab&nbsp;Le meurtre montre combien l&rsquo;\u00e9quilibre est difficile \u00e0 trouver. Abel cherche l&rsquo;herbe tendre pour ses b\u00eates, les fruits m\u00fbrs et le gibier pour se nourrir. Ses troupeaux traversent l&#8217;emblavure pr\u00e9par\u00e9e \u00e0 la sueur de son front par Ca\u00efn, forc\u00e9 de vivre s\u00e9dentaire pour semer ou r\u00e9colter. Le premier qui, <em>\u00ab ayant enclos un terrain, s&rsquo;avisa de dire : Ceci est \u00e0 moi \u00bb <\/em>fut, non pas le fondateur de la soci\u00e9t\u00e9 civile, comme l&rsquo;\u00e9crit Rousseau, mais celui de l&rsquo;agriculture. Pouss\u00e9 \u00e0 ce geste par les n\u00e9cessit\u00e9s de la culture, il d\u00e9clencha la guerre. Ca\u00efn, c&rsquo;\u00e9tait donc lui, ferme son lopin et le d\u00e9fend, bec et ongles, de toute incursion. Mais Abel, comme R\u00e9mus, d\u00e9fiant plus tard Romulus, saute la limite et trouve la mort au fond d&rsquo;un sillon. La querelle est in\u00e9luctable\u2026 et sans fin. &nbsp;\u00bb<br \/>\n<\/span><\/p>\n<p><span style=\"color: #777777; font-family: Arial;\">Le journaliste pose la question&nbsp;: \u00ab&nbsp;Pourquoi sans fin ?&nbsp;\u00bb et Michel Serres \u00e9voque ce conflit des nomades et des s\u00e9dentaires \u00e0 travers l&rsquo;Histoire.<br \/>\n<\/span><\/p>\n<p style=\"margin-left: 28pt;\"><span style=\"color: #c00000; font-family: Arial;\">\u00ab&nbsp;Parce qu&rsquo;Abel le nomade est le pr\u00e9f\u00e9r\u00e9 de Dieu, traduisez le pr\u00e9f\u00e9r\u00e9 de l&rsquo;histoire. Depuis la Bible, le peuple \u00e9lu est un peuple de pasteurs, et le Moyen-Orient, r\u00e9gion o\u00f9 s&rsquo;inventent l&rsquo;agriculture et la tradition pastorale, est le th\u00e9\u00e2tre de cet affrontement.<br \/>\n<\/span><\/p>\n<p style=\"margin-left: 28pt;\"><span style=\"color: #c00000; font-family: Arial;\">Mais dans l&rsquo;histoire, malgr\u00e9 le meurtre originel d&rsquo;Abel, <strong>ce sont toujours les nomades qui gagnent.<\/strong><br \/>\n<\/span><\/p>\n<p style=\"margin-left: 28pt;\"><span style=\"color: #c00000; font-family: Arial;\">Les lointains descendants des chasseurs-cueilleurs sont les conqu\u00e9rants \u00e0 cheval, nomades et pasteurs guerriers comme Attila qui d\u00e9fia l&rsquo;Empire romain au V si\u00e8cle, ou Gengis Khan, venu de Mongolie au XII si\u00e8cle pour envahir la Chine, l&rsquo;Asie centrale, et construire le plus grand empire de tous les temps en ravageant en Eurasie l&rsquo;\u00e9quivalent de 25 % de la population mondiale, essentiellement paysanne en ces r\u00e9gions. Gengis Khan, Attila, c&rsquo;est la vengeance d&rsquo;Abel.<br \/>\n<\/span><\/p>\n<p style=\"margin-left: 28pt;\"><span style=\"color: #c00000; font-family: Arial;\">Vient ensuite la f\u00e9odalit\u00e9 o\u00f9 le noble asservit le cultivateur.<br \/>\n<\/span><\/p>\n<p style=\"margin-left: 28pt;\"><span style=\"color: #c00000; font-family: Arial;\">La noblesse ne cultive pas ; elle chasse. Abel est le seigneur qui chasse sur les terres exploit\u00e9es par des Ca\u00efn serfs.<br \/>\n<\/span><\/p>\n<p style=\"margin-left: 28pt;\"><span style=\"color: #c00000; font-family: Arial;\">L&rsquo;image de nos livres d&rsquo;histoire est bien connue : les nobles passent au grand galop, comme un orage, sur le travail des manants et saccagent leurs fruits.<br \/>\n<\/span><\/p>\n<p style=\"margin-left: 28pt;\"><span style=\"color: #c00000; font-family: Arial;\">Ce n&rsquo;est pas un hasard si la tradition cardinale de l&rsquo;aristocratie fut la chasse \u00e0 courre.<br \/>\n<\/span><\/p>\n<p style=\"margin-left: 28pt;\"><span style=\"color: #c00000; font-family: Arial;\">La noblesse venge Abel le nomade, qui r\u00e9duit alors Ca\u00efn le s\u00e9dentaire \u00e0 l&rsquo;esclavage et, souvent, le tue. Inversement, on raconte qu&rsquo;une partie de la R\u00e9volution fran\u00e7aise a \u00e9t\u00e9 faite par des paysans qui voulaient chasser, droit r\u00e9serv\u00e9 aux nobles\u2026 [\u2026]&nbsp;\u00bb<br \/>\n<\/span><\/p>\n<p><span style=\"color: #777777; font-family: Arial;\">Et Michel Serres parle d&rsquo;aujourd&rsquo;hui, des bourgeois qui font l&rsquo;\u00e9loge de l&rsquo;errance et des traders qui sp\u00e9culent sur les aliments.<br \/>\n<\/span><\/p>\n<p style=\"margin-left: 28pt;\"><span style=\"color: #c00000; font-family: Arial;\"><strong>\u00ab&nbsp;<\/strong>[\u2026] l&rsquo;aristocratie errante d&rsquo;aujourd&rsquo;hui est en r\u00e9alit\u00e9 la bourgeoisie poss\u00e9dante qui tient le commerce et l&rsquo;industrie \u2013 <strong>il n&rsquo;y a que les bourgeois pour faire l&rsquo;\u00e9loge de l&rsquo;errance<\/strong> !<br \/>\n<\/span><\/p>\n<p style=\"margin-left: 28pt;\"><span style=\"color: #c00000; font-family: Arial;\"><strong>Ces Abel ont pressur\u00e9 \u00e0 mort l&rsquo;agriculture des Ca\u00efn et sont en train ainsi de d\u00e9truire le monde.<\/strong> [\u2026]<br \/>\n<\/span><\/p>\n<p style=\"margin-left: 28pt;\"><span style=\"color: #c00000; font-family: Arial;\">La punition de Ca\u00efn se perp\u00e9tue. La tradition relate qu&rsquo;apr\u00e8s avoir tu\u00e9 son fr\u00e8re Abel, Ca\u00efn erra sur la Terre, poursuivi par l&rsquo;ire divine et surveill\u00e9 par son oeil ubiquiste.<br \/>\n<\/span><\/p>\n<p style=\"margin-left: 28pt;\"><span style=\"color: #c00000; font-family: Arial;\">Le casanier fut condamn\u00e9 \u00e0 devenir un \u00e9migr\u00e9, \u00e0 devenir nomade \u00e0 son tour. Par les \u00e9tudes, en effet, par le travail, pour les uns par les vacances, pour les autres forc\u00e9s par la famine ou la guerre, nous sommes tous, riches ou mis\u00e9rables, devenus des nomades ; rares sont ceux qui ont l&rsquo;heur de ne pas errer sur la Terre. <strong>Nous sommes des Ca\u00efn maudits devenus petits-fils d&rsquo;Abel qui assassinons tous les jours les s\u00e9dentaires qui demeurent [\u2026] les autoroutes, la croissance des faubourgs, les rails du TGV et les a\u00e9roports, engorg\u00e9s d&rsquo;errants, saccagent les champs fertiles et, parfois, des vignobles sacr\u00e9s.<\/strong> Les plus grands nomades contemporains, ce sont les traders, affranchis de tout territoire, qui sp\u00e9culent sur les produits alimentaires, ce qui est pour moi le crime absolu des Abel contre les Ca\u00efn modernes.<br \/>\n<\/span><\/p>\n<p style=\"margin-left: 28pt;\"><span style=\"color: #c00000; font-family: Arial;\">Cette sp\u00e9culation est probablement responsable de la plupart des famines dans le monde, alors que les r\u00e9volutions vertes ont peu ou prou r\u00e9solu les questions alimentaires au niveau de la production.<br \/>\n<\/span><\/p>\n<p style=\"margin-left: 28pt;\"><span style=\"color: #c00000; font-family: Arial;\">Ca\u00efn, paysan s\u00e9dentaire et producteur d&rsquo;aliments, est le personnage le plus pers\u00e9cut\u00e9 de la plan\u00e8te.&nbsp;\u00bb<br \/>\n<\/span><\/p>\n<p><span style=\"color: #777777; font-family: Arial;\">Et puis il finit par le besoin de courir et pourtant d&rsquo;habiter et de la n\u00e9cessit\u00e9 des agriculteurs pour nous nourrir.<br \/>\n<\/span><\/p>\n<p style=\"margin-left: 28pt;\"><span style=\"color: #c00000; font-family: Arial;\">\u00ab&nbsp;[\u2026] Qu&rsquo;est-ce qu&rsquo;un animal ? Par d\u00e9finition, un vivant qui court.<br \/>\n<\/span><\/p>\n<p style=\"margin-left: 28pt;\"><span style=\"color: #c00000; font-family: Arial;\">Il court pour quoi ? Pour attraper son gibier, pour \u00e9chapper \u00e0 ses pr\u00e9dateurs et pour mettre la plus grande distance entre lui et ses excr\u00e9ments.<br \/>\n<\/span><\/p>\n<p style=\"margin-left: 28pt;\"><span style=\"color: #c00000; font-family: Arial;\">L&rsquo;animal court, mais il faut aussi qu&rsquo;il mange, qu&rsquo;il dorme, qu&rsquo;il s&rsquo;accouple, que la femelle allaite, qu&rsquo;il prot\u00e8ge ses enfants qui ne savent pas encore marcher ou voler, donc il doit aussi s&rsquo;arr\u00eater. Les oiseaux cr\u00e9ent alors des nids, les renards des terriers et nous, les humains, des huttes, des tentes, des maisons\u2026 La tension archa\u00efque qui pr\u00e9c\u00e8de la lutte entre bergers et agriculteurs se trouve au sein m\u00eame de la faune, d\u00e9chir\u00e9e entre l&rsquo;obligation de courir et celle d&rsquo;habiter, de se d\u00e9placer le plus possible et de rester le plus possible. <strong>En tant que vivants, nous devons donc \u00eatre \u00e0 la fois nomades et s\u00e9dentaires<\/strong>.<br \/>\n<\/span><\/p>\n<p style=\"margin-left: 28pt;\"><span style=\"color: #c00000; font-family: Arial;\">Y aura-t-il un jour la paix ?<br \/>\n<\/span><\/p>\n<p style=\"margin-left: 28pt;\"><span style=\"color: #c00000; font-family: Arial;\">On commence \u00e0 voir des retournements de situation. <strong>Je ne crois pas que l&rsquo;on puisse imaginer un monde sans agriculture<\/strong>, et toute l&rsquo;\u00e9cologie actuelle est un sauvetage de Ca\u00efn. Nous autres, errants f\u00e9roces, oublions dangereusement que nous d\u00e9pendons de Ca\u00efn le casanier pour boire et manger, c&rsquo;est-\u00e0-dire survivre. Va-t-il se venger ? Je me souviens des disettes durant la derni\u00e8re guerre. Les habitants des villes allaient crier famine dans les fermes voisines, priant le paysan de leur donner quelque grain pour subsister. Mon p\u00e8re et moi nous y rendions \u00e0 bicyclette, pour \u00e9changer des heures de travail contre du lait, des \u0153ufs, un quart de cochon. J&rsquo;ai v\u00e9cu nagu\u00e8re le retournement \u00e0 venir de cette tension fratricide entre Ca\u00efn et Abel. \u00bb<br \/>\n<\/span><\/p>\n<p><span style=\"color: #777777; font-family: Arial;\">C&rsquo;est beau, intelligent et d\u00e9routant comme du Michel Serres<br \/>\n<\/span><\/p>\n<p><span style=\"color: maroon; font-family: Arial;\">&lt;1257&gt;<\/span><\/p>\n","protected":false},"excerpt":{"rendered":"<p>\u00ab&nbsp;Je ne crois pas que l&rsquo;on puisse imaginer un monde sans agriculture.&nbsp;\u00bb Michel Serres Hier nous avons vu les laboureurs l&#8217;emporter sur les chasseurs-cueilleurs dans la r\u00e9volution du n\u00e9olithique. Les s\u00e9dentaires ont remplac\u00e9 les nomades. Bien s\u00fbr ce n&rsquo;\u00e9tait pas<\/p>\n","protected":false},"author":1,"featured_media":0,"comment_status":"open","ping_status":"closed","sticky":false,"template":"","format":"standard","meta":{"footnotes":""},"categories":[1],"tags":[145,21,6],"class_list":["post-6959","post","type-post","status-publish","format-standard","hentry","category-motdujour","tag-agriculture","tag-alimentation","tag-philosophie"],"_links":{"self":[{"href":"https:\/\/lemotdujour.fr\/index.php?rest_route=\/wp\/v2\/posts\/6959","targetHints":{"allow":["GET"]}}],"collection":[{"href":"https:\/\/lemotdujour.fr\/index.php?rest_route=\/wp\/v2\/posts"}],"about":[{"href":"https:\/\/lemotdujour.fr\/index.php?rest_route=\/wp\/v2\/types\/post"}],"author":[{"embeddable":true,"href":"https:\/\/lemotdujour.fr\/index.php?rest_route=\/wp\/v2\/users\/1"}],"replies":[{"embeddable":true,"href":"https:\/\/lemotdujour.fr\/index.php?rest_route=%2Fwp%2Fv2%2Fcomments&post=6959"}],"version-history":[{"count":8,"href":"https:\/\/lemotdujour.fr\/index.php?rest_route=\/wp\/v2\/posts\/6959\/revisions"}],"predecessor-version":[{"id":10017,"href":"https:\/\/lemotdujour.fr\/index.php?rest_route=\/wp\/v2\/posts\/6959\/revisions\/10017"}],"wp:attachment":[{"href":"https:\/\/lemotdujour.fr\/index.php?rest_route=%2Fwp%2Fv2%2Fmedia&parent=6959"}],"wp:term":[{"taxonomy":"category","embeddable":true,"href":"https:\/\/lemotdujour.fr\/index.php?rest_route=%2Fwp%2Fv2%2Fcategories&post=6959"},{"taxonomy":"post_tag","embeddable":true,"href":"https:\/\/lemotdujour.fr\/index.php?rest_route=%2Fwp%2Fv2%2Ftags&post=6959"}],"curies":[{"name":"wp","href":"https:\/\/api.w.org\/{rel}","templated":true}]}}