{"id":6954,"date":"2019-06-25T00:06:29","date_gmt":"2019-06-24T22:06:29","guid":{"rendered":"http:\/\/lemotdujour.fr\/?p=6954"},"modified":"2020-11-06T08:58:57","modified_gmt":"2020-11-06T07:58:57","slug":"mardi-25-juin-2019","status":"publish","type":"post","link":"https:\/\/lemotdujour.fr\/?p=6954","title":{"rendered":"Mardi 25 juin 2019"},"content":{"rendered":"<div class=\"mdjTexte\">\u00ab&nbsp;Il a bien fallu que quelqu&rsquo;un, un jour, fasse le geste de mettre un grain en terre !&nbsp;\u00bb<\/div>\n<div class=\"mdjAuteur\">Patricia Anderson &amp; George Willcox, chercheurs au CNRS \u00ab&nbsp;L&rsquo;Histoire&nbsp;\u00bb N\u00b0193 de novembre 1995<\/div>\n<p><span style=\"color: #777777; font-family: Arial;\">Et il y eut la \u00ab&nbsp;<span style=\"color: #0000ff;\"><a style=\"color: #0000ff;\" href=\"http:\/\/www.ac-grenoble.fr\/ecole\/peyrins\/nsite\/IMG\/pdf_Revolution_du_Neolithique.pdf\">R\u00e9volution du N\u00e9olithique&nbsp;<\/a><\/span>\u00bb, \u00able nouvel \u00e2ge de la pierre\u00bb. Ce lien conduit \u00e0 un diaporama publi\u00e9 par l&rsquo;acad\u00e9mie de Grenoble pour une classe de CE2.<br \/>\n<\/span><\/p>\n<p><span style=\"color: #777777; font-family: Arial;\">Le climat se r\u00e9chauffe. L&rsquo;homme d\u00e9couvre l&rsquo;agriculture, puis l&rsquo;\u00e9levage et se s\u00e9dentarise.<br \/>\n<\/span><\/p>\n<p><span style=\"color: #777777; font-family: Arial;\">Ceci se produit il y a 10 000 ans au Moyen-Orient, au sein du croissant fertile, entre 3 Fleuves : L&rsquo;Euphrate, Le Tigre et le Nil. C&rsquo;est-\u00e0-dire en M\u00e9sopotamie (pays entre les deux fleuves) et en \u00c9gypte.<br \/>\n<\/span><\/p>\n<p><a href=\"https:\/\/fr.wikipedia.org\/wiki\/Croissant_fertile\"><img decoding=\"async\" class=\"alignleft\" src=\"https:\/\/lemotdujour.fr\/wp-content\/uploads\/2019\/06\/062419_2156_Mardi25juin1.png\" alt=\"\" border=\"0\" align=\"left\"><\/a><span style=\"color: #777777; font-family: Arial;\">Wikipedia nous donne une carte de cette r\u00e9gion, permettant de visualiser le \u00ab&nbsp;<strong>croissant fertile<\/strong>&nbsp;\u00bb.<br \/>\n<\/span><\/p>\n<p><span style=\"color: #777777; font-family: Arial;\">Donc l&rsquo;homme invente l&rsquo;agriculture et une population de plus en plus immense sur terre devient paysanne.<br \/>\n<\/span><\/p>\n<p><span style=\"color: #777777; font-family: Arial;\">C&rsquo;est la plus grande partie de l&rsquo;Humanit\u00e9 pendant des mill\u00e9naires.<br \/>\n<\/span><\/p>\n<p><span style=\"color: #777777; font-family: Arial;\">Michel Serres d\u00e9finissait le <strong>XX\u00e8me si\u00e8cle comme celui de la sortie du \u00ab&nbsp;N\u00e9olithique&nbsp;\u00bb<\/strong> le pourcentage de paysans dans le monde passe sous la barre des 50%.<br \/>\n<\/span><\/p>\n<p><span style=\"color: #777777; font-family: Arial;\">En France, <a href=\"https:\/\/agriculture.gouv.fr\/sites\/minagri\/files\/cep_document_de_travail_11_la_population_paysanne_reperes_historiques0609.pdf\"><span style=\"color: #0000ff;\">&lt;Ce site&gt;<\/span><\/a> nous apprend qu&rsquo;en 1856, la proportion de la population active qui \u00e9tait agriculteur \u00e9tait de 51,4%, en 1906 ce taux \u00e9tait tomb\u00e9 \u00e0 43,2% repr\u00e9sentant \u00e0 peu pr\u00e8s 9&nbsp;000&nbsp;000 de paysans.<br \/>\n<\/span><\/p>\n<p><span style=\"color: #777777; font-family: Arial;\">&lt;<a href=\"https:\/\/www.ladocumentationfrancaise.fr\/var\/storage\/rapports-publics\/064000230.pdf\"><span style=\"color: #0000ff;\">Ce rapport parlementaire de 2005<\/span><\/a>&gt; nous explique que la population active agricole, compos\u00e9e des travailleurs salari\u00e9s et non-salari\u00e9s ayant une activit\u00e9 principale agricole, compte <strong>929&nbsp;000 personnes en 2004<\/strong>, soit moins de 4 % de la population active totale, contre 13 % en 1970.<br \/>\n<\/span><\/p>\n<p><span style=\"color: #777777; font-family: Arial;\">Dans le monde cependant, en 2012 l&rsquo;agriculture employait encore plus de <a href=\"https:\/\/www.terre-net.fr\/actualite-agricole\/economie-social\/article\/avec-pres-de-40-de-la-population-active-mondiale-l-agriculture-est-le-premier-pourvoyeur-d-emplois-202-78960.html\"><span style=\"color: #0000ff;\">1,3 milliards de personnes<\/span><\/a>, soit pr\u00e8s de 40 % de la population active mondiale. Dans une cinquantaine de pays, l&rsquo;agriculture employait la moiti\u00e9 de la population, voire jusqu&rsquo;\u00e0 75 % pour les plus pauvres.<br \/>\n<\/span><\/p>\n<p><span style=\"color: #777777; font-family: Arial;\">Mais cette histoire de la naissance de l&rsquo;agriculture est complexe et finalement, il y a assez peu de certitudes et beaucoup de questions non r\u00e9solues.<br \/>\n<\/span><\/p>\n<p><span style=\"color: #777777; font-family: Arial;\">Pourquoi&nbsp;? Comment&nbsp;?<br \/>\n<\/span><\/p>\n<p><span style=\"color: #777777; font-family: Arial;\">Qu&rsquo;est ce qui fut premier&nbsp;: l&rsquo;\u00e9levage ou l&rsquo;agriculture&nbsp;? La s\u00e9dentarisation ou l&rsquo;agriculture&nbsp;?<br \/>\n<\/span><\/p>\n<p><span style=\"color: #777777; font-family: Arial;\">Toutes ces questions sont largement d\u00e9battues, mais les r\u00e9ponses donn\u00e9es sont diverses.<br \/>\n<\/span><\/p>\n<p><span style=\"color: #777777; font-family: Arial;\">Par exemple Jacques Attali, dans la premi\u00e8re \u00e9mission (<em>nous en sommes toujours \u00e0 la premi\u00e8re \u00e9mission sur huit<\/em>) de la s\u00e9rie \u00ab&nbsp;<strong>De quoi manger est-il le nom&nbsp;?<\/strong>&nbsp;\u00bb affirme que c&rsquo;est l&rsquo;\u00e9levage qui fut premier et que ce sont les \u00e9leveurs qui ont invent\u00e9 l&rsquo;agriculture.<br \/>\n<\/span><\/p>\n<p><span style=\"color: #777777; font-family: Arial;\">Souvent on consid\u00e8re que le terme agriculture comprend \u00e0 la fois la culture des sols et la culture des animaux dont le synonyme est l&rsquo;\u00e9levage. C&rsquo;est en effet l&rsquo;acceptation g\u00e9n\u00e9rale.<br \/>\n<\/span><\/p>\n<p><span style=\"color: #777777; font-family: Arial;\">Mais dans la rigueur des principes et des mots&nbsp;: \u00ab&nbsp;<strong>ager<\/strong>&nbsp;\u00bb signifie \u00ab&nbsp;champ&nbsp;\u00bb en latin, l&rsquo;agriculture est donc en premier la culture des champs. Il peut donc \u00eatre l\u00e9gitime de distinguer l&rsquo;agriculture et l&rsquo;\u00e9levage.<br \/>\n<\/span><\/p>\n<p><span style=\"color: #777777; font-family: Arial;\">Mais de quoi est-on certain&nbsp;?<br \/>\n<\/span><\/p>\n<p><span style=\"color: #777777; font-family: Arial;\">Il y eut bien un terme au cycle des glaciations du d\u00e9but du Quaternaire \u00e0 ce moment. La derni\u00e8re a pour nom \u00ab&nbsp;<a href=\"https:\/\/fr.wikipedia.org\/wiki\/Glaciation_de_W%C3%BCrm\"><span style=\"color: #0000ff;\">la glaciation de W\u00fcrm<\/span>&nbsp;<\/a>\u00bb (- 125 000 \u00e0 &#8211; 11&nbsp;430).<br \/>\n<\/span><\/p>\n<p><span style=\"color: #777777; font-family: Arial;\">D\u00e8s lors, le climat va se r\u00e9chauffer et permettre \u00e0 une flore et une faune nouvelles (for\u00eat temp\u00e9r\u00e9e peupl\u00e9e d&rsquo;aurochs, cerfs, chevreuils et sangliers) de remplacer les \u00e9tendues herbeuses de climat froid et sec comme la steppe ou la toundra qui nourrissaient les rennes, rhinoc\u00e9ros laineux, bisons.<br \/>\n<\/span><\/p>\n<p><span style=\"color: #777777; font-family: Arial;\">Les premi\u00e8res traces de culture de plantes et de domestication d&rsquo;animaux \u00e0 des fins alimentaires sont originaires du Moyen-Orient. Les premi\u00e8res traces de ville se trouvent sur le lieu actuel de <strong>J\u00e9richo<\/strong>, ville actuel de Cisjordanie. A l&rsquo;\u00e9poque N\u00e9olithique elle \u00e9tait un port au bord d&rsquo;une mer qui n&rsquo;\u00e9tait pas encore morte.<br \/>\n<\/span><\/p>\n<p><span style=\"color: #777777; font-family: Arial;\">C&rsquo;est encore dans la revue l&rsquo;Histoire&nbsp;: \u00ab&nbsp;<a href=\"https:\/\/www.lhistoire.fr\/de-leuphrate-%C3%A0-la-chine-les-premiers-agriculteurs\"><span style=\"color: #0000ff;\">De l&rsquo;Euphrate \u00e0 la Chine : les premiers agriculteurs<\/span>&nbsp;<\/a>\u00bb que j&rsquo;ai trouv\u00e9 les explications les plus compl\u00e8tes et les plus nuanc\u00e9es sur ce sujet.<br \/>\n<\/span><\/p>\n<p><span style=\"color: #777777; font-family: Arial;\">Notamment que si l&rsquo;Europe n&rsquo;a rien invent\u00e9 \u00e0 ce stade et n&rsquo;a pu entrer dans l&rsquo;agriculture que parce que des \u00ab&nbsp;sachants&nbsp;\u00bb du Croissant fertile ont migr\u00e9 vers notre continent pour apporter la connaissance, l&rsquo;agriculture a \u00e9t\u00e9 invent\u00e9e dans le monde \u00e0 d&rsquo;autres endroits sans apport de la science du moyen orient&nbsp;:<br \/>\n<\/span><\/p>\n<p style=\"margin-left: 28pt;\"><span style=\"color: #c00000; font-family: Arial;\"> \u00ab&nbsp;Car c&rsquo;est sur plusieurs continents \u00e0 la fois, au cours de tr\u00e8s lentes mutations qui ont dur\u00e9 parfois des mill\u00e9naires, que l&rsquo;homme a vu se modifier son rapport \u00e0 la nature. Cette nouvelle approche du ph\u00e9nom\u00e8ne est aujourd&rsquo;hui au c\u0153ur des travaux des pr\u00e9historiens.<br \/>\n<\/span><\/p>\n<p style=\"margin-left: 28pt;\"><span style=\"color: #c00000; font-family: Arial;\">Ces sites des rives de l&rsquo;Euphrate, des Andes ou de la Chine n&rsquo;ont rien de spectaculaire : on y voit des fosses, des trous de poteaux&#8230; Il y tra\u00eene des pierres taill\u00e9es et des d\u00e9chets de taille, souvent des pilons et des mortiers, des os d&rsquo;animaux. Des fragments de v\u00e9g\u00e9taux carbonis\u00e9s sont parfois rest\u00e9s au fond des fosses. Loin de ce qu&rsquo;on appelle les \u00ab splendeurs des grandes civilisations \u00bb, ce sont de simples villages paysans. Mais dont les plus anciens t\u00e9moignent du plus grand changement que les soci\u00e9t\u00e9s humaines n&rsquo;aient jamais connu avant la r\u00e9volution industrielle : la naissance de l&rsquo;agriculture.<br \/>\n<\/span><\/p>\n<p style=\"margin-left: 28pt;\"><span style=\"color: #c00000; font-family: Arial;\">En effet, voici une humanit\u00e9 qui, durant deux \u00e0 trois millions d&rsquo;ann\u00e9es &#8211; depuis qu&rsquo;elle existe -, a toujours v\u00e9cu en ramassant, cueillant, chassant ou p\u00e9chant. <strong>Et un beau jour, la voil\u00e0 qui change son mode de vie : sa nourriture, au lieu de la pr\u00e9lever, elle se met \u00e0 la produire.<\/strong> C&rsquo;est au cours des m\u00eames mill\u00e9naires, entre 10 000 et 7 000 ans av. J.-C, qu&rsquo;apparaissent en plusieurs r\u00e9gions du monde l&rsquo;agriculture, l&rsquo;\u00e9levage et les premiers villages s\u00e9dentaires. Les hommes cultivent des champs et \u00e9l\u00e8vent des troupeaux. Leur attitude \u00e0 l&rsquo;\u00e9gard de la nature et du territoire se modifie radicalement. Dans les temps qui suivent, la population se multiplie par cent et l&rsquo;histoire commence \u00e0 se faire turbulente. Villes, temples, rois et guerres se devinent \u00e0 l&rsquo;horizon de la M\u00e9sopotamie, de l\u2019\u00c9gypte, de la Chine. En se mettant \u00e0 changer le monde, l&rsquo;humanit\u00e9 a aussi chang\u00e9 de monde.\u00bb<br \/>\n<\/span><\/p>\n<p><span style=\"color: #777777; font-family: Arial;\">On trouve sur <strong>Wikip\u00e9dia<\/strong> cette carte qui montre l&rsquo;apparition de l&rsquo;agriculture dans diff\u00e9rentes r\u00e9gions du monde. Dans un temps court au regard de l&rsquo;\u00e9chelle pr\u00e9historique.<br \/>\n<\/span><\/p>\n<p><img decoding=\"async\" src=\"https:\/\/lemotdujour.fr\/wp-content\/uploads\/2019\/06\/062419_2156_Mardi25juin2.png\" alt=\"\"><span style=\"color: #777777; font-family: Arial;\"><br \/>\n<\/span><\/p>\n<p><span style=\"color: #777777; font-family: Arial;\">Beaucoup de th\u00e9ories se succ\u00e8dent en se contredisant. La concomitance de l&rsquo;invention de l&rsquo;agriculture, de la sortie du mod\u00e8le chasseur-cueilleur et de la s\u00e9dentarisation n&rsquo;apparait plus comme une \u00e9vidence.<br \/>\n<\/span><\/p>\n<p><span style=\"color: #777777; font-family: Arial;\">Il semble selon cet article que depuis cinquante ans, une multitude de d\u00e9couvertes et de travaux a remis en cause l&rsquo;id\u00e9e d&rsquo;une \u00e9volution lin\u00e9aire, valable pour l&rsquo;humanit\u00e9 enti\u00e8re. En effet, dans les diverses r\u00e9gions du monde o\u00f9 l&rsquo;agriculture est apparue, on voit que cultures, \u00e9levage, s\u00e9dentarisation et invention de la poterie s&rsquo;encha\u00eenent dans un ordre diff\u00e9rent&nbsp;:<br \/>\n<\/span><\/p>\n<p style=\"margin-left: 28pt;\"><span style=\"color: #c00000; font-family: Arial;\">\u00ab&nbsp;Les villages ? Loin d&rsquo;avoir \u00e9t\u00e9 un r\u00e9sultat de l&rsquo;agriculture, ils paraissent bien l&rsquo;avoir pr\u00e9c\u00e9d\u00e9e dans certaines r\u00e9gions. [sur] le site de Mallaha [\u2026] les habitants de ce village, s\u00e9dentaires, vivaient en chasseurs-p\u00eacheurs-collecteurs dans la meilleure tradition pal\u00e9olithique. Ils disposaient d&rsquo;un environnement assez riche en ressources diverses pour n&rsquo;avoir pas \u00e0 se d\u00e9placer, et p\u00e9chaient beaucoup. Ces villages sans agriculture sont un des caract\u00e8res essentiels de la civilisation appel\u00e9e \u00ab <span style=\"color: #0000ff;\"><a style=\"color: #0000ff;\" href=\"https:\/\/fr.wikipedia.org\/wiki\/Natoufien\">natoufienne<\/a><\/span> \u00bb qui s&rsquo;est \u00e9tendue au Proche-Orient, du Neguev \u00e0 l&rsquo;Euphrate entre 12 500 et 10 000 ans av. J.-C, avant les premi\u00e8res civilisations agricoles.<br \/>\n<\/span><\/p>\n<p style=\"margin-left: 28pt;\"><span style=\"color: #c00000; font-family: Arial;\">Les villages non agricoles ont \u00e9t\u00e9 nombreux en Am\u00e9rique aussi. Il y en avait dans la vall\u00e9e de Mexico vers 7000 av. J.-C, dans un environnement de for\u00eats et de lacs. Il a exist\u00e9 de vrais villages pr\u00e9historiques de p\u00eacheurs le long des c\u00f4tes du Pacifique depuis les \u00c9tats-Unis jusqu&rsquo;au Chili.<br \/>\n<\/span><\/p>\n<p style=\"margin-left: 28pt;\"><span style=\"color: #c00000; font-family: Arial;\">A l&rsquo;inverse, dans certaines r\u00e9gions, la s\u00e9dentarisation n&rsquo;a eu lieu que plusieurs milliers d&rsquo;ann\u00e9es apr\u00e8s l&rsquo;apparition des premi\u00e8res cultures. Au sud du Mexique, dans la vall\u00e9e de Tehuacan, on a d\u00e9couvert au d\u00e9but des ann\u00e9es 1960 que les premi\u00e8res cultures avaient pr\u00e9c\u00e9d\u00e9 de quatre mille ans les premi\u00e8res communaut\u00e9s s\u00e9dentaires. De m\u00eame, dans les r\u00e9gions andines, les premi\u00e8res domestications, aussi bien d&rsquo;animaux que de plantes, ont \u00e9t\u00e9 le fait de groupes nomades ou semi nomades &#8211; et qui le sont rest\u00e9s longtemps.&nbsp;\u00bb<br \/>\n<\/span><\/p>\n<p><span style=\"color: #777777; font-family: Arial;\"><strong>Les hommes du n\u00e9olithique n&rsquo;ont donc pas fait une \u00ab grande d\u00e9couverte \u00bb qui en aurait entra\u00een\u00e9 d&rsquo;autres, mais plusieurs, en ordre dispers\u00e9.<br \/>\n<\/strong><\/span><\/p>\n<p><span style=\"color: #777777; font-family: Arial;\">Et l&rsquo;article de conclure&nbsp;:<br \/>\n<\/span><\/p>\n<p style=\"margin-left: 28pt;\"><span style=\"color: #c00000; font-family: Arial;\">\u00ab&nbsp;Les recherches montrent donc que cette fameuse invention n&rsquo;en a pas \u00e9t\u00e9 une. Bien des soci\u00e9t\u00e9s paraissent s&rsquo;\u00eatre gliss\u00e9es dans le monde de la production sans en avoir eu conscience.&nbsp;\u00bb<br \/>\n<\/span><\/p>\n<p><span style=\"color: #777777; font-family: Arial;\">Un encart de cet article m&rsquo;a donn\u00e9 l&rsquo;occasion de trouver l&rsquo;exergue de ce mot du jour&nbsp;:<br \/>\n<\/span><\/p>\n<p style=\"margin-left: 28pt;\"><span style=\"color: #c00000; font-family: Arial;\">\u00ab&nbsp;La trac\u00e9ologue Patricia Anderson et le pal\u00e9obotaniste George Willcox se sont lanc\u00e9s depuis 1985 dans l&rsquo;\u00e9trange exp\u00e9rience de cultiver du bl\u00e9 et de l&rsquo;orge sauvages \u00e0 la commanderie de Jal\u00e8s, en Ard\u00e8che (base de l&rsquo;Unit\u00e9 propre de recherche 7537 du CNRS). Tous les \u00e9t\u00e9s, ils r\u00e9coltent (\u00e0 la faucille de silex), tous les automnes (ou au printemps) ils s\u00e8ment ; et prennent des notes. Ils ont ainsi pu voir que les grains r\u00e9colt\u00e9s verts avaient d\u00e9j\u00e0 leur pouvoir germinateur et qu&rsquo;on pouvait les semer. Ils envisagent donc une p\u00e9riode de culture de c\u00e9r\u00e9ales sauvages ant\u00e9rieure \u00e0 la transformation de ces plantes et qui a d\u00fb \u00eatre longue : la s\u00e9lection des \u00e9pis qui conservaient leurs grains \u00e0 maturit\u00e9 a pu se faire par la suite sans que les hommes le veuillent, au fil des si\u00e8cles.<br \/>\n<\/span><\/p>\n<p style=\"margin-left: 28pt;\"><span style=\"color: #c00000; font-family: Arial;\">Mais une \u00e9nigme demeure : <strong>l&rsquo;action de semer suppose une d\u00e9cision et repr\u00e9sente une rupture, la rupture&#8230; M\u00eame si les ramasseurs ou ramasseuses laissaient tomber quelques \u00e9pis en chemin et si les premi\u00e8res \u00e9bauches de champs ont, elles aussi, \u00e9t\u00e9 involontaires, il a bien fallu que quelqu&rsquo;un, un jour, fasse le geste de mettre un grain en terre !<\/strong>&nbsp;\u00bb<br \/>\n<\/span><\/p>\n<p><span style=\"color: #777777; font-family: Arial;\">Mais &lt;<a href=\"https:\/\/fr.wikipedia.org\/wiki\/R%C3%A9volution_n%C3%A9olithique\"><span style=\"color: #0000ff;\">la r\u00e9volution n\u00e9olithique<\/span><\/a>&gt; implique d&rsquo;autres transformations que simplement semer des graines. Au cours des mill\u00e9naires suivants, elle transforme les petits groupes chasseurs-cueilleurs mobiles en soci\u00e9t\u00e9s s\u00e9dentaris\u00e9es qui modifient radicalement leur environnement au moyen de techniques agricoles de plus en plus sophistiqu\u00e9es.<br \/>\n<\/span><\/p>\n<p><span style=\"color: #777777; font-family: Arial;\">Cette r\u00e9volution va bien s\u00fbr avoir des cons\u00e9quences essentielles sur l&rsquo;alimentation, mais aussi sur l&rsquo;organisation sociale et politiques des humains, sur la culture et le sacr\u00e9&nbsp;!<br \/>\n<\/span><\/p>\n<p><span style=\"color: #777777; font-family: Arial;\">Elle favorise le d\u00e9veloppement de grandes densit\u00e9s de population, d&rsquo;une division du travail complexe, des \u00e9conomies de production puis de commerce, de structures administratives et politiques centralis\u00e9es.<br \/>\n<\/span><\/p>\n<p><span style=\"color: #777777; font-family: Arial;\"><strong>On inventera l&rsquo;\u00e9criture pour compter la production puis pour \u00e9crire des livres sacr\u00e9s.<br \/>\n<\/strong><\/span><\/p>\n<p><span style=\"color: #777777; font-family: Arial;\">Plus tard, l&rsquo;effet fortement multiplicateur de l&rsquo;irrigation sur le rendement a favoris\u00e9 le d\u00e9veloppement d&rsquo;une population nombreuse dans les vall\u00e9es des grands fleuves, tandis qu&rsquo;une forte densit\u00e9 de population \u00e9tait n\u00e9cessaire \u00e0 l&rsquo;entretien et \u00e0 l&rsquo;extension des digues et canaux. Les premi\u00e8res grandes civilisations sont apparues le long de ces fleuves : le Nil, le Tigre, l&rsquo;Euphrate, l&rsquo;Indus et le fleuve Jaune.<br \/>\n<\/span><\/p>\n<p><span style=\"color: #777777; font-family: Arial;\"><strong>On cr\u00e9era des empires, des hi\u00e9rarchies, des guerriers des pr\u00eatres et des paysans asservis aux premiers.<br \/>\n<\/strong><\/span><\/p>\n<p><span style=\"color: #777777; font-family: Arial;\">Les premi\u00e8res plantes qui furent plant\u00e9es \u00e9taient des c\u00e9r\u00e9ales&nbsp;: le bl\u00e9 amidonnier (anc\u00eatre du bl\u00e9), le petit \u00e9peautre, l&rsquo;orge, la lentille, le pois chiche, un peu plus tard les carottes et des salsifis<br \/>\n<\/span><\/p>\n<p><span style=\"color: #777777; font-family: Arial;\">Le Moyen-Orient fut aussi la source de nombreux animaux domesticables tels que les ch\u00e8vres et les cochons. Cette r\u00e9gion fut \u00e9galement la premi\u00e8re \u00e0 domestiquer les dromadaires.<br \/>\n<\/span><\/p>\n<p><span style=\"color: #777777; font-family: Arial;\">Au cours des mill\u00e9naires, l&rsquo;agriculture s\u00e9lectionnera et hybridera les plantes les plus productives et transformera totalement notre alimentation.<br \/>\n<\/span><\/p>\n<p><span style=\"color: maroon; font-family: Arial;\">&lt;1256&gt;<\/span><\/p>\n","protected":false},"excerpt":{"rendered":"<p>\u00ab&nbsp;Il a bien fallu que quelqu&rsquo;un, un jour, fasse le geste de mettre un grain en terre !&nbsp;\u00bb Patricia Anderson &amp; George Willcox, chercheurs au CNRS \u00ab&nbsp;L&rsquo;Histoire&nbsp;\u00bb N\u00b0193 de novembre 1995 Et il y eut la \u00ab&nbsp;R\u00e9volution du N\u00e9olithique&nbsp;\u00bb, \u00able<\/p>\n","protected":false},"author":1,"featured_media":0,"comment_status":"open","ping_status":"closed","sticky":false,"template":"","format":"standard","meta":{"footnotes":""},"categories":[1],"tags":[21,119,143],"class_list":["post-6954","post","type-post","status-publish","format-standard","hentry","category-motdujour","tag-alimentation","tag-moyen-orient","tag-prehistoire"],"_links":{"self":[{"href":"https:\/\/lemotdujour.fr\/index.php?rest_route=\/wp\/v2\/posts\/6954","targetHints":{"allow":["GET"]}}],"collection":[{"href":"https:\/\/lemotdujour.fr\/index.php?rest_route=\/wp\/v2\/posts"}],"about":[{"href":"https:\/\/lemotdujour.fr\/index.php?rest_route=\/wp\/v2\/types\/post"}],"author":[{"embeddable":true,"href":"https:\/\/lemotdujour.fr\/index.php?rest_route=\/wp\/v2\/users\/1"}],"replies":[{"embeddable":true,"href":"https:\/\/lemotdujour.fr\/index.php?rest_route=%2Fwp%2Fv2%2Fcomments&post=6954"}],"version-history":[{"count":4,"href":"https:\/\/lemotdujour.fr\/index.php?rest_route=\/wp\/v2\/posts\/6954\/revisions"}],"predecessor-version":[{"id":10018,"href":"https:\/\/lemotdujour.fr\/index.php?rest_route=\/wp\/v2\/posts\/6954\/revisions\/10018"}],"wp:attachment":[{"href":"https:\/\/lemotdujour.fr\/index.php?rest_route=%2Fwp%2Fv2%2Fmedia&parent=6954"}],"wp:term":[{"taxonomy":"category","embeddable":true,"href":"https:\/\/lemotdujour.fr\/index.php?rest_route=%2Fwp%2Fv2%2Fcategories&post=6954"},{"taxonomy":"post_tag","embeddable":true,"href":"https:\/\/lemotdujour.fr\/index.php?rest_route=%2Fwp%2Fv2%2Ftags&post=6954"}],"curies":[{"name":"wp","href":"https:\/\/api.w.org\/{rel}","templated":true}]}}