{"id":6943,"date":"2019-06-20T00:25:14","date_gmt":"2019-06-19T22:25:14","guid":{"rendered":"http:\/\/lemotdujour.fr\/?p=6943"},"modified":"2020-11-06T09:05:46","modified_gmt":"2020-11-06T08:05:46","slug":"jeudi-20-juin-2019","status":"publish","type":"post","link":"https:\/\/lemotdujour.fr\/?p=6943","title":{"rendered":"Jeudi 20 juin 2019"},"content":{"rendered":"<div class=\"mdjTexte\">\u00ab&nbsp;Pause (Le prana)&nbsp;\u00bb<\/div>\n<div class=\"mdjAuteur\">Un jour sans mot du jour<\/div>\n<p><span style=\"color: #777777; font-family: Arial;\">J&rsquo;interromps donc la s\u00e9rie sur l&rsquo;alimentation, pendant ce week-end prolong\u00e9.<br \/>\n<\/span><\/p>\n<p><img loading=\"lazy\" decoding=\"async\" class=\"alignleft\" src=\"https:\/\/lemotdujour.fr\/wp-content\/uploads\/2019\/06\/061919_2225_Jeudi20juin1.jpg\" alt=\"\" width=\"331\" height=\"242\" align=\"left\"><span style=\"color: #777777; font-family: Arial;\">Apr\u00e8s mon premier mot du jour de la s\u00e9rie, Florence m&rsquo;a envoy\u00e9 un lien vers une vid\u00e9o, en me disant que c&rsquo;\u00e9tait pour ajouter encore du trouble \u00e0 mes doutes.<br \/>\n<\/span><\/p>\n<p><span style=\"color: #777777; font-family: Arial;\">J&rsquo;ai affirm\u00e9 que pour un \u00eatre vivant, l&rsquo;essentiel est de s&rsquo;alimenter, car s&rsquo;il n&rsquo;avale pas de nourriture et ne boit pas, il meurt.<br \/>\n<\/span><\/p>\n<p><span style=\"color: #777777; font-family: Arial;\">Il semblerait qu&rsquo;il existe des gens qui pr\u00e9tendent qu&rsquo;on peut vivre sans manger.<br \/>\n<\/span><\/p>\n<p><span style=\"color: #777777; font-family: Arial;\">Ce serait un courant issu du hindouisme et du yoga.<br \/>\n<\/span><\/p>\n<p><span style=\"color: #777777; font-family: Arial;\">Le mot utilis\u00e9 est le \u00ab&nbsp;<a href=\"https:\/\/fr.wikipedia.org\/wiki\/Prana\"><span style=\"color: #0000ff;\">prana<\/span>&nbsp;<\/a>\u00bb<br \/>\n<\/span><\/p>\n<p><span style=\"color: #777777; font-family: Arial;\">Pr\u0101\u1e47a est un terme sanskrit. La signification de ce nom int\u00e8gre simultan\u00e9ment les notions de souffle et de principe vital du souffle et de sa manifestation organique dans la respiration.<br \/>\n<\/span><\/p>\n<p><span style=\"color: #777777; font-family: Arial;\">Ces gens pr\u00e9tendent devenir \u00ab pranique \u00bb.<br \/>\n<\/span><\/p>\n<p><span style=\"color: #777777; font-family: Arial;\">C&rsquo;est-\u00e0-dire qu&rsquo;ils sont en capacit\u00e9 de vivre sans manger et sans boire ou avec tr\u00e8s peu de solide et de liquide.<br \/>\n<\/span><\/p>\n<p><span style=\"color: #777777; font-family: Arial;\">Une de ces vid\u00e9os se trouve derri\u00e8re ce lien&nbsp;: <a href=\"https:\/\/www.youtube.com\/watch?v=jDVijvzKhxc\"><span style=\"color: #0000ff;\">&lt;Se nourrir de prana<\/span><\/a><span style=\"color: #0000ff;\">&gt;<\/span><br \/>\n<\/span><\/p>\n<p><span style=\"color: #777777; font-family: Arial;\">Dans ce film vous verrez un homme qui s&rsquo;appelle Gabriel Lesquoy qui affirme que depuis 2012, il ne se nourrirait plus qu&rsquo;avec de la lumi\u00e8re. Il conc\u00e8de manger de temps \u00e0 autre un morceau de chocolat.<br \/>\n<\/span><\/p>\n<p><a href=\"https:\/\/www.youtube.com\/watch?v=iIwl9oMMtGA\"><span style=\"font-family: Arial;\">&lt;<span style=\"color: #0000ff;\">Il y a aussi cet extrait d&rsquo;un documentaire du nom de Lumi\u00e8re&gt;<\/span><\/span><\/a><span style=\"color: #777777; font-family: Arial;\"><br \/>\n<\/span><\/p>\n<p><span style=\"color: #777777; font-family: Arial;\">Et puis <a href=\"https:\/\/www.youtube.com\/watch?v=5BbhSgAwVBE\"><span style=\"color: #0000ff;\">une interview<\/span><\/a> d&rsquo;un homme du nom de \u00ab&nbsp;Henri Monfort&nbsp;\u00bb qui dit ne plus se nourrir d&rsquo;aliment solide depuis 2002 et qui parle d&rsquo;une p\u00e9riode de transition de 21 jours n\u00e9cessaires pour entrer dans une sorte d&rsquo;\u00e9tat pranique.<br \/>\n<\/span><\/p>\n<p><span style=\"color: #777777; font-family: Arial;\">Je n&rsquo;ai pas approfondi ce sujet, mais j&rsquo;ai constat\u00e9 qu&rsquo;il y avait de nombreuses vid\u00e9os et sites qui tournaient autour de ce discours de la possibilit\u00e9 de vivre sans manger et aussi sans boire.<br \/>\n<\/span><\/p>\n<p><span style=\"color: #777777; font-family: Arial;\">Le pranisme a aussi pour nom L&rsquo;<strong>in\u00e9die<\/strong> ou le <strong>respirianisme<\/strong>.<br \/>\n<\/span><\/p>\n<p><span style=\"color: #777777; font-family: Arial;\">Cette &lt;<a href=\"https:\/\/fr.wikipedia.org\/wiki\/In%C3%A9die\"><span style=\"color: #0000ff;\">page Wikipedia<\/span><\/a>&gt; essaye de faire le point sur ces pr\u00e9tentions et donne une liste de cas qui seraient rattach\u00e9s \u00e0 cette possibilit\u00e9 de vivre sans apport de nutrition solide.<br \/>\n<\/span><\/p>\n<p><span style=\"color: #777777; font-family: Arial;\">On y lit que&nbsp;:<br \/>\n<\/span><\/p>\n<p style=\"margin-left: 28pt;\"><span style=\"color: #c00000; font-family: Arial;\">\u00ab&nbsp;Les connaissances actuelles de la physiologie humaine, en particulier du m\u00e9tabolisme basal ne permettent pas de la consid\u00e9rer comme plausible.&nbsp;\u00bb<br \/>\n<\/span><\/p>\n<p><span style=\"color: #777777; font-family: Arial;\">Il est av\u00e9r\u00e9 que des personnes qui se sont soumises \u00e0 ces pratiques sont mortes. Les \u00ab&nbsp;gourous&nbsp;\u00bb de ces m\u00e9thodes ont alors affirm\u00e9 que ces personnes d\u00e9c\u00e9d\u00e9es n&rsquo;avaient pas suivi les pr\u00e9conisations qui avaient \u00e9t\u00e9 \u00e9nonc\u00e9es.<br \/>\n<\/span><\/p>\n<p><span style=\"color: #777777; font-family: Arial;\">Pour l&rsquo;instant, aucune exp\u00e9rience scientifique s\u00e9rieuse et encadr\u00e9e n&rsquo;a pu valider la v\u00e9racit\u00e9 de ces pratiques.<\/span><\/p>\n","protected":false},"excerpt":{"rendered":"<p>\u00ab&nbsp;Pause (Le prana)&nbsp;\u00bb Un jour sans mot du jour J&rsquo;interromps donc la s\u00e9rie sur l&rsquo;alimentation, pendant ce week-end prolong\u00e9. Apr\u00e8s mon premier mot du jour de la s\u00e9rie, Florence m&rsquo;a envoy\u00e9 un lien vers une vid\u00e9o, en me disant que<\/p>\n","protected":false},"author":1,"featured_media":0,"comment_status":"open","ping_status":"closed","sticky":false,"template":"","format":"standard","meta":{"footnotes":""},"categories":[1],"tags":[],"class_list":["post-6943","post","type-post","status-publish","format-standard","hentry","category-motdujour"],"_links":{"self":[{"href":"https:\/\/lemotdujour.fr\/index.php?rest_route=\/wp\/v2\/posts\/6943","targetHints":{"allow":["GET"]}}],"collection":[{"href":"https:\/\/lemotdujour.fr\/index.php?rest_route=\/wp\/v2\/posts"}],"about":[{"href":"https:\/\/lemotdujour.fr\/index.php?rest_route=\/wp\/v2\/types\/post"}],"author":[{"embeddable":true,"href":"https:\/\/lemotdujour.fr\/index.php?rest_route=\/wp\/v2\/users\/1"}],"replies":[{"embeddable":true,"href":"https:\/\/lemotdujour.fr\/index.php?rest_route=%2Fwp%2Fv2%2Fcomments&post=6943"}],"version-history":[{"count":4,"href":"https:\/\/lemotdujour.fr\/index.php?rest_route=\/wp\/v2\/posts\/6943\/revisions"}],"predecessor-version":[{"id":10021,"href":"https:\/\/lemotdujour.fr\/index.php?rest_route=\/wp\/v2\/posts\/6943\/revisions\/10021"}],"wp:attachment":[{"href":"https:\/\/lemotdujour.fr\/index.php?rest_route=%2Fwp%2Fv2%2Fmedia&parent=6943"}],"wp:term":[{"taxonomy":"category","embeddable":true,"href":"https:\/\/lemotdujour.fr\/index.php?rest_route=%2Fwp%2Fv2%2Fcategories&post=6943"},{"taxonomy":"post_tag","embeddable":true,"href":"https:\/\/lemotdujour.fr\/index.php?rest_route=%2Fwp%2Fv2%2Ftags&post=6943"}],"curies":[{"name":"wp","href":"https:\/\/api.w.org\/{rel}","templated":true}]}}