{"id":6928,"date":"2019-06-19T00:31:32","date_gmt":"2019-06-18T22:31:32","guid":{"rendered":"http:\/\/lemotdujour.fr\/?p=6928"},"modified":"2020-11-06T09:13:12","modified_gmt":"2020-11-06T08:13:12","slug":"mercredi-19-juin-2019","status":"publish","type":"post","link":"https:\/\/lemotdujour.fr\/?p=6928","title":{"rendered":"Mercredi 19 juin 2019"},"content":{"rendered":"<div class=\"mdjTexte\">\u00abOn ne mange pas son prochain comme cela, qu\u2019on soit n\u00e9andertalien ou sapiens.\u00bb<\/div>\n<div class=\"mdjAuteur\">Pascal Picq \u00ab Le sens des choses \u00bb premi\u00e8re \u00e9mission (16:30)<\/div>\n<p><span style=\"color: #777777; font-family: Arial;\">Donc les hommes mangent de la viande depuis des centaines de milliers d&rsquo;ann\u00e9e. De mani\u00e8re diff\u00e9renci\u00e9e selon la r\u00e9gion de la plan\u00e8te qu&rsquo;ils occupent, le climat et la pr\u00e9sence plus ou moins importante de v\u00e9g\u00e9taux capable de les nourrir.<br><\/span><\/p>\n<p><span style=\"color: #777777; font-family: Arial;\">Les esprits taquins diront, mais il y a des civilisations qui sont v\u00e9g\u00e9tariennes&nbsp;!<br><\/span><\/p>\n<p><span style=\"color: #777777; font-family: Arial;\">Certes, mais selon les recherches r\u00e9centes <strong>le v\u00e9g\u00e9tarisme est apparu entre -600 et -500 avant notre \u00e8re, dans la vall\u00e9e de l&rsquo;Indus<\/strong>, au sein de la culture hindoue et du d\u00e9veloppement du ja\u00efnisme qui est une religion (<em>source&nbsp;: Histoires de l&rsquo;Alimentation de Jacques Attali page 46<\/em>). Car il a fallu le r\u00e9cit, le sacr\u00e9 et le d\u00e9veloppement des mythes pour renoncer \u00e0 manger de la viande. Mais nous y reviendrons certainement. Constatons cependant que c&rsquo;est tr\u00e8s r\u00e9cent dans l&rsquo;\u00e9chelle de l&rsquo;histoire humaine.<br><\/span><\/p>\n<p><span style=\"color: #777777; font-family: Arial;\">Mais s&rsquo;ils mangent de la viande, l&rsquo;id\u00e9e qu&rsquo;ils peuvent manger leurs cong\u00e9n\u00e8res qui constituent \u00ab de la viande de proximit\u00e9 \u00bb peut \u00eatre cr\u00e9dible.<br><\/span><\/p>\n<p><span style=\"color: #777777; font-family: Arial;\">Il pourrait m\u00eame \u00eatre questionn\u00e9 si le cannibalisme \u00e9tait tr\u00e8s largement d\u00e9velopp\u00e9 chez les premiers hommes.<br><\/span><\/p>\n<p><span style=\"color: #777777; font-family: Arial;\">Mais, il faut au pr\u00e9alable rappeler quelques d\u00e9finitions<br><\/span><\/p>\n<p><span style=\"color: #777777; font-family: Arial;\">\u00ab&nbsp;<strong>Le cannibalisme<\/strong>&nbsp;\u00bb est un terme g\u00e9n\u00e9rique qui n&rsquo;est pas r\u00e9serv\u00e9 aux humains. En fait, le cannibalisme est une pratique qui consiste \u00e0 consommer un individu de sa propre esp\u00e8ce et s&rsquo;applique \u00e0 tous les animaux. Un \u00ab&nbsp;\u00eatre humain cannibale&nbsp;\u00bb est plus pr\u00e9cis\u00e9ment \u00ab&nbsp;<strong>un anthropophage<\/strong>&nbsp;\u00bb.<br><\/span><\/p>\n<p><span style=\"color: #777777; font-family: Arial;\">L&rsquo;anthropophagie (du grec <strong>anthr\u00f4pos<\/strong>, \u00ab \u00eatre humain \u00bb, et <strong>phag\u00eda <\/strong>qui se rapporte \u00e0 l&rsquo;action de \u00ab consommer \u00bb) est donc la pratique du cannibalisme qui concerne exclusivement l&rsquo;esp\u00e8ce humaine.<br><\/span><\/p>\n<p><span style=\"color: #777777; font-family: Arial;\">Il n&rsquo;y a aucun doute que l&rsquo;anthropophagie existait chez les premiers hommes, l&rsquo;importance du ph\u00e9nom\u00e8ne n&rsquo;est pas connue avec certitude.<br><\/span><\/p>\n<p><span style=\"color: #777777;\"><span style=\"font-family: Arial;\">Dans l&rsquo;\u00e9mission que j&rsquo;ai cit\u00e9e hier Pascal Picq dit&nbsp;: &nbsp;<\/span><span style=\"font-family: Times New Roman; font-size: 12pt;\"><br><\/span><\/span><\/p>\n<p style=\"margin-left: 28pt;\"><span style=\"color: #c00000;\"><span style=\"font-family: Arial;\">\u00ab&nbsp;Pour les anc\u00eatres des N\u00e9andertaliens qu&rsquo;on appelle par commodit\u00e9 les pr\u00e9-N\u00e9andertaliens, notamment sur des sites d&rsquo;Espagne o\u00f9 il y a beaucoup de d\u00e9couvertes, vers 600 000 \u00e0 400 000 ans il y avait une strat\u00e9gie de cannibalisme qui \u00e9tait quand m\u00eame assez importante. On n&rsquo;aime pas trop en parler, il y a des tabous autour du cannibalisme alors on se dit que c&rsquo;\u00e9tait du cannibalisme rituel ou occasionnel ou de disette. Il semble quand m\u00eame qu&rsquo;il y avait une strat\u00e9gie assez pouss\u00e9e comme on en conna\u00eetra chez les am\u00e9rindiens \u00e0 d&rsquo;autres \u00e9poques, ce qui avait beaucoup scandalis\u00e9 les espagnols lors de la conqu\u00eate des Am\u00e9riques.<\/span><span style=\"font-family: Times New Roman; font-size: 12pt;\"><br><\/span><\/span><\/p>\n<p style=\"margin-left: 28pt;\"><span style=\"color: #c00000; font-family: Arial;\">Le nombre d&rsquo;os qui ont \u00e9t\u00e9 gratt\u00e9s, passes au silex et aux feux est absolument consid\u00e9rable.&nbsp;\u00bb<br><\/span><\/p>\n<p><a href=\"https:\/\/www.werelderfgoedfotos.nl\/en\/photos\/213-archaeological-site-of-atapuerca.html\"><img loading=\"lazy\" decoding=\"async\" class=\"alignleft\" src=\"https:\/\/lemotdujour.fr\/wp-content\/uploads\/2019\/06\/061819_2131_Mercredi19j1.jpg\" alt=\"\" width=\"590\" height=\"394\" border=\"0\" align=\"left\"><\/a><span style=\"color: #777777; font-family: Arial;\">Il semble que le site le plus ancien actuellement connu est <span style=\"color: #0000ff;\"><a style=\"color: #0000ff;\" href=\"https:\/\/www.nationalgeographic.fr\/histoire\/2019\/05\/le-cannibalisme-etait-une-pratique-courante-chez-lhomo-antecessor\"><strong>Atapuerca<\/strong><\/a><\/span>, en Espagne pr\u00e8s de Burgos, vieux de 800 000 ans. On a trouv\u00e9 en 1994, 11 ossements humains (enfants, femmes, hommes) avec des marques de d\u00e9capitation, des stries de boucherie et des fractures anthropiques (notamment sur des os \u00e0 moelle) op\u00e9r\u00e9es par des outils en pierre, le tout m\u00eal\u00e9 \u00e0 des restes d&rsquo;animaux (bisons, cerfs, moutons sauvages).<br><\/span><\/p>\n<p><span style=\"color: #777777; font-family: Arial;\">Ce <span style=\"color: #0000ff;\"><a style=\"color: #0000ff;\" href=\"https:\/\/www.hominides.com\/html\/references\/les-premieres-cannibales-prehistoire-0722.php\">&lt;site&gt;<\/a><\/span> donne la parole \u00e0 la pr\u00e9historienne Maryl\u00e8ne Patou-Mathis :<br><\/span><\/p>\n<p style=\"margin-left: 28pt;\"><span style=\"color: #c00000; font-family: Arial;\">\u00ab L&rsquo;origine de ces pratiques semble (\u2026) tr\u00e8s ancienne. En effet, les ossements humains les plus anciens que nous connaissions en Europe, trouv\u00e9s dans le site de la <strong>Gran Dolina d&rsquo;Atapuerca<\/strong>, au nord de l&rsquo;Espagne, et dat\u00e9s de 800 000 ans, \u00e9taient m\u00eal\u00e9s \u00e0 des restes d&rsquo;animaux et portent des marques de d\u00e9capitation, des stries de \u00a0\u00bb boucherie \u00a0\u00bb et des fractures r\u00e9sultant d&rsquo;une action humaine (notamment sur des os \u00e0 moelle). Femmes, hommes et enfants auraient \u00e9t\u00e9 consomm\u00e9s \u00bb<br><\/span><\/p>\n<p><a href=\"http:\/\/www.lefigaro.fr\/sciences\/2009\/06\/22\/01008-20090622ARTFIG00372-les-premiers-europeens-etaient-ils-cannibales-.php\"><span style=\"font-family: Arial;\"><span style=\"color: #0000ff;\">&lt;Il y a aussi cet article du Figaro&gt;<\/span><\/span><\/a><span style=\"color: blue; font-family: Arial;\"><br><\/span><\/p>\n<p><span style=\"color: #777777;\"><span style=\"font-family: Arial;\">Pascal Picq donne raison \u00e0 Jacques Attali lorsque ce dernier dit sa conviction, plus par intuition que par science, que le cannibalisme est structurant, dans la condition humaine, parce que manger l&rsquo;autre, c&rsquo;est manger le mal pour en recevoir la force<\/span><span style=\"font-family: Times New Roman; font-size: 12pt;\"><br><\/span><\/span><\/p>\n<p><span style=\"color: #777777;\"><span style=\"font-family: Arial;\">Et Pascal Picq d&rsquo;ajouter&nbsp;: <\/span><span style=\"font-family: Times New Roman; font-size: 12pt;\"><br><\/span><\/span><\/p>\n<p style=\"margin-left: 28pt;\"><span style=\"color: #c00000;\"><span style=\"font-family: Arial;\">\u00ab&nbsp;C&rsquo;est peut \u00eatre le cas que nous avons, en Ard\u00e8che, au Baume Moula ou on a trouv\u00e9 des restes d&rsquo;ossements humains n\u00e9andertaliens qui portent des marques de traitement de boucheries. [<span style=\"color: #777777;\">Gr\u00e2ce \u00e0 d&rsquo;autres pr\u00e9l\u00e8vements sur les os<span style=\"color: #c00000;\">] on est certain qu&rsquo;il y a eu consommation de viande humaine&nbsp;\u00bb<\/span><\/span><\/span><span style=\"font-family: Times New Roman; font-size: 12pt;\"><br><\/span><\/span><\/p>\n<p><span style=\"color: #777777; font-family: Arial;\">Situ\u00e9e face au Rh\u00f4ne, la grotte de Baume Moula-Guercy se trouve sur la commune de Soyons, un peu au sud de Valence. &lt;<a href=\"https:\/\/www.pourlascience.fr\/sd\/prehistoire\/des-neandertaliens-cannibales-dans-la-vallee-du-rhone-16362.php\"><span style=\"color: #0000ff;\">Cet article<\/span><\/a>&gt; nous apprend qu&rsquo;il y a pr\u00e8s de&nbsp;120 000 ans, un clan n\u00e9andertalien&nbsp;\u00e9tabli dans la grotte de la Baume Moula-Guercy, en Ard\u00e8che aurait pratiqu\u00e9 l&rsquo;anthropophagie en raison \u2026 du r\u00e9chauffement climatique.<br><\/span><\/p>\n<p><span style=\"color: #777777; font-family: Arial;\">Il existe aussi le site <strong>de la Caune de l&rsquo;Arago<\/strong> en France sur la commune de Tautavel, dans les Pyr\u00e9n\u00e9es-Orientales, et qui a donn\u00e9 naissance \u00e0 \u00ab&nbsp;<strong>l&rsquo;homme de Tautavel<\/strong>&nbsp;\u00bb. Cet article de la D\u00e9p\u00eache de Toulouse \u00e9voque du \u00ab&nbsp;<span style=\"color: #0000ff;\"><a style=\"color: #0000ff;\" href=\"https:\/\/www.ladepeche.fr\/article\/2013\/07\/23\/1676596-tautavel-continue-a-livrer-ses-secrets-de-nos-ancetres-cannibales.html\">Cannibalisme rituel<\/a><\/span>&nbsp;\u00bb.<br><\/span><\/p>\n<p><span style=\"color: #777777; font-family: Arial;\">Le cannibalisme avait donc de multiples causes, la disette, certains \u00e9voque aussi la volont\u00e9 de terroriser un ennemi ou encore la consommation de facilit\u00e9&nbsp;: il \u00e9tait plus facile de tuer un homme que grand nombre d&rsquo;animaux.<br><\/span><\/p>\n<p><span style=\"color: #777777; font-family: Arial;\">Mais il semblerait que l&rsquo;aspect rituel \u00e9tait tr\u00e8s important dans ces pratiques.<br><\/span><\/p>\n<p><span style=\"color: #777777; font-family: Arial;\">Et Pascal Picq pr\u00e9tend que&nbsp;:<br><\/span><\/p>\n<p style=\"margin-left: 28pt;\"><span style=\"color: #c00000; font-family: Arial;\">\u00ab&nbsp;Il y a encore beaucoup de rituels, m\u00eame aujourd&rsquo;hui, dans lesquels les cendres des morts ou m\u00eame les parties des morts sont int\u00e9gr\u00e9s dans des plats de fa\u00e7on que l&rsquo;on r\u00e9int\u00e8gre leur \u00e2me leur force ou certains aspects de leur spiritualit\u00e9.&nbsp;\u00bb<br><\/span><\/p>\n<p><span style=\"color: #777777; font-family: Arial;\">J&rsquo;ai voulu en savoir un peu plus et j&rsquo;ai trouv\u00e9 des chasseurs cueilleurs qui au XX\u00e8me si\u00e8cle vivaient dans les for\u00eats tropicales de l&rsquo;est du Paraguay&nbsp;: <a href=\"https:\/\/fr.wikipedia.org\/wiki\/Guayaki\">l<span style=\"color: #0000ff;\">es Guayaki<\/span><\/a><span style=\"color: #0000ff;\">.<\/span><br><\/span><\/p>\n<p><span style=\"color: #777777; font-family: Arial;\">Guayaki signifie \u00ab&nbsp;rats f\u00e9roces&nbsp;\u00bb mais ce sont leurs voisins et rivaux qui les appelaient ainsi, eux-m\u00eames s&rsquo;appelaient \u00ab&nbsp;Ach\u00e9&nbsp;\u00bb \u00ab&nbsp;vraies&nbsp;personnes&nbsp;\u00bb dans leur langue.<br><\/span><\/p>\n<p><span style=\"color: #777777; font-family: Arial;\">Il semble donc qu&rsquo;avant 1960, il restait un groupe de Guayaki qui consommait tous leurs morts. Wikipedia nous apprend<br><\/span><\/p>\n<p style=\"margin-left: 28pt;\"><span style=\"color: #c00000; font-family: Arial;\">\u00ab&nbsp;Les morts \u00e9taient mang\u00e9s, quelle que soit la cause du d\u00e9c\u00e8s. Si le d\u00e9c\u00e8s avait lieu trop tard dans la journ\u00e9e ou bien la nuit, le cadavre \u00e9tait couvert de foug\u00e8res, car il \u00e9tait interdit de manger la plupart des viandes \u00e0 la nuit tombante. Ce n&rsquo;est donc que le lendemain que le corps \u00e9tait d\u00e9coup\u00e9, avant d&rsquo;\u00eatre r\u00f4ti sur un gril [\u2026]. Tous les membres du groupe participaient au repas sauf le p\u00e8re, la m\u00e8re et le conjoint principal de la victime. Les fils et les filles du d\u00e9funt pouvaient ou non \u00eatre amen\u00e9s \u00e0 manger leur g\u00e9niteur. Si le mort avait \u00e9t\u00e9 victime d&rsquo;un autre membre du groupe, celui-ci \u00e9tait exclu du repas ainsi que son p\u00e8re et sa m\u00e8re. La pratique renvoie \u00e0 celle de la chasse et au fait que le chasseur ne peut consommer le gibier qu&rsquo;il a lui-m\u00eame tu\u00e9. Le repas suivait les r\u00e8gles qui gouvernent la consommation de gibier&nbsp;: ne pas rire, ne pas manger couch\u00e9 ou lorsque la nuit est tomb\u00e9e. Mais une fois la viande humaine consomm\u00e9e, les os du cadavre \u00e9taient bris\u00e9s, suc\u00e9s, puis jet\u00e9s dans le feu&nbsp;; le cr\u00e2ne \u00e9tait pil\u00e9 et ses morceaux br\u00fbl\u00e9s, la fum\u00e9e emportant alors l&rsquo;\u00e2me vers le ciel. La cr\u00e9mation des os r\u00e9pondait en fait \u00e0 une double exigence&nbsp;: permettre la mont\u00e9e d&rsquo;Ow\u00e9 \u2014 l&rsquo;\u00e2me c\u00e9leste, b\u00e9n\u00e9fique \u2014&nbsp;vers le ciel, et \u00e9carter Ianw\u00e9 \u2014 l&rsquo;\u00e2me tellurique, associ\u00e9e \u00e0 tous les esprits mauvais et redout\u00e9e par les Ach\u00e9.\u00bb<br><\/span><\/p>\n<p><span style=\"color: #777777; font-family: Arial;\">Vous pourrez en savoir davantage sur Wikipedia et plus encore dans cet article d&rsquo;une ethnologue sp\u00e9cialiste des Guayaki : H\u00e9l\u00e8ne Castres \u00ab&nbsp; <a href=\"https:\/\/www.persee.fr\/doc\/jsa_0037-9174_1968_num_57_1_2035\"><span style=\"color: #0000ff;\">Rites fun\u00e9raires Guayaki&nbsp;<\/span><\/a><span style=\"color: #0000ff;\">\u00bb<\/span><br><\/span><\/p>\n<p><span style=\"color: #777777; font-family: Arial;\">Finalement, l&rsquo;anthropophagie reste quand m\u00eame un tabou, quelque chose que les hommes ne faisaient pas naturellement, il fallait un motif, un rite.<br><\/span><\/p>\n<p><span style=\"color: #777777; font-family: Arial;\">Et Pascal Picq dit cette phrase que j&rsquo;utilise comme exergue pour r\u00e9sumer ce mot du jour&nbsp;:<br><\/span><\/p>\n<p style=\"margin-left: 28pt;\"><span style=\"color: #c00000; font-family: Arial;\">\u00ab&nbsp;On ne mange pas son prochain comme cela, qu&rsquo;on soit n\u00e9andertalien ou sapiens&nbsp;\u00bb<br><\/span><\/p>\n<p><img loading=\"lazy\" decoding=\"async\" class=\"alignleft\" src=\"https:\/\/lemotdujour.fr\/wp-content\/uploads\/2019\/06\/061819_2131_Mercredi19j2.jpg\" alt=\"\" width=\"407\" height=\"266\" align=\"left\"><span style=\"color: #777777; font-family: Arial;\">A partir de l&rsquo;Art pr\u00e9historique, il r\u00e9v\u00e8le aussi un fait qui me parait \u00e9trange et surprenant&nbsp;:<br><\/span><\/p>\n<p style=\"margin-left: 28pt;\"><span style=\"color: #c00000; font-family: Arial;\">\u00ab&nbsp;A Lascaux sont repr\u00e9sent\u00e9s des aurochs, des cerfs, des chevaux, des bouquetins quelques pr\u00e9dateurs et on a pens\u00e9 pendant longtemps que c&rsquo;\u00e9tait des fresques, des repr\u00e9sentations qui pouvaient avec quelques cultes rendre la chasse plus propice. Que Nenni&nbsp;! En fait on s&rsquo;aper\u00e7oit qu&rsquo;ils mangeaient du renne. On peut imaginer qu&rsquo;il existe une diff\u00e9rence, comme l&rsquo;exprime l&rsquo;art pr\u00e9historique \u00e0 Lascaux et ailleurs entre les esp\u00e8ces qu&rsquo;on repr\u00e9sente qui sont des esp\u00e8ces symboliques qui relient \u00e0 leur cosmogonie, \u00e0 leur conception de la cr\u00e9ation du monde et de ce que doit \u00eatre le monde, dans les mondes imaginaires et le monde de l&rsquo;au-del\u00e0 et ils ne mangeaient pas les m\u00eames animaux que ceux repr\u00e9sent\u00e9s.&nbsp;\u00bb<br><\/span><\/p>\n<p><span style=\"color: #777777; font-family: Arial;\">Pascal Picq nous dit donc que les animaux que les hommes pr\u00e9historiques mangeaient n&rsquo;\u00e9taient pas ceux qu&rsquo;ils repr\u00e9sentaient dans les grottes.<br><\/span><\/p>\n<p><span style=\"color: #777777; font-family: Arial;\">Pour revenir au cannibalisme humain<br><\/span><\/p>\n<p><a href=\"https:\/\/fr.wikipedia.org\/wiki\/Anthropophagie\"><span style=\"color: #777777; font-family: Arial;\"><span style=\"color: #0000ff;\">Wikipedia<\/span><\/span><\/a><span style=\"color: #777777; font-family: Arial;\"> nous rapporte, que dans les terribles monstruosit\u00e9s auxquels le XXe si\u00e8cle a donn\u00e9 naissance, il y eut une r\u00e9surgence d&rsquo;anthropophagie de masse pour des raisons de disette&nbsp;: pendant la famine sovi\u00e9tique de 1921-1922 et durant le si\u00e8ge de Leningrad. Et aussi en Chine&nbsp;:<br><\/span><\/p>\n<p style=\"margin-left: 28pt;\"><span style=\"color: #c00000; font-family: Arial;\">\u00ab&nbsp;Selon l&rsquo;universitaire chinois Yang Jisheng, Mao Zedong engage de 1958 au d\u00e9but 1960, le Grand Bond en avant qui \u00ab provoque un gigantesque d\u00e9sastre \u00e9conomique \u00bb. Pour approvisionner les villes, mais aussi pour briser la r\u00e9sistance paysanne comme en URSS sous le r\u00e9gime de Staline, \u00ab les paysans sont affam\u00e9s \u00bb. Yang Jisheng indique que le nombre de personnes ayant perdu la vie de fa\u00e7on \u00ab anormale \u00bb pour l&rsquo;ensemble de la Chine est de 36 millions et que des cas de cannibalisme sont alors constat\u00e9s dans l&rsquo;ensemble du territoire chinois.&nbsp;\u00bb<br><\/span><\/p>\n<p><span style=\"color: #777777; font-family: Arial;\">Je redonne le lien vers l&rsquo;\u00e9mission du \u00ab&nbsp;Sens des choses&nbsp;: de quoi manger est-il le nom&nbsp;\u00bb :<span style=\"color: #0000ff;\"> <a style=\"color: #0000ff;\" href=\"https:\/\/www.franceculture.fr\/emissions\/le-sens-des-choses\/le-sens-religieux-de-la-nourriture-cannibalisme-et-interdits-religieux\">Le sens religieux de la nourriture : cannibalisme et interdits religieux.<\/a><\/span><br><\/span><\/p>\n<p><span style=\"color: #c00000; font-family: Arial;\"><span style=\"color: #800000;\">&lt;1254&gt;<\/span><br><\/span><\/p>\n<p><span style=\"color: #777777; font-family: Arial;\"><em>Nous allons prendre avec Annie un week-end prolong\u00e9. Le prochain mot du jour sera publi\u00e9 le 24 juin 2019<\/em><\/span><\/p>\n\n\n<p><\/p>\n","protected":false},"excerpt":{"rendered":"<p>\u00abOn ne mange pas son prochain comme cela, qu\u2019on soit n\u00e9andertalien ou sapiens.\u00bb Pascal Picq \u00ab Le sens des choses \u00bb premi\u00e8re \u00e9mission (16:30) Donc les hommes mangent de la viande depuis des centaines de milliers d&rsquo;ann\u00e9e. De mani\u00e8re diff\u00e9renci\u00e9e<\/p>\n","protected":false},"author":1,"featured_media":0,"comment_status":"open","ping_status":"closed","sticky":false,"template":"","format":"standard","meta":{"footnotes":""},"categories":[1],"tags":[21,143],"class_list":["post-6928","post","type-post","status-publish","format-standard","hentry","category-motdujour","tag-alimentation","tag-prehistoire"],"_links":{"self":[{"href":"https:\/\/lemotdujour.fr\/index.php?rest_route=\/wp\/v2\/posts\/6928","targetHints":{"allow":["GET"]}}],"collection":[{"href":"https:\/\/lemotdujour.fr\/index.php?rest_route=\/wp\/v2\/posts"}],"about":[{"href":"https:\/\/lemotdujour.fr\/index.php?rest_route=\/wp\/v2\/types\/post"}],"author":[{"embeddable":true,"href":"https:\/\/lemotdujour.fr\/index.php?rest_route=\/wp\/v2\/users\/1"}],"replies":[{"embeddable":true,"href":"https:\/\/lemotdujour.fr\/index.php?rest_route=%2Fwp%2Fv2%2Fcomments&post=6928"}],"version-history":[{"count":8,"href":"https:\/\/lemotdujour.fr\/index.php?rest_route=\/wp\/v2\/posts\/6928\/revisions"}],"predecessor-version":[{"id":10023,"href":"https:\/\/lemotdujour.fr\/index.php?rest_route=\/wp\/v2\/posts\/6928\/revisions\/10023"}],"wp:attachment":[{"href":"https:\/\/lemotdujour.fr\/index.php?rest_route=%2Fwp%2Fv2%2Fmedia&parent=6928"}],"wp:term":[{"taxonomy":"category","embeddable":true,"href":"https:\/\/lemotdujour.fr\/index.php?rest_route=%2Fwp%2Fv2%2Fcategories&post=6928"},{"taxonomy":"post_tag","embeddable":true,"href":"https:\/\/lemotdujour.fr\/index.php?rest_route=%2Fwp%2Fv2%2Ftags&post=6928"}],"curies":[{"name":"wp","href":"https:\/\/api.w.org\/{rel}","templated":true}]}}