{"id":6911,"date":"2019-06-17T02:24:25","date_gmt":"2019-06-17T00:24:25","guid":{"rendered":"http:\/\/lemotdujour.fr\/?p=6911"},"modified":"2020-11-06T09:23:05","modified_gmt":"2020-11-06T08:23:05","slug":"lundi-17-juin-2019","status":"publish","type":"post","link":"https:\/\/lemotdujour.fr\/?p=6911","title":{"rendered":"Lundi 17 juin 2019"},"content":{"rendered":"<div class=\"mdjTexte\">\t\u00ab\u00a0\u00ab&nbsp;Der Mensch ist, was er i\u00dft<br \/>\nL\u2019homme est ce qu\u2019il mange \u00bb\u00a0\u00bb<\/div>\n<div class=\"mdjAuteur\">\tLudwig Andreas Feuerbach<\/div>\n<p><span style=\"color: #777777; font-family: Arial;\">Qu&rsquo;est ce qui est essentiel pour un \u00eatre vivant comme l&rsquo;homme&nbsp;?<br \/>\n<\/span><\/p>\n<p><span style=\"color: #777777; font-family: Arial;\">C&rsquo;est d&rsquo;abord d&rsquo;\u00e9viter d&rsquo;\u00eatre tu\u00e9 par un danger naturel, un accident, un pr\u00e9dateur.<br \/>\n<\/span><\/p>\n<p><span style=\"color: #777777; font-family: Arial;\">Puis c&rsquo;est de s&rsquo;alimenter, car s&rsquo;il n&rsquo;avale pas de nourriture et ne boit pas, il meurt aussi.<br \/>\n<\/span><\/p>\n<p><span style=\"color: #777777; font-family: Arial;\">Si on d\u00e9passe l&rsquo;individu et on se situe au niveau de l&rsquo;esp\u00e8ce, il faut en outre pour que l&rsquo;esp\u00e8ce puisse perdurer, qu&rsquo;il se reproduise.<br \/>\n<\/span><\/p>\n<p><span style=\"color: #777777; font-family: Arial;\">Apr\u00e8s cela, il y a des activit\u00e9s tr\u00e8s importantes, l&rsquo;habitat, le soin, la culture, le jeu, l&rsquo;\u00e9change et toutes ces choses qui font que la vie est belle.<br \/>\n<\/span><\/p>\n<p><span style=\"color: #777777; font-family: Arial;\">Mais en premier il faut \u00e9viter de mourir et \u00ab&nbsp;<strong>s&rsquo;alimenter<\/strong>&nbsp;\u00bb<br \/>\n<\/span><\/p>\n<p><img loading=\"lazy\" decoding=\"async\" class=\"wp-image-6917 alignleft\" src=\"https:\/\/lemotdujour.fr\/wp-content\/uploads\/2019\/06\/Le_repas_de_noce_Pieter_Brueghel_lAncien.jpg\" alt=\"\" width=\"348\" height=\"256\" srcset=\"https:\/\/lemotdujour.fr\/wp-content\/uploads\/2019\/06\/Le_repas_de_noce_Pieter_Brueghel_lAncien.jpg 1280w, https:\/\/lemotdujour.fr\/wp-content\/uploads\/2019\/06\/Le_repas_de_noce_Pieter_Brueghel_lAncien-300x221.jpg 300w, https:\/\/lemotdujour.fr\/wp-content\/uploads\/2019\/06\/Le_repas_de_noce_Pieter_Brueghel_lAncien-768x567.jpg 768w, https:\/\/lemotdujour.fr\/wp-content\/uploads\/2019\/06\/Le_repas_de_noce_Pieter_Brueghel_lAncien-1024x756.jpg 1024w\" sizes=\"auto, (max-width: 348px) 100vw, 348px\" \/><\/p>\n<p><span style=\"color: #777777; font-family: Arial;\">Lors de l&rsquo;\u00e9t\u00e9 2017, France Culture a diffus\u00e9 8 \u00e9missions dans la s\u00e9rie appel\u00e9e \u00ab&nbsp;<a href=\"https:\/\/www.franceculture.fr\/emissions\/le-sens-des-choses\/saison-03-07-2017-27-08-2017\"><span style=\"color: #0000ff;\">Le sens des choses&nbsp;<\/span><\/a>\u00bb sur le th\u00e8me de l&rsquo;alimentation. St\u00e9phanie Bonvicini et Jacques Attali, animaient ces \u00e9missions et invitaient, pour chacune d&rsquo;entre elles, des personnes \u00e9rudites pour \u00e9voquer une question particuli\u00e8re de cette th\u00e9matique qu&rsquo;ils ont synth\u00e9tis\u00e9e par cette question \u00ab&nbsp;<strong>De quoi manger est-il le nom ?<\/strong>&nbsp;\u00bb.<br \/>\n<\/span><\/p>\n<p><span style=\"color: #777777; font-family: Arial;\">Depuis un livre est paru qui retrace ce parcours de r\u00e9flexion&nbsp;: \u00ab&nbsp;<a href=\"https:\/\/www.decitre.fr\/livres\/histoires-de-l-alimentation-9782213711805.html\"><span style=\"color: #0000ff;\">Histoires de l&rsquo;alimentation<\/span>&nbsp;<\/a>\u00bb. Notez qu\u00ab&nbsp;Histoire&nbsp;\u00bb porte un \u00ab&nbsp;s&nbsp;\u00bb.<br \/>\n<\/span><\/p>\n<p><span style=\"color: #777777; font-family: Arial;\">J&rsquo;avais \u00e9cout\u00e9 ces 8 \u00e9missions pendant mes vacances de 2017 et je les ai trouv\u00e9es absolument passionnantes. D\u00e8s leur \u00e9coute, j&rsquo;avais souhait\u00e9 en faire une s\u00e9rie de mots du jour. Mais chaque fois que j&rsquo;ai voulu entreprendre cette t\u00e2che, je me suis d\u00e9courag\u00e9 devant son ampleur, tant il est vrai que ces questions n\u00e9cessitent approfondissement, compr\u00e9hension, v\u00e9rification.<br \/>\n<\/span><\/p>\n<p><span style=\"color: #777777; font-family: Arial;\">Je ne me suis jamais senti pr\u00eat \u00e0 attaquer cette s\u00e9rie depuis 2017.<br \/>\n<\/span><\/p>\n<p><span style=\"color: #777777; font-family: Arial;\">Je ne suis toujours pas pr\u00eat.<br \/>\n<\/span><\/p>\n<p><span style=\"color: #777777; font-family: Arial;\">Mais depuis janvier 2019 et la d\u00e9couverte que le mal qui me rongeait avait franchi une nouvelle \u00e9tape, le sujet de l&rsquo;alimentation est devenu de plus en plus important pour moi.<br \/>\n<\/span><\/p>\n<p><span style=\"color: #777777; font-family: Arial;\">Il ne manque pas d&rsquo;ouvrages, de sites internet, d&rsquo;\u00e9missions de radio et de t\u00e9l\u00e9vision ou de chaine Youtube, d&rsquo;articles de magazine qui donnent des centaines de conseils pour la meilleure alimentation pour combattre le cancer ou d&rsquo;autres maladies ou simplement pour mieux vivre.<br \/>\n<\/span><\/p>\n<p><span style=\"color: #777777; font-family: Arial;\">Le gros souci c&rsquo;est que tr\u00e8s fr\u00e9quemment toutes ces sources se contredisent.<br \/>\n<\/span><\/p>\n<p><span style=\"color: #777777; font-family: Arial;\">L&rsquo;autre souci qui n&rsquo;est pas moins important, c&rsquo;est que si on creuse un peu, on constate que les affirmations p\u00e9remptoires d&rsquo;autorit\u00e9s auto-proclam\u00e9es, comme celles que je d\u00e9non\u00e7ais lors du mot du jour auquel j&rsquo;ai renvoy\u00e9 vendredi dernier, ne repose sur rien ou sur si peu de chose.<br \/>\n<\/span><\/p>\n<p><span style=\"color: #777777; font-family: Arial;\">C&rsquo;est assez d\u00e9courageant.<br \/>\n<\/span><\/p>\n<p><span style=\"color: #777777; font-family: Arial;\">Je vais pourtant commencer, en partant des \u00e9missions de 2017, \u00e0 tenter une nouvelle itin\u00e9rance, cette fois sur le sujet de l&rsquo;alimentation d&rsquo;homo-sapiens.<br \/>\n<\/span><\/p>\n<p><span style=\"color: #777777; font-family: Arial;\">Je ne sais pas o\u00f9 cela va me mener. Je ne sais pas combien de temps cela durera.<br \/>\n<\/span><\/p>\n<p><span style=\"color: #777777; font-family: Arial;\">Pour celles et ceux qui esp\u00e8rent trouver des r\u00e9ponses dans ces mots du jour, je ne peux que reconna\u00eetre que cet espoir n&rsquo;a aucune chance de prosp\u00e9rer.<br \/>\n<\/span><\/p>\n<p><span style=\"color: #777777; font-family: Arial;\">Mais notre exp\u00e9rience nous l&rsquo;a appris, <strong>pour progresser ce qui est fondamental ce n&rsquo;est pas de trouver les r\u00e9ponses, mais c&rsquo;est d&rsquo;abord de poser les bonnes questions.<\/strong><br \/>\n<\/span><\/p>\n<p><span style=\"color: #777777; font-family: Arial;\">Je l&rsquo;ai \u00e9crit vendredi, j&rsquo;aurais aim\u00e9 introduire cette s\u00e9rie par la phrase d&rsquo;Hippocrate&nbsp;: \u00ab<strong>Que votre aliment, soit votre m\u00e9dicament<\/strong>\u00bb. Mais \u00e0 la r\u00e9flexion cette phrase focalise trop sur la sant\u00e9. Or si le lien de causalit\u00e9 entre l&rsquo;alimentation et la sant\u00e9 est \u00e9videmment tr\u00e8s important, l&rsquo;alimentation d&rsquo;homo sapiens n&rsquo;est pas seulement une question de sant\u00e9 de l&rsquo;homme, mais aussi une question de la place de l&rsquo;homme sur la terre, de biodiversit\u00e9, de capacit\u00e9 pour la terre \u00e0 fournir le d\u00e9sir de nourritures des humains, d&rsquo;organisation sociale, de r\u00e8gles de vie en soci\u00e9t\u00e9 et encore de beaucoup d&rsquo;autres \u00e9quilibres.<br \/>\n<\/span><\/p>\n<p><span style=\"color: #777777; font-family: Arial;\">C&rsquo;est pourquoi j&rsquo;ai trouv\u00e9 que cette phrase&nbsp;: \u00ab&nbsp;<strong>L&rsquo;homme est ce qu&rsquo;il mange<\/strong>&nbsp;\u00bb finalement plus pertinente pour commencer.<br \/>\n<\/span><\/p>\n<p><span style=\"color: #777777; font-family: Arial;\">Cette phrase est souvent utilis\u00e9e sur les sites \u00e9voqu\u00e9s en introduction de cet article. Et on trouve aussi un livre&nbsp;: \u00ab&nbsp;<a href=\"https:\/\/www.eyrolles.com\/Loisirs\/Livre\/vous-etes-ce-que-vous-mangez-9782754000062\/\"><span style=\"color: #0000ff;\">Vous \u00eates ce que vous mangez de Gillian McKeith&nbsp;<\/span><\/a>\u00bb. Gilian McKeith a assur\u00e9 une \u00e9mission de t\u00e9l\u00e9vision britannique sur la cha\u00eene \u00ab&nbsp;Channel 4&nbsp;\u00bb&nbsp;: \u00ab&nbsp;<em>You Are What You Eat&nbsp;\u00bb <\/em>et le livre semble reprendre, en partie, le contenu de cette \u00e9mission<em>.<br \/>\n<\/em><\/span><\/p>\n<p><span style=\"color: #777777; font-family: Arial;\">Quand on lit la pr\u00e9sentation de l&rsquo;\u00e9diteur fran\u00e7ais, mes doutes sur le s\u00e9rieux et la rigueur de ces gourous sont dans une position d&rsquo; \u00abalerte rouge \u00bb :<br \/>\n<\/span><\/p>\n<p style=\"margin-left: 28pt;\"><span style=\"color: #c00000; font-family: Arial;\">\u00ab Le docteur Gillian McKeith, consacr\u00e9e meilleure nutritionniste du Royaume-Uni et v\u00e9ritable star, a d\u00e9j\u00e0 transform\u00e9 l&rsquo;existence de milliers de d\u00e9plorables mangeurs, gr\u00e2ce \u00e0 son ouvrage et \u00e0 son \u00e9mission c\u00e9l\u00e8bre du m\u00eame nom, You Are What You Eat, sur Channel 4.<br \/>\n<\/span><\/p>\n<p style=\"margin-left: 28pt;\"><span style=\"color: #c00000; font-family: Arial;\">Dans la clinique qu&rsquo;elle dirige \u00e0 Londres, elle re\u00e7oit notamment des sportifs de haut niveau, des membres de la famille royale britannique et des vedettes d&rsquo;Hollywood. La presse anglaise se fait notamment l&rsquo;\u00e9cho de Madonna, Demi Moore, le chanteur Bryan MacFadden, l&rsquo;actrice Charlize Theron ou encore Jennifer Aniston&#8230;<br \/>\n<\/span><\/p>\n<p style=\"margin-left: 28pt;\"><span style=\"color: #c00000; font-family: Arial;\">[&#8230;] Le docteur Gillian McKeith est une nutritionniste de renomm\u00e9e mondiale. Consacr\u00e9e \u00ab\u00a0Meilleure nutritionniste du Royaume-Uni\u00a0\u00bb et \u00ab\u00a0Gourou de la di\u00e9t\u00e9tique\u00a0\u00bb (Sunday Times), elle s&rsquo;est r\u00e9cemment vu d\u00e9cerner une r\u00e9compense prestigieuse, le prix \u00ab\u00a0Uplifting The World\u00a0\u00bb.&nbsp;\u00bb<br \/>\n<\/span><\/p>\n<p><img decoding=\"async\" class=\"alignleft\" src=\"https:\/\/lemotdujour.fr\/wp-content\/uploads\/2019\/06\/061619_1824_Lundi17juin1.gif\" alt=\"\" align=\"left\"><span style=\"color: #777777; font-family: Arial;\">En toute hypoth\u00e8se, cette expression n&rsquo;est pas d&rsquo;elle mais semble \u00eatre de Feuerbach.<br \/>\n<\/span><\/p>\n<p><span style=\"color: #777777; font-family: Arial;\">\u00ab&nbsp;<a href=\"https:\/\/www.payot.ch\/Detail\/lhomme_est_ce_quil_mange-feuerbach_ludwig-9782356950116\"><span style=\"color: #0000ff;\">L&rsquo;homme est ce qu&rsquo;il mange<\/span>&nbsp;<\/a>\u00bb est un ouvrage du philosophe allemand <a href=\"http:\/\/sos.philosophie.free.fr\/feuerbac.php\"><span style=\"color: #0000ff;\">Ludwig Andreas Feuerbach<\/span><\/a> (1804-1872) connu comme un des inspirateurs de Karl Marx. <\/span><\/p>\n<p><span style=\"color: #777777; font-family: Arial;\">C&rsquo;\u00e9tait un philosophe mat\u00e9rialiste, critique de la religion et du christianisme.<\/span><\/p>\n<p><span style=\"color: #777777; font-family: Arial;\">Selon ce que je comprends, Feuerbach ne s&rsquo;int\u00e9ressait pas \u00e0 la sant\u00e9 dans cette phrase mais plut\u00f4t \u00e0 la culture et \u00e0 la personnalit\u00e9 de l&rsquo;homme par rapport aux traditions et aux r\u00e8gles culinaires auxquelles il se rattache.<br \/>\n<\/span><\/p>\n<p><span style=\"color: #777777; font-family: Arial;\">Il \u00e9crit&nbsp;:<br \/>\n<\/span><\/p>\n<p style=\"margin-left: 28pt;\"><span style=\"color: #c00000; font-family: Arial;\">\u00ab&nbsp;La nourriture de l&rsquo;homme est la base de la culture et de l&rsquo;\u00e9tat d&rsquo;esprit de l&rsquo;homme (\u2026) L&rsquo;homme est ce qu&rsquo;il mange&nbsp;\u00bb.<br \/>\n<\/span><\/p>\n<p><span style=\"color: #777777; font-family: Arial;\">Et il est vrai que l&rsquo;alimentation est aussi une question de culture, de savoir-vivre, d&rsquo;\u00e9changes, de communication.<br \/>\n<\/span><\/p>\n<p><span style=\"color: #777777; font-family: Arial;\">Je vais donc entreprendre ce cheminement avec humilit\u00e9, doute et soif de trouver les bonnes questions \u00e0 poser.<\/span><\/p>\n<p><span style=\"color: #800000;\">&lt;1252&gt;<\/span><\/p>\n","protected":false},"excerpt":{"rendered":"<p>\u00ab\u00a0\u00ab&nbsp;Der Mensch ist, was er i\u00dft L\u2019homme est ce qu\u2019il mange \u00bb\u00a0\u00bb Ludwig Andreas Feuerbach Qu&rsquo;est ce qui est essentiel pour un \u00eatre vivant comme l&rsquo;homme&nbsp;? C&rsquo;est d&rsquo;abord d&rsquo;\u00e9viter d&rsquo;\u00eatre tu\u00e9 par un danger naturel, un accident, un pr\u00e9dateur. Puis<\/p>\n","protected":false},"author":1,"featured_media":0,"comment_status":"open","ping_status":"closed","sticky":false,"template":"","format":"standard","meta":{"footnotes":""},"categories":[1],"tags":[21,17,11],"class_list":["post-6911","post","type-post","status-publish","format-standard","hentry","category-motdujour","tag-alimentation","tag-histoire","tag-sociologie"],"_links":{"self":[{"href":"https:\/\/lemotdujour.fr\/index.php?rest_route=\/wp\/v2\/posts\/6911","targetHints":{"allow":["GET"]}}],"collection":[{"href":"https:\/\/lemotdujour.fr\/index.php?rest_route=\/wp\/v2\/posts"}],"about":[{"href":"https:\/\/lemotdujour.fr\/index.php?rest_route=\/wp\/v2\/types\/post"}],"author":[{"embeddable":true,"href":"https:\/\/lemotdujour.fr\/index.php?rest_route=\/wp\/v2\/users\/1"}],"replies":[{"embeddable":true,"href":"https:\/\/lemotdujour.fr\/index.php?rest_route=%2Fwp%2Fv2%2Fcomments&post=6911"}],"version-history":[{"count":7,"href":"https:\/\/lemotdujour.fr\/index.php?rest_route=\/wp\/v2\/posts\/6911\/revisions"}],"predecessor-version":[{"id":10026,"href":"https:\/\/lemotdujour.fr\/index.php?rest_route=\/wp\/v2\/posts\/6911\/revisions\/10026"}],"wp:attachment":[{"href":"https:\/\/lemotdujour.fr\/index.php?rest_route=%2Fwp%2Fv2%2Fmedia&parent=6911"}],"wp:term":[{"taxonomy":"category","embeddable":true,"href":"https:\/\/lemotdujour.fr\/index.php?rest_route=%2Fwp%2Fv2%2Fcategories&post=6911"},{"taxonomy":"post_tag","embeddable":true,"href":"https:\/\/lemotdujour.fr\/index.php?rest_route=%2Fwp%2Fv2%2Ftags&post=6911"}],"curies":[{"name":"wp","href":"https:\/\/api.w.org\/{rel}","templated":true}]}}