{"id":6899,"date":"2019-06-14T04:34:27","date_gmt":"2019-06-14T02:34:27","guid":{"rendered":"http:\/\/lemotdujour.fr\/?p=6899"},"modified":"2020-11-06T09:25:28","modified_gmt":"2020-11-06T08:25:28","slug":"vendredi-14-juin-2019","status":"publish","type":"post","link":"https:\/\/lemotdujour.fr\/?p=6899","title":{"rendered":"Vendredi 14 juin 2019"},"content":{"rendered":"<div class=\"mdjTexte\">\t\u00ab&nbsp;Repos&nbsp;\u00bb<\/div>\n<div class=\"mdjAuteur\">\tUn jour sans mot du jour<\/div>\n<p><span style=\"color: #777777; font-family: Arial;\">J&rsquo;avais l&rsquo;intention apr\u00e8s avoir publi\u00e9 la page de la s\u00e9rie du football, puis celle de la grande guerre, de publier la s\u00e9rie que j&rsquo;avais consacr\u00e9e \u00e0 Michel Serres.<br \/>\n<\/span><\/p>\n<p><span style=\"color: #777777; font-family: Arial;\">Le temps et l&rsquo;\u00e9nergie me manquent pour mener \u00e0 bien ce dessein. Ce n&rsquo;est que partie remise<br \/>\n<\/span><\/p>\n<p><img decoding=\"async\" src=\"https:\/\/lemotdujour.fr\/wp-content\/uploads\/2019\/06\/061319_2034_Vendredi14j1.jpg\" alt=\"\" align=\"left\"><span style=\"color: #777777; font-family: Arial;\"><br \/>\n<\/span><\/p>\n<p><span style=\"color: #777777; font-family: Arial;\">Il est de tradition d\u00e9sormais quand je suis dans cette situation, apr\u00e8s avoir consult\u00e9 le livre des mots du jour comme ce chat, de rappeler un mot du jour ancien.<br \/>\n<\/span><\/p>\n<p><span style=\"color: #777777; font-family: Arial;\">Et aujourd&rsquo;hui c&rsquo;est assez simple.<br \/>\n<\/span><\/p>\n<p><span style=\"color: #777777; font-family: Arial;\">J&rsquo;aurais voulu utiliser lundi prochain pour exergue cette phrase d&rsquo;Hippocrate&nbsp;:<br \/>\n<\/span><\/p>\n<p><span style=\"color: navy;\"><span style=\"font-family: Verdana;\"><strong>\u00abQue votre aliment, soit votre m\u00e9dicament\u00bb<\/strong><\/span><span style=\"color: #777777; font-family: Arial;\"><br \/>\n<\/span><\/span><\/p>\n<p><span style=\"color: #777777; font-family: Arial;\">Mais il faudra que j&rsquo;en trouve un autre, parce que cette phrase je l&rsquo;ai d\u00e9j\u00e0 utilis\u00e9e pour le &lt;<a href=\"https:\/\/lemotdujour.fr\/?p=1156\"><span style=\"color: #0000ff;\">mot du jour du 16 juin 2015<\/span><\/a>&gt;.<br \/>\n<\/span><\/p>\n<p><span style=\"color: #777777; font-family: Arial;\">C&rsquo;\u00e9tait pour avoir un regard critique sur les discours de deux \u00e9minents professeurs de m\u00e9decine qui du haut de leur magist\u00e8re ass\u00e9naient des sentences sur l&rsquo;alimentation, sur ce qu&rsquo;il fallait manger et surtout ce qu&rsquo;il ne fallait pas manger pour \u00eatre en bonne sant\u00e9.<br \/>\n<\/span><\/p>\n<p><span style=\"color: #777777; font-family: Arial;\">Ils pr\u00e9tendaient qu&rsquo;il s&rsquo;agissait de v\u00e9rit\u00e9s scientifiques, alors que ce n&rsquo;\u00e9tait au mieux que des croyances.<br \/>\n<\/span><\/p>\n<p><span style=\"color: #777777; font-family: Arial;\">Ils oubliaient d&rsquo;\u00eatre humbles et modestes.<br \/>\n<\/span><\/p>\n<p><span style=\"color: #777777; font-family: Arial;\">Sur le fond ils avaient cependant raison, l&rsquo;alimentation constitue un enjeu majeur pour homo sapiens et il est essentiel de bien manger.<br \/>\n<\/span><\/p>\n<p><span style=\"color: #c00000; font-family: Arial;\">&lt;Mot du jour sans num\u00e9ro&gt;<\/span><\/p>\n","protected":false},"excerpt":{"rendered":"<p>\u00ab&nbsp;Repos&nbsp;\u00bb Un jour sans mot du jour J&rsquo;avais l&rsquo;intention apr\u00e8s avoir publi\u00e9 la page de la s\u00e9rie du football, puis celle de la grande guerre, de publier la s\u00e9rie que j&rsquo;avais consacr\u00e9e \u00e0 Michel Serres. Le temps et l&rsquo;\u00e9nergie me<\/p>\n","protected":false},"author":1,"featured_media":0,"comment_status":"open","ping_status":"closed","sticky":false,"template":"","format":"standard","meta":{"footnotes":""},"categories":[1],"tags":[21,13,35],"class_list":["post-6899","post","type-post","status-publish","format-standard","hentry","category-motdujour","tag-alimentation","tag-sante","tag-sciences"],"_links":{"self":[{"href":"https:\/\/lemotdujour.fr\/index.php?rest_route=\/wp\/v2\/posts\/6899","targetHints":{"allow":["GET"]}}],"collection":[{"href":"https:\/\/lemotdujour.fr\/index.php?rest_route=\/wp\/v2\/posts"}],"about":[{"href":"https:\/\/lemotdujour.fr\/index.php?rest_route=\/wp\/v2\/types\/post"}],"author":[{"embeddable":true,"href":"https:\/\/lemotdujour.fr\/index.php?rest_route=\/wp\/v2\/users\/1"}],"replies":[{"embeddable":true,"href":"https:\/\/lemotdujour.fr\/index.php?rest_route=%2Fwp%2Fv2%2Fcomments&post=6899"}],"version-history":[{"count":6,"href":"https:\/\/lemotdujour.fr\/index.php?rest_route=\/wp\/v2\/posts\/6899\/revisions"}],"predecessor-version":[{"id":10027,"href":"https:\/\/lemotdujour.fr\/index.php?rest_route=\/wp\/v2\/posts\/6899\/revisions\/10027"}],"wp:attachment":[{"href":"https:\/\/lemotdujour.fr\/index.php?rest_route=%2Fwp%2Fv2%2Fmedia&parent=6899"}],"wp:term":[{"taxonomy":"category","embeddable":true,"href":"https:\/\/lemotdujour.fr\/index.php?rest_route=%2Fwp%2Fv2%2Fcategories&post=6899"},{"taxonomy":"post_tag","embeddable":true,"href":"https:\/\/lemotdujour.fr\/index.php?rest_route=%2Fwp%2Fv2%2Ftags&post=6899"}],"curies":[{"name":"wp","href":"https:\/\/api.w.org\/{rel}","templated":true}]}}