{"id":6882,"date":"2019-06-13T00:08:37","date_gmt":"2019-06-12T22:08:37","guid":{"rendered":"http:\/\/lemotdujour.fr\/?p=6882"},"modified":"2020-11-06T09:27:52","modified_gmt":"2020-11-06T08:27:52","slug":"jeudi-13-juin-2019","status":"publish","type":"post","link":"https:\/\/lemotdujour.fr\/?p=6882","title":{"rendered":"Jeudi 13 juin 2019"},"content":{"rendered":"<div class=\"mdjTexte\">\t\u00ab&nbsp;Retour sur la grande guerre&nbsp;\u00bb<\/div>\n<div class=\"mdjAuteur\">\tPublication de la page consacr\u00e9e \u00e0 la s\u00e9rie<\/div>\n<p><span style=\"color: #777777; font-family: Arial;\">A partir du 9 novembre, j&rsquo;entrepris ce qui est pour l&rsquo;instant la plus longue s\u00e9rie de mots du jour sur un th\u00e8me&nbsp;: 16 articles.<br \/>\n<\/span><\/p>\n<p><img loading=\"lazy\" decoding=\"async\" class=\"alignleft\" src=\"https:\/\/lemotdujour.fr\/wp-content\/uploads\/2019\/06\/061219_2200_Jeudi13juin1.jpg\" alt=\"\" width=\"258\" height=\"258\" align=\"left\"><span style=\"color: #777777; font-family: Arial;\">Le centi\u00e8me anniversaire de l&rsquo;armistice fut pour moi l&rsquo;occasion de r\u00e9interroger ce que je savais sur ce sujet d&rsquo;Histoire et comme toujours apprendre beaucoup.<\/span><\/p>\n<p><span style=\"color: #777777; font-family: Arial;\">Pendant nos cours d&rsquo;Histoire, on nous a beaucoup parl\u00e9 des batailles, de la guerre des tranch\u00e9es, des taxis de la marne, du courage des soldats et aussi des monuments aux morts qui s&rsquo;\u00e9rig\u00e8rent sur toutes les places des villages de France.<br \/>\n<\/span><\/p>\n<p><span style=\"color: #777777; font-family: Arial;\">Mais je ne me souviens pas qu&rsquo;on nous ait parl\u00e9 de :<br \/>\n<\/span><\/p>\n<ul>\n<li><span style=\"color: #777777; font-family: Arial;\">l&rsquo;existence du camp de concentration de Crest et d&rsquo;autres camps pendant la premi\u00e8re guerre mondiale&nbsp;;<br \/>\n<\/span><\/li>\n<li><span style=\"color: #777777; font-family: Arial;\">l&rsquo;existence de la commission King Crane sur le moyen Orient<br \/>\n<\/span><\/li>\n<li><span style=\"color: #777777; font-family: Arial;\">L&rsquo;invention par le norv\u00e9gien Fridtjof Nansen&nbsp; du \u00ab passeport \u00bb pour les apatrides qui porte son nom&nbsp;: \u00ab&nbsp;passeport Nansen&nbsp;\u00bb<br \/>\n<\/span><\/li>\n<li>\n<div><span style=\"color: #777777; font-family: Arial;\">Du souhait du japonais Saionji Kinmochi:d&rsquo;inscrire l&rsquo; \u00e9galit\u00e9 des races dans la charte du SDN et le refus des europ\u00e9ens de le faire<br \/>\n<\/span><\/div>\n<\/li>\n<\/ul>\n<p><span style=\"color: #777777; font-family: Arial;\">Et je d\u00e9couvris l&rsquo;extraordinaire, bouleversant po\u00e8me de Ren\u00e9 Beziau, brancardier \u00e0 Verdun, oncle de notre amie Marianne&nbsp;:<br \/>\n<\/span><\/p>\n<p style=\"margin-left: 28pt;\"><span style=\"color: #c00000;\"><span style=\"font-family: Arial;\">&nbsp; Quel est ce pauvre inconnu?<\/span><span style=\"font-family: Times New Roman;\"><br \/>\n<\/span><\/span><\/p>\n<p style=\"margin-left: 28pt;\"><span style=\"color: #c00000;\"><span style=\"font-family: Arial;\">O toi qui fus meurtri sur la gl\u00e8be entrouverte<br \/>\nO\u00f9 la fureur humaine a consomm\u00e9 ta perte,<br \/>\nMort, quel est ton pass\u00e9 ? Quel \u00e9tait ton pays ?<\/span><span style=\"font-family: Times New Roman;\"><br \/>\n<\/span><\/span><\/p>\n<p style=\"margin-left: 28pt;\"><span style=\"color: #c00000;\"><span style=\"font-family: Arial;\">Es-tu le montagnard qui paissait ses brebis ?<br \/>\nLe coron de la mine abritait il ta t\u00eate ?<br \/>\nEs-tu le doux p\u00eacheur qui bravait la temp\u00eate,<br \/>\nOu l&rsquo;humble laboureur suivant dans le sillon<br \/>\nLe pas lent de b\u0153ufs lourds qu&rsquo;\u00e9veille l&rsquo;aiguillon?<br \/>\nEs-tu le grand savant p\u00e2li sur son grimoire<br \/>\nEt r\u00eavant d&rsquo;imposer au monde sa m\u00e9moire,<br \/>\nOu l&rsquo;artiste charmant, l&rsquo;aimable Cyrano<br \/>\nQue chacun \u00e0 l&rsquo;envie f\u00eatait d&rsquo;un long bravo?<br \/>\nEs-tu l&rsquo;heureux \u00e9poux, l&rsquo;incomparable p\u00e8re,<br \/>\nL&rsquo;artisan, l&rsquo;ouvrier combattant la mis\u00e8re?<br \/>\nOu bien l&rsquo;amant timide au regard langoureux.<br \/>\nLe Don Juan vainqueur ou l&rsquo;obscur amoureux ?<br \/>\nQu&rsquo;importe!\u2026<br \/>\nMaintenant, appuy\u00e9 sur ma pelle,<\/span><span style=\"font-family: Times New Roman;\"><br \/>\n<\/span><\/span><\/p>\n<p style=\"margin-left: 28pt;\"><span style=\"color: #c00000;\"><span style=\"font-family: Arial;\">Je songe \u00e0 te remettre au n\u00e9ant qui t&rsquo;appelle.<br \/>\nEt j&rsquo;admire comment une \u00e9trange splendeur<br \/>\nVint m\u00ealer sur ton front le sublime \u00e0 l&rsquo;horreur\u2026<\/span><span style=\"font-family: Times New Roman;\"><br \/>\n<\/span><\/span><\/p>\n<p><span style=\"color: #777777; font-family: Arial;\">Ce n&rsquo;est qu&rsquo;un extrait.<br \/>\n<\/span><\/p>\n<p><span style=\"color: #777777; font-family: Arial;\">La page consacr\u00e9e \u00e0 ce th\u00e8me se trouve derri\u00e8re ce lien&nbsp;: &lt;<span style=\"color: #0000ff;\"> <a style=\"color: #0000ff;\" href=\"https:\/\/lemotdujour.fr\/?page_id=6872\">La grande guerre s&rsquo;est termin\u00e9e il y a cent ans<\/a><\/span>&gt;<br \/>\n<\/span><\/p>\n<p><span style=\"color: #c00000;\"><span style=\"font-family: Arial;\">&lt;Mot sans num\u00e9ro&gt;<\/span><span style=\"font-family: Times New Roman;\"><br \/>\n<\/span><\/span><\/p>\n<p><span style=\"color: #777777; font-family: Arial;\">&nbsp;<\/span><\/p>\n","protected":false},"excerpt":{"rendered":"<p>\u00ab&nbsp;Retour sur la grande guerre&nbsp;\u00bb Publication de la page consacr\u00e9e \u00e0 la s\u00e9rie A partir du 9 novembre, j&rsquo;entrepris ce qui est pour l&rsquo;instant la plus longue s\u00e9rie de mots du jour sur un th\u00e8me&nbsp;: 16 articles. Le centi\u00e8me anniversaire<\/p>\n","protected":false},"author":1,"featured_media":0,"comment_status":"open","ping_status":"closed","sticky":false,"template":"","format":"standard","meta":{"footnotes":""},"categories":[1],"tags":[26],"class_list":["post-6882","post","type-post","status-publish","format-standard","hentry","category-motdujour","tag-retrospective"],"_links":{"self":[{"href":"https:\/\/lemotdujour.fr\/index.php?rest_route=\/wp\/v2\/posts\/6882","targetHints":{"allow":["GET"]}}],"collection":[{"href":"https:\/\/lemotdujour.fr\/index.php?rest_route=\/wp\/v2\/posts"}],"about":[{"href":"https:\/\/lemotdujour.fr\/index.php?rest_route=\/wp\/v2\/types\/post"}],"author":[{"embeddable":true,"href":"https:\/\/lemotdujour.fr\/index.php?rest_route=\/wp\/v2\/users\/1"}],"replies":[{"embeddable":true,"href":"https:\/\/lemotdujour.fr\/index.php?rest_route=%2Fwp%2Fv2%2Fcomments&post=6882"}],"version-history":[{"count":8,"href":"https:\/\/lemotdujour.fr\/index.php?rest_route=\/wp\/v2\/posts\/6882\/revisions"}],"predecessor-version":[{"id":10028,"href":"https:\/\/lemotdujour.fr\/index.php?rest_route=\/wp\/v2\/posts\/6882\/revisions\/10028"}],"wp:attachment":[{"href":"https:\/\/lemotdujour.fr\/index.php?rest_route=%2Fwp%2Fv2%2Fmedia&parent=6882"}],"wp:term":[{"taxonomy":"category","embeddable":true,"href":"https:\/\/lemotdujour.fr\/index.php?rest_route=%2Fwp%2Fv2%2Fcategories&post=6882"},{"taxonomy":"post_tag","embeddable":true,"href":"https:\/\/lemotdujour.fr\/index.php?rest_route=%2Fwp%2Fv2%2Ftags&post=6882"}],"curies":[{"name":"wp","href":"https:\/\/api.w.org\/{rel}","templated":true}]}}